{"id":26009,"date":"2012-12-07T13:27:41","date_gmt":"2012-12-07T11:27:41","guid":{"rendered":"http:\/\/esplac.cat\/?p=2587"},"modified":"2012-12-07T13:27:41","modified_gmt":"2012-12-07T11:27:41","slug":"que-us-ha-semblat-el-joc-tirant-pel-dret-es-el-moment-de-valorar","status":"publish","type":"post","link":"https:\/\/www.esplac.cat\/es\/que-us-ha-semblat-el-joc-tirant-pel-dret-es-el-moment-de-valorar\/","title":{"rendered":"Qu\u00e8 us ha semblat el \u201cJoc Tirant pel Dret\u201d? \u00c9s el moment de valorar"},"content":{"rendered":"<p lang=\"ca-ES\" align=\"LEFT\">Ja fa temps que el joc de taula \u201c<a href=\"http:\/\/esplac.cat\/publicacions\/tirant-pel-dret\/\">Tirant pel\u00a0Dret<\/a>\u201d es distribueix pels esplais a trav\u00e9s de formacions i que es fa servir en activitats diverses dels sectors i dels esplais. De fet, nom\u00e9s\u00a0aquest estiu, despr\u00e9s de les formacions de Viladrau i Saifores hi ha 25 nous esplais que compten amb el joc.<\/p>\n<p lang=\"ca-ES\" align=\"LEFT\">A Esplais Catalans creiem en la valoraci\u00f3 com a eina que ens ajuda a millorar dia a dia; tamb\u00e9 ens ajuda a con\u00e8ixer millor els nostres esplais. \u00c9s per aix\u00f2 que, passat el 20N, moment en qu\u00e8 estem conven\u00e7uts que molts de vosaltres haureu fet servir el joc, us agrairem que pugueu <a href=\"http:\/\/esplac.cat\/publicacions\/tirant-pel-dret\/2\/\">omplir un breu q\u00fcestionari<\/a> de valoraci\u00f3 del joc. Si heu fet servir el joc i voleu compartir amb nosaltres les fotos, no dubteu a fer-ho (<a href=\"mailto:suportprojectes@esplac.cat\">suportprojectes@esplac.cat<\/a>), per\u00f2 si a m\u00e9s, heu creat noves versions: COMPARTIU-HO AMB TOTHOM! Recordeu que podeu pujar les vostres fitxes d&#8217;activitats al Banc de Recursos!<\/p>\n<p>No et sona de res aquest joc? Nom\u00e9s un moni va anar a Saifores o Viladrau i la resta de monis no heu vist m\u00e9s que la capsa? Resulta que el joc est\u00e0 aparcat a un armari de l&#8217;esplai perqu\u00e8 quan l&#8217;antic equip de monis va marxar no us va fer relleu sobre aquest joc en concret? Tranqui! Us animem a fer una curta c\u00e0psula a mida per introduir-vos al joc i als conceptes b\u00e0sics de l&#8217;educaci\u00f3 en drets humans. Si esteu interessats, poseu-vos en contacte amb el vostre t\u00e8cnic\/a de sector!<\/p>\n","protected":false},"excerpt":{"rendered":"<p>Ja fa temps que el joc de taula \u201cTirant pel\u00a0Dret\u201d [&hellip;]<\/p>\n","protected":false},"author":3,"featured_media":26010,"comment_status":"open","ping_status":"open","sticky":false,"template":"","format":"standard","meta":{"om_disable_all_campaigns":false,"_monsterinsights_skip_tracking":false,"_monsterinsights_sitenote_active":false,"_monsterinsights_sitenote_note":"","_monsterinsights_sitenote_category":0,"_uf_show_specific_survey":0,"_uf_disable_surveys":false,"footnotes":""},"categories":[1114],"tags":[45],"class_list":["post-26009","post","type-post","status-publish","format-standard","has-post-thumbnail","hentry","category-recursos","tag-drets-dels-infants"],"yoast_head":"<!-- This site is optimized with the Yoast SEO plugin v27.4 - https:\/\/yoast.com\/product\/yoast-seo-wordpress\/ -->\n<title>Qu\u00e8 us ha semblat el \u201cJoc Tirant pel Dret\u201d? \u00c9s el moment de valorar - Esplac<\/title>\n<meta name=\"robots\" content=\"index, follow, max-snippet:-1, max-image-preview:large, max-video-preview:-1\" \/>\n<link rel=\"canonical\" href=\"https:\/\/www.esplac.cat\/es\/que-us-ha-semblat-el-joc-tirant-pel-dret-es-el-moment-de-valorar\/\" \/>\n<meta property=\"og:locale\" content=\"es_ES\" \/>\n<meta property=\"og:type\" content=\"article\" \/>\n<meta property=\"og:title\" content=\"Qu\u00e8 us ha semblat el \u201cJoc Tirant pel Dret\u201d? \u00c9s el moment de valorar - Esplac\" \/>\n<meta property=\"og:description\" content=\"Ja fa temps que el joc de taula \u201cTirant pel\u00a0Dret\u201d [&hellip;]\" \/>\n<meta property=\"og:url\" content=\"https:\/\/www.esplac.cat\/es\/que-us-ha-semblat-el-joc-tirant-pel-dret-es-el-moment-de-valorar\/\" \/>\n<meta property=\"og:site_name\" content=\"Esplac\" \/>\n<meta property=\"article:published_time\" content=\"2012-12-07T11:27:41+00:00\" \/>\n<meta property=\"og:image\" content=\"https:\/\/www.esplac.cat\/wp-content\/uploads\/2012\/12\/tirant_pel_dret.jpg\" \/>\n\t<meta property=\"og:image:width\" content=\"1017\" \/>\n\t<meta property=\"og:image:height\" content=\"1024\" \/>\n\t<meta property=\"og:image:type\" content=\"image\/jpeg\" \/>\n<meta name=\"author\" content=\"Comunicaci\u00f3 Esplac\" \/>\n<meta name=\"twitter:card\" content=\"summary_large_image\" \/>\n<meta name=\"twitter:label1\" content=\"Escrito por\" \/>\n\t<meta name=\"twitter:data1\" content=\"Comunicaci\u00f3 Esplac\" \/>\n\t<meta name=\"twitter:label2\" content=\"Tiempo de lectura\" \/>\n\t<meta name=\"twitter:data2\" content=\"1 minuto\" \/>\n<script type=\"application\/ld+json\" class=\"yoast-schema-graph\">{\"@context\":\"https:\\\/\\\/schema.org\",\"@graph\":[{\"@type\":\"Article\",\"@id\":\"https:\\\/\\\/www.esplac.cat\\\/es\\\/que-us-ha-semblat-el-joc-tirant-pel-dret-es-el-moment-de-valorar\\\/#article\",\"isPartOf\":{\"@id\":\"https:\\\/\\\/www.esplac.cat\\\/es\\\/que-us-ha-semblat-el-joc-tirant-pel-dret-es-el-moment-de-valorar\\\/\"},\"author\":{\"name\":\"Comunicaci\u00f3 Esplac\",\"@id\":\"https:\\\/\\\/www.esplac.cat\\\/#\\\/schema\\\/person\\\/908383cf240be18b68f8855d0583faca\"},\"headline\":\"Qu\u00e8 us ha semblat el \u201cJoc Tirant pel Dret\u201d? \u00c9s el moment de valorar\",\"datePublished\":\"2012-12-07T11:27:41+00:00\",\"mainEntityOfPage\":{\"@id\":\"https:\\\/\\\/www.esplac.cat\\\/es\\\/que-us-ha-semblat-el-joc-tirant-pel-dret-es-el-moment-de-valorar\\\/\"},\"wordCount\":280,\"commentCount\":0,\"publisher\":{\"@id\":\"https:\\\/\\\/www.esplac.cat\\\/#organization\"},\"image\":{\"@id\":\"https:\\\/\\\/www.esplac.cat\\\/es\\\/que-us-ha-semblat-el-joc-tirant-pel-dret-es-el-moment-de-valorar\\\/#primaryimage\"},\"thumbnailUrl\":\"https:\\\/\\\/www.esplac.cat\\\/wp-content\\\/uploads\\\/2012\\\/12\\\/tirant_pel_dret.jpg\",\"keywords\":[\"drets dels infants\"],\"articleSection\":[\"Recursos\"],\"inLanguage\":\"es\",\"potentialAction\":[{\"@type\":\"CommentAction\",\"name\":\"Comment\",\"target\":[\"https:\\\/\\\/www.esplac.cat\\\/es\\\/que-us-ha-semblat-el-joc-tirant-pel-dret-es-el-moment-de-valorar\\\/#respond\"]}]},{\"@type\":\"WebPage\",\"@id\":\"https:\\\/\\\/www.esplac.cat\\\/es\\\/que-us-ha-semblat-el-joc-tirant-pel-dret-es-el-moment-de-valorar\\\/\",\"url\":\"https:\\\/\\\/www.esplac.cat\\\/es\\\/que-us-ha-semblat-el-joc-tirant-pel-dret-es-el-moment-de-valorar\\\/\",\"name\":\"Qu\u00e8 us ha semblat el \u201cJoc Tirant pel Dret\u201d? \u00c9s el moment de valorar - Esplac\",\"isPartOf\":{\"@id\":\"https:\\\/\\\/www.esplac.cat\\\/#website\"},\"primaryImageOfPage\":{\"@id\":\"https:\\\/\\\/www.esplac.cat\\\/es\\\/que-us-ha-semblat-el-joc-tirant-pel-dret-es-el-moment-de-valorar\\\/#primaryimage\"},\"image\":{\"@id\":\"https:\\\/\\\/www.esplac.cat\\\/es\\\/que-us-ha-semblat-el-joc-tirant-pel-dret-es-el-moment-de-valorar\\\/#primaryimage\"},\"thumbnailUrl\":\"https:\\\/\\\/www.esplac.cat\\\/wp-content\\\/uploads\\\/2012\\\/12\\\/tirant_pel_dret.jpg\",\"datePublished\":\"2012-12-07T11:27:41+00:00\",\"breadcrumb\":{\"@id\":\"https:\\\/\\\/www.esplac.cat\\\/es\\\/que-us-ha-semblat-el-joc-tirant-pel-dret-es-el-moment-de-valorar\\\/#breadcrumb\"},\"inLanguage\":\"es\",\"potentialAction\":[{\"@type\":\"ReadAction\",\"target\":[\"https:\\\/\\\/www.esplac.cat\\\/es\\\/que-us-ha-semblat-el-joc-tirant-pel-dret-es-el-moment-de-valorar\\\/\"]}]},{\"@type\":\"ImageObject\",\"inLanguage\":\"es\",\"@id\":\"https:\\\/\\\/www.esplac.cat\\\/es\\\/que-us-ha-semblat-el-joc-tirant-pel-dret-es-el-moment-de-valorar\\\/#primaryimage\",\"url\":\"https:\\\/\\\/www.esplac.cat\\\/wp-content\\\/uploads\\\/2012\\\/12\\\/tirant_pel_dret.jpg\",\"contentUrl\":\"https:\\\/\\\/www.esplac.cat\\\/wp-content\\\/uploads\\\/2012\\\/12\\\/tirant_pel_dret.jpg\",\"width\":1017,\"height\":1024},{\"@type\":\"BreadcrumbList\",\"@id\":\"https:\\\/\\\/www.esplac.cat\\\/es\\\/que-us-ha-semblat-el-joc-tirant-pel-dret-es-el-moment-de-valorar\\\/#breadcrumb\",\"itemListElement\":[{\"@type\":\"ListItem\",\"position\":1,\"name\":\"Inici\",\"item\":\"https:\\\/\\\/www.esplac.cat\\\/es\\\/\"},{\"@type\":\"ListItem\",\"position\":2,\"name\":\"Qu\u00e8 us ha semblat el \u201cJoc Tirant pel Dret\u201d? \u00c9s el moment de valorar\"}]},{\"@type\":\"WebSite\",\"@id\":\"https:\\\/\\\/www.esplac.cat\\\/#website\",\"url\":\"https:\\\/\\\/www.esplac.cat\\\/\",\"name\":\"Esplac\",\"description\":\"Esplais Catalans\",\"publisher\":{\"@id\":\"https:\\\/\\\/www.esplac.cat\\\/#organization\"},\"potentialAction\":[{\"@type\":\"SearchAction\",\"target\":{\"@type\":\"EntryPoint\",\"urlTemplate\":\"https:\\\/\\\/www.esplac.cat\\\/?s={search_term_string}\"},\"query-input\":{\"@type\":\"PropertyValueSpecification\",\"valueRequired\":true,\"valueName\":\"search_term_string\"}}],\"inLanguage\":\"es\"},{\"@type\":\"Organization\",\"@id\":\"https:\\\/\\\/www.esplac.cat\\\/#organization\",\"name\":\"Esplac\",\"url\":\"https:\\\/\\\/www.esplac.cat\\\/\",\"logo\":{\"@type\":\"ImageObject\",\"inLanguage\":\"es\",\"@id\":\"https:\\\/\\\/www.esplac.cat\\\/#\\\/schema\\\/logo\\\/image\\\/\",\"url\":\"https:\\\/\\\/www.esplac.cat\\\/wp-content\\\/uploads\\\/2019\\\/08\\\/logox2.png\",\"contentUrl\":\"https:\\\/\\\/www.esplac.cat\\\/wp-content\\\/uploads\\\/2019\\\/08\\\/logox2.png\",\"width\":600,\"height\":295,\"caption\":\"Esplac\"},\"image\":{\"@id\":\"https:\\\/\\\/www.esplac.cat\\\/#\\\/schema\\\/logo\\\/image\\\/\"}},{\"@type\":\"Person\",\"@id\":\"https:\\\/\\\/www.esplac.cat\\\/#\\\/schema\\\/person\\\/908383cf240be18b68f8855d0583faca\",\"name\":\"Comunicaci\u00f3 Esplac\",\"image\":{\"@type\":\"ImageObject\",\"inLanguage\":\"es\",\"@id\":\"https:\\\/\\\/secure.gravatar.com\\\/avatar\\\/7a4cf8feb412a76ea4a740ca02d95b06b2907b5a6c648c2dd0a1082a093c3141?s=96&d=mm&r=g\",\"url\":\"https:\\\/\\\/secure.gravatar.com\\\/avatar\\\/7a4cf8feb412a76ea4a740ca02d95b06b2907b5a6c648c2dd0a1082a093c3141?s=96&d=mm&r=g\",\"contentUrl\":\"https:\\\/\\\/secure.gravatar.com\\\/avatar\\\/7a4cf8feb412a76ea4a740ca02d95b06b2907b5a6c648c2dd0a1082a093c3141?s=96&d=mm&r=g\",\"caption\":\"Comunicaci\u00f3 Esplac\"}}]}<\/script>\n<!-- \/ Yoast SEO plugin. -->","yoast_head_json":{"title":"Qu\u00e8 us ha semblat el \u201cJoc Tirant pel Dret\u201d? \u00c9s el moment de valorar - Esplac","robots":{"index":"index","follow":"follow","max-snippet":"max-snippet:-1","max-image-preview":"max-image-preview:large","max-video-preview":"max-video-preview:-1"},"canonical":"https:\/\/www.esplac.cat\/es\/que-us-ha-semblat-el-joc-tirant-pel-dret-es-el-moment-de-valorar\/","og_locale":"es_ES","og_type":"article","og_title":"Qu\u00e8 us ha semblat el \u201cJoc Tirant pel Dret\u201d? \u00c9s el moment de valorar - Esplac","og_description":"Ja fa temps que el joc de taula \u201cTirant pel\u00a0Dret\u201d [&hellip;]","og_url":"https:\/\/www.esplac.cat\/es\/que-us-ha-semblat-el-joc-tirant-pel-dret-es-el-moment-de-valorar\/","og_site_name":"Esplac","article_published_time":"2012-12-07T11:27:41+00:00","og_image":[{"width":1017,"height":1024,"url":"https:\/\/www.esplac.cat\/wp-content\/uploads\/2012\/12\/tirant_pel_dret.jpg","type":"image\/jpeg"}],"author":"Comunicaci\u00f3 Esplac","twitter_card":"summary_large_image","twitter_misc":{"Escrito por":"Comunicaci\u00f3 Esplac","Tiempo de lectura":"1 minuto"},"schema":{"@context":"https:\/\/schema.org","@graph":[{"@type":"Article","@id":"https:\/\/www.esplac.cat\/es\/que-us-ha-semblat-el-joc-tirant-pel-dret-es-el-moment-de-valorar\/#article","isPartOf":{"@id":"https:\/\/www.esplac.cat\/es\/que-us-ha-semblat-el-joc-tirant-pel-dret-es-el-moment-de-valorar\/"},"author":{"name":"Comunicaci\u00f3 Esplac","@id":"https:\/\/www.esplac.cat\/#\/schema\/person\/908383cf240be18b68f8855d0583faca"},"headline":"Qu\u00e8 us ha semblat el \u201cJoc Tirant pel Dret\u201d? \u00c9s el moment de valorar","datePublished":"2012-12-07T11:27:41+00:00","mainEntityOfPage":{"@id":"https:\/\/www.esplac.cat\/es\/que-us-ha-semblat-el-joc-tirant-pel-dret-es-el-moment-de-valorar\/"},"wordCount":280,"commentCount":0,"publisher":{"@id":"https:\/\/www.esplac.cat\/#organization"},"image":{"@id":"https:\/\/www.esplac.cat\/es\/que-us-ha-semblat-el-joc-tirant-pel-dret-es-el-moment-de-valorar\/#primaryimage"},"thumbnailUrl":"https:\/\/www.esplac.cat\/wp-content\/uploads\/2012\/12\/tirant_pel_dret.jpg","keywords":["drets dels infants"],"articleSection":["Recursos"],"inLanguage":"es","potentialAction":[{"@type":"CommentAction","name":"Comment","target":["https:\/\/www.esplac.cat\/es\/que-us-ha-semblat-el-joc-tirant-pel-dret-es-el-moment-de-valorar\/#respond"]}]},{"@type":"WebPage","@id":"https:\/\/www.esplac.cat\/es\/que-us-ha-semblat-el-joc-tirant-pel-dret-es-el-moment-de-valorar\/","url":"https:\/\/www.esplac.cat\/es\/que-us-ha-semblat-el-joc-tirant-pel-dret-es-el-moment-de-valorar\/","name":"Qu\u00e8 us ha semblat el \u201cJoc Tirant pel Dret\u201d? \u00c9s el moment de valorar - Esplac","isPartOf":{"@id":"https:\/\/www.esplac.cat\/#website"},"primaryImageOfPage":{"@id":"https:\/\/www.esplac.cat\/es\/que-us-ha-semblat-el-joc-tirant-pel-dret-es-el-moment-de-valorar\/#primaryimage"},"image":{"@id":"https:\/\/www.esplac.cat\/es\/que-us-ha-semblat-el-joc-tirant-pel-dret-es-el-moment-de-valorar\/#primaryimage"},"thumbnailUrl":"https:\/\/www.esplac.cat\/wp-content\/uploads\/2012\/12\/tirant_pel_dret.jpg","datePublished":"2012-12-07T11:27:41+00:00","breadcrumb":{"@id":"https:\/\/www.esplac.cat\/es\/que-us-ha-semblat-el-joc-tirant-pel-dret-es-el-moment-de-valorar\/#breadcrumb"},"inLanguage":"es","potentialAction":[{"@type":"ReadAction","target":["https:\/\/www.esplac.cat\/es\/que-us-ha-semblat-el-joc-tirant-pel-dret-es-el-moment-de-valorar\/"]}]},{"@type":"ImageObject","inLanguage":"es","@id":"https:\/\/www.esplac.cat\/es\/que-us-ha-semblat-el-joc-tirant-pel-dret-es-el-moment-de-valorar\/#primaryimage","url":"https:\/\/www.esplac.cat\/wp-content\/uploads\/2012\/12\/tirant_pel_dret.jpg","contentUrl":"https:\/\/www.esplac.cat\/wp-content\/uploads\/2012\/12\/tirant_pel_dret.jpg","width":1017,"height":1024},{"@type":"BreadcrumbList","@id":"https:\/\/www.esplac.cat\/es\/que-us-ha-semblat-el-joc-tirant-pel-dret-es-el-moment-de-valorar\/#breadcrumb","itemListElement":[{"@type":"ListItem","position":1,"name":"Inici","item":"https:\/\/www.esplac.cat\/es\/"},{"@type":"ListItem","position":2,"name":"Qu\u00e8 us ha semblat el \u201cJoc Tirant pel Dret\u201d? \u00c9s el moment de valorar"}]},{"@type":"WebSite","@id":"https:\/\/www.esplac.cat\/#website","url":"https:\/\/www.esplac.cat\/","name":"Esplac","description":"Esplais Catalans","publisher":{"@id":"https:\/\/www.esplac.cat\/#organization"},"potentialAction":[{"@type":"SearchAction","target":{"@type":"EntryPoint","urlTemplate":"https:\/\/www.esplac.cat\/?s={search_term_string}"},"query-input":{"@type":"PropertyValueSpecification","valueRequired":true,"valueName":"search_term_string"}}],"inLanguage":"es"},{"@type":"Organization","@id":"https:\/\/www.esplac.cat\/#organization","name":"Esplac","url":"https:\/\/www.esplac.cat\/","logo":{"@type":"ImageObject","inLanguage":"es","@id":"https:\/\/www.esplac.cat\/#\/schema\/logo\/image\/","url":"https:\/\/www.esplac.cat\/wp-content\/uploads\/2019\/08\/logox2.png","contentUrl":"https:\/\/www.esplac.cat\/wp-content\/uploads\/2019\/08\/logox2.png","width":600,"height":295,"caption":"Esplac"},"image":{"@id":"https:\/\/www.esplac.cat\/#\/schema\/logo\/image\/"}},{"@type":"Person","@id":"https:\/\/www.esplac.cat\/#\/schema\/person\/908383cf240be18b68f8855d0583faca","name":"Comunicaci\u00f3 Esplac","image":{"@type":"ImageObject","inLanguage":"es","@id":"https:\/\/secure.gravatar.com\/avatar\/7a4cf8feb412a76ea4a740ca02d95b06b2907b5a6c648c2dd0a1082a093c3141?s=96&d=mm&r=g","url":"https:\/\/secure.gravatar.com\/avatar\/7a4cf8feb412a76ea4a740ca02d95b06b2907b5a6c648c2dd0a1082a093c3141?s=96&d=mm&r=g","contentUrl":"https:\/\/secure.gravatar.com\/avatar\/7a4cf8feb412a76ea4a740ca02d95b06b2907b5a6c648c2dd0a1082a093c3141?s=96&d=mm&r=g","caption":"Comunicaci\u00f3 Esplac"}}]}},"_links":{"self":[{"href":"https:\/\/www.esplac.cat\/es\/wp-json\/wp\/v2\/posts\/26009","targetHints":{"allow":["GET"]}}],"collection":[{"href":"https:\/\/www.esplac.cat\/es\/wp-json\/wp\/v2\/posts"}],"about":[{"href":"https:\/\/www.esplac.cat\/es\/wp-json\/wp\/v2\/types\/post"}],"author":[{"embeddable":true,"href":"https:\/\/www.esplac.cat\/es\/wp-json\/wp\/v2\/users\/3"}],"replies":[{"embeddable":true,"href":"https:\/\/www.esplac.cat\/es\/wp-json\/wp\/v2\/comments?post=26009"}],"version-history":[{"count":0,"href":"https:\/\/www.esplac.cat\/es\/wp-json\/wp\/v2\/posts\/26009\/revisions"}],"wp:featuredmedia":[{"embeddable":true,"href":"https:\/\/www.esplac.cat\/es\/wp-json\/wp\/v2\/media\/26010"}],"wp:attachment":[{"href":"https:\/\/www.esplac.cat\/es\/wp-json\/wp\/v2\/media?parent=26009"}],"wp:term":[{"taxonomy":"category","embeddable":true,"href":"https:\/\/www.esplac.cat\/es\/wp-json\/wp\/v2\/categories?post=26009"},{"taxonomy":"post_tag","embeddable":true,"href":"https:\/\/www.esplac.cat\/es\/wp-json\/wp\/v2\/tags?post=26009"}],"curies":[{"name":"wp","href":"https:\/\/api.w.org\/{rel}","templated":true}]}}