{"id":26014,"date":"2012-12-05T15:06:59","date_gmt":"2012-12-05T13:06:59","guid":{"rendered":"http:\/\/esplac.cat\/?p=2569"},"modified":"2012-12-05T15:06:59","modified_gmt":"2012-12-05T13:06:59","slug":"mirant-lesplai-construint-projecte-educatiu","status":"publish","type":"post","link":"https:\/\/www.esplac.cat\/es\/mirant-lesplai-construint-projecte-educatiu\/","title":{"rendered":"Mirant l&#8217;esplai, constru\u00efnt el projecte educatiu"},"content":{"rendered":"<p>El desig per una constant actualitzaci\u00f3 i millora del nostre discurs com de la nostra pr\u00e0ctica educativa ens ha portat a la necessitat de revisar i actualitzar el nostre projecte educatiu, el dels esplais, una d\u00e8cada m\u00e9s tard de la seva publicaci\u00f3 i 30 anys m\u00e9s tard de la fundaci\u00f3 de la nostra associaci\u00f3. Els esplais, com a agents de transformaci\u00f3 social que som, hem d&#8217;adaptar-nos permanentment al canvi i millorar dia rere dia la nostra tasca.<\/p>\n<p>Es tracta d&#8217;un repte ambici\u00f3s, carregat de debats, reflexions i, sobretot, d&#8217;hores i hores de feina. Aquest cap de setmana,1 i 2 de desembre, a l&#8217;<strong>Escola de Dirigents<\/strong>, hem demostrat que de motivaci\u00f3 i de ganes de tirar endavant, reflexionar, fer-nos preguntes, trobar respostes, formar-nos&#8230; no ens en falten.\u00a0Comptem amb totes vosaltres per a tirar endavant aquest gran repte dels esplais catalans per esdevenir referents educatius.<\/p>\n<p>Tant aviat com sigui possible publicarem les conclusions i els v\u00eddeos de tot el cap de setmana. De moment, us deixem amb la\u00a0<a href=\"http:\/\/prezi.com\/ctbcbjtendi3\/revisio-del-projecte-educatiu-desplais-catalans\/\" target=\"_blank\" rel=\"noopener noreferrer\">presentaci\u00f3 inicial<\/a>, les fotos que\u00a0podreu\u00a0trobar a continuaci\u00f3 d&#8217;aquest article i un <a title=\"piulades escola de dirigents esplai\" href=\"http:\/\/storify.com\/esplac\/escola-de-dirigents-2012\" target=\"_blank\" rel=\"noopener noreferrer\">recull de totes les piulades<\/a>. Tal i com vam parlar a la \u00faltima sessi\u00f3, el debat s&#8217;articular\u00e0 en el si dels sectors amb l&#8217;objectiu de que arribi als esplais i que ens marquem com a tret de sortida el Gran Comit\u00e8 (espai d&#8217;Esplac on ens trobem Equips Generals de Sector, Comissions i Equip de Direcci\u00f3) del 16 de febrer.<\/p>\n<p>Com sempre, els sectors poden ser espai de reflexi\u00f3 pedag\u00f2gica sempre que ho decidiu les monitores i monitors dels esplais, aix\u00ed que benvingut ser\u00e0 tot all\u00f2 que feu fins llavors!<\/p>\n","protected":false},"excerpt":{"rendered":"<p>El desig per una constant actualitzaci\u00f3 i millora del nostre [&hellip;]<\/p>\n","protected":false},"author":3,"featured_media":26015,"comment_status":"open","ping_status":"open","sticky":false,"template":"","format":"standard","meta":{"om_disable_all_campaigns":false,"_monsterinsights_skip_tracking":false,"_monsterinsights_sitenote_active":false,"_monsterinsights_sitenote_note":"","_monsterinsights_sitenote_category":0,"_uf_show_specific_survey":0,"_uf_disable_surveys":false,"footnotes":""},"categories":[1111,1131],"tags":[48,50],"class_list":["post-26014","post","type-post","status-publish","format-standard","has-post-thumbnail","hentry","category-activitats-esplac","category-cursos-formacions","tag-escola-de-dirigents","tag-projecte-educatiu"],"yoast_head":"<!-- This site is optimized with the Yoast SEO plugin v27.5 - https:\/\/yoast.com\/product\/yoast-seo-wordpress\/ -->\n<title>Mirant l&#039;esplai, constru\u00efnt el projecte educatiu - Esplac<\/title>\n<meta name=\"robots\" content=\"index, follow, max-snippet:-1, max-image-preview:large, max-video-preview:-1\" \/>\n<link rel=\"canonical\" href=\"https:\/\/www.esplac.cat\/mirant-lesplai-construint-projecte-educatiu\/\" \/>\n<meta property=\"og:locale\" content=\"es_ES\" \/>\n<meta property=\"og:type\" content=\"article\" \/>\n<meta property=\"og:title\" content=\"Mirant l&#039;esplai, constru\u00efnt el projecte educatiu - Esplac\" \/>\n<meta property=\"og:description\" content=\"El desig per una constant actualitzaci\u00f3 i millora del nostre [&hellip;]\" \/>\n<meta property=\"og:url\" content=\"https:\/\/www.esplac.cat\/mirant-lesplai-construint-projecte-educatiu\/\" \/>\n<meta property=\"og:site_name\" content=\"Esplac\" \/>\n<meta property=\"article:published_time\" content=\"2012-12-05T13:06:59+00:00\" \/>\n<meta property=\"og:image\" content=\"https:\/\/www.esplac.cat\/wp-content\/uploads\/2012\/12\/escola_dirigents-esplais-catalans.jpg\" \/>\n\t<meta property=\"og:image:width\" content=\"960\" \/>\n\t<meta property=\"og:image:height\" content=\"574\" \/>\n\t<meta property=\"og:image:type\" content=\"image\/jpeg\" \/>\n<meta name=\"author\" content=\"Comunicaci\u00f3 Esplac\" \/>\n<meta name=\"twitter:card\" content=\"summary_large_image\" \/>\n<meta name=\"twitter:label1\" content=\"Escrito por\" \/>\n\t<meta name=\"twitter:data1\" content=\"Comunicaci\u00f3 Esplac\" \/>\n\t<meta name=\"twitter:label2\" content=\"Tiempo de lectura\" \/>\n\t<meta name=\"twitter:data2\" content=\"1 minuto\" \/>\n<script type=\"application\/ld+json\" class=\"yoast-schema-graph\">{\"@context\":\"https:\\\/\\\/schema.org\",\"@graph\":[{\"@type\":\"Article\",\"@id\":\"https:\\\/\\\/www.esplac.cat\\\/mirant-lesplai-construint-projecte-educatiu\\\/#article\",\"isPartOf\":{\"@id\":\"https:\\\/\\\/www.esplac.cat\\\/mirant-lesplai-construint-projecte-educatiu\\\/\"},\"author\":{\"name\":\"Comunicaci\u00f3 Esplac\",\"@id\":\"https:\\\/\\\/www.esplac.cat\\\/#\\\/schema\\\/person\\\/908383cf240be18b68f8855d0583faca\"},\"headline\":\"Mirant l&#8217;esplai, constru\u00efnt el projecte educatiu\",\"datePublished\":\"2012-12-05T13:06:59+00:00\",\"mainEntityOfPage\":{\"@id\":\"https:\\\/\\\/www.esplac.cat\\\/mirant-lesplai-construint-projecte-educatiu\\\/\"},\"wordCount\":292,\"commentCount\":0,\"publisher\":{\"@id\":\"https:\\\/\\\/www.esplac.cat\\\/#organization\"},\"image\":{\"@id\":\"https:\\\/\\\/www.esplac.cat\\\/mirant-lesplai-construint-projecte-educatiu\\\/#primaryimage\"},\"thumbnailUrl\":\"https:\\\/\\\/www.esplac.cat\\\/wp-content\\\/uploads\\\/2012\\\/12\\\/escola_dirigents-esplais-catalans.jpg\",\"keywords\":[\"escola de dirigents\",\"projecte educatiu\"],\"articleSection\":[\"Activitats esplac\",\"Cursos i formacions\"],\"inLanguage\":\"es\",\"potentialAction\":[{\"@type\":\"CommentAction\",\"name\":\"Comment\",\"target\":[\"https:\\\/\\\/www.esplac.cat\\\/mirant-lesplai-construint-projecte-educatiu\\\/#respond\"]}]},{\"@type\":\"WebPage\",\"@id\":\"https:\\\/\\\/www.esplac.cat\\\/mirant-lesplai-construint-projecte-educatiu\\\/\",\"url\":\"https:\\\/\\\/www.esplac.cat\\\/mirant-lesplai-construint-projecte-educatiu\\\/\",\"name\":\"Mirant l'esplai, constru\u00efnt el projecte educatiu - Esplac\",\"isPartOf\":{\"@id\":\"https:\\\/\\\/www.esplac.cat\\\/#website\"},\"primaryImageOfPage\":{\"@id\":\"https:\\\/\\\/www.esplac.cat\\\/mirant-lesplai-construint-projecte-educatiu\\\/#primaryimage\"},\"image\":{\"@id\":\"https:\\\/\\\/www.esplac.cat\\\/mirant-lesplai-construint-projecte-educatiu\\\/#primaryimage\"},\"thumbnailUrl\":\"https:\\\/\\\/www.esplac.cat\\\/wp-content\\\/uploads\\\/2012\\\/12\\\/escola_dirigents-esplais-catalans.jpg\",\"datePublished\":\"2012-12-05T13:06:59+00:00\",\"breadcrumb\":{\"@id\":\"https:\\\/\\\/www.esplac.cat\\\/mirant-lesplai-construint-projecte-educatiu\\\/#breadcrumb\"},\"inLanguage\":\"es\",\"potentialAction\":[{\"@type\":\"ReadAction\",\"target\":[\"https:\\\/\\\/www.esplac.cat\\\/mirant-lesplai-construint-projecte-educatiu\\\/\"]}]},{\"@type\":\"ImageObject\",\"inLanguage\":\"es\",\"@id\":\"https:\\\/\\\/www.esplac.cat\\\/mirant-lesplai-construint-projecte-educatiu\\\/#primaryimage\",\"url\":\"https:\\\/\\\/www.esplac.cat\\\/wp-content\\\/uploads\\\/2012\\\/12\\\/escola_dirigents-esplais-catalans.jpg\",\"contentUrl\":\"https:\\\/\\\/www.esplac.cat\\\/wp-content\\\/uploads\\\/2012\\\/12\\\/escola_dirigents-esplais-catalans.jpg\",\"width\":960,\"height\":574},{\"@type\":\"BreadcrumbList\",\"@id\":\"https:\\\/\\\/www.esplac.cat\\\/mirant-lesplai-construint-projecte-educatiu\\\/#breadcrumb\",\"itemListElement\":[{\"@type\":\"ListItem\",\"position\":1,\"name\":\"Inici\",\"item\":\"https:\\\/\\\/www.esplac.cat\\\/es\\\/\"},{\"@type\":\"ListItem\",\"position\":2,\"name\":\"Mirant l&#8217;esplai, constru\u00efnt el projecte educatiu\"}]},{\"@type\":\"WebSite\",\"@id\":\"https:\\\/\\\/www.esplac.cat\\\/#website\",\"url\":\"https:\\\/\\\/www.esplac.cat\\\/\",\"name\":\"Esplac\",\"description\":\"Esplais Catalans\",\"publisher\":{\"@id\":\"https:\\\/\\\/www.esplac.cat\\\/#organization\"},\"potentialAction\":[{\"@type\":\"SearchAction\",\"target\":{\"@type\":\"EntryPoint\",\"urlTemplate\":\"https:\\\/\\\/www.esplac.cat\\\/?s={search_term_string}\"},\"query-input\":{\"@type\":\"PropertyValueSpecification\",\"valueRequired\":true,\"valueName\":\"search_term_string\"}}],\"inLanguage\":\"es\"},{\"@type\":\"Organization\",\"@id\":\"https:\\\/\\\/www.esplac.cat\\\/#organization\",\"name\":\"Esplac\",\"url\":\"https:\\\/\\\/www.esplac.cat\\\/\",\"logo\":{\"@type\":\"ImageObject\",\"inLanguage\":\"es\",\"@id\":\"https:\\\/\\\/www.esplac.cat\\\/#\\\/schema\\\/logo\\\/image\\\/\",\"url\":\"https:\\\/\\\/www.esplac.cat\\\/wp-content\\\/uploads\\\/2019\\\/08\\\/logox2.png\",\"contentUrl\":\"https:\\\/\\\/www.esplac.cat\\\/wp-content\\\/uploads\\\/2019\\\/08\\\/logox2.png\",\"width\":600,\"height\":295,\"caption\":\"Esplac\"},\"image\":{\"@id\":\"https:\\\/\\\/www.esplac.cat\\\/#\\\/schema\\\/logo\\\/image\\\/\"}},{\"@type\":\"Person\",\"@id\":\"https:\\\/\\\/www.esplac.cat\\\/#\\\/schema\\\/person\\\/908383cf240be18b68f8855d0583faca\",\"name\":\"Comunicaci\u00f3 Esplac\",\"image\":{\"@type\":\"ImageObject\",\"inLanguage\":\"es\",\"@id\":\"https:\\\/\\\/secure.gravatar.com\\\/avatar\\\/7a4cf8feb412a76ea4a740ca02d95b06b2907b5a6c648c2dd0a1082a093c3141?s=96&d=mm&r=g\",\"url\":\"https:\\\/\\\/secure.gravatar.com\\\/avatar\\\/7a4cf8feb412a76ea4a740ca02d95b06b2907b5a6c648c2dd0a1082a093c3141?s=96&d=mm&r=g\",\"contentUrl\":\"https:\\\/\\\/secure.gravatar.com\\\/avatar\\\/7a4cf8feb412a76ea4a740ca02d95b06b2907b5a6c648c2dd0a1082a093c3141?s=96&d=mm&r=g\",\"caption\":\"Comunicaci\u00f3 Esplac\"}}]}<\/script>\n<!-- \/ Yoast SEO plugin. -->","yoast_head_json":{"title":"Mirant l'esplai, constru\u00efnt el projecte educatiu - Esplac","robots":{"index":"index","follow":"follow","max-snippet":"max-snippet:-1","max-image-preview":"max-image-preview:large","max-video-preview":"max-video-preview:-1"},"canonical":"https:\/\/www.esplac.cat\/mirant-lesplai-construint-projecte-educatiu\/","og_locale":"es_ES","og_type":"article","og_title":"Mirant l'esplai, constru\u00efnt el projecte educatiu - Esplac","og_description":"El desig per una constant actualitzaci\u00f3 i millora del nostre [&hellip;]","og_url":"https:\/\/www.esplac.cat\/mirant-lesplai-construint-projecte-educatiu\/","og_site_name":"Esplac","article_published_time":"2012-12-05T13:06:59+00:00","og_image":[{"width":960,"height":574,"url":"https:\/\/www.esplac.cat\/wp-content\/uploads\/2012\/12\/escola_dirigents-esplais-catalans.jpg","type":"image\/jpeg"}],"author":"Comunicaci\u00f3 Esplac","twitter_card":"summary_large_image","twitter_misc":{"Escrito por":"Comunicaci\u00f3 Esplac","Tiempo de lectura":"1 minuto"},"schema":{"@context":"https:\/\/schema.org","@graph":[{"@type":"Article","@id":"https:\/\/www.esplac.cat\/mirant-lesplai-construint-projecte-educatiu\/#article","isPartOf":{"@id":"https:\/\/www.esplac.cat\/mirant-lesplai-construint-projecte-educatiu\/"},"author":{"name":"Comunicaci\u00f3 Esplac","@id":"https:\/\/www.esplac.cat\/#\/schema\/person\/908383cf240be18b68f8855d0583faca"},"headline":"Mirant l&#8217;esplai, constru\u00efnt el projecte educatiu","datePublished":"2012-12-05T13:06:59+00:00","mainEntityOfPage":{"@id":"https:\/\/www.esplac.cat\/mirant-lesplai-construint-projecte-educatiu\/"},"wordCount":292,"commentCount":0,"publisher":{"@id":"https:\/\/www.esplac.cat\/#organization"},"image":{"@id":"https:\/\/www.esplac.cat\/mirant-lesplai-construint-projecte-educatiu\/#primaryimage"},"thumbnailUrl":"https:\/\/www.esplac.cat\/wp-content\/uploads\/2012\/12\/escola_dirigents-esplais-catalans.jpg","keywords":["escola de dirigents","projecte educatiu"],"articleSection":["Activitats esplac","Cursos i formacions"],"inLanguage":"es","potentialAction":[{"@type":"CommentAction","name":"Comment","target":["https:\/\/www.esplac.cat\/mirant-lesplai-construint-projecte-educatiu\/#respond"]}]},{"@type":"WebPage","@id":"https:\/\/www.esplac.cat\/mirant-lesplai-construint-projecte-educatiu\/","url":"https:\/\/www.esplac.cat\/mirant-lesplai-construint-projecte-educatiu\/","name":"Mirant l'esplai, constru\u00efnt el projecte educatiu - Esplac","isPartOf":{"@id":"https:\/\/www.esplac.cat\/#website"},"primaryImageOfPage":{"@id":"https:\/\/www.esplac.cat\/mirant-lesplai-construint-projecte-educatiu\/#primaryimage"},"image":{"@id":"https:\/\/www.esplac.cat\/mirant-lesplai-construint-projecte-educatiu\/#primaryimage"},"thumbnailUrl":"https:\/\/www.esplac.cat\/wp-content\/uploads\/2012\/12\/escola_dirigents-esplais-catalans.jpg","datePublished":"2012-12-05T13:06:59+00:00","breadcrumb":{"@id":"https:\/\/www.esplac.cat\/mirant-lesplai-construint-projecte-educatiu\/#breadcrumb"},"inLanguage":"es","potentialAction":[{"@type":"ReadAction","target":["https:\/\/www.esplac.cat\/mirant-lesplai-construint-projecte-educatiu\/"]}]},{"@type":"ImageObject","inLanguage":"es","@id":"https:\/\/www.esplac.cat\/mirant-lesplai-construint-projecte-educatiu\/#primaryimage","url":"https:\/\/www.esplac.cat\/wp-content\/uploads\/2012\/12\/escola_dirigents-esplais-catalans.jpg","contentUrl":"https:\/\/www.esplac.cat\/wp-content\/uploads\/2012\/12\/escola_dirigents-esplais-catalans.jpg","width":960,"height":574},{"@type":"BreadcrumbList","@id":"https:\/\/www.esplac.cat\/mirant-lesplai-construint-projecte-educatiu\/#breadcrumb","itemListElement":[{"@type":"ListItem","position":1,"name":"Inici","item":"https:\/\/www.esplac.cat\/es\/"},{"@type":"ListItem","position":2,"name":"Mirant l&#8217;esplai, constru\u00efnt el projecte educatiu"}]},{"@type":"WebSite","@id":"https:\/\/www.esplac.cat\/#website","url":"https:\/\/www.esplac.cat\/","name":"Esplac","description":"Esplais Catalans","publisher":{"@id":"https:\/\/www.esplac.cat\/#organization"},"potentialAction":[{"@type":"SearchAction","target":{"@type":"EntryPoint","urlTemplate":"https:\/\/www.esplac.cat\/?s={search_term_string}"},"query-input":{"@type":"PropertyValueSpecification","valueRequired":true,"valueName":"search_term_string"}}],"inLanguage":"es"},{"@type":"Organization","@id":"https:\/\/www.esplac.cat\/#organization","name":"Esplac","url":"https:\/\/www.esplac.cat\/","logo":{"@type":"ImageObject","inLanguage":"es","@id":"https:\/\/www.esplac.cat\/#\/schema\/logo\/image\/","url":"https:\/\/www.esplac.cat\/wp-content\/uploads\/2019\/08\/logox2.png","contentUrl":"https:\/\/www.esplac.cat\/wp-content\/uploads\/2019\/08\/logox2.png","width":600,"height":295,"caption":"Esplac"},"image":{"@id":"https:\/\/www.esplac.cat\/#\/schema\/logo\/image\/"}},{"@type":"Person","@id":"https:\/\/www.esplac.cat\/#\/schema\/person\/908383cf240be18b68f8855d0583faca","name":"Comunicaci\u00f3 Esplac","image":{"@type":"ImageObject","inLanguage":"es","@id":"https:\/\/secure.gravatar.com\/avatar\/7a4cf8feb412a76ea4a740ca02d95b06b2907b5a6c648c2dd0a1082a093c3141?s=96&d=mm&r=g","url":"https:\/\/secure.gravatar.com\/avatar\/7a4cf8feb412a76ea4a740ca02d95b06b2907b5a6c648c2dd0a1082a093c3141?s=96&d=mm&r=g","contentUrl":"https:\/\/secure.gravatar.com\/avatar\/7a4cf8feb412a76ea4a740ca02d95b06b2907b5a6c648c2dd0a1082a093c3141?s=96&d=mm&r=g","caption":"Comunicaci\u00f3 Esplac"}}]}},"_links":{"self":[{"href":"https:\/\/www.esplac.cat\/es\/wp-json\/wp\/v2\/posts\/26014","targetHints":{"allow":["GET"]}}],"collection":[{"href":"https:\/\/www.esplac.cat\/es\/wp-json\/wp\/v2\/posts"}],"about":[{"href":"https:\/\/www.esplac.cat\/es\/wp-json\/wp\/v2\/types\/post"}],"author":[{"embeddable":true,"href":"https:\/\/www.esplac.cat\/es\/wp-json\/wp\/v2\/users\/3"}],"replies":[{"embeddable":true,"href":"https:\/\/www.esplac.cat\/es\/wp-json\/wp\/v2\/comments?post=26014"}],"version-history":[{"count":0,"href":"https:\/\/www.esplac.cat\/es\/wp-json\/wp\/v2\/posts\/26014\/revisions"}],"wp:featuredmedia":[{"embeddable":true,"href":"https:\/\/www.esplac.cat\/es\/wp-json\/wp\/v2\/media\/26015"}],"wp:attachment":[{"href":"https:\/\/www.esplac.cat\/es\/wp-json\/wp\/v2\/media?parent=26014"}],"wp:term":[{"taxonomy":"category","embeddable":true,"href":"https:\/\/www.esplac.cat\/es\/wp-json\/wp\/v2\/categories?post=26014"},{"taxonomy":"post_tag","embeddable":true,"href":"https:\/\/www.esplac.cat\/es\/wp-json\/wp\/v2\/tags?post=26014"}],"curies":[{"name":"wp","href":"https:\/\/api.w.org\/{rel}","templated":true}]}}