{"id":26020,"date":"2012-11-22T14:45:25","date_gmt":"2012-11-22T12:45:25","guid":{"rendered":"http:\/\/esplac.cat\/?p=2518"},"modified":"2012-11-22T14:45:25","modified_gmt":"2012-11-22T12:45:25","slug":"bona-practica-diptic-inici-curs-esplai-avi","status":"publish","type":"post","link":"https:\/\/www.esplac.cat\/es\/bona-practica-diptic-inici-curs-esplai-avi\/","title":{"rendered":"Bona pr\u00e0ctica: d\u00edptic d&#8217;inici de curs de l&#8217;esplai Avi\u00e0"},"content":{"rendered":"<p><!--:CA-->Benvingudes a l&#8217;espai d&#8217;<strong>intercanvi de bones pr\u00e0ctiques<\/strong> dels nostres esplais! Aquest espai vol servir com a recull durant tot el curs d&#8217;aquestes bones pr\u00e0ctiques d&#8217;una forma senzilla mitjan\u00e7ant la nostra web i el butllet\u00ed electr\u00f2nic.<\/p>\n<p>Per estrenar aquest recull, parlarem del <strong><a href=\"http:\/\/esplac.cat\/wp-content\/uploads\/2012\/11\/diptic_esplai_avia.pdf\">d\u00edptic informatiu<\/a>\u00a0de l&#8217;<a title=\"esplai avi\u00e0\" href=\"https:\/\/www.facebook.com\/esplaidavia?filter=3\">esplai Avi\u00e0<\/a><\/strong> que restava inactiu i aquest curs a repr\u00e8s l&#8217;activitat.<\/p>\n<p>El seu d\u00edptic t\u00e9 un disseny atractiu i ben treballat, per\u00f2 m\u00e9s enll\u00e0 del format, el seu contingut \u00e9s directe, pr\u00e0ctic i entenedor. A la part interior podem veure com mitjan\u00e7ant tres preguntes molt directes (<em>Qui som?, Perqu\u00e8? <\/em>i<em> Quan?)<\/em> ens expliquen en poques l\u00ednies els <strong>trets b\u00e0sics de l&#8217;entitat<\/strong>. D&#8217;altra banda, ens avancen tamb\u00e9 la <strong>butlleta de la preinscripci\u00f3<\/strong>. D&#8217;aquesta manera, ens agilitzem un tr\u00e0mit i les persones interessades ja poden venir a l&#8217;esplai amb tota la informaci\u00f3 complerta!<\/p>\n<p>La part externa del d\u00edptic \u00e9s m\u00e9s cridanera amb colors ben vius, per fer copsar l&#8217;atenci\u00f3 de les persones i animar-les a descobrir el seu interior, aprofitant la part del darrere per facilitar les seves <strong>dades de contacte<\/strong>: tel\u00e8fon, direcci\u00f3, facebook i twitter. En aquest sentit, volem remarcar que \u00e9s molt important que faciliteu al m\u00e0xim la comunicaci\u00f3 amb els pares i mares, donant diversos canals de comunicaci\u00f3. Aix\u00f2 s\u00ed, sempre i quan estigueu ben atents a totes les vies de comunicaci\u00f3 i doneu resposta a totes les demandes. En aquest cas, millor que us centreu en pocs canals i que els ateneu de la millor manera possible.<\/p>\n<p>Qu\u00e8 en penseu del d\u00edptic? Com els feu al vostre esplai?<\/p>\n<p>Bona feina esplai Avi\u00e0!<a href=\"http:\/\/esplac.cat\/wp-content\/uploads\/2012\/11\/diptic_esplai_avia-1.jpg\"><br \/>\n<\/a><img decoding=\"async\" class=\"alignleft  wp-image-2520\" title=\"diptic_esplai_avia\" src=\"http:\/\/esplac.cat\/wp-content\/uploads\/2012\/11\/diptic_esplai_avia.jpg\" alt=\"\" width=\"400\" \/><\/p>\n<p><a href=\"http:\/\/esplac.cat\/wp-content\/uploads\/2012\/11\/diptic_esplai_avia-1.jpg\"><img decoding=\"async\" class=\"alignleft  wp-image-2521\" title=\"D\u00edptic esplai Avi\u00e0 interior\" src=\"http:\/\/esplac.cat\/wp-content\/uploads\/2012\/11\/diptic_esplai_avia-1.jpg\" alt=\"D\u00edptic esplai Avi\u00e0 interior\" width=\"400\" \/><\/a><!--:--><!--:es-->Benvingudes a l&#8217;espai d&#8217;<strong>intercanvi de bones pr\u00e0ctiques<\/strong> dels nostres esplais! Aquest espai vol servir com a recull durant tot el curs d&#8217;aquestes bones pr\u00e0ctiques d&#8217;una forma senzilla mitjan\u00e7ant la nostra web i el butllet\u00ed electr\u00f2nic.<\/p>\n<p>Per estrenar aquest recull, parlarem del <strong><a href=\"http:\/\/esplac.cat\/wp-content\/uploads\/2012\/11\/diptic_esplai_avia.pdf\">d\u00edptic informatiu<\/a>\u00a0de l&#8217;<a title=\"esplai avi\u00e0\" href=\"https:\/\/www.facebook.com\/esplaidavia?filter=3\">esplai Avi\u00e0<\/a><\/strong> que restava inactiu i aquest curs a repr\u00e8s l&#8217;activitat.<\/p>\n<p>El seu d\u00edptic t\u00e9 un disseny atractiu i ben treballat, per\u00f2 m\u00e9s enll\u00e0 del format, el seu contingut \u00e9s directe, pr\u00e0ctic i entenedor. A la part interior podem veure com mitjan\u00e7ant tres preguntes molt directes (<em>Qui som?, Perqu\u00e8? <\/em>i<em> Quan?)<\/em> ens expliquen en poques l\u00ednies els <strong>trets b\u00e0sics de l&#8217;entitat<\/strong>. D&#8217;altra banda, ens avancen tamb\u00e9 la <strong>butlleta de la preinscripci\u00f3<\/strong>. D&#8217;aquesta manera, ens agilitzem un tr\u00e0mit i les persones interessades ja poden venir a l&#8217;esplai amb tota la informaci\u00f3 complerta!<\/p>\n<p>La part externa del d\u00edptic \u00e9s m\u00e9s cridanera amb colors ben vius, per fer copsar l&#8217;atenci\u00f3 de les persones i animar-les a descobrir el seu interior, aprofitant la part del darrere per facilitar les seves <strong>dades de contacte<\/strong>: tel\u00e8fon, direcci\u00f3, facebook i twitter. En aquest sentit, volem remarcar que \u00e9s molt important que faciliteu al m\u00e0xim la comunicaci\u00f3 amb els pares i mares, donant diversos canals de comunicaci\u00f3. Aix\u00f2 s\u00ed, sempre i quan estigueu ben atents a totes les vies de comunicaci\u00f3 i doneu resposta a totes les demandes. En aquest cas, millor que us centreu en pocs canals i que els ateneu de la millor manera possible.<\/p>\n<p>Qu\u00e8 en penseu del d\u00edptic? Com els feu al vostre esplai?<\/p>\n<p>Bona feina esplai Avi\u00e0!<a href=\"http:\/\/esplac.cat\/wp-content\/uploads\/2012\/11\/diptic_esplai_avia-1.jpg\"><br \/>\n<\/a><img decoding=\"async\" class=\"alignleft  wp-image-2520\" title=\"diptic_esplai_avia\" src=\"http:\/\/esplac.cat\/wp-content\/uploads\/2012\/11\/diptic_esplai_avia.jpg\" alt=\"\" width=\"400\" \/><\/p>\n<p><a href=\"http:\/\/esplac.cat\/wp-content\/uploads\/2012\/11\/diptic_esplai_avia-1.jpg\"><img decoding=\"async\" class=\"alignleft  wp-image-2521\" title=\"D\u00edptic esplai Avi\u00e0 interior\" src=\"http:\/\/esplac.cat\/wp-content\/uploads\/2012\/11\/diptic_esplai_avia-1.jpg\" alt=\"D\u00edptic esplai Avi\u00e0 interior\" width=\"400\" \/><\/a><\/p>\n<p><!--:--><!--:en-->Benvingudes a l&#8217;espai d&#8217;<strong>intercanvi de bones pr\u00e0ctiques<\/strong> dels nostres esplais! Aquest espai vol servir com a recull durant tot el curs d&#8217;aquestes bones pr\u00e0ctiques d&#8217;una forma senzilla mitjan\u00e7ant la nostra web i el butllet\u00ed electr\u00f2nic.<\/p>\n<p>Per estrenar aquest recull, parlarem del <strong><a href=\"http:\/\/esplac.cat\/wp-content\/uploads\/2012\/11\/diptic_esplai_avia.pdf\">d\u00edptic informatiu<\/a>\u00a0de l&#8217;<a title=\"esplai avi\u00e0\" href=\"https:\/\/www.facebook.com\/esplaidavia?filter=3\">esplai Avi\u00e0<\/a><\/strong> que restava inactiu i aquest curs a repr\u00e8s l&#8217;activitat.<\/p>\n<p>El seu d\u00edptic t\u00e9 un disseny atractiu i ben treballat, per\u00f2 m\u00e9s enll\u00e0 del format, el seu contingut \u00e9s directe, pr\u00e0ctic i entenedor. A la part interior podem veure com mitjan\u00e7ant tres preguntes molt directes (<em>Qui som?, Perqu\u00e8? <\/em>i<em> Quan?)<\/em> ens expliquen en poques l\u00ednies els <strong>trets b\u00e0sics de l&#8217;entitat<\/strong>. D&#8217;altra banda, ens avancen tamb\u00e9 la <strong>butlleta de la preinscripci\u00f3<\/strong>. D&#8217;aquesta manera, ens agilitzem un tr\u00e0mit i les persones interessades ja poden venir a l&#8217;esplai amb tota la informaci\u00f3 complerta!<\/p>\n<p>La part externa del d\u00edptic \u00e9s m\u00e9s cridanera amb colors ben vius, per fer copsar l&#8217;atenci\u00f3 de les persones i animar-les a descobrir el seu interior, aprofitant la part del darrere per facilitar les seves <strong>dades de contacte<\/strong>: tel\u00e8fon, direcci\u00f3, facebook i twitter. En aquest sentit, volem remarcar que \u00e9s molt important que faciliteu al m\u00e0xim la comunicaci\u00f3 amb els pares i mares, donant diversos canals de comunicaci\u00f3. Aix\u00f2 s\u00ed, sempre i quan estigueu ben atents a totes les vies de comunicaci\u00f3 i doneu resposta a totes les demandes. En aquest cas, millor que us centreu en pocs canals i que els ateneu de la millor manera possible.<\/p>\n<p>Qu\u00e8 en penseu del d\u00edptic? Com els feu al vostre esplai?<\/p>\n<p>Bona feina esplai Avi\u00e0!<a href=\"http:\/\/esplac.cat\/wp-content\/uploads\/2012\/11\/diptic_esplai_avia-1.jpg\"><br \/>\n<\/a><img decoding=\"async\" class=\"alignleft  wp-image-2520\" title=\"diptic_esplai_avia\" src=\"http:\/\/esplac.cat\/wp-content\/uploads\/2012\/11\/diptic_esplai_avia.jpg\" alt=\"\" width=\"400\" \/><\/p>\n<p><a href=\"http:\/\/esplac.cat\/wp-content\/uploads\/2012\/11\/diptic_esplai_avia-1.jpg\"><img decoding=\"async\" class=\"alignleft  wp-image-2521\" title=\"D\u00edptic esplai Avi\u00e0 interior\" src=\"http:\/\/esplac.cat\/wp-content\/uploads\/2012\/11\/diptic_esplai_avia-1.jpg\" alt=\"D\u00edptic esplai Avi\u00e0 interior\" width=\"400\" \/><\/a><\/p>\n<p><!--:--><!--:fr-->Benvingudes a l&#8217;espai d&#8217;<strong>intercanvi de bones pr\u00e0ctiques<\/strong> dels nostres esplais! Aquest espai vol servir com a recull durant tot el curs d&#8217;aquestes bones pr\u00e0ctiques d&#8217;una forma senzilla mitjan\u00e7ant la nostra web i el butllet\u00ed electr\u00f2nic.<\/p>\n<p>Per estrenar aquest recull, parlarem del <strong><a href=\"http:\/\/esplac.cat\/wp-content\/uploads\/2012\/11\/diptic_esplai_avia.pdf\">d\u00edptic informatiu<\/a>\u00a0de l&#8217;<a title=\"esplai avi\u00e0\" href=\"https:\/\/www.facebook.com\/esplaidavia?filter=3\">esplai Avi\u00e0<\/a><\/strong> que restava inactiu i aquest curs a repr\u00e8s l&#8217;activitat.<\/p>\n<p>El seu d\u00edptic t\u00e9 un disseny atractiu i ben treballat, per\u00f2 m\u00e9s enll\u00e0 del format, el seu contingut \u00e9s directe, pr\u00e0ctic i entenedor. A la part interior podem veure com mitjan\u00e7ant tres preguntes molt directes (<em>Qui som?, Perqu\u00e8? <\/em>i<em> Quan?)<\/em> ens expliquen en poques l\u00ednies els <strong>trets b\u00e0sics de l&#8217;entitat<\/strong>. D&#8217;altra banda, ens avancen tamb\u00e9 la <strong>butlleta de la preinscripci\u00f3<\/strong>. D&#8217;aquesta manera, ens agilitzem un tr\u00e0mit i les persones interessades ja poden venir a l&#8217;esplai amb tota la informaci\u00f3 complerta!<\/p>\n<p>La part externa del d\u00edptic \u00e9s m\u00e9s cridanera amb colors ben vius, per fer copsar l&#8217;atenci\u00f3 de les persones i animar-les a descobrir el seu interior, aprofitant la part del darrere per facilitar les seves <strong>dades de contacte<\/strong>: tel\u00e8fon, direcci\u00f3, facebook i twitter. En aquest sentit, volem remarcar que \u00e9s molt important que faciliteu al m\u00e0xim la comunicaci\u00f3 amb els pares i mares, donant diversos canals de comunicaci\u00f3. Aix\u00f2 s\u00ed, sempre i quan estigueu ben atents a totes les vies de comunicaci\u00f3 i doneu resposta a totes les demandes. En aquest cas, millor que us centreu en pocs canals i que els ateneu de la millor manera possible.<\/p>\n<p>Qu\u00e8 en penseu del d\u00edptic? Com els feu al vostre esplai?<\/p>\n<p>Bona feina esplai Avi\u00e0!<a href=\"http:\/\/esplac.cat\/wp-content\/uploads\/2012\/11\/diptic_esplai_avia-1.jpg\"><br \/>\n<\/a><img decoding=\"async\" class=\"alignleft  wp-image-2520\" title=\"diptic_esplai_avia\" src=\"http:\/\/esplac.cat\/wp-content\/uploads\/2012\/11\/diptic_esplai_avia.jpg\" alt=\"\" width=\"400\" \/><\/p>\n<p><a href=\"http:\/\/esplac.cat\/wp-content\/uploads\/2012\/11\/diptic_esplai_avia-1.jpg\"><img decoding=\"async\" class=\"alignleft  wp-image-2521\" title=\"D\u00edptic esplai Avi\u00e0 interior\" src=\"http:\/\/esplac.cat\/wp-content\/uploads\/2012\/11\/diptic_esplai_avia-1.jpg\" alt=\"D\u00edptic esplai Avi\u00e0 interior\" width=\"400\" \/><\/a><\/p>\n<p><!--:--><\/p>\n","protected":false},"excerpt":{"rendered":"<p>Benvingudes a l&#8217;espai d&#8217;intercanvi de bones pr\u00e0ctiques dels nostres esplais! [&hellip;]<\/p>\n","protected":false},"author":3,"featured_media":7782,"comment_status":"open","ping_status":"open","sticky":false,"template":"","format":"standard","meta":{"om_disable_all_campaigns":false,"_monsterinsights_skip_tracking":false,"_monsterinsights_sitenote_active":false,"_monsterinsights_sitenote_note":"","_monsterinsights_sitenote_category":0,"_uf_show_specific_survey":0,"_uf_disable_surveys":false,"footnotes":""},"categories":[1121],"tags":[67],"class_list":["post-26020","post","type-post","status-publish","format-standard","has-post-thumbnail","hentry","category-bones-practiques-2","tag-bones-practiques"],"yoast_head":"<!-- This site is optimized with the Yoast SEO plugin v27.4 - https:\/\/yoast.com\/product\/yoast-seo-wordpress\/ -->\n<title>Bona pr\u00e0ctica: d\u00edptic d&#039;inici de curs de l&#039;esplai Avi\u00e0 - Esplac<\/title>\n<meta name=\"robots\" content=\"index, follow, max-snippet:-1, max-image-preview:large, max-video-preview:-1\" \/>\n<link rel=\"canonical\" href=\"https:\/\/www.esplac.cat\/en\/bona-practica-diptic-inici-curs-esplai-avi\/\" \/>\n<meta property=\"og:locale\" content=\"es_ES\" \/>\n<meta property=\"og:type\" content=\"article\" \/>\n<meta property=\"og:title\" content=\"Bona pr\u00e0ctica: d\u00edptic d&#039;inici de curs de l&#039;esplai Avi\u00e0 - Esplac\" \/>\n<meta property=\"og:description\" content=\"Benvingudes a l&#8217;espai d&#8217;intercanvi de bones pr\u00e0ctiques dels nostres esplais! [&hellip;]\" \/>\n<meta property=\"og:url\" content=\"https:\/\/www.esplac.cat\/en\/bona-practica-diptic-inici-curs-esplai-avi\/\" \/>\n<meta property=\"og:site_name\" content=\"Esplac\" \/>\n<meta property=\"article:published_time\" content=\"2012-11-22T12:45:25+00:00\" \/>\n<meta property=\"og:image\" content=\"https:\/\/www.esplac.cat\/wp-content\/uploads\/2019\/11\/logo-open.jpg\" \/>\n\t<meta property=\"og:image:width\" content=\"1200\" \/>\n\t<meta property=\"og:image:height\" content=\"630\" \/>\n\t<meta property=\"og:image:type\" content=\"image\/jpeg\" \/>\n<meta name=\"author\" content=\"Comunicaci\u00f3 Esplac\" \/>\n<meta name=\"twitter:card\" content=\"summary_large_image\" \/>\n<meta name=\"twitter:label1\" content=\"Escrito por\" \/>\n\t<meta name=\"twitter:data1\" content=\"Comunicaci\u00f3 Esplac\" \/>\n\t<meta name=\"twitter:label2\" content=\"Tiempo de lectura\" \/>\n\t<meta name=\"twitter:data2\" content=\"6 minutos\" \/>\n<script type=\"application\/ld+json\" class=\"yoast-schema-graph\">{\"@context\":\"https:\\\/\\\/schema.org\",\"@graph\":[{\"@type\":\"Article\",\"@id\":\"https:\\\/\\\/www.esplac.cat\\\/en\\\/bona-practica-diptic-inici-curs-esplai-avi\\\/#article\",\"isPartOf\":{\"@id\":\"https:\\\/\\\/www.esplac.cat\\\/en\\\/bona-practica-diptic-inici-curs-esplai-avi\\\/\"},\"author\":{\"name\":\"Comunicaci\u00f3 Esplac\",\"@id\":\"https:\\\/\\\/www.esplac.cat\\\/#\\\/schema\\\/person\\\/908383cf240be18b68f8855d0583faca\"},\"headline\":\"Bona pr\u00e0ctica: d\u00edptic d&#8217;inici de curs de l&#8217;esplai Avi\u00e0\",\"datePublished\":\"2012-11-22T12:45:25+00:00\",\"mainEntityOfPage\":{\"@id\":\"https:\\\/\\\/www.esplac.cat\\\/en\\\/bona-practica-diptic-inici-curs-esplai-avi\\\/\"},\"wordCount\":1161,\"commentCount\":0,\"publisher\":{\"@id\":\"https:\\\/\\\/www.esplac.cat\\\/#organization\"},\"image\":{\"@id\":\"https:\\\/\\\/www.esplac.cat\\\/en\\\/bona-practica-diptic-inici-curs-esplai-avi\\\/#primaryimage\"},\"thumbnailUrl\":\"\",\"keywords\":[\"bones pr\u00e0ctiques\"],\"articleSection\":[\"Bones pr\u00e0ctiques\"],\"inLanguage\":\"es\",\"potentialAction\":[{\"@type\":\"CommentAction\",\"name\":\"Comment\",\"target\":[\"https:\\\/\\\/www.esplac.cat\\\/en\\\/bona-practica-diptic-inici-curs-esplai-avi\\\/#respond\"]}]},{\"@type\":\"WebPage\",\"@id\":\"https:\\\/\\\/www.esplac.cat\\\/en\\\/bona-practica-diptic-inici-curs-esplai-avi\\\/\",\"url\":\"https:\\\/\\\/www.esplac.cat\\\/en\\\/bona-practica-diptic-inici-curs-esplai-avi\\\/\",\"name\":\"Bona pr\u00e0ctica: d\u00edptic d'inici de curs de l'esplai Avi\u00e0 - Esplac\",\"isPartOf\":{\"@id\":\"https:\\\/\\\/www.esplac.cat\\\/#website\"},\"primaryImageOfPage\":{\"@id\":\"https:\\\/\\\/www.esplac.cat\\\/en\\\/bona-practica-diptic-inici-curs-esplai-avi\\\/#primaryimage\"},\"image\":{\"@id\":\"https:\\\/\\\/www.esplac.cat\\\/en\\\/bona-practica-diptic-inici-curs-esplai-avi\\\/#primaryimage\"},\"thumbnailUrl\":\"\",\"datePublished\":\"2012-11-22T12:45:25+00:00\",\"breadcrumb\":{\"@id\":\"https:\\\/\\\/www.esplac.cat\\\/en\\\/bona-practica-diptic-inici-curs-esplai-avi\\\/#breadcrumb\"},\"inLanguage\":\"es\",\"potentialAction\":[{\"@type\":\"ReadAction\",\"target\":[\"https:\\\/\\\/www.esplac.cat\\\/en\\\/bona-practica-diptic-inici-curs-esplai-avi\\\/\"]}]},{\"@type\":\"ImageObject\",\"inLanguage\":\"es\",\"@id\":\"https:\\\/\\\/www.esplac.cat\\\/en\\\/bona-practica-diptic-inici-curs-esplai-avi\\\/#primaryimage\",\"url\":\"\",\"contentUrl\":\"\"},{\"@type\":\"BreadcrumbList\",\"@id\":\"https:\\\/\\\/www.esplac.cat\\\/en\\\/bona-practica-diptic-inici-curs-esplai-avi\\\/#breadcrumb\",\"itemListElement\":[{\"@type\":\"ListItem\",\"position\":1,\"name\":\"Inici\",\"item\":\"https:\\\/\\\/www.esplac.cat\\\/es\\\/\"},{\"@type\":\"ListItem\",\"position\":2,\"name\":\"Bona pr\u00e0ctica: d\u00edptic d&#8217;inici de curs de l&#8217;esplai Avi\u00e0\"}]},{\"@type\":\"WebSite\",\"@id\":\"https:\\\/\\\/www.esplac.cat\\\/#website\",\"url\":\"https:\\\/\\\/www.esplac.cat\\\/\",\"name\":\"Esplac\",\"description\":\"Esplais Catalans\",\"publisher\":{\"@id\":\"https:\\\/\\\/www.esplac.cat\\\/#organization\"},\"potentialAction\":[{\"@type\":\"SearchAction\",\"target\":{\"@type\":\"EntryPoint\",\"urlTemplate\":\"https:\\\/\\\/www.esplac.cat\\\/?s={search_term_string}\"},\"query-input\":{\"@type\":\"PropertyValueSpecification\",\"valueRequired\":true,\"valueName\":\"search_term_string\"}}],\"inLanguage\":\"es\"},{\"@type\":\"Organization\",\"@id\":\"https:\\\/\\\/www.esplac.cat\\\/#organization\",\"name\":\"Esplac\",\"url\":\"https:\\\/\\\/www.esplac.cat\\\/\",\"logo\":{\"@type\":\"ImageObject\",\"inLanguage\":\"es\",\"@id\":\"https:\\\/\\\/www.esplac.cat\\\/#\\\/schema\\\/logo\\\/image\\\/\",\"url\":\"https:\\\/\\\/www.esplac.cat\\\/wp-content\\\/uploads\\\/2019\\\/08\\\/logox2.png\",\"contentUrl\":\"https:\\\/\\\/www.esplac.cat\\\/wp-content\\\/uploads\\\/2019\\\/08\\\/logox2.png\",\"width\":600,\"height\":295,\"caption\":\"Esplac\"},\"image\":{\"@id\":\"https:\\\/\\\/www.esplac.cat\\\/#\\\/schema\\\/logo\\\/image\\\/\"}},{\"@type\":\"Person\",\"@id\":\"https:\\\/\\\/www.esplac.cat\\\/#\\\/schema\\\/person\\\/908383cf240be18b68f8855d0583faca\",\"name\":\"Comunicaci\u00f3 Esplac\",\"image\":{\"@type\":\"ImageObject\",\"inLanguage\":\"es\",\"@id\":\"https:\\\/\\\/secure.gravatar.com\\\/avatar\\\/7a4cf8feb412a76ea4a740ca02d95b06b2907b5a6c648c2dd0a1082a093c3141?s=96&d=mm&r=g\",\"url\":\"https:\\\/\\\/secure.gravatar.com\\\/avatar\\\/7a4cf8feb412a76ea4a740ca02d95b06b2907b5a6c648c2dd0a1082a093c3141?s=96&d=mm&r=g\",\"contentUrl\":\"https:\\\/\\\/secure.gravatar.com\\\/avatar\\\/7a4cf8feb412a76ea4a740ca02d95b06b2907b5a6c648c2dd0a1082a093c3141?s=96&d=mm&r=g\",\"caption\":\"Comunicaci\u00f3 Esplac\"}}]}<\/script>\n<!-- \/ Yoast SEO plugin. -->","yoast_head_json":{"title":"Bona pr\u00e0ctica: d\u00edptic d'inici de curs de l'esplai Avi\u00e0 - Esplac","robots":{"index":"index","follow":"follow","max-snippet":"max-snippet:-1","max-image-preview":"max-image-preview:large","max-video-preview":"max-video-preview:-1"},"canonical":"https:\/\/www.esplac.cat\/en\/bona-practica-diptic-inici-curs-esplai-avi\/","og_locale":"es_ES","og_type":"article","og_title":"Bona pr\u00e0ctica: d\u00edptic d'inici de curs de l'esplai Avi\u00e0 - Esplac","og_description":"Benvingudes a l&#8217;espai d&#8217;intercanvi de bones pr\u00e0ctiques dels nostres esplais! [&hellip;]","og_url":"https:\/\/www.esplac.cat\/en\/bona-practica-diptic-inici-curs-esplai-avi\/","og_site_name":"Esplac","article_published_time":"2012-11-22T12:45:25+00:00","og_image":[{"width":1200,"height":630,"url":"https:\/\/www.esplac.cat\/wp-content\/uploads\/2019\/11\/logo-open.jpg","type":"image\/jpeg"}],"author":"Comunicaci\u00f3 Esplac","twitter_card":"summary_large_image","twitter_misc":{"Escrito por":"Comunicaci\u00f3 Esplac","Tiempo de lectura":"6 minutos"},"schema":{"@context":"https:\/\/schema.org","@graph":[{"@type":"Article","@id":"https:\/\/www.esplac.cat\/en\/bona-practica-diptic-inici-curs-esplai-avi\/#article","isPartOf":{"@id":"https:\/\/www.esplac.cat\/en\/bona-practica-diptic-inici-curs-esplai-avi\/"},"author":{"name":"Comunicaci\u00f3 Esplac","@id":"https:\/\/www.esplac.cat\/#\/schema\/person\/908383cf240be18b68f8855d0583faca"},"headline":"Bona pr\u00e0ctica: d\u00edptic d&#8217;inici de curs de l&#8217;esplai Avi\u00e0","datePublished":"2012-11-22T12:45:25+00:00","mainEntityOfPage":{"@id":"https:\/\/www.esplac.cat\/en\/bona-practica-diptic-inici-curs-esplai-avi\/"},"wordCount":1161,"commentCount":0,"publisher":{"@id":"https:\/\/www.esplac.cat\/#organization"},"image":{"@id":"https:\/\/www.esplac.cat\/en\/bona-practica-diptic-inici-curs-esplai-avi\/#primaryimage"},"thumbnailUrl":"","keywords":["bones pr\u00e0ctiques"],"articleSection":["Bones pr\u00e0ctiques"],"inLanguage":"es","potentialAction":[{"@type":"CommentAction","name":"Comment","target":["https:\/\/www.esplac.cat\/en\/bona-practica-diptic-inici-curs-esplai-avi\/#respond"]}]},{"@type":"WebPage","@id":"https:\/\/www.esplac.cat\/en\/bona-practica-diptic-inici-curs-esplai-avi\/","url":"https:\/\/www.esplac.cat\/en\/bona-practica-diptic-inici-curs-esplai-avi\/","name":"Bona pr\u00e0ctica: d\u00edptic d'inici de curs de l'esplai Avi\u00e0 - Esplac","isPartOf":{"@id":"https:\/\/www.esplac.cat\/#website"},"primaryImageOfPage":{"@id":"https:\/\/www.esplac.cat\/en\/bona-practica-diptic-inici-curs-esplai-avi\/#primaryimage"},"image":{"@id":"https:\/\/www.esplac.cat\/en\/bona-practica-diptic-inici-curs-esplai-avi\/#primaryimage"},"thumbnailUrl":"","datePublished":"2012-11-22T12:45:25+00:00","breadcrumb":{"@id":"https:\/\/www.esplac.cat\/en\/bona-practica-diptic-inici-curs-esplai-avi\/#breadcrumb"},"inLanguage":"es","potentialAction":[{"@type":"ReadAction","target":["https:\/\/www.esplac.cat\/en\/bona-practica-diptic-inici-curs-esplai-avi\/"]}]},{"@type":"ImageObject","inLanguage":"es","@id":"https:\/\/www.esplac.cat\/en\/bona-practica-diptic-inici-curs-esplai-avi\/#primaryimage","url":"","contentUrl":""},{"@type":"BreadcrumbList","@id":"https:\/\/www.esplac.cat\/en\/bona-practica-diptic-inici-curs-esplai-avi\/#breadcrumb","itemListElement":[{"@type":"ListItem","position":1,"name":"Inici","item":"https:\/\/www.esplac.cat\/es\/"},{"@type":"ListItem","position":2,"name":"Bona pr\u00e0ctica: d\u00edptic d&#8217;inici de curs de l&#8217;esplai Avi\u00e0"}]},{"@type":"WebSite","@id":"https:\/\/www.esplac.cat\/#website","url":"https:\/\/www.esplac.cat\/","name":"Esplac","description":"Esplais Catalans","publisher":{"@id":"https:\/\/www.esplac.cat\/#organization"},"potentialAction":[{"@type":"SearchAction","target":{"@type":"EntryPoint","urlTemplate":"https:\/\/www.esplac.cat\/?s={search_term_string}"},"query-input":{"@type":"PropertyValueSpecification","valueRequired":true,"valueName":"search_term_string"}}],"inLanguage":"es"},{"@type":"Organization","@id":"https:\/\/www.esplac.cat\/#organization","name":"Esplac","url":"https:\/\/www.esplac.cat\/","logo":{"@type":"ImageObject","inLanguage":"es","@id":"https:\/\/www.esplac.cat\/#\/schema\/logo\/image\/","url":"https:\/\/www.esplac.cat\/wp-content\/uploads\/2019\/08\/logox2.png","contentUrl":"https:\/\/www.esplac.cat\/wp-content\/uploads\/2019\/08\/logox2.png","width":600,"height":295,"caption":"Esplac"},"image":{"@id":"https:\/\/www.esplac.cat\/#\/schema\/logo\/image\/"}},{"@type":"Person","@id":"https:\/\/www.esplac.cat\/#\/schema\/person\/908383cf240be18b68f8855d0583faca","name":"Comunicaci\u00f3 Esplac","image":{"@type":"ImageObject","inLanguage":"es","@id":"https:\/\/secure.gravatar.com\/avatar\/7a4cf8feb412a76ea4a740ca02d95b06b2907b5a6c648c2dd0a1082a093c3141?s=96&d=mm&r=g","url":"https:\/\/secure.gravatar.com\/avatar\/7a4cf8feb412a76ea4a740ca02d95b06b2907b5a6c648c2dd0a1082a093c3141?s=96&d=mm&r=g","contentUrl":"https:\/\/secure.gravatar.com\/avatar\/7a4cf8feb412a76ea4a740ca02d95b06b2907b5a6c648c2dd0a1082a093c3141?s=96&d=mm&r=g","caption":"Comunicaci\u00f3 Esplac"}}]}},"_links":{"self":[{"href":"https:\/\/www.esplac.cat\/es\/wp-json\/wp\/v2\/posts\/26020","targetHints":{"allow":["GET"]}}],"collection":[{"href":"https:\/\/www.esplac.cat\/es\/wp-json\/wp\/v2\/posts"}],"about":[{"href":"https:\/\/www.esplac.cat\/es\/wp-json\/wp\/v2\/types\/post"}],"author":[{"embeddable":true,"href":"https:\/\/www.esplac.cat\/es\/wp-json\/wp\/v2\/users\/3"}],"replies":[{"embeddable":true,"href":"https:\/\/www.esplac.cat\/es\/wp-json\/wp\/v2\/comments?post=26020"}],"version-history":[{"count":0,"href":"https:\/\/www.esplac.cat\/es\/wp-json\/wp\/v2\/posts\/26020\/revisions"}],"wp:featuredmedia":[{"embeddable":true,"href":"https:\/\/www.esplac.cat\/es\/wp-json\/"}],"wp:attachment":[{"href":"https:\/\/www.esplac.cat\/es\/wp-json\/wp\/v2\/media?parent=26020"}],"wp:term":[{"taxonomy":"category","embeddable":true,"href":"https:\/\/www.esplac.cat\/es\/wp-json\/wp\/v2\/categories?post=26020"},{"taxonomy":"post_tag","embeddable":true,"href":"https:\/\/www.esplac.cat\/es\/wp-json\/wp\/v2\/tags?post=26020"}],"curies":[{"name":"wp","href":"https:\/\/api.w.org\/{rel}","templated":true}]}}