{"id":26022,"date":"2012-11-21T18:27:35","date_gmt":"2012-11-21T16:27:35","guid":{"rendered":"http:\/\/esplac.cat\/?p=2507"},"modified":"2012-11-21T18:27:35","modified_gmt":"2012-11-21T16:27:35","slug":"tallers-rebost-vital-fundacio-terra","status":"publish","type":"post","link":"https:\/\/www.esplac.cat\/es\/tallers-rebost-vital-fundacio-terra\/","title":{"rendered":"Tallers al Rebost Vital de la Fundaci\u00f3 Terra"},"content":{"rendered":"<p>Coneixes l\u2019est\u00e8via? I la mizuna, el shiso o l\u2019agrella? Totes elles s\u00f3n plantes amb un munt de propietats medicinals i aliment\u00e0ries, i que s\u00f3n f\u00e0cils de cultivar i de mesclar en les nostres amanides.\u00a0El <strong>Rebost Vital<\/strong>\u00a0\u00e9s un hivernacle ubicat a un terrat de Barcelona que pret\u00e9n ser un espai demostratiu per al cultiu d\u2019aquestes plantes comestibles i saludables en espais urbans, emprant t\u00e8cniques d&#8217;agricultura ecol\u00f2gica per obtenir un complement alimentari per a les amanides.<\/p>\n<p>Al Rebost s\u2019hi fan tallers gratu\u00efts per aprendre a identificar, cultivar i reproduir aquestes varietats de plantes saludables d\u2019una manera senzilla i ecol\u00f2gica, en terrats i balcons de la ciutat, fomentant una dieta m\u00e9s sana i un estil de vida m\u00e9s sostenible. Cultivar a casa o a l&#8217;esplai aquests varietats ens permet tamb\u00e9 consumir productes de proximitat i de temporada, reduint l\u2019impacte ambiental de la nostra alimentaci\u00f3 di\u00e0ria i fomentant la biodiversitat agroaliment\u00e0ria.<\/p>\n<p>Aquesta instal\u00b7laci\u00f3 \u00e9s un projecte de <a title=\"Fundaci\u00f3 Terra\" href=\"http:\/\/www.ecoterra.org\/\" target=\"_blank\" rel=\"noopener noreferrer\">Fundaci\u00f3 Terra<\/a> i\u00a0disposa d&#8217;un <strong>programa d&#8217;activitats\u00a0pedag\u00f2giques\u00a0gratu\u00eftes<\/strong>\u00a0per a escoles entre setmana, i de tallers oberts al p\u00fablic general els dissabtes. <strong>Es poden fer reserves per a grups d&#8217;esplai dissabtes al mat\u00ed escrivint a\u00a0<a href=\"mailto:rebostvital@terra.org\" target=\"_blank\" rel=\"noopener noreferrer\">rebostvital@terra.org<\/a>.<\/strong><\/p>\n<p align=\"LEFT\"><span style=\"color: #222222;\">Trobareu m\u00e9s informaci\u00f3 a l&#8217;article <a title=\"Tallers al rebost vital\" href=\"http:\/\/www.ecoterra.org\/articulos249cat.html\" target=\"_blank\" rel=\"noopener noreferrer\">Tallers al Rebost Vital<\/a> de la Fundaci\u00f3 Terra.<\/span>informaci\u00f3:<\/p>\n<p align=\"LEFT\">\n<p align=\"LEFT\"><span style=\"color: #222222;\">\u00a0<\/span><\/p>\n","protected":false},"excerpt":{"rendered":"<p>Coneixes l\u2019est\u00e8via? I la mizuna, el shiso o l\u2019agrella? Totes [&hellip;]<\/p>\n","protected":false},"author":3,"featured_media":0,"comment_status":"open","ping_status":"open","sticky":false,"template":"","format":"standard","meta":{"om_disable_all_campaigns":false,"_monsterinsights_skip_tracking":false,"_monsterinsights_sitenote_active":false,"_monsterinsights_sitenote_note":"","_monsterinsights_sitenote_category":0,"_uf_show_specific_survey":0,"_uf_disable_surveys":false,"footnotes":""},"categories":[1114],"tags":[63,64,65],"class_list":["post-26022","post","type-post","status-publish","format-standard","hentry","category-recursos","tag-fundacio-terra","tag-hort-urba","tag-taller"],"yoast_head":"<!-- This site is optimized with the Yoast SEO plugin v27.4 - https:\/\/yoast.com\/product\/yoast-seo-wordpress\/ -->\n<title>Tallers al Rebost Vital de la Fundaci\u00f3 Terra - Esplac<\/title>\n<meta name=\"robots\" content=\"index, follow, max-snippet:-1, max-image-preview:large, max-video-preview:-1\" \/>\n<link rel=\"canonical\" href=\"https:\/\/www.esplac.cat\/es\/tallers-rebost-vital-fundacio-terra\/\" \/>\n<meta property=\"og:locale\" content=\"es_ES\" \/>\n<meta property=\"og:type\" content=\"article\" \/>\n<meta property=\"og:title\" content=\"Tallers al Rebost Vital de la Fundaci\u00f3 Terra - Esplac\" \/>\n<meta property=\"og:description\" content=\"Coneixes l\u2019est\u00e8via? I la mizuna, el shiso o l\u2019agrella? Totes [&hellip;]\" \/>\n<meta property=\"og:url\" content=\"https:\/\/www.esplac.cat\/es\/tallers-rebost-vital-fundacio-terra\/\" \/>\n<meta property=\"og:site_name\" content=\"Esplac\" \/>\n<meta property=\"article:published_time\" content=\"2012-11-21T16:27:35+00:00\" \/>\n<meta property=\"og:image\" content=\"https:\/\/www.esplac.cat\/wp-content\/uploads\/2019\/11\/logo-open.jpg\" \/>\n\t<meta property=\"og:image:width\" content=\"1200\" \/>\n\t<meta property=\"og:image:height\" content=\"630\" \/>\n\t<meta property=\"og:image:type\" content=\"image\/jpeg\" \/>\n<meta name=\"author\" content=\"Comunicaci\u00f3 Esplac\" \/>\n<meta name=\"twitter:card\" content=\"summary_large_image\" \/>\n<meta name=\"twitter:label1\" content=\"Escrito por\" \/>\n\t<meta name=\"twitter:data1\" content=\"Comunicaci\u00f3 Esplac\" \/>\n\t<meta name=\"twitter:label2\" content=\"Tiempo de lectura\" \/>\n\t<meta name=\"twitter:data2\" content=\"1 minuto\" \/>\n<script type=\"application\/ld+json\" class=\"yoast-schema-graph\">{\"@context\":\"https:\\\/\\\/schema.org\",\"@graph\":[{\"@type\":\"Article\",\"@id\":\"https:\\\/\\\/www.esplac.cat\\\/es\\\/tallers-rebost-vital-fundacio-terra\\\/#article\",\"isPartOf\":{\"@id\":\"https:\\\/\\\/www.esplac.cat\\\/es\\\/tallers-rebost-vital-fundacio-terra\\\/\"},\"author\":{\"name\":\"Comunicaci\u00f3 Esplac\",\"@id\":\"https:\\\/\\\/www.esplac.cat\\\/#\\\/schema\\\/person\\\/908383cf240be18b68f8855d0583faca\"},\"headline\":\"Tallers al Rebost Vital de la Fundaci\u00f3 Terra\",\"datePublished\":\"2012-11-21T16:27:35+00:00\",\"mainEntityOfPage\":{\"@id\":\"https:\\\/\\\/www.esplac.cat\\\/es\\\/tallers-rebost-vital-fundacio-terra\\\/\"},\"wordCount\":247,\"commentCount\":0,\"publisher\":{\"@id\":\"https:\\\/\\\/www.esplac.cat\\\/#organization\"},\"keywords\":[\"Fundaci\u00f3 Terra\",\"hort urb\u00e0\",\"taller\"],\"articleSection\":[\"Recursos\"],\"inLanguage\":\"es\",\"potentialAction\":[{\"@type\":\"CommentAction\",\"name\":\"Comment\",\"target\":[\"https:\\\/\\\/www.esplac.cat\\\/es\\\/tallers-rebost-vital-fundacio-terra\\\/#respond\"]}]},{\"@type\":\"WebPage\",\"@id\":\"https:\\\/\\\/www.esplac.cat\\\/es\\\/tallers-rebost-vital-fundacio-terra\\\/\",\"url\":\"https:\\\/\\\/www.esplac.cat\\\/es\\\/tallers-rebost-vital-fundacio-terra\\\/\",\"name\":\"Tallers al Rebost Vital de la Fundaci\u00f3 Terra - Esplac\",\"isPartOf\":{\"@id\":\"https:\\\/\\\/www.esplac.cat\\\/#website\"},\"datePublished\":\"2012-11-21T16:27:35+00:00\",\"breadcrumb\":{\"@id\":\"https:\\\/\\\/www.esplac.cat\\\/es\\\/tallers-rebost-vital-fundacio-terra\\\/#breadcrumb\"},\"inLanguage\":\"es\",\"potentialAction\":[{\"@type\":\"ReadAction\",\"target\":[\"https:\\\/\\\/www.esplac.cat\\\/es\\\/tallers-rebost-vital-fundacio-terra\\\/\"]}]},{\"@type\":\"BreadcrumbList\",\"@id\":\"https:\\\/\\\/www.esplac.cat\\\/es\\\/tallers-rebost-vital-fundacio-terra\\\/#breadcrumb\",\"itemListElement\":[{\"@type\":\"ListItem\",\"position\":1,\"name\":\"Inici\",\"item\":\"https:\\\/\\\/www.esplac.cat\\\/es\\\/\"},{\"@type\":\"ListItem\",\"position\":2,\"name\":\"Tallers al Rebost Vital de la Fundaci\u00f3 Terra\"}]},{\"@type\":\"WebSite\",\"@id\":\"https:\\\/\\\/www.esplac.cat\\\/#website\",\"url\":\"https:\\\/\\\/www.esplac.cat\\\/\",\"name\":\"Esplac\",\"description\":\"Esplais Catalans\",\"publisher\":{\"@id\":\"https:\\\/\\\/www.esplac.cat\\\/#organization\"},\"potentialAction\":[{\"@type\":\"SearchAction\",\"target\":{\"@type\":\"EntryPoint\",\"urlTemplate\":\"https:\\\/\\\/www.esplac.cat\\\/?s={search_term_string}\"},\"query-input\":{\"@type\":\"PropertyValueSpecification\",\"valueRequired\":true,\"valueName\":\"search_term_string\"}}],\"inLanguage\":\"es\"},{\"@type\":\"Organization\",\"@id\":\"https:\\\/\\\/www.esplac.cat\\\/#organization\",\"name\":\"Esplac\",\"url\":\"https:\\\/\\\/www.esplac.cat\\\/\",\"logo\":{\"@type\":\"ImageObject\",\"inLanguage\":\"es\",\"@id\":\"https:\\\/\\\/www.esplac.cat\\\/#\\\/schema\\\/logo\\\/image\\\/\",\"url\":\"https:\\\/\\\/www.esplac.cat\\\/wp-content\\\/uploads\\\/2019\\\/08\\\/logox2.png\",\"contentUrl\":\"https:\\\/\\\/www.esplac.cat\\\/wp-content\\\/uploads\\\/2019\\\/08\\\/logox2.png\",\"width\":600,\"height\":295,\"caption\":\"Esplac\"},\"image\":{\"@id\":\"https:\\\/\\\/www.esplac.cat\\\/#\\\/schema\\\/logo\\\/image\\\/\"}},{\"@type\":\"Person\",\"@id\":\"https:\\\/\\\/www.esplac.cat\\\/#\\\/schema\\\/person\\\/908383cf240be18b68f8855d0583faca\",\"name\":\"Comunicaci\u00f3 Esplac\",\"image\":{\"@type\":\"ImageObject\",\"inLanguage\":\"es\",\"@id\":\"https:\\\/\\\/secure.gravatar.com\\\/avatar\\\/7a4cf8feb412a76ea4a740ca02d95b06b2907b5a6c648c2dd0a1082a093c3141?s=96&d=mm&r=g\",\"url\":\"https:\\\/\\\/secure.gravatar.com\\\/avatar\\\/7a4cf8feb412a76ea4a740ca02d95b06b2907b5a6c648c2dd0a1082a093c3141?s=96&d=mm&r=g\",\"contentUrl\":\"https:\\\/\\\/secure.gravatar.com\\\/avatar\\\/7a4cf8feb412a76ea4a740ca02d95b06b2907b5a6c648c2dd0a1082a093c3141?s=96&d=mm&r=g\",\"caption\":\"Comunicaci\u00f3 Esplac\"}}]}<\/script>\n<!-- \/ Yoast SEO plugin. -->","yoast_head_json":{"title":"Tallers al Rebost Vital de la Fundaci\u00f3 Terra - Esplac","robots":{"index":"index","follow":"follow","max-snippet":"max-snippet:-1","max-image-preview":"max-image-preview:large","max-video-preview":"max-video-preview:-1"},"canonical":"https:\/\/www.esplac.cat\/es\/tallers-rebost-vital-fundacio-terra\/","og_locale":"es_ES","og_type":"article","og_title":"Tallers al Rebost Vital de la Fundaci\u00f3 Terra - Esplac","og_description":"Coneixes l\u2019est\u00e8via? I la mizuna, el shiso o l\u2019agrella? Totes [&hellip;]","og_url":"https:\/\/www.esplac.cat\/es\/tallers-rebost-vital-fundacio-terra\/","og_site_name":"Esplac","article_published_time":"2012-11-21T16:27:35+00:00","og_image":[{"width":1200,"height":630,"url":"https:\/\/www.esplac.cat\/wp-content\/uploads\/2019\/11\/logo-open.jpg","type":"image\/jpeg"}],"author":"Comunicaci\u00f3 Esplac","twitter_card":"summary_large_image","twitter_misc":{"Escrito por":"Comunicaci\u00f3 Esplac","Tiempo de lectura":"1 minuto"},"schema":{"@context":"https:\/\/schema.org","@graph":[{"@type":"Article","@id":"https:\/\/www.esplac.cat\/es\/tallers-rebost-vital-fundacio-terra\/#article","isPartOf":{"@id":"https:\/\/www.esplac.cat\/es\/tallers-rebost-vital-fundacio-terra\/"},"author":{"name":"Comunicaci\u00f3 Esplac","@id":"https:\/\/www.esplac.cat\/#\/schema\/person\/908383cf240be18b68f8855d0583faca"},"headline":"Tallers al Rebost Vital de la Fundaci\u00f3 Terra","datePublished":"2012-11-21T16:27:35+00:00","mainEntityOfPage":{"@id":"https:\/\/www.esplac.cat\/es\/tallers-rebost-vital-fundacio-terra\/"},"wordCount":247,"commentCount":0,"publisher":{"@id":"https:\/\/www.esplac.cat\/#organization"},"keywords":["Fundaci\u00f3 Terra","hort urb\u00e0","taller"],"articleSection":["Recursos"],"inLanguage":"es","potentialAction":[{"@type":"CommentAction","name":"Comment","target":["https:\/\/www.esplac.cat\/es\/tallers-rebost-vital-fundacio-terra\/#respond"]}]},{"@type":"WebPage","@id":"https:\/\/www.esplac.cat\/es\/tallers-rebost-vital-fundacio-terra\/","url":"https:\/\/www.esplac.cat\/es\/tallers-rebost-vital-fundacio-terra\/","name":"Tallers al Rebost Vital de la Fundaci\u00f3 Terra - Esplac","isPartOf":{"@id":"https:\/\/www.esplac.cat\/#website"},"datePublished":"2012-11-21T16:27:35+00:00","breadcrumb":{"@id":"https:\/\/www.esplac.cat\/es\/tallers-rebost-vital-fundacio-terra\/#breadcrumb"},"inLanguage":"es","potentialAction":[{"@type":"ReadAction","target":["https:\/\/www.esplac.cat\/es\/tallers-rebost-vital-fundacio-terra\/"]}]},{"@type":"BreadcrumbList","@id":"https:\/\/www.esplac.cat\/es\/tallers-rebost-vital-fundacio-terra\/#breadcrumb","itemListElement":[{"@type":"ListItem","position":1,"name":"Inici","item":"https:\/\/www.esplac.cat\/es\/"},{"@type":"ListItem","position":2,"name":"Tallers al Rebost Vital de la Fundaci\u00f3 Terra"}]},{"@type":"WebSite","@id":"https:\/\/www.esplac.cat\/#website","url":"https:\/\/www.esplac.cat\/","name":"Esplac","description":"Esplais Catalans","publisher":{"@id":"https:\/\/www.esplac.cat\/#organization"},"potentialAction":[{"@type":"SearchAction","target":{"@type":"EntryPoint","urlTemplate":"https:\/\/www.esplac.cat\/?s={search_term_string}"},"query-input":{"@type":"PropertyValueSpecification","valueRequired":true,"valueName":"search_term_string"}}],"inLanguage":"es"},{"@type":"Organization","@id":"https:\/\/www.esplac.cat\/#organization","name":"Esplac","url":"https:\/\/www.esplac.cat\/","logo":{"@type":"ImageObject","inLanguage":"es","@id":"https:\/\/www.esplac.cat\/#\/schema\/logo\/image\/","url":"https:\/\/www.esplac.cat\/wp-content\/uploads\/2019\/08\/logox2.png","contentUrl":"https:\/\/www.esplac.cat\/wp-content\/uploads\/2019\/08\/logox2.png","width":600,"height":295,"caption":"Esplac"},"image":{"@id":"https:\/\/www.esplac.cat\/#\/schema\/logo\/image\/"}},{"@type":"Person","@id":"https:\/\/www.esplac.cat\/#\/schema\/person\/908383cf240be18b68f8855d0583faca","name":"Comunicaci\u00f3 Esplac","image":{"@type":"ImageObject","inLanguage":"es","@id":"https:\/\/secure.gravatar.com\/avatar\/7a4cf8feb412a76ea4a740ca02d95b06b2907b5a6c648c2dd0a1082a093c3141?s=96&d=mm&r=g","url":"https:\/\/secure.gravatar.com\/avatar\/7a4cf8feb412a76ea4a740ca02d95b06b2907b5a6c648c2dd0a1082a093c3141?s=96&d=mm&r=g","contentUrl":"https:\/\/secure.gravatar.com\/avatar\/7a4cf8feb412a76ea4a740ca02d95b06b2907b5a6c648c2dd0a1082a093c3141?s=96&d=mm&r=g","caption":"Comunicaci\u00f3 Esplac"}}]}},"_links":{"self":[{"href":"https:\/\/www.esplac.cat\/es\/wp-json\/wp\/v2\/posts\/26022","targetHints":{"allow":["GET"]}}],"collection":[{"href":"https:\/\/www.esplac.cat\/es\/wp-json\/wp\/v2\/posts"}],"about":[{"href":"https:\/\/www.esplac.cat\/es\/wp-json\/wp\/v2\/types\/post"}],"author":[{"embeddable":true,"href":"https:\/\/www.esplac.cat\/es\/wp-json\/wp\/v2\/users\/3"}],"replies":[{"embeddable":true,"href":"https:\/\/www.esplac.cat\/es\/wp-json\/wp\/v2\/comments?post=26022"}],"version-history":[{"count":0,"href":"https:\/\/www.esplac.cat\/es\/wp-json\/wp\/v2\/posts\/26022\/revisions"}],"wp:attachment":[{"href":"https:\/\/www.esplac.cat\/es\/wp-json\/wp\/v2\/media?parent=26022"}],"wp:term":[{"taxonomy":"category","embeddable":true,"href":"https:\/\/www.esplac.cat\/es\/wp-json\/wp\/v2\/categories?post=26022"},{"taxonomy":"post_tag","embeddable":true,"href":"https:\/\/www.esplac.cat\/es\/wp-json\/wp\/v2\/tags?post=26022"}],"curies":[{"name":"wp","href":"https:\/\/api.w.org\/{rel}","templated":true}]}}