{"id":26024,"date":"2012-11-13T11:49:30","date_gmt":"2012-11-13T09:49:30","guid":{"rendered":"http:\/\/esplac.cat\/?p=2479"},"modified":"2012-11-13T11:49:30","modified_gmt":"2012-11-13T09:49:30","slug":"obertes-places-participar-international-winterschool-alemanya","status":"publish","type":"post","link":"https:\/\/www.esplac.cat\/es\/obertes-places-participar-international-winterschool-alemanya\/","title":{"rendered":"Obertes les places per participar a International Winterschool"},"content":{"rendered":"<p lang=\"ca-ES\" align=\"JUSTIFY\">El <strong>Centre Educatiu Kurt L\u00f6wenstein dels SJD Die Falken<\/strong> (<a href=\"http:\/\/www.ifm-sei.org\/\">IFM-SEI<\/a>), de la localitat de Werftpfuhl (30km de Berlin), organitza un any m\u00e9s la \u201c<strong>International Winterschool<\/strong>\u201d. Enguany es treballar\u00e0 la <strong>intersectorialitat<\/strong><a href=\"#sdfootnote1sym\"><sup>1<\/sup><\/a> <strong>de classe, g\u00e8nere i ra\u00e7a<\/strong>, <strong>i com les desigualtats s&#8217;articulen en el capitalisme<\/strong>. S&#8217;analitzar\u00e0 la nostra societat, observant com es construeixen diferents formes de discriminaci\u00f3 i d&#8217;exclusi\u00f3 social, i com aquestes s&#8217;interelacionen. Tamb\u00e9 es treballaran estrat\u00e8gies per superar situacions de desigualtat i qu\u00e8 podem fer com a associacions per transformar-les.<\/p>\n<p lang=\"ca-ES\" align=\"JUSTIFY\">El seminari comen\u00e7ar\u00e0 el dia 27 de desembre (tarda), i acabar\u00e0 el 3 de gener (migdia) i s&#8217;adre\u00e7a a monitors\/es i dirigents de 18 a 26 anys. Tamb\u00e9 hi participaran joves d&#8217;altres federacions internacionals (<a href=\"http:\/\/www.iusy.org\/\">IUSY<\/a> i <a href=\"http:\/\/www.youngsocialists.eu\/\">ECOSY<\/a>). Al seminari hi participaran 140 persones de 25 associacions, i es treballar\u00e0 mitjan\u00e7ant tallers, grups de treball creatius, f\u00f2rums pol\u00edtics, entre altres. Tamb\u00e9 es promour\u00e0 que ens els moments informals els participants organitzin activitats. El seminari inclou una visita d&#8217;un dia a Berl\u00edn i una festa al Centre Educatiu per celebrar el Cap d&#8217;Any. La llengua de treball ser\u00e0 l&#8217;angl\u00e8s, per la qual cosa \u00e9s important saber-se comunicar mitjan\u00e7ant aquest idioma.<\/p>\n<p align=\"JUSTIFY\">Esplac podem enviar un m\u00e0xim de 10 persones, per\u00f2 podem cobrir el 70% del transport de nom\u00e9s 5 (si s&#8217;omplissin 10 places, cobrir\u00edem el 35% de cada participant), sempre i quan la despesa total dels mitjans de transport emprats no sobrepassi els 250\u20ac\/persona de despesa. La quota de participaci\u00f3 \u00e9s de 75\u20ac\/persona (estem mirant de negociar-la a la baixa). El termini d&#8217;inscripci\u00f3 \u00e9s el 4 de desembre, data l\u00edmit per enviar les vostres <a href=\"http:\/\/esplac.cat\/wp-content\/uploads\/2012\/11\/FitxaInscripcio_Winterschool.odt\">Fitxa d&#8217;inscripci\u00f3<\/a><span style=\"line-height: 10px;\">.<\/span><\/p>\n<div>\n<p lang=\"ca-ES\"><a href=\"#sdfootnote1anc\">1<\/a>La intersectorialitat estudia com elements com el g\u00e8nere, la religi\u00f3 o la inclinaci\u00f3 sexual (entre altres) poden condiconar el fet de pert\u00e0nyer a una classe social concreta<\/p>\n<\/div>\n<div>\n<p>&nbsp;<\/p>\n<\/div>\n","protected":false},"excerpt":{"rendered":"<p>El Centre Educatiu Kurt L\u00f6wenstein dels SJD Die Falken (IFM-SEI), [&hellip;]<\/p>\n","protected":false},"author":3,"featured_media":25628,"comment_status":"open","ping_status":"open","sticky":false,"template":"","format":"standard","meta":{"om_disable_all_campaigns":false,"_monsterinsights_skip_tracking":false,"_monsterinsights_sitenote_active":false,"_monsterinsights_sitenote_note":"","_monsterinsights_sitenote_category":0,"_uf_show_specific_survey":0,"_uf_disable_surveys":false,"footnotes":""},"categories":[1131,1112],"tags":[58,59,60,61],"class_list":["post-26024","post","type-post","status-publish","format-standard","has-post-thumbnail","hentry","category-cursos-formacions","category-esplac-al-mon","tag-genere","tag-ifm-sei","tag-inclusio-social","tag-intersectorialitat"],"yoast_head":"<!-- This site is optimized with the Yoast SEO plugin v27.5 - https:\/\/yoast.com\/product\/yoast-seo-wordpress\/ -->\n<title>Obertes les places per participar a International Winterschool - Esplac<\/title>\n<meta name=\"robots\" content=\"index, follow, max-snippet:-1, max-image-preview:large, max-video-preview:-1\" \/>\n<link rel=\"canonical\" href=\"https:\/\/www.esplac.cat\/obertes-places-participar-international-winterschool-alemanya\/\" \/>\n<meta property=\"og:locale\" content=\"es_ES\" \/>\n<meta property=\"og:type\" content=\"article\" \/>\n<meta property=\"og:title\" content=\"Obertes les places per participar a International Winterschool - Esplac\" \/>\n<meta property=\"og:description\" content=\"El Centre Educatiu Kurt L\u00f6wenstein dels SJD Die Falken (IFM-SEI), [&hellip;]\" \/>\n<meta property=\"og:url\" content=\"https:\/\/www.esplac.cat\/obertes-places-participar-international-winterschool-alemanya\/\" \/>\n<meta property=\"og:site_name\" content=\"Esplac\" \/>\n<meta property=\"article:published_time\" content=\"2012-11-13T09:49:30+00:00\" \/>\n<meta property=\"og:image\" content=\"https:\/\/www.esplac.cat\/wp-content\/uploads\/2013\/02\/DSC08098.jpg\" \/>\n\t<meta property=\"og:image:width\" content=\"3872\" \/>\n\t<meta property=\"og:image:height\" content=\"2176\" \/>\n\t<meta property=\"og:image:type\" content=\"image\/jpeg\" \/>\n<meta name=\"author\" content=\"Comunicaci\u00f3 Esplac\" \/>\n<meta name=\"twitter:card\" content=\"summary_large_image\" \/>\n<meta name=\"twitter:label1\" content=\"Escrito por\" \/>\n\t<meta name=\"twitter:data1\" content=\"Comunicaci\u00f3 Esplac\" \/>\n\t<meta name=\"twitter:label2\" content=\"Tiempo de lectura\" \/>\n\t<meta name=\"twitter:data2\" content=\"1 minuto\" \/>\n<script type=\"application\/ld+json\" class=\"yoast-schema-graph\">{\"@context\":\"https:\\\/\\\/schema.org\",\"@graph\":[{\"@type\":\"Article\",\"@id\":\"https:\\\/\\\/www.esplac.cat\\\/obertes-places-participar-international-winterschool-alemanya\\\/#article\",\"isPartOf\":{\"@id\":\"https:\\\/\\\/www.esplac.cat\\\/obertes-places-participar-international-winterschool-alemanya\\\/\"},\"author\":{\"name\":\"Comunicaci\u00f3 Esplac\",\"@id\":\"https:\\\/\\\/www.esplac.cat\\\/#\\\/schema\\\/person\\\/908383cf240be18b68f8855d0583faca\"},\"headline\":\"Obertes les places per participar a International Winterschool\",\"datePublished\":\"2012-11-13T09:49:30+00:00\",\"mainEntityOfPage\":{\"@id\":\"https:\\\/\\\/www.esplac.cat\\\/obertes-places-participar-international-winterschool-alemanya\\\/\"},\"wordCount\":319,\"commentCount\":0,\"publisher\":{\"@id\":\"https:\\\/\\\/www.esplac.cat\\\/#organization\"},\"image\":{\"@id\":\"https:\\\/\\\/www.esplac.cat\\\/obertes-places-participar-international-winterschool-alemanya\\\/#primaryimage\"},\"thumbnailUrl\":\"https:\\\/\\\/www.esplac.cat\\\/wp-content\\\/uploads\\\/2013\\\/02\\\/DSC08098.jpg\",\"keywords\":[\"g\u00e8nere\",\"IFM-SEI\",\"inclusi\u00f3 social\",\"intersectorialitat\"],\"articleSection\":[\"Cursos i formacions\",\"Esplac al m\u00f3n\"],\"inLanguage\":\"es\",\"potentialAction\":[{\"@type\":\"CommentAction\",\"name\":\"Comment\",\"target\":[\"https:\\\/\\\/www.esplac.cat\\\/obertes-places-participar-international-winterschool-alemanya\\\/#respond\"]}]},{\"@type\":\"WebPage\",\"@id\":\"https:\\\/\\\/www.esplac.cat\\\/obertes-places-participar-international-winterschool-alemanya\\\/\",\"url\":\"https:\\\/\\\/www.esplac.cat\\\/obertes-places-participar-international-winterschool-alemanya\\\/\",\"name\":\"Obertes les places per participar a International Winterschool - Esplac\",\"isPartOf\":{\"@id\":\"https:\\\/\\\/www.esplac.cat\\\/#website\"},\"primaryImageOfPage\":{\"@id\":\"https:\\\/\\\/www.esplac.cat\\\/obertes-places-participar-international-winterschool-alemanya\\\/#primaryimage\"},\"image\":{\"@id\":\"https:\\\/\\\/www.esplac.cat\\\/obertes-places-participar-international-winterschool-alemanya\\\/#primaryimage\"},\"thumbnailUrl\":\"https:\\\/\\\/www.esplac.cat\\\/wp-content\\\/uploads\\\/2013\\\/02\\\/DSC08098.jpg\",\"datePublished\":\"2012-11-13T09:49:30+00:00\",\"breadcrumb\":{\"@id\":\"https:\\\/\\\/www.esplac.cat\\\/obertes-places-participar-international-winterschool-alemanya\\\/#breadcrumb\"},\"inLanguage\":\"es\",\"potentialAction\":[{\"@type\":\"ReadAction\",\"target\":[\"https:\\\/\\\/www.esplac.cat\\\/obertes-places-participar-international-winterschool-alemanya\\\/\"]}]},{\"@type\":\"ImageObject\",\"inLanguage\":\"es\",\"@id\":\"https:\\\/\\\/www.esplac.cat\\\/obertes-places-participar-international-winterschool-alemanya\\\/#primaryimage\",\"url\":\"https:\\\/\\\/www.esplac.cat\\\/wp-content\\\/uploads\\\/2013\\\/02\\\/DSC08098.jpg\",\"contentUrl\":\"https:\\\/\\\/www.esplac.cat\\\/wp-content\\\/uploads\\\/2013\\\/02\\\/DSC08098.jpg\",\"width\":3872,\"height\":2176},{\"@type\":\"BreadcrumbList\",\"@id\":\"https:\\\/\\\/www.esplac.cat\\\/obertes-places-participar-international-winterschool-alemanya\\\/#breadcrumb\",\"itemListElement\":[{\"@type\":\"ListItem\",\"position\":1,\"name\":\"Inici\",\"item\":\"https:\\\/\\\/www.esplac.cat\\\/es\\\/\"},{\"@type\":\"ListItem\",\"position\":2,\"name\":\"Obertes les places per participar a International Winterschool\"}]},{\"@type\":\"WebSite\",\"@id\":\"https:\\\/\\\/www.esplac.cat\\\/#website\",\"url\":\"https:\\\/\\\/www.esplac.cat\\\/\",\"name\":\"Esplac\",\"description\":\"Esplais Catalans\",\"publisher\":{\"@id\":\"https:\\\/\\\/www.esplac.cat\\\/#organization\"},\"potentialAction\":[{\"@type\":\"SearchAction\",\"target\":{\"@type\":\"EntryPoint\",\"urlTemplate\":\"https:\\\/\\\/www.esplac.cat\\\/?s={search_term_string}\"},\"query-input\":{\"@type\":\"PropertyValueSpecification\",\"valueRequired\":true,\"valueName\":\"search_term_string\"}}],\"inLanguage\":\"es\"},{\"@type\":\"Organization\",\"@id\":\"https:\\\/\\\/www.esplac.cat\\\/#organization\",\"name\":\"Esplac\",\"url\":\"https:\\\/\\\/www.esplac.cat\\\/\",\"logo\":{\"@type\":\"ImageObject\",\"inLanguage\":\"es\",\"@id\":\"https:\\\/\\\/www.esplac.cat\\\/#\\\/schema\\\/logo\\\/image\\\/\",\"url\":\"https:\\\/\\\/www.esplac.cat\\\/wp-content\\\/uploads\\\/2019\\\/08\\\/logox2.png\",\"contentUrl\":\"https:\\\/\\\/www.esplac.cat\\\/wp-content\\\/uploads\\\/2019\\\/08\\\/logox2.png\",\"width\":600,\"height\":295,\"caption\":\"Esplac\"},\"image\":{\"@id\":\"https:\\\/\\\/www.esplac.cat\\\/#\\\/schema\\\/logo\\\/image\\\/\"}},{\"@type\":\"Person\",\"@id\":\"https:\\\/\\\/www.esplac.cat\\\/#\\\/schema\\\/person\\\/908383cf240be18b68f8855d0583faca\",\"name\":\"Comunicaci\u00f3 Esplac\",\"image\":{\"@type\":\"ImageObject\",\"inLanguage\":\"es\",\"@id\":\"https:\\\/\\\/secure.gravatar.com\\\/avatar\\\/7a4cf8feb412a76ea4a740ca02d95b06b2907b5a6c648c2dd0a1082a093c3141?s=96&d=mm&r=g\",\"url\":\"https:\\\/\\\/secure.gravatar.com\\\/avatar\\\/7a4cf8feb412a76ea4a740ca02d95b06b2907b5a6c648c2dd0a1082a093c3141?s=96&d=mm&r=g\",\"contentUrl\":\"https:\\\/\\\/secure.gravatar.com\\\/avatar\\\/7a4cf8feb412a76ea4a740ca02d95b06b2907b5a6c648c2dd0a1082a093c3141?s=96&d=mm&r=g\",\"caption\":\"Comunicaci\u00f3 Esplac\"}}]}<\/script>\n<!-- \/ Yoast SEO plugin. -->","yoast_head_json":{"title":"Obertes les places per participar a International Winterschool - Esplac","robots":{"index":"index","follow":"follow","max-snippet":"max-snippet:-1","max-image-preview":"max-image-preview:large","max-video-preview":"max-video-preview:-1"},"canonical":"https:\/\/www.esplac.cat\/obertes-places-participar-international-winterschool-alemanya\/","og_locale":"es_ES","og_type":"article","og_title":"Obertes les places per participar a International Winterschool - Esplac","og_description":"El Centre Educatiu Kurt L\u00f6wenstein dels SJD Die Falken (IFM-SEI), [&hellip;]","og_url":"https:\/\/www.esplac.cat\/obertes-places-participar-international-winterschool-alemanya\/","og_site_name":"Esplac","article_published_time":"2012-11-13T09:49:30+00:00","og_image":[{"width":3872,"height":2176,"url":"https:\/\/www.esplac.cat\/wp-content\/uploads\/2013\/02\/DSC08098.jpg","type":"image\/jpeg"}],"author":"Comunicaci\u00f3 Esplac","twitter_card":"summary_large_image","twitter_misc":{"Escrito por":"Comunicaci\u00f3 Esplac","Tiempo de lectura":"1 minuto"},"schema":{"@context":"https:\/\/schema.org","@graph":[{"@type":"Article","@id":"https:\/\/www.esplac.cat\/obertes-places-participar-international-winterschool-alemanya\/#article","isPartOf":{"@id":"https:\/\/www.esplac.cat\/obertes-places-participar-international-winterschool-alemanya\/"},"author":{"name":"Comunicaci\u00f3 Esplac","@id":"https:\/\/www.esplac.cat\/#\/schema\/person\/908383cf240be18b68f8855d0583faca"},"headline":"Obertes les places per participar a International Winterschool","datePublished":"2012-11-13T09:49:30+00:00","mainEntityOfPage":{"@id":"https:\/\/www.esplac.cat\/obertes-places-participar-international-winterschool-alemanya\/"},"wordCount":319,"commentCount":0,"publisher":{"@id":"https:\/\/www.esplac.cat\/#organization"},"image":{"@id":"https:\/\/www.esplac.cat\/obertes-places-participar-international-winterschool-alemanya\/#primaryimage"},"thumbnailUrl":"https:\/\/www.esplac.cat\/wp-content\/uploads\/2013\/02\/DSC08098.jpg","keywords":["g\u00e8nere","IFM-SEI","inclusi\u00f3 social","intersectorialitat"],"articleSection":["Cursos i formacions","Esplac al m\u00f3n"],"inLanguage":"es","potentialAction":[{"@type":"CommentAction","name":"Comment","target":["https:\/\/www.esplac.cat\/obertes-places-participar-international-winterschool-alemanya\/#respond"]}]},{"@type":"WebPage","@id":"https:\/\/www.esplac.cat\/obertes-places-participar-international-winterschool-alemanya\/","url":"https:\/\/www.esplac.cat\/obertes-places-participar-international-winterschool-alemanya\/","name":"Obertes les places per participar a International Winterschool - Esplac","isPartOf":{"@id":"https:\/\/www.esplac.cat\/#website"},"primaryImageOfPage":{"@id":"https:\/\/www.esplac.cat\/obertes-places-participar-international-winterschool-alemanya\/#primaryimage"},"image":{"@id":"https:\/\/www.esplac.cat\/obertes-places-participar-international-winterschool-alemanya\/#primaryimage"},"thumbnailUrl":"https:\/\/www.esplac.cat\/wp-content\/uploads\/2013\/02\/DSC08098.jpg","datePublished":"2012-11-13T09:49:30+00:00","breadcrumb":{"@id":"https:\/\/www.esplac.cat\/obertes-places-participar-international-winterschool-alemanya\/#breadcrumb"},"inLanguage":"es","potentialAction":[{"@type":"ReadAction","target":["https:\/\/www.esplac.cat\/obertes-places-participar-international-winterschool-alemanya\/"]}]},{"@type":"ImageObject","inLanguage":"es","@id":"https:\/\/www.esplac.cat\/obertes-places-participar-international-winterschool-alemanya\/#primaryimage","url":"https:\/\/www.esplac.cat\/wp-content\/uploads\/2013\/02\/DSC08098.jpg","contentUrl":"https:\/\/www.esplac.cat\/wp-content\/uploads\/2013\/02\/DSC08098.jpg","width":3872,"height":2176},{"@type":"BreadcrumbList","@id":"https:\/\/www.esplac.cat\/obertes-places-participar-international-winterschool-alemanya\/#breadcrumb","itemListElement":[{"@type":"ListItem","position":1,"name":"Inici","item":"https:\/\/www.esplac.cat\/es\/"},{"@type":"ListItem","position":2,"name":"Obertes les places per participar a International Winterschool"}]},{"@type":"WebSite","@id":"https:\/\/www.esplac.cat\/#website","url":"https:\/\/www.esplac.cat\/","name":"Esplac","description":"Esplais Catalans","publisher":{"@id":"https:\/\/www.esplac.cat\/#organization"},"potentialAction":[{"@type":"SearchAction","target":{"@type":"EntryPoint","urlTemplate":"https:\/\/www.esplac.cat\/?s={search_term_string}"},"query-input":{"@type":"PropertyValueSpecification","valueRequired":true,"valueName":"search_term_string"}}],"inLanguage":"es"},{"@type":"Organization","@id":"https:\/\/www.esplac.cat\/#organization","name":"Esplac","url":"https:\/\/www.esplac.cat\/","logo":{"@type":"ImageObject","inLanguage":"es","@id":"https:\/\/www.esplac.cat\/#\/schema\/logo\/image\/","url":"https:\/\/www.esplac.cat\/wp-content\/uploads\/2019\/08\/logox2.png","contentUrl":"https:\/\/www.esplac.cat\/wp-content\/uploads\/2019\/08\/logox2.png","width":600,"height":295,"caption":"Esplac"},"image":{"@id":"https:\/\/www.esplac.cat\/#\/schema\/logo\/image\/"}},{"@type":"Person","@id":"https:\/\/www.esplac.cat\/#\/schema\/person\/908383cf240be18b68f8855d0583faca","name":"Comunicaci\u00f3 Esplac","image":{"@type":"ImageObject","inLanguage":"es","@id":"https:\/\/secure.gravatar.com\/avatar\/7a4cf8feb412a76ea4a740ca02d95b06b2907b5a6c648c2dd0a1082a093c3141?s=96&d=mm&r=g","url":"https:\/\/secure.gravatar.com\/avatar\/7a4cf8feb412a76ea4a740ca02d95b06b2907b5a6c648c2dd0a1082a093c3141?s=96&d=mm&r=g","contentUrl":"https:\/\/secure.gravatar.com\/avatar\/7a4cf8feb412a76ea4a740ca02d95b06b2907b5a6c648c2dd0a1082a093c3141?s=96&d=mm&r=g","caption":"Comunicaci\u00f3 Esplac"}}]}},"_links":{"self":[{"href":"https:\/\/www.esplac.cat\/es\/wp-json\/wp\/v2\/posts\/26024","targetHints":{"allow":["GET"]}}],"collection":[{"href":"https:\/\/www.esplac.cat\/es\/wp-json\/wp\/v2\/posts"}],"about":[{"href":"https:\/\/www.esplac.cat\/es\/wp-json\/wp\/v2\/types\/post"}],"author":[{"embeddable":true,"href":"https:\/\/www.esplac.cat\/es\/wp-json\/wp\/v2\/users\/3"}],"replies":[{"embeddable":true,"href":"https:\/\/www.esplac.cat\/es\/wp-json\/wp\/v2\/comments?post=26024"}],"version-history":[{"count":0,"href":"https:\/\/www.esplac.cat\/es\/wp-json\/wp\/v2\/posts\/26024\/revisions"}],"wp:featuredmedia":[{"embeddable":true,"href":"https:\/\/www.esplac.cat\/es\/wp-json\/wp\/v2\/media\/25628"}],"wp:attachment":[{"href":"https:\/\/www.esplac.cat\/es\/wp-json\/wp\/v2\/media?parent=26024"}],"wp:term":[{"taxonomy":"category","embeddable":true,"href":"https:\/\/www.esplac.cat\/es\/wp-json\/wp\/v2\/categories?post=26024"},{"taxonomy":"post_tag","embeddable":true,"href":"https:\/\/www.esplac.cat\/es\/wp-json\/wp\/v2\/tags?post=26024"}],"curies":[{"name":"wp","href":"https:\/\/api.w.org\/{rel}","templated":true}]}}