{"id":26051,"date":"2019-10-12T09:30:42","date_gmt":"2019-10-12T07:30:42","guid":{"rendered":"http:\/\/esplac.cat\/?p=22729"},"modified":"2020-10-15T17:23:14","modified_gmt":"2020-10-15T16:23:14","slug":"obrim-placa-tecnica-comunicacio","status":"publish","type":"post","link":"https:\/\/www.esplac.cat\/es\/obrim-placa-tecnica-comunicacio\/","title":{"rendered":"Obrim una pla\u00e7a de t\u00e8cnic\/a de comunicaci\u00f3"},"content":{"rendered":"<h4 style=\"text-align: justify;\">A Esplais Catalans busquem t\u00e8cnic\/a de suport a la comunicaci\u00f3 i el termini per presentar candidatura finalitza el dia <strong>20 d&#8217;octubre de 2019.<\/strong><\/h4>\n<p style=\"text-align: justify;\">Hem obert un termini per a la presentaci\u00f3 de curr\u00edculums amb l\u2019objectiu de cobrir una <strong>pla\u00e7a de t\u00e8cnic\/a de comunicaci\u00f3<\/strong> d&#8217;Esplais Catalans a trav\u00e9s d\u2019una subvenci\u00f3 del<strong> Servei d\u2019Ocupaci\u00f3 de Catalunya<\/strong> (SOC). Busquem una persona que doni suport a l&#8217;\u00e0rea de comunicaci\u00f3, fent equip amb\u00a0la\u00a0Cap de Comunicaci\u00f3 en les diverses tasques que s&#8217;hi desenvolupen. El termini per presentar candidatura finalitza el dia <strong>20 d\u2019octubre de 2019<\/strong>. Els curr\u00edculums els heu de fer arribar acompanyats d&#8217;un <strong>portafoli <\/strong>amb exemples dels vostres treballs a <strong>esplac@esplac.cat<\/strong> amb la refer\u00e8ncia <strong>Comunicaci\u00f3STSOC<\/strong> a l&#8217;assumpte del mail.<\/p>\n<p style=\"text-align: justify;\"><strong>Funcions:<\/strong><\/p>\n<ul style=\"text-align: justify;\">\n<li>Edicio\u0301 de vi\u0301deos d&#8217;animacio\u0301 digital.<\/li>\n<li>Gravacio\u0301 i edicio\u0301 de vi\u0301deos corporatius.<\/li>\n<li>Actualitzacio\u0301 de continguts als llocs web i les xarxes socials de l&#8217;entitat.<\/li>\n<li>Redaccio\u0301 d&#8217;articles i noti\u0301cies.<\/li>\n<li>Suport en la gestio\u0301 de la identitat corporativa i les publicacions d&#8217;Esplais Catalans.<\/li>\n<li>Suport en la maquetacio\u0301 de publicacions digitals i disseny de cartells.<\/li>\n<li>Coordinacio\u0301 amb la Cap de Comunicacio\u0301 per a les funcions assignades i d&#8217;altres que puguin sorgir.<\/li>\n<\/ul>\n<p style=\"text-align: justify;\"><strong>Es demana:<\/strong><\/p>\n<ul style=\"text-align: justify;\">\n<li>Possessi\u00f3 d\u2019un t\u00edtol universitari o de formaci\u00f3 professional de grau mig o superior o altre t\u00edtol oficialment reconegut com a equivalent, o un certificat de professionalitat, especialment en Comunicaci\u00f3 Audiovisual o Publicitat i Relacions P\u00fabliques.<\/li>\n<li>Coneixements ba\u0300sics i habilitats en edicio\u0301 de vi\u0301deos d&#8217;animacio\u0301 digital: After Effects, Premiere o similar.<\/li>\n<li>Coneixements i habilitats en disseny gra\u0300fic i fotografia.<\/li>\n<li>\u00a0Nivell alt de catala\u0300 i castella\u0300 i bon nivell d&#8217;angle\u0300s.<\/li>\n<li>Compete\u0300ncia escrita: redaccio\u0301 d&#8217;articles, noti\u0301cies i altra documentacio\u0301.<\/li>\n<li>Capacitat d&#8217;organitzacio\u0301, gestio\u0301 del temps, treball en equip, autonomia personal, flexibilitat i adaptabilitat.<\/li>\n<li>Assiste\u0300ncia a reunions o activitats d&#8217;especial intere\u0300s fora de l&#8217;horari laboral, vocacio\u0301 de servei als esplais i compromi\u0301s amb els valors d&#8217;Esplais Catalans.<\/li>\n<\/ul>\n<p style=\"text-align: justify;\"><strong>Que\u0300 demana el SOC:<\/strong><br \/>\nPer poder accedir a aquesta plac\u0327a subvencionada els candidats i candidates han de ser joves entre 16 i 30 anys, beneficiaris del Sistema Nacional de Garantia Juvenil, inscrits com a demandants d\u2019ocupacio\u0301 no ocupats (DONO) a les oficines del Servei Pu\u0301blic d\u2019Ocupacio\u0301 de Catalunya i que puguin acreditar la possessio\u0301 d\u2019un ti\u0301tol universitari o de formacio\u0301 professional de grau mig o superior o ti\u0301tols oficialment reconeguts com a equivalents, o d\u2019un certificat de professionalitat, que els habilitin per a l\u2019exercici professional, aixi\u0301 com complir els requisits que exigeix la modalitat del contracte de treball en pra\u0300ctiques.<\/p>\n<p style=\"text-align: justify;\"><strong>Per poder inscriure&#8217;t a la Garantia Juvenil has de:<\/strong><\/p>\n<ul>\n<li style=\"text-align: justify;\">Tenir nacionalitat espanyola o ser ciutada\u0300 de la Unio\u0301 o dels Estats que formen part de l&#8217;Acord sobre l&#8217;espai Econo\u0300mic Europeu o Sui\u0308ssa que es trobin a Espanya en exercici de la lliure circulacio\u0301 i reside\u0300ncia. Tambe\u0301 podran inscriure-s&#8217;hi els estrangers titulars d&#8217;una autoritzacio\u0301 per a residir en territori espanyol que habiliti per a treballar.<\/li>\n<li style=\"text-align: justify;\">Estar empadronat a qualsevol municipi de Catalunya.<\/li>\n<li style=\"text-align: justify;\">Tenir me\u0301s de 16 anys i menys de 30 anys en el moment de sol\u00b7licitar la inscripcio\u0301 en el Fitxer del Sistema Nacional de Garantia Juvenil.<\/li>\n<li style=\"text-align: justify;\">No haver treballat en el dia natural anterior a la data de presentacio\u0301 de la sol\u00b7licitud.<\/li>\n<li style=\"text-align: justify;\">No haver rebut accions educatives en el dia natural anterior a la data de presentacio\u0301 de la sol\u00b7licitud.<\/li>\n<li>No haver rebut accions formatives en el dia natural anterior a la data de presentacio\u0301 de la sol\u00b7licitud.<\/li>\n<li>Presentar una declaracio\u0301 expressa de tenir intere\u0300s en participar en el Sistema Nacional de Garantia Juvenil, adquirint un compromi\u0301s de participacio\u0301 activa en les actuacions que es desenvolupin en el marc de la Garantia Juvenil. Coneixement i experie\u0300ncia en l&#8217;a\u0300mbit de l&#8217;associacionisme educatiu i els esplais.<\/li>\n<\/ul>\n<p><strong>Es valorara\u0300:<\/strong><\/p>\n<ul>\n<li>Experie\u0300ncia en les funcions descrites.<\/li>\n<li>Coneixement i experie\u0300ncia en l&#8217;a\u0300mbit de l&#8217;associacionisme educatiu i els esplais. Ti\u0301tol de monitor d\u2019entitats de lleure infantil i juvenil.<\/li>\n<li>Coneixements ba\u0300sics en programes d\u2019animacio\u0301.<\/li>\n<li>Coneixement en temes especi\u0301fics relacionats amb el projecte educatiu d&#8217;Esplais Catalans.<\/li>\n<li>Facilitat per cone\u0300ixer noves eines de treball.<\/li>\n<li>Coneixement i experie\u0300ncia en l&#8217;a\u0300mbit de l&#8217;associacionisme educatiu i els esplais.<\/li>\n<\/ul>\n<p><strong>Condicions laborals:<\/strong><\/p>\n<ul>\n<li>Contracte laboral en pra\u0300ctiques a jornada completa.<\/li>\n<li>Sou brut segons convocato\u0300ria del SOC.<\/li>\n<li>\u00a0Incorporacio\u0301 immediata.<\/li>\n<li>Durada del contracte: 6 mesos.<\/li>\n<li>Lloc de treball habitual: Barcelona.<\/li>\n<\/ul>\n<p><strong>Podeu llegir la convocat\u00f2ria en PDF <a href=\"http:\/\/esplac.cat\/wp-content\/uploads\/2018\/10\/Convocatoria_SOC_Comunicacio-2.pdf\">aqu\u00ed<\/a>.<\/strong><\/p>\n","protected":false},"excerpt":{"rendered":"<p>A Esplais Catalans busquem t\u00e8cnic\/a de suport a la comunicaci\u00f3 [&hellip;]<\/p>\n","protected":false},"author":3,"featured_media":26052,"comment_status":"closed","ping_status":"open","sticky":false,"template":"","format":"standard","meta":{"om_disable_all_campaigns":false,"_monsterinsights_skip_tracking":false,"_monsterinsights_sitenote_active":false,"_monsterinsights_sitenote_note":"","_monsterinsights_sitenote_category":0,"_uf_show_specific_survey":0,"_uf_disable_surveys":false,"footnotes":""},"categories":[1116,1],"tags":[94,306,562,798],"class_list":["post-26051","post","type-post","status-publish","format-standard","has-post-thumbnail","hentry","category-secretaria-esplac","category-sense-categoria","tag-comunicacio","tag-feina","tag-oferta-laboral","tag-soc"],"yoast_head":"<!-- This site is optimized with the Yoast SEO plugin v27.4 - https:\/\/yoast.com\/product\/yoast-seo-wordpress\/ -->\n<title>Obrim una pla\u00e7a de t\u00e8cnic\/a de comunicaci\u00f3 - Esplac<\/title>\n<meta name=\"robots\" content=\"index, follow, max-snippet:-1, max-image-preview:large, max-video-preview:-1\" \/>\n<link rel=\"canonical\" href=\"https:\/\/www.esplac.cat\/es\/obrim-placa-tecnica-comunicacio\/\" \/>\n<meta property=\"og:locale\" content=\"es_ES\" \/>\n<meta property=\"og:type\" content=\"article\" \/>\n<meta property=\"og:title\" content=\"Obrim una pla\u00e7a de t\u00e8cnic\/a de comunicaci\u00f3 - Esplac\" \/>\n<meta property=\"og:description\" content=\"A Esplais Catalans busquem t\u00e8cnic\/a de suport a la comunicaci\u00f3 [&hellip;]\" \/>\n<meta property=\"og:url\" content=\"https:\/\/www.esplac.cat\/es\/obrim-placa-tecnica-comunicacio\/\" \/>\n<meta property=\"og:site_name\" content=\"Esplac\" \/>\n<meta property=\"article:published_time\" content=\"2019-10-12T07:30:42+00:00\" \/>\n<meta property=\"article:modified_time\" content=\"2020-10-15T16:23:14+00:00\" \/>\n<meta property=\"og:image\" content=\"https:\/\/www.esplac.cat\/wp-content\/uploads\/2019\/10\/port.jpg\" \/>\n\t<meta property=\"og:image:width\" content=\"847\" \/>\n\t<meta property=\"og:image:height\" content=\"350\" \/>\n\t<meta property=\"og:image:type\" content=\"image\/jpeg\" \/>\n<meta name=\"author\" content=\"Comunicaci\u00f3 Esplac\" \/>\n<meta name=\"twitter:card\" content=\"summary_large_image\" \/>\n<meta name=\"twitter:label1\" content=\"Escrito por\" \/>\n\t<meta name=\"twitter:data1\" content=\"Comunicaci\u00f3 Esplac\" \/>\n\t<meta name=\"twitter:label2\" content=\"Tiempo de lectura\" \/>\n\t<meta name=\"twitter:data2\" content=\"4 minutos\" \/>\n<script type=\"application\/ld+json\" class=\"yoast-schema-graph\">{\"@context\":\"https:\\\/\\\/schema.org\",\"@graph\":[{\"@type\":\"Article\",\"@id\":\"https:\\\/\\\/www.esplac.cat\\\/es\\\/obrim-placa-tecnica-comunicacio\\\/#article\",\"isPartOf\":{\"@id\":\"https:\\\/\\\/www.esplac.cat\\\/es\\\/obrim-placa-tecnica-comunicacio\\\/\"},\"author\":{\"name\":\"Comunicaci\u00f3 Esplac\",\"@id\":\"https:\\\/\\\/www.esplac.cat\\\/#\\\/schema\\\/person\\\/908383cf240be18b68f8855d0583faca\"},\"headline\":\"Obrim una pla\u00e7a de t\u00e8cnic\\\/a de comunicaci\u00f3\",\"datePublished\":\"2019-10-12T07:30:42+00:00\",\"dateModified\":\"2020-10-15T16:23:14+00:00\",\"mainEntityOfPage\":{\"@id\":\"https:\\\/\\\/www.esplac.cat\\\/es\\\/obrim-placa-tecnica-comunicacio\\\/\"},\"wordCount\":787,\"publisher\":{\"@id\":\"https:\\\/\\\/www.esplac.cat\\\/#organization\"},\"image\":{\"@id\":\"https:\\\/\\\/www.esplac.cat\\\/es\\\/obrim-placa-tecnica-comunicacio\\\/#primaryimage\"},\"thumbnailUrl\":\"https:\\\/\\\/www.esplac.cat\\\/wp-content\\\/uploads\\\/2019\\\/10\\\/port.jpg\",\"keywords\":[\"comunicaci\u00f3\",\"feina\",\"oferta laboral\",\"SOC\"],\"articleSection\":[\"Secretaria T\u00e8cnica\",\"Sense categoria\"],\"inLanguage\":\"es\"},{\"@type\":\"WebPage\",\"@id\":\"https:\\\/\\\/www.esplac.cat\\\/es\\\/obrim-placa-tecnica-comunicacio\\\/\",\"url\":\"https:\\\/\\\/www.esplac.cat\\\/es\\\/obrim-placa-tecnica-comunicacio\\\/\",\"name\":\"Obrim una pla\u00e7a de t\u00e8cnic\\\/a de comunicaci\u00f3 - Esplac\",\"isPartOf\":{\"@id\":\"https:\\\/\\\/www.esplac.cat\\\/#website\"},\"primaryImageOfPage\":{\"@id\":\"https:\\\/\\\/www.esplac.cat\\\/es\\\/obrim-placa-tecnica-comunicacio\\\/#primaryimage\"},\"image\":{\"@id\":\"https:\\\/\\\/www.esplac.cat\\\/es\\\/obrim-placa-tecnica-comunicacio\\\/#primaryimage\"},\"thumbnailUrl\":\"https:\\\/\\\/www.esplac.cat\\\/wp-content\\\/uploads\\\/2019\\\/10\\\/port.jpg\",\"datePublished\":\"2019-10-12T07:30:42+00:00\",\"dateModified\":\"2020-10-15T16:23:14+00:00\",\"breadcrumb\":{\"@id\":\"https:\\\/\\\/www.esplac.cat\\\/es\\\/obrim-placa-tecnica-comunicacio\\\/#breadcrumb\"},\"inLanguage\":\"es\",\"potentialAction\":[{\"@type\":\"ReadAction\",\"target\":[\"https:\\\/\\\/www.esplac.cat\\\/es\\\/obrim-placa-tecnica-comunicacio\\\/\"]}]},{\"@type\":\"ImageObject\",\"inLanguage\":\"es\",\"@id\":\"https:\\\/\\\/www.esplac.cat\\\/es\\\/obrim-placa-tecnica-comunicacio\\\/#primaryimage\",\"url\":\"https:\\\/\\\/www.esplac.cat\\\/wp-content\\\/uploads\\\/2019\\\/10\\\/port.jpg\",\"contentUrl\":\"https:\\\/\\\/www.esplac.cat\\\/wp-content\\\/uploads\\\/2019\\\/10\\\/port.jpg\",\"width\":847,\"height\":350},{\"@type\":\"BreadcrumbList\",\"@id\":\"https:\\\/\\\/www.esplac.cat\\\/es\\\/obrim-placa-tecnica-comunicacio\\\/#breadcrumb\",\"itemListElement\":[{\"@type\":\"ListItem\",\"position\":1,\"name\":\"Inici\",\"item\":\"https:\\\/\\\/www.esplac.cat\\\/es\\\/\"},{\"@type\":\"ListItem\",\"position\":2,\"name\":\"Obrim una pla\u00e7a de t\u00e8cnic\\\/a de comunicaci\u00f3\"}]},{\"@type\":\"WebSite\",\"@id\":\"https:\\\/\\\/www.esplac.cat\\\/#website\",\"url\":\"https:\\\/\\\/www.esplac.cat\\\/\",\"name\":\"Esplac\",\"description\":\"Esplais Catalans\",\"publisher\":{\"@id\":\"https:\\\/\\\/www.esplac.cat\\\/#organization\"},\"potentialAction\":[{\"@type\":\"SearchAction\",\"target\":{\"@type\":\"EntryPoint\",\"urlTemplate\":\"https:\\\/\\\/www.esplac.cat\\\/?s={search_term_string}\"},\"query-input\":{\"@type\":\"PropertyValueSpecification\",\"valueRequired\":true,\"valueName\":\"search_term_string\"}}],\"inLanguage\":\"es\"},{\"@type\":\"Organization\",\"@id\":\"https:\\\/\\\/www.esplac.cat\\\/#organization\",\"name\":\"Esplac\",\"url\":\"https:\\\/\\\/www.esplac.cat\\\/\",\"logo\":{\"@type\":\"ImageObject\",\"inLanguage\":\"es\",\"@id\":\"https:\\\/\\\/www.esplac.cat\\\/#\\\/schema\\\/logo\\\/image\\\/\",\"url\":\"https:\\\/\\\/www.esplac.cat\\\/wp-content\\\/uploads\\\/2019\\\/08\\\/logox2.png\",\"contentUrl\":\"https:\\\/\\\/www.esplac.cat\\\/wp-content\\\/uploads\\\/2019\\\/08\\\/logox2.png\",\"width\":600,\"height\":295,\"caption\":\"Esplac\"},\"image\":{\"@id\":\"https:\\\/\\\/www.esplac.cat\\\/#\\\/schema\\\/logo\\\/image\\\/\"}},{\"@type\":\"Person\",\"@id\":\"https:\\\/\\\/www.esplac.cat\\\/#\\\/schema\\\/person\\\/908383cf240be18b68f8855d0583faca\",\"name\":\"Comunicaci\u00f3 Esplac\",\"image\":{\"@type\":\"ImageObject\",\"inLanguage\":\"es\",\"@id\":\"https:\\\/\\\/secure.gravatar.com\\\/avatar\\\/7a4cf8feb412a76ea4a740ca02d95b06b2907b5a6c648c2dd0a1082a093c3141?s=96&d=mm&r=g\",\"url\":\"https:\\\/\\\/secure.gravatar.com\\\/avatar\\\/7a4cf8feb412a76ea4a740ca02d95b06b2907b5a6c648c2dd0a1082a093c3141?s=96&d=mm&r=g\",\"contentUrl\":\"https:\\\/\\\/secure.gravatar.com\\\/avatar\\\/7a4cf8feb412a76ea4a740ca02d95b06b2907b5a6c648c2dd0a1082a093c3141?s=96&d=mm&r=g\",\"caption\":\"Comunicaci\u00f3 Esplac\"}}]}<\/script>\n<!-- \/ Yoast SEO plugin. -->","yoast_head_json":{"title":"Obrim una pla\u00e7a de t\u00e8cnic\/a de comunicaci\u00f3 - Esplac","robots":{"index":"index","follow":"follow","max-snippet":"max-snippet:-1","max-image-preview":"max-image-preview:large","max-video-preview":"max-video-preview:-1"},"canonical":"https:\/\/www.esplac.cat\/es\/obrim-placa-tecnica-comunicacio\/","og_locale":"es_ES","og_type":"article","og_title":"Obrim una pla\u00e7a de t\u00e8cnic\/a de comunicaci\u00f3 - Esplac","og_description":"A Esplais Catalans busquem t\u00e8cnic\/a de suport a la comunicaci\u00f3 [&hellip;]","og_url":"https:\/\/www.esplac.cat\/es\/obrim-placa-tecnica-comunicacio\/","og_site_name":"Esplac","article_published_time":"2019-10-12T07:30:42+00:00","article_modified_time":"2020-10-15T16:23:14+00:00","og_image":[{"width":847,"height":350,"url":"https:\/\/www.esplac.cat\/wp-content\/uploads\/2019\/10\/port.jpg","type":"image\/jpeg"}],"author":"Comunicaci\u00f3 Esplac","twitter_card":"summary_large_image","twitter_misc":{"Escrito por":"Comunicaci\u00f3 Esplac","Tiempo de lectura":"4 minutos"},"schema":{"@context":"https:\/\/schema.org","@graph":[{"@type":"Article","@id":"https:\/\/www.esplac.cat\/es\/obrim-placa-tecnica-comunicacio\/#article","isPartOf":{"@id":"https:\/\/www.esplac.cat\/es\/obrim-placa-tecnica-comunicacio\/"},"author":{"name":"Comunicaci\u00f3 Esplac","@id":"https:\/\/www.esplac.cat\/#\/schema\/person\/908383cf240be18b68f8855d0583faca"},"headline":"Obrim una pla\u00e7a de t\u00e8cnic\/a de comunicaci\u00f3","datePublished":"2019-10-12T07:30:42+00:00","dateModified":"2020-10-15T16:23:14+00:00","mainEntityOfPage":{"@id":"https:\/\/www.esplac.cat\/es\/obrim-placa-tecnica-comunicacio\/"},"wordCount":787,"publisher":{"@id":"https:\/\/www.esplac.cat\/#organization"},"image":{"@id":"https:\/\/www.esplac.cat\/es\/obrim-placa-tecnica-comunicacio\/#primaryimage"},"thumbnailUrl":"https:\/\/www.esplac.cat\/wp-content\/uploads\/2019\/10\/port.jpg","keywords":["comunicaci\u00f3","feina","oferta laboral","SOC"],"articleSection":["Secretaria T\u00e8cnica","Sense categoria"],"inLanguage":"es"},{"@type":"WebPage","@id":"https:\/\/www.esplac.cat\/es\/obrim-placa-tecnica-comunicacio\/","url":"https:\/\/www.esplac.cat\/es\/obrim-placa-tecnica-comunicacio\/","name":"Obrim una pla\u00e7a de t\u00e8cnic\/a de comunicaci\u00f3 - Esplac","isPartOf":{"@id":"https:\/\/www.esplac.cat\/#website"},"primaryImageOfPage":{"@id":"https:\/\/www.esplac.cat\/es\/obrim-placa-tecnica-comunicacio\/#primaryimage"},"image":{"@id":"https:\/\/www.esplac.cat\/es\/obrim-placa-tecnica-comunicacio\/#primaryimage"},"thumbnailUrl":"https:\/\/www.esplac.cat\/wp-content\/uploads\/2019\/10\/port.jpg","datePublished":"2019-10-12T07:30:42+00:00","dateModified":"2020-10-15T16:23:14+00:00","breadcrumb":{"@id":"https:\/\/www.esplac.cat\/es\/obrim-placa-tecnica-comunicacio\/#breadcrumb"},"inLanguage":"es","potentialAction":[{"@type":"ReadAction","target":["https:\/\/www.esplac.cat\/es\/obrim-placa-tecnica-comunicacio\/"]}]},{"@type":"ImageObject","inLanguage":"es","@id":"https:\/\/www.esplac.cat\/es\/obrim-placa-tecnica-comunicacio\/#primaryimage","url":"https:\/\/www.esplac.cat\/wp-content\/uploads\/2019\/10\/port.jpg","contentUrl":"https:\/\/www.esplac.cat\/wp-content\/uploads\/2019\/10\/port.jpg","width":847,"height":350},{"@type":"BreadcrumbList","@id":"https:\/\/www.esplac.cat\/es\/obrim-placa-tecnica-comunicacio\/#breadcrumb","itemListElement":[{"@type":"ListItem","position":1,"name":"Inici","item":"https:\/\/www.esplac.cat\/es\/"},{"@type":"ListItem","position":2,"name":"Obrim una pla\u00e7a de t\u00e8cnic\/a de comunicaci\u00f3"}]},{"@type":"WebSite","@id":"https:\/\/www.esplac.cat\/#website","url":"https:\/\/www.esplac.cat\/","name":"Esplac","description":"Esplais Catalans","publisher":{"@id":"https:\/\/www.esplac.cat\/#organization"},"potentialAction":[{"@type":"SearchAction","target":{"@type":"EntryPoint","urlTemplate":"https:\/\/www.esplac.cat\/?s={search_term_string}"},"query-input":{"@type":"PropertyValueSpecification","valueRequired":true,"valueName":"search_term_string"}}],"inLanguage":"es"},{"@type":"Organization","@id":"https:\/\/www.esplac.cat\/#organization","name":"Esplac","url":"https:\/\/www.esplac.cat\/","logo":{"@type":"ImageObject","inLanguage":"es","@id":"https:\/\/www.esplac.cat\/#\/schema\/logo\/image\/","url":"https:\/\/www.esplac.cat\/wp-content\/uploads\/2019\/08\/logox2.png","contentUrl":"https:\/\/www.esplac.cat\/wp-content\/uploads\/2019\/08\/logox2.png","width":600,"height":295,"caption":"Esplac"},"image":{"@id":"https:\/\/www.esplac.cat\/#\/schema\/logo\/image\/"}},{"@type":"Person","@id":"https:\/\/www.esplac.cat\/#\/schema\/person\/908383cf240be18b68f8855d0583faca","name":"Comunicaci\u00f3 Esplac","image":{"@type":"ImageObject","inLanguage":"es","@id":"https:\/\/secure.gravatar.com\/avatar\/7a4cf8feb412a76ea4a740ca02d95b06b2907b5a6c648c2dd0a1082a093c3141?s=96&d=mm&r=g","url":"https:\/\/secure.gravatar.com\/avatar\/7a4cf8feb412a76ea4a740ca02d95b06b2907b5a6c648c2dd0a1082a093c3141?s=96&d=mm&r=g","contentUrl":"https:\/\/secure.gravatar.com\/avatar\/7a4cf8feb412a76ea4a740ca02d95b06b2907b5a6c648c2dd0a1082a093c3141?s=96&d=mm&r=g","caption":"Comunicaci\u00f3 Esplac"}}]}},"_links":{"self":[{"href":"https:\/\/www.esplac.cat\/es\/wp-json\/wp\/v2\/posts\/26051","targetHints":{"allow":["GET"]}}],"collection":[{"href":"https:\/\/www.esplac.cat\/es\/wp-json\/wp\/v2\/posts"}],"about":[{"href":"https:\/\/www.esplac.cat\/es\/wp-json\/wp\/v2\/types\/post"}],"author":[{"embeddable":true,"href":"https:\/\/www.esplac.cat\/es\/wp-json\/wp\/v2\/users\/3"}],"replies":[{"embeddable":true,"href":"https:\/\/www.esplac.cat\/es\/wp-json\/wp\/v2\/comments?post=26051"}],"version-history":[{"count":0,"href":"https:\/\/www.esplac.cat\/es\/wp-json\/wp\/v2\/posts\/26051\/revisions"}],"wp:featuredmedia":[{"embeddable":true,"href":"https:\/\/www.esplac.cat\/es\/wp-json\/wp\/v2\/media\/26052"}],"wp:attachment":[{"href":"https:\/\/www.esplac.cat\/es\/wp-json\/wp\/v2\/media?parent=26051"}],"wp:term":[{"taxonomy":"category","embeddable":true,"href":"https:\/\/www.esplac.cat\/es\/wp-json\/wp\/v2\/categories?post=26051"},{"taxonomy":"post_tag","embeddable":true,"href":"https:\/\/www.esplac.cat\/es\/wp-json\/wp\/v2\/tags?post=26051"}],"curies":[{"name":"wp","href":"https:\/\/api.w.org\/{rel}","templated":true}]}}