{"id":26062,"date":"2019-10-02T07:36:36","date_gmt":"2019-10-02T05:36:36","guid":{"rendered":"http:\/\/esplac.cat\/?p=22614"},"modified":"2021-01-19T10:09:36","modified_gmt":"2021-01-19T09:09:36","slug":"som-conscients-de-la-petjada-ecologica-a-les-activitats-que-fem","status":"publish","type":"post","link":"https:\/\/www.esplac.cat\/es\/som-conscients-de-la-petjada-ecologica-a-les-activitats-que-fem\/","title":{"rendered":"Som conscients de la petjada ecol\u00f2gica a les activitats que fem?"},"content":{"rendered":"<div class=\"fusion-fullwidth fullwidth-box fusion-builder-row-1 nonhundred-percent-fullwidth non-hundred-percent-height-scrolling\" style=\"--awb-border-radius-top-left:0px;--awb-border-radius-top-right:0px;--awb-border-radius-bottom-right:0px;--awb-border-radius-bottom-left:0px;--awb-flex-wrap:wrap;\" ><div class=\"fusion-builder-row fusion-row\"><div class=\"fusion-layout-column fusion_builder_column fusion-builder-column-0 fusion_builder_column_1_1 1_1 fusion-one-full fusion-column-first fusion-column-last\" style=\"--awb-bg-size:cover;--awb-margin-bottom:0px;\"><div class=\"fusion-column-wrapper fusion-flex-column-wrapper-legacy\"><div class=\"fusion-text fusion-text-1\"><h4 style=\"text-align: justify;\">El grup d&#8217;Esplac que participa del projecte internacional \u00abAmplifying voices\u00bb ja ha escollit pregunta d&#8217;investigaci\u00f3!<\/h4>\n<p style=\"text-align: justify;\"><em>Quina consci\u00e8ncia de la seva petjada ecol\u00f2gica tenen les joves associades de 16 a 30 anys de l\u2019\u00e0rea metropolitana de Barcelona a l\u2019hora de viatjar i fer activitats?<\/em><\/p>\n<p style=\"text-align: justify;\">Aquesta \u00e9s la pregunta d\u2019investigaci\u00f3 que ha escollit el grup d\u2019Esplac que participa del <strong>projecte internacional \u201cAmplifying voices\u201d<\/strong> amb entitats de l\u2019IFM-SEI i del Canad\u00e0. El passat cap de setmana 21 i 22 de setembre, el grup d\u2019Esplac es va reunir i va preparar el pla de recerca que ens portar\u00e0 a con\u00e8ixer qu\u00e8 pensen i com actuen les joves en aquest tema i per tant, arribarem a tenir una imatge m\u00e9s detallada de la realitat per poder fer front al repte del canvi clim\u00e0tic al qual ens enfrontem. El grup far\u00e0 entrevistes i q\u00fcestionaris a joves associades (d\u2019esplais, de caus, de casals de joves, etc.) i t\u00e9 previst parlar amb joves expertes que formen part de grups d\u2019activisme ambiental com per exemple, FridaysForFuture. La idea \u00e9s recollir aquestes veus i presentar la situaci\u00f3 a Montreal (Canad\u00e0) aquest novembre quan hi vagin.<\/p>\n<p style=\"text-align: justify;\">M\u00e9s de <strong>130 joves<\/strong> participaran d\u2019aquest intercanvi internacional i cada ciutat presentar\u00e0 el seu tema d\u2019investigaci\u00f3 i resultats. Es tracta d\u2019una\u00a0oportunitat de dialogar amb joves de contextos molt diferents a partir dels resultats que presenti cada ciutat.<\/p>\n<p style=\"text-align: justify;\"><a href=\"http:\/\/esplac.cat\/wp-content\/uploads\/2019\/10\/IMG-7769.jpg\"><img decoding=\"async\" class=\"wp-image-22669 aligncenter\" src=\"http:\/\/esplac.cat\/wp-content\/uploads\/2019\/10\/IMG-7769.jpg\" alt=\"\" width=\"504\" height=\"378\" \/><\/a><\/p>\n<p style=\"text-align: justify;\"><a href=\"http:\/\/esplac.cat\/wp-content\/uploads\/2019\/10\/66701140-990b-40b5-b7d2-f7424f0a15d7.jpg\"><img decoding=\"async\" class=\"wp-image-22668 aligncenter\" src=\"http:\/\/esplac.cat\/wp-content\/uploads\/2019\/10\/66701140-990b-40b5-b7d2-f7424f0a15d7.jpg\" alt=\"\" width=\"502\" height=\"377\" \/><\/a><\/p>\n<p><em>Amb la col\u00b7laboraci\u00f3 de:<br \/>\n<img decoding=\"async\" class=\"alignleft wp-image-34361 \" src=\"https:\/\/www.esplac.cat\/wp-content\/uploads\/2021\/01\/accioexterior_h3-1.jpg\" alt=\"\" width=\"260\" height=\"37\" srcset=\"https:\/\/www.esplac.cat\/wp-content\/uploads\/2021\/01\/accioexterior_h3-1-200x29.jpg 200w, https:\/\/www.esplac.cat\/wp-content\/uploads\/2021\/01\/accioexterior_h3-1-300x43.jpg 300w, https:\/\/www.esplac.cat\/wp-content\/uploads\/2021\/01\/accioexterior_h3-1-400x57.jpg 400w, https:\/\/www.esplac.cat\/wp-content\/uploads\/2021\/01\/accioexterior_h3-1-600x86.jpg 600w, https:\/\/www.esplac.cat\/wp-content\/uploads\/2021\/01\/accioexterior_h3-1.jpg 728w\" sizes=\"(max-width: 260px) 100vw, 260px\" \/><br \/>\n<\/em><\/p>\n<\/div><div class=\"fusion-clearfix\"><\/div><\/div><\/div><\/div><\/div>\n","protected":false},"excerpt":{"rendered":"","protected":false},"author":3,"featured_media":26065,"comment_status":"closed","ping_status":"open","sticky":false,"template":"","format":"standard","meta":{"om_disable_all_campaigns":false,"_monsterinsights_skip_tracking":false,"_monsterinsights_sitenote_active":false,"_monsterinsights_sitenote_note":"","_monsterinsights_sitenote_category":0,"_uf_show_specific_survey":0,"_uf_disable_surveys":false,"footnotes":""},"categories":[1112,1],"tags":[1058,1002,1003,555,36,134],"class_list":["post-26062","post","type-post","status-publish","format-standard","has-post-thumbnail","hentry","category-esplac-al-mon","category-sense-categoria","tag-canada","tag-educacio-popular","tag-esplai","tag-internacional","tag-monis","tag-transformacio-social"],"yoast_head":"<!-- This site is optimized with the Yoast SEO plugin v27.5 - https:\/\/yoast.com\/product\/yoast-seo-wordpress\/ -->\n<title>Som conscients de la petjada ecol\u00f2gica a les activitats que fem? - Esplac<\/title>\n<meta name=\"robots\" content=\"index, follow, max-snippet:-1, max-image-preview:large, max-video-preview:-1\" \/>\n<link rel=\"canonical\" href=\"https:\/\/www.esplac.cat\/som-conscients-de-la-petjada-ecologica-a-les-activitats-que-fem\/\" \/>\n<meta property=\"og:locale\" content=\"es_ES\" \/>\n<meta property=\"og:type\" content=\"article\" \/>\n<meta property=\"og:title\" content=\"Som conscients de la petjada ecol\u00f2gica a les activitats que fem? - Esplac\" \/>\n<meta property=\"og:url\" content=\"https:\/\/www.esplac.cat\/som-conscients-de-la-petjada-ecologica-a-les-activitats-que-fem\/\" \/>\n<meta property=\"og:site_name\" content=\"Esplac\" \/>\n<meta property=\"article:published_time\" content=\"2019-10-02T05:36:36+00:00\" \/>\n<meta property=\"article:modified_time\" content=\"2021-01-19T09:09:36+00:00\" \/>\n<meta property=\"og:image\" content=\"https:\/\/www.esplac.cat\/wp-content\/uploads\/2019\/09\/portadaesplac2.jpg\" \/>\n\t<meta property=\"og:image:width\" content=\"847\" \/>\n\t<meta property=\"og:image:height\" content=\"350\" \/>\n\t<meta property=\"og:image:type\" content=\"image\/jpeg\" \/>\n<meta name=\"author\" content=\"Comunicaci\u00f3 Esplac\" \/>\n<meta name=\"twitter:card\" content=\"summary_large_image\" \/>\n<meta name=\"twitter:label1\" content=\"Escrito por\" \/>\n\t<meta name=\"twitter:data1\" content=\"Comunicaci\u00f3 Esplac\" \/>\n\t<meta name=\"twitter:label2\" content=\"Tiempo de lectura\" \/>\n\t<meta name=\"twitter:data2\" content=\"2 minutos\" \/>\n<script type=\"application\/ld+json\" class=\"yoast-schema-graph\">{\"@context\":\"https:\\\/\\\/schema.org\",\"@graph\":[{\"@type\":\"Article\",\"@id\":\"https:\\\/\\\/www.esplac.cat\\\/som-conscients-de-la-petjada-ecologica-a-les-activitats-que-fem\\\/#article\",\"isPartOf\":{\"@id\":\"https:\\\/\\\/www.esplac.cat\\\/som-conscients-de-la-petjada-ecologica-a-les-activitats-que-fem\\\/\"},\"author\":{\"name\":\"Comunicaci\u00f3 Esplac\",\"@id\":\"https:\\\/\\\/www.esplac.cat\\\/#\\\/schema\\\/person\\\/908383cf240be18b68f8855d0583faca\"},\"headline\":\"Som conscients de la petjada ecol\u00f2gica a les activitats que fem?\",\"datePublished\":\"2019-10-02T05:36:36+00:00\",\"dateModified\":\"2021-01-19T09:09:36+00:00\",\"mainEntityOfPage\":{\"@id\":\"https:\\\/\\\/www.esplac.cat\\\/som-conscients-de-la-petjada-ecologica-a-les-activitats-que-fem\\\/\"},\"wordCount\":416,\"publisher\":{\"@id\":\"https:\\\/\\\/www.esplac.cat\\\/#organization\"},\"image\":{\"@id\":\"https:\\\/\\\/www.esplac.cat\\\/som-conscients-de-la-petjada-ecologica-a-les-activitats-que-fem\\\/#primaryimage\"},\"thumbnailUrl\":\"https:\\\/\\\/www.esplac.cat\\\/wp-content\\\/uploads\\\/2019\\\/09\\\/portadaesplac2.jpg\",\"keywords\":[\"Canad\u00e0\",\"educaci\u00f3 popular\",\"esplai\",\"internacional\",\"monis\",\"transformaci\u00f3 social\"],\"articleSection\":[\"Esplac al m\u00f3n\",\"Sense categoria\"],\"inLanguage\":\"es\"},{\"@type\":\"WebPage\",\"@id\":\"https:\\\/\\\/www.esplac.cat\\\/som-conscients-de-la-petjada-ecologica-a-les-activitats-que-fem\\\/\",\"url\":\"https:\\\/\\\/www.esplac.cat\\\/som-conscients-de-la-petjada-ecologica-a-les-activitats-que-fem\\\/\",\"name\":\"Som conscients de la petjada ecol\u00f2gica a les activitats que fem? - Esplac\",\"isPartOf\":{\"@id\":\"https:\\\/\\\/www.esplac.cat\\\/#website\"},\"primaryImageOfPage\":{\"@id\":\"https:\\\/\\\/www.esplac.cat\\\/som-conscients-de-la-petjada-ecologica-a-les-activitats-que-fem\\\/#primaryimage\"},\"image\":{\"@id\":\"https:\\\/\\\/www.esplac.cat\\\/som-conscients-de-la-petjada-ecologica-a-les-activitats-que-fem\\\/#primaryimage\"},\"thumbnailUrl\":\"https:\\\/\\\/www.esplac.cat\\\/wp-content\\\/uploads\\\/2019\\\/09\\\/portadaesplac2.jpg\",\"datePublished\":\"2019-10-02T05:36:36+00:00\",\"dateModified\":\"2021-01-19T09:09:36+00:00\",\"breadcrumb\":{\"@id\":\"https:\\\/\\\/www.esplac.cat\\\/som-conscients-de-la-petjada-ecologica-a-les-activitats-que-fem\\\/#breadcrumb\"},\"inLanguage\":\"es\",\"potentialAction\":[{\"@type\":\"ReadAction\",\"target\":[\"https:\\\/\\\/www.esplac.cat\\\/som-conscients-de-la-petjada-ecologica-a-les-activitats-que-fem\\\/\"]}]},{\"@type\":\"ImageObject\",\"inLanguage\":\"es\",\"@id\":\"https:\\\/\\\/www.esplac.cat\\\/som-conscients-de-la-petjada-ecologica-a-les-activitats-que-fem\\\/#primaryimage\",\"url\":\"https:\\\/\\\/www.esplac.cat\\\/wp-content\\\/uploads\\\/2019\\\/09\\\/portadaesplac2.jpg\",\"contentUrl\":\"https:\\\/\\\/www.esplac.cat\\\/wp-content\\\/uploads\\\/2019\\\/09\\\/portadaesplac2.jpg\",\"width\":847,\"height\":350},{\"@type\":\"BreadcrumbList\",\"@id\":\"https:\\\/\\\/www.esplac.cat\\\/som-conscients-de-la-petjada-ecologica-a-les-activitats-que-fem\\\/#breadcrumb\",\"itemListElement\":[{\"@type\":\"ListItem\",\"position\":1,\"name\":\"Inici\",\"item\":\"https:\\\/\\\/www.esplac.cat\\\/es\\\/\"},{\"@type\":\"ListItem\",\"position\":2,\"name\":\"Som conscients de la petjada ecol\u00f2gica a les activitats que fem?\"}]},{\"@type\":\"WebSite\",\"@id\":\"https:\\\/\\\/www.esplac.cat\\\/#website\",\"url\":\"https:\\\/\\\/www.esplac.cat\\\/\",\"name\":\"Esplac\",\"description\":\"Esplais Catalans\",\"publisher\":{\"@id\":\"https:\\\/\\\/www.esplac.cat\\\/#organization\"},\"potentialAction\":[{\"@type\":\"SearchAction\",\"target\":{\"@type\":\"EntryPoint\",\"urlTemplate\":\"https:\\\/\\\/www.esplac.cat\\\/?s={search_term_string}\"},\"query-input\":{\"@type\":\"PropertyValueSpecification\",\"valueRequired\":true,\"valueName\":\"search_term_string\"}}],\"inLanguage\":\"es\"},{\"@type\":\"Organization\",\"@id\":\"https:\\\/\\\/www.esplac.cat\\\/#organization\",\"name\":\"Esplac\",\"url\":\"https:\\\/\\\/www.esplac.cat\\\/\",\"logo\":{\"@type\":\"ImageObject\",\"inLanguage\":\"es\",\"@id\":\"https:\\\/\\\/www.esplac.cat\\\/#\\\/schema\\\/logo\\\/image\\\/\",\"url\":\"https:\\\/\\\/www.esplac.cat\\\/wp-content\\\/uploads\\\/2019\\\/08\\\/logox2.png\",\"contentUrl\":\"https:\\\/\\\/www.esplac.cat\\\/wp-content\\\/uploads\\\/2019\\\/08\\\/logox2.png\",\"width\":600,\"height\":295,\"caption\":\"Esplac\"},\"image\":{\"@id\":\"https:\\\/\\\/www.esplac.cat\\\/#\\\/schema\\\/logo\\\/image\\\/\"}},{\"@type\":\"Person\",\"@id\":\"https:\\\/\\\/www.esplac.cat\\\/#\\\/schema\\\/person\\\/908383cf240be18b68f8855d0583faca\",\"name\":\"Comunicaci\u00f3 Esplac\",\"image\":{\"@type\":\"ImageObject\",\"inLanguage\":\"es\",\"@id\":\"https:\\\/\\\/secure.gravatar.com\\\/avatar\\\/7a4cf8feb412a76ea4a740ca02d95b06b2907b5a6c648c2dd0a1082a093c3141?s=96&d=mm&r=g\",\"url\":\"https:\\\/\\\/secure.gravatar.com\\\/avatar\\\/7a4cf8feb412a76ea4a740ca02d95b06b2907b5a6c648c2dd0a1082a093c3141?s=96&d=mm&r=g\",\"contentUrl\":\"https:\\\/\\\/secure.gravatar.com\\\/avatar\\\/7a4cf8feb412a76ea4a740ca02d95b06b2907b5a6c648c2dd0a1082a093c3141?s=96&d=mm&r=g\",\"caption\":\"Comunicaci\u00f3 Esplac\"}}]}<\/script>\n<!-- \/ Yoast SEO plugin. -->","yoast_head_json":{"title":"Som conscients de la petjada ecol\u00f2gica a les activitats que fem? - Esplac","robots":{"index":"index","follow":"follow","max-snippet":"max-snippet:-1","max-image-preview":"max-image-preview:large","max-video-preview":"max-video-preview:-1"},"canonical":"https:\/\/www.esplac.cat\/som-conscients-de-la-petjada-ecologica-a-les-activitats-que-fem\/","og_locale":"es_ES","og_type":"article","og_title":"Som conscients de la petjada ecol\u00f2gica a les activitats que fem? - Esplac","og_url":"https:\/\/www.esplac.cat\/som-conscients-de-la-petjada-ecologica-a-les-activitats-que-fem\/","og_site_name":"Esplac","article_published_time":"2019-10-02T05:36:36+00:00","article_modified_time":"2021-01-19T09:09:36+00:00","og_image":[{"width":847,"height":350,"url":"https:\/\/www.esplac.cat\/wp-content\/uploads\/2019\/09\/portadaesplac2.jpg","type":"image\/jpeg"}],"author":"Comunicaci\u00f3 Esplac","twitter_card":"summary_large_image","twitter_misc":{"Escrito por":"Comunicaci\u00f3 Esplac","Tiempo de lectura":"2 minutos"},"schema":{"@context":"https:\/\/schema.org","@graph":[{"@type":"Article","@id":"https:\/\/www.esplac.cat\/som-conscients-de-la-petjada-ecologica-a-les-activitats-que-fem\/#article","isPartOf":{"@id":"https:\/\/www.esplac.cat\/som-conscients-de-la-petjada-ecologica-a-les-activitats-que-fem\/"},"author":{"name":"Comunicaci\u00f3 Esplac","@id":"https:\/\/www.esplac.cat\/#\/schema\/person\/908383cf240be18b68f8855d0583faca"},"headline":"Som conscients de la petjada ecol\u00f2gica a les activitats que fem?","datePublished":"2019-10-02T05:36:36+00:00","dateModified":"2021-01-19T09:09:36+00:00","mainEntityOfPage":{"@id":"https:\/\/www.esplac.cat\/som-conscients-de-la-petjada-ecologica-a-les-activitats-que-fem\/"},"wordCount":416,"publisher":{"@id":"https:\/\/www.esplac.cat\/#organization"},"image":{"@id":"https:\/\/www.esplac.cat\/som-conscients-de-la-petjada-ecologica-a-les-activitats-que-fem\/#primaryimage"},"thumbnailUrl":"https:\/\/www.esplac.cat\/wp-content\/uploads\/2019\/09\/portadaesplac2.jpg","keywords":["Canad\u00e0","educaci\u00f3 popular","esplai","internacional","monis","transformaci\u00f3 social"],"articleSection":["Esplac al m\u00f3n","Sense categoria"],"inLanguage":"es"},{"@type":"WebPage","@id":"https:\/\/www.esplac.cat\/som-conscients-de-la-petjada-ecologica-a-les-activitats-que-fem\/","url":"https:\/\/www.esplac.cat\/som-conscients-de-la-petjada-ecologica-a-les-activitats-que-fem\/","name":"Som conscients de la petjada ecol\u00f2gica a les activitats que fem? - Esplac","isPartOf":{"@id":"https:\/\/www.esplac.cat\/#website"},"primaryImageOfPage":{"@id":"https:\/\/www.esplac.cat\/som-conscients-de-la-petjada-ecologica-a-les-activitats-que-fem\/#primaryimage"},"image":{"@id":"https:\/\/www.esplac.cat\/som-conscients-de-la-petjada-ecologica-a-les-activitats-que-fem\/#primaryimage"},"thumbnailUrl":"https:\/\/www.esplac.cat\/wp-content\/uploads\/2019\/09\/portadaesplac2.jpg","datePublished":"2019-10-02T05:36:36+00:00","dateModified":"2021-01-19T09:09:36+00:00","breadcrumb":{"@id":"https:\/\/www.esplac.cat\/som-conscients-de-la-petjada-ecologica-a-les-activitats-que-fem\/#breadcrumb"},"inLanguage":"es","potentialAction":[{"@type":"ReadAction","target":["https:\/\/www.esplac.cat\/som-conscients-de-la-petjada-ecologica-a-les-activitats-que-fem\/"]}]},{"@type":"ImageObject","inLanguage":"es","@id":"https:\/\/www.esplac.cat\/som-conscients-de-la-petjada-ecologica-a-les-activitats-que-fem\/#primaryimage","url":"https:\/\/www.esplac.cat\/wp-content\/uploads\/2019\/09\/portadaesplac2.jpg","contentUrl":"https:\/\/www.esplac.cat\/wp-content\/uploads\/2019\/09\/portadaesplac2.jpg","width":847,"height":350},{"@type":"BreadcrumbList","@id":"https:\/\/www.esplac.cat\/som-conscients-de-la-petjada-ecologica-a-les-activitats-que-fem\/#breadcrumb","itemListElement":[{"@type":"ListItem","position":1,"name":"Inici","item":"https:\/\/www.esplac.cat\/es\/"},{"@type":"ListItem","position":2,"name":"Som conscients de la petjada ecol\u00f2gica a les activitats que fem?"}]},{"@type":"WebSite","@id":"https:\/\/www.esplac.cat\/#website","url":"https:\/\/www.esplac.cat\/","name":"Esplac","description":"Esplais Catalans","publisher":{"@id":"https:\/\/www.esplac.cat\/#organization"},"potentialAction":[{"@type":"SearchAction","target":{"@type":"EntryPoint","urlTemplate":"https:\/\/www.esplac.cat\/?s={search_term_string}"},"query-input":{"@type":"PropertyValueSpecification","valueRequired":true,"valueName":"search_term_string"}}],"inLanguage":"es"},{"@type":"Organization","@id":"https:\/\/www.esplac.cat\/#organization","name":"Esplac","url":"https:\/\/www.esplac.cat\/","logo":{"@type":"ImageObject","inLanguage":"es","@id":"https:\/\/www.esplac.cat\/#\/schema\/logo\/image\/","url":"https:\/\/www.esplac.cat\/wp-content\/uploads\/2019\/08\/logox2.png","contentUrl":"https:\/\/www.esplac.cat\/wp-content\/uploads\/2019\/08\/logox2.png","width":600,"height":295,"caption":"Esplac"},"image":{"@id":"https:\/\/www.esplac.cat\/#\/schema\/logo\/image\/"}},{"@type":"Person","@id":"https:\/\/www.esplac.cat\/#\/schema\/person\/908383cf240be18b68f8855d0583faca","name":"Comunicaci\u00f3 Esplac","image":{"@type":"ImageObject","inLanguage":"es","@id":"https:\/\/secure.gravatar.com\/avatar\/7a4cf8feb412a76ea4a740ca02d95b06b2907b5a6c648c2dd0a1082a093c3141?s=96&d=mm&r=g","url":"https:\/\/secure.gravatar.com\/avatar\/7a4cf8feb412a76ea4a740ca02d95b06b2907b5a6c648c2dd0a1082a093c3141?s=96&d=mm&r=g","contentUrl":"https:\/\/secure.gravatar.com\/avatar\/7a4cf8feb412a76ea4a740ca02d95b06b2907b5a6c648c2dd0a1082a093c3141?s=96&d=mm&r=g","caption":"Comunicaci\u00f3 Esplac"}}]}},"_links":{"self":[{"href":"https:\/\/www.esplac.cat\/es\/wp-json\/wp\/v2\/posts\/26062","targetHints":{"allow":["GET"]}}],"collection":[{"href":"https:\/\/www.esplac.cat\/es\/wp-json\/wp\/v2\/posts"}],"about":[{"href":"https:\/\/www.esplac.cat\/es\/wp-json\/wp\/v2\/types\/post"}],"author":[{"embeddable":true,"href":"https:\/\/www.esplac.cat\/es\/wp-json\/wp\/v2\/users\/3"}],"replies":[{"embeddable":true,"href":"https:\/\/www.esplac.cat\/es\/wp-json\/wp\/v2\/comments?post=26062"}],"version-history":[{"count":0,"href":"https:\/\/www.esplac.cat\/es\/wp-json\/wp\/v2\/posts\/26062\/revisions"}],"wp:featuredmedia":[{"embeddable":true,"href":"https:\/\/www.esplac.cat\/es\/wp-json\/wp\/v2\/media\/26065"}],"wp:attachment":[{"href":"https:\/\/www.esplac.cat\/es\/wp-json\/wp\/v2\/media?parent=26062"}],"wp:term":[{"taxonomy":"category","embeddable":true,"href":"https:\/\/www.esplac.cat\/es\/wp-json\/wp\/v2\/categories?post=26062"},{"taxonomy":"post_tag","embeddable":true,"href":"https:\/\/www.esplac.cat\/es\/wp-json\/wp\/v2\/tags?post=26062"}],"curies":[{"name":"wp","href":"https:\/\/api.w.org\/{rel}","templated":true}]}}