{"id":26066,"date":"2019-10-01T10:48:49","date_gmt":"2019-10-01T08:48:49","guid":{"rendered":"http:\/\/esplac.cat\/?p=22638"},"modified":"2020-10-15T17:23:15","modified_gmt":"2020-10-15T16:23:15","slug":"cap-de-setmana-sectors-aixo-es-un-no-parar","status":"publish","type":"post","link":"https:\/\/www.esplac.cat\/es\/cap-de-setmana-sectors-aixo-es-un-no-parar\/","title":{"rendered":"Cap de setmana d&#8217;activitats, aix\u00f2 \u00e9s un no parar!"},"content":{"rendered":"<h4>Aquest passat cap de setmana, 28 i 29 de setembre, la majoria de sectors d&#8217;Esplac han realitzat activitats: trobades de monis, AGO (Assemblea General Ordin\u00e0ria) de sector, entre d&#8217;altres!<\/h4>\n<p style=\"text-align: justify;\">Durant tot el cap de setmana hi ha hagut diverses activitats dels sectors per comen\u00e7ar el curs amb molta for\u00e7a i energia:<\/p>\n<p style=\"text-align: justify;\"><strong>Sector Barcelona<\/strong><\/p>\n<p style=\"text-align: justify;\">El Sector Barcelona ha fet el CIM (Curs d&#8217;Iniciaci\u00f3 al Monitoratge) a Can Roviralta (Hostalets de Pierola) i han assistit aproximadament 60 persones (entre joves i monis de primer any). Les formacions han estat a c\u00e0rrec de les pr\u00f2pies monitores dels esplais i giraven entorn a l&#8217;organitzaci\u00f3, jocs i pedagogia, qu\u00e8 \u00e9s l&#8217;esplai, seguint l&#8217;etapa d&#8217;acollida Marta Mata.<\/p>\n<p style=\"text-align: justify;\"><strong>Sector Bages i Bergued\u00e0<\/strong><\/p>\n<p style=\"text-align: justify;\">El Sector Bages i Bergued\u00e0 ha realitzat l&#8217;AGO del sector aquest cap de setmana juntament amb una trobada de monis a Casserres. Van fer formacions dissabte pel mat\u00ed, AGO a la tarda i sopar i dormir a l&#8217;esplai de Xiruques del Roc de la Mel.<\/p>\n<p style=\"text-align: justify;\"><a href=\"http:\/\/esplac.cat\/wp-content\/uploads\/2019\/10\/sectorBB1finalfinal.jpg\"><img decoding=\"async\" class=\"wp-image-22670 aligncenter\" src=\"http:\/\/esplac.cat\/wp-content\/uploads\/2019\/10\/sectorBB1finalfinal.jpg\" alt=\"\" width=\"421\" height=\"344\" \/><\/a><\/p>\n<p style=\"text-align: justify;\"><strong>Sector Barcelon\u00e8s Nord<\/strong><\/p>\n<p style=\"text-align: justify;\">El Sector Barcelon\u00e8s Nord, han fet una trobada de 30 monis aproximadament a la casa de col\u00f2nies de Saifores (Cal Mata). Aquesta trobada ha consistit en realitzar l&#8217;AGO del sector, la reuni\u00f3 de tresoreres i tresorers, i fer una mica de cohesi\u00f3 a l&#8217;equip de monis del sector. A l&#8217;AGO han votat el nou EGS (Equip General de Sector) i altra documetaci\u00f3 com la mem\u00f2ria, el pla de treball, etc.<\/p>\n<p><a href=\"http:\/\/esplac.cat\/wp-content\/uploads\/2019\/09\/Barcelonesnord1.jpeg\"><img decoding=\"async\" class=\"wp-image-22620 aligncenter\" src=\"http:\/\/esplac.cat\/wp-content\/uploads\/2019\/09\/Barcelonesnord1.jpeg\" alt=\"\" width=\"413\" height=\"310\" \/><\/a><\/p>\n<p><a href=\"http:\/\/esplac.cat\/wp-content\/uploads\/2019\/09\/sectorbarcelones2.jpg\"><img decoding=\"async\" class=\" wp-image-22627 aligncenter\" src=\"http:\/\/esplac.cat\/wp-content\/uploads\/2019\/09\/sectorbarcelones2.jpg\" alt=\"\" width=\"233\" height=\"311\" \/><\/a><\/p>\n<p><span style=\"color: #ffffff;\">.<\/span><\/p>\n<div style=\"text-align: justify;\"><strong>Sector Ripoll\u00e8s, Osona i Moian\u00e8s\u00a0<\/strong><\/div>\n<div style=\"text-align: justify;\">El Sector ROM han anat a la casa de col\u00f2nies del Mas Pujolar (Viladrau). Ha estat un cap de setmana de trobada de monis on tamb\u00e9 han fet l&#8217;AGO i la reuni\u00f3 del sector, aix\u00ed com diferents formacions.<\/div>\n<div style=\"text-align: justify;\"><span style=\"color: #ffffff;\">.<\/span><\/div>\n<div style=\"text-align: justify;\"><\/div>\n<div><a href=\"http:\/\/esplac.cat\/wp-content\/uploads\/2019\/09\/ROM.png\"><img decoding=\"async\" class=\"wp-image-22628 aligncenter\" src=\"http:\/\/esplac.cat\/wp-content\/uploads\/2019\/09\/ROM.png\" alt=\"\" width=\"445\" height=\"273\" \/><\/a><\/div>\n<div style=\"text-align: justify;\"><\/div>\n<div style=\"text-align: justify;\"><\/div>\n<div style=\"text-align: justify;\"><span style=\"color: #ffffff;\">.<\/span><\/div>\n<div style=\"text-align: justify;\"><\/div>\n<div style=\"text-align: justify;\"><strong>Sector Pened\u00e8s, Garraf i Anoia<\/strong><\/div>\n<div style=\"text-align: justify;\">\n<div dir=\"auto\" style=\"text-align: justify;\">El Sector Pened\u00e8s, Garraf i Anoia han fet el Cal\u00e7a&#8217;t, la trobada de monitores del sector, a la Casa de Col\u00f2nies de Penyafort (Pontons). Han assistit unes 60 monis de 6 esplais del sector. Dissabte al mat\u00ed han fet formacions sobre treball amb adolescents, prevenci\u00f3 de l&#8217;ab\u00fas sexual infantil en l&#8217;\u00e0mbit del lleure i foment de la participaci\u00f3 interna. A la tarda, l&#8217;AGO del sector i diumenge al mat\u00ed la trobada del DUDI (Dia Universal dels Drets dels Infants) que aquest any el realitzaran\u00a0a Santa Margarida de Montbui.<\/div>\n<div dir=\"auto\"><span style=\"color: #ffffff;\">.<\/span><\/div>\n<\/div>\n<div dir=\"auto\"><a href=\"http:\/\/esplac.cat\/wp-content\/uploads\/2019\/09\/penedesgarrafanoiaAGO2.jpeg\"><img decoding=\"async\" class=\"wp-image-22626 aligncenter\" src=\"http:\/\/esplac.cat\/wp-content\/uploads\/2019\/09\/penedesgarrafanoiaAGO2.jpeg\" alt=\"\" width=\"457\" height=\"229\" \/><\/a><\/div>\n<div dir=\"auto\"><\/div>\n<div dir=\"auto\"><span style=\"color: #ffffff;\">&#8230;<\/span><\/div>\n<div dir=\"auto\">\n<div dir=\"auto\" style=\"text-align: justify;\"><\/div>\n<div dir=\"auto\" style=\"text-align: justify;\"><strong>Sector Vall\u00e8s Oriental<\/strong><\/div>\n<div dir=\"auto\" style=\"text-align: justify;\">El Sector Vall\u00e8s Oriental\u00a0ha celebrat la Cuquivetllada aquest cap de setmana, una activitat que consisteix en una trobada d&#8217;inici de curs de totes les monis dels esplais del sector, amb la finalitat de cohesionar i con\u00e8ixer-se entre tothom. D&#8217;aquesta manera, comencen el curs amb m\u00e9s ganes per trobar-se a les reunions de sector i a les diferents activitats. La trobada\u00a0s&#8217;ha realitzat al C\u00e0mping el Far (Calella). Dissabte al mat\u00ed, van esmorzar plegades i\u00a0van fer jocs de coneixen\u00e7a, i a\u00a0la tarda, l&#8217;EGS\u00a0va fer una formaci\u00f3 a les noves monis per explicar qu\u00e8 \u00e9s Esplac i com funciona. Per la nit, els esplais van preparar i dinamitzar diversos jocs. Diumenge van seguir amb les activitats de cohesi\u00f3 i van dinar plegades.<\/div>\n<p>En definitiva, ha\u00a0estat un cap de setmana ple per comen\u00e7ar amb molta for\u00e7a aquest curs que ja comen\u00e7a!<\/p>\n<\/div>\n","protected":false},"excerpt":{"rendered":"<p>Aquest passat cap de setmana, 28 i 29 de setembre, [&hellip;]<\/p>\n","protected":false},"author":3,"featured_media":26068,"comment_status":"closed","ping_status":"open","sticky":false,"template":"","format":"standard","meta":{"om_disable_all_campaigns":false,"_monsterinsights_skip_tracking":false,"_monsterinsights_sitenote_active":false,"_monsterinsights_sitenote_note":"","_monsterinsights_sitenote_category":0,"_uf_show_specific_survey":0,"_uf_disable_surveys":false,"footnotes":""},"categories":[1162,1],"tags":[1031,11,627,1002,1003,54,36,754,134],"class_list":["post-26066","post","type-post","status-publish","format-standard","has-post-thumbnail","hentry","category-linies-pedagogiques","category-sense-categoria","tag-activitats","tag-assemblea","tag-cohesio","tag-educacio-popular","tag-esplai","tag-formacio","tag-monis","tag-sectors","tag-transformacio-social"],"yoast_head":"<!-- This site is optimized with the Yoast SEO plugin v27.5 - https:\/\/yoast.com\/product\/yoast-seo-wordpress\/ -->\n<title>Cap de setmana d&#039;activitats, aix\u00f2 \u00e9s un no parar! - Esplac<\/title>\n<meta name=\"robots\" content=\"index, follow, max-snippet:-1, max-image-preview:large, max-video-preview:-1\" \/>\n<link rel=\"canonical\" href=\"https:\/\/www.esplac.cat\/es\/cap-de-setmana-sectors-aixo-es-un-no-parar\/\" \/>\n<meta property=\"og:locale\" content=\"es_ES\" \/>\n<meta property=\"og:type\" content=\"article\" \/>\n<meta property=\"og:title\" content=\"Cap de setmana d&#039;activitats, aix\u00f2 \u00e9s un no parar! - Esplac\" \/>\n<meta property=\"og:description\" content=\"Aquest passat cap de setmana, 28 i 29 de setembre, [&hellip;]\" \/>\n<meta property=\"og:url\" content=\"https:\/\/www.esplac.cat\/es\/cap-de-setmana-sectors-aixo-es-un-no-parar\/\" \/>\n<meta property=\"og:site_name\" content=\"Esplac\" \/>\n<meta property=\"article:published_time\" content=\"2019-10-01T08:48:49+00:00\" \/>\n<meta property=\"article:modified_time\" content=\"2020-10-15T16:23:15+00:00\" \/>\n<meta property=\"og:image\" content=\"https:\/\/www.esplac.cat\/wp-content\/uploads\/2019\/09\/portadafinde.jpg\" \/>\n\t<meta property=\"og:image:width\" content=\"847\" \/>\n\t<meta property=\"og:image:height\" content=\"350\" \/>\n\t<meta property=\"og:image:type\" content=\"image\/jpeg\" \/>\n<meta name=\"author\" content=\"Comunicaci\u00f3 Esplac\" \/>\n<meta name=\"twitter:card\" content=\"summary_large_image\" \/>\n<meta name=\"twitter:label1\" content=\"Escrito por\" \/>\n\t<meta name=\"twitter:data1\" content=\"Comunicaci\u00f3 Esplac\" \/>\n\t<meta name=\"twitter:label2\" content=\"Tiempo de lectura\" \/>\n\t<meta name=\"twitter:data2\" content=\"3 minutos\" \/>\n<script type=\"application\/ld+json\" class=\"yoast-schema-graph\">{\"@context\":\"https:\\\/\\\/schema.org\",\"@graph\":[{\"@type\":\"Article\",\"@id\":\"https:\\\/\\\/www.esplac.cat\\\/es\\\/cap-de-setmana-sectors-aixo-es-un-no-parar\\\/#article\",\"isPartOf\":{\"@id\":\"https:\\\/\\\/www.esplac.cat\\\/es\\\/cap-de-setmana-sectors-aixo-es-un-no-parar\\\/\"},\"author\":{\"name\":\"Comunicaci\u00f3 Esplac\",\"@id\":\"https:\\\/\\\/www.esplac.cat\\\/#\\\/schema\\\/person\\\/908383cf240be18b68f8855d0583faca\"},\"headline\":\"Cap de setmana d&#8217;activitats, aix\u00f2 \u00e9s un no parar!\",\"datePublished\":\"2019-10-01T08:48:49+00:00\",\"dateModified\":\"2020-10-15T16:23:15+00:00\",\"mainEntityOfPage\":{\"@id\":\"https:\\\/\\\/www.esplac.cat\\\/es\\\/cap-de-setmana-sectors-aixo-es-un-no-parar\\\/\"},\"wordCount\":567,\"publisher\":{\"@id\":\"https:\\\/\\\/www.esplac.cat\\\/#organization\"},\"image\":{\"@id\":\"https:\\\/\\\/www.esplac.cat\\\/es\\\/cap-de-setmana-sectors-aixo-es-un-no-parar\\\/#primaryimage\"},\"thumbnailUrl\":\"https:\\\/\\\/www.esplac.cat\\\/wp-content\\\/uploads\\\/2019\\\/09\\\/portadafinde.jpg\",\"keywords\":[\"activitats\",\"assemblea\",\"cohesi\u00f3\",\"educaci\u00f3 popular\",\"esplai\",\"formaci\u00f3\",\"monis\",\"sectors\",\"transformaci\u00f3 social\"],\"articleSection\":[\"L\u00ednies pedag\u00f2giques\",\"Sense categoria\"],\"inLanguage\":\"es\"},{\"@type\":\"WebPage\",\"@id\":\"https:\\\/\\\/www.esplac.cat\\\/es\\\/cap-de-setmana-sectors-aixo-es-un-no-parar\\\/\",\"url\":\"https:\\\/\\\/www.esplac.cat\\\/es\\\/cap-de-setmana-sectors-aixo-es-un-no-parar\\\/\",\"name\":\"Cap de setmana d'activitats, aix\u00f2 \u00e9s un no parar! - Esplac\",\"isPartOf\":{\"@id\":\"https:\\\/\\\/www.esplac.cat\\\/#website\"},\"primaryImageOfPage\":{\"@id\":\"https:\\\/\\\/www.esplac.cat\\\/es\\\/cap-de-setmana-sectors-aixo-es-un-no-parar\\\/#primaryimage\"},\"image\":{\"@id\":\"https:\\\/\\\/www.esplac.cat\\\/es\\\/cap-de-setmana-sectors-aixo-es-un-no-parar\\\/#primaryimage\"},\"thumbnailUrl\":\"https:\\\/\\\/www.esplac.cat\\\/wp-content\\\/uploads\\\/2019\\\/09\\\/portadafinde.jpg\",\"datePublished\":\"2019-10-01T08:48:49+00:00\",\"dateModified\":\"2020-10-15T16:23:15+00:00\",\"breadcrumb\":{\"@id\":\"https:\\\/\\\/www.esplac.cat\\\/es\\\/cap-de-setmana-sectors-aixo-es-un-no-parar\\\/#breadcrumb\"},\"inLanguage\":\"es\",\"potentialAction\":[{\"@type\":\"ReadAction\",\"target\":[\"https:\\\/\\\/www.esplac.cat\\\/es\\\/cap-de-setmana-sectors-aixo-es-un-no-parar\\\/\"]}]},{\"@type\":\"ImageObject\",\"inLanguage\":\"es\",\"@id\":\"https:\\\/\\\/www.esplac.cat\\\/es\\\/cap-de-setmana-sectors-aixo-es-un-no-parar\\\/#primaryimage\",\"url\":\"https:\\\/\\\/www.esplac.cat\\\/wp-content\\\/uploads\\\/2019\\\/09\\\/portadafinde.jpg\",\"contentUrl\":\"https:\\\/\\\/www.esplac.cat\\\/wp-content\\\/uploads\\\/2019\\\/09\\\/portadafinde.jpg\",\"width\":847,\"height\":350},{\"@type\":\"BreadcrumbList\",\"@id\":\"https:\\\/\\\/www.esplac.cat\\\/es\\\/cap-de-setmana-sectors-aixo-es-un-no-parar\\\/#breadcrumb\",\"itemListElement\":[{\"@type\":\"ListItem\",\"position\":1,\"name\":\"Inici\",\"item\":\"https:\\\/\\\/www.esplac.cat\\\/es\\\/\"},{\"@type\":\"ListItem\",\"position\":2,\"name\":\"Cap de setmana d&#8217;activitats, aix\u00f2 \u00e9s un no parar!\"}]},{\"@type\":\"WebSite\",\"@id\":\"https:\\\/\\\/www.esplac.cat\\\/#website\",\"url\":\"https:\\\/\\\/www.esplac.cat\\\/\",\"name\":\"Esplac\",\"description\":\"Esplais Catalans\",\"publisher\":{\"@id\":\"https:\\\/\\\/www.esplac.cat\\\/#organization\"},\"potentialAction\":[{\"@type\":\"SearchAction\",\"target\":{\"@type\":\"EntryPoint\",\"urlTemplate\":\"https:\\\/\\\/www.esplac.cat\\\/?s={search_term_string}\"},\"query-input\":{\"@type\":\"PropertyValueSpecification\",\"valueRequired\":true,\"valueName\":\"search_term_string\"}}],\"inLanguage\":\"es\"},{\"@type\":\"Organization\",\"@id\":\"https:\\\/\\\/www.esplac.cat\\\/#organization\",\"name\":\"Esplac\",\"url\":\"https:\\\/\\\/www.esplac.cat\\\/\",\"logo\":{\"@type\":\"ImageObject\",\"inLanguage\":\"es\",\"@id\":\"https:\\\/\\\/www.esplac.cat\\\/#\\\/schema\\\/logo\\\/image\\\/\",\"url\":\"https:\\\/\\\/www.esplac.cat\\\/wp-content\\\/uploads\\\/2019\\\/08\\\/logox2.png\",\"contentUrl\":\"https:\\\/\\\/www.esplac.cat\\\/wp-content\\\/uploads\\\/2019\\\/08\\\/logox2.png\",\"width\":600,\"height\":295,\"caption\":\"Esplac\"},\"image\":{\"@id\":\"https:\\\/\\\/www.esplac.cat\\\/#\\\/schema\\\/logo\\\/image\\\/\"}},{\"@type\":\"Person\",\"@id\":\"https:\\\/\\\/www.esplac.cat\\\/#\\\/schema\\\/person\\\/908383cf240be18b68f8855d0583faca\",\"name\":\"Comunicaci\u00f3 Esplac\",\"image\":{\"@type\":\"ImageObject\",\"inLanguage\":\"es\",\"@id\":\"https:\\\/\\\/secure.gravatar.com\\\/avatar\\\/7a4cf8feb412a76ea4a740ca02d95b06b2907b5a6c648c2dd0a1082a093c3141?s=96&d=mm&r=g\",\"url\":\"https:\\\/\\\/secure.gravatar.com\\\/avatar\\\/7a4cf8feb412a76ea4a740ca02d95b06b2907b5a6c648c2dd0a1082a093c3141?s=96&d=mm&r=g\",\"contentUrl\":\"https:\\\/\\\/secure.gravatar.com\\\/avatar\\\/7a4cf8feb412a76ea4a740ca02d95b06b2907b5a6c648c2dd0a1082a093c3141?s=96&d=mm&r=g\",\"caption\":\"Comunicaci\u00f3 Esplac\"}}]}<\/script>\n<!-- \/ Yoast SEO plugin. -->","yoast_head_json":{"title":"Cap de setmana d'activitats, aix\u00f2 \u00e9s un no parar! - Esplac","robots":{"index":"index","follow":"follow","max-snippet":"max-snippet:-1","max-image-preview":"max-image-preview:large","max-video-preview":"max-video-preview:-1"},"canonical":"https:\/\/www.esplac.cat\/es\/cap-de-setmana-sectors-aixo-es-un-no-parar\/","og_locale":"es_ES","og_type":"article","og_title":"Cap de setmana d'activitats, aix\u00f2 \u00e9s un no parar! - Esplac","og_description":"Aquest passat cap de setmana, 28 i 29 de setembre, [&hellip;]","og_url":"https:\/\/www.esplac.cat\/es\/cap-de-setmana-sectors-aixo-es-un-no-parar\/","og_site_name":"Esplac","article_published_time":"2019-10-01T08:48:49+00:00","article_modified_time":"2020-10-15T16:23:15+00:00","og_image":[{"width":847,"height":350,"url":"https:\/\/www.esplac.cat\/wp-content\/uploads\/2019\/09\/portadafinde.jpg","type":"image\/jpeg"}],"author":"Comunicaci\u00f3 Esplac","twitter_card":"summary_large_image","twitter_misc":{"Escrito por":"Comunicaci\u00f3 Esplac","Tiempo de lectura":"3 minutos"},"schema":{"@context":"https:\/\/schema.org","@graph":[{"@type":"Article","@id":"https:\/\/www.esplac.cat\/es\/cap-de-setmana-sectors-aixo-es-un-no-parar\/#article","isPartOf":{"@id":"https:\/\/www.esplac.cat\/es\/cap-de-setmana-sectors-aixo-es-un-no-parar\/"},"author":{"name":"Comunicaci\u00f3 Esplac","@id":"https:\/\/www.esplac.cat\/#\/schema\/person\/908383cf240be18b68f8855d0583faca"},"headline":"Cap de setmana d&#8217;activitats, aix\u00f2 \u00e9s un no parar!","datePublished":"2019-10-01T08:48:49+00:00","dateModified":"2020-10-15T16:23:15+00:00","mainEntityOfPage":{"@id":"https:\/\/www.esplac.cat\/es\/cap-de-setmana-sectors-aixo-es-un-no-parar\/"},"wordCount":567,"publisher":{"@id":"https:\/\/www.esplac.cat\/#organization"},"image":{"@id":"https:\/\/www.esplac.cat\/es\/cap-de-setmana-sectors-aixo-es-un-no-parar\/#primaryimage"},"thumbnailUrl":"https:\/\/www.esplac.cat\/wp-content\/uploads\/2019\/09\/portadafinde.jpg","keywords":["activitats","assemblea","cohesi\u00f3","educaci\u00f3 popular","esplai","formaci\u00f3","monis","sectors","transformaci\u00f3 social"],"articleSection":["L\u00ednies pedag\u00f2giques","Sense categoria"],"inLanguage":"es"},{"@type":"WebPage","@id":"https:\/\/www.esplac.cat\/es\/cap-de-setmana-sectors-aixo-es-un-no-parar\/","url":"https:\/\/www.esplac.cat\/es\/cap-de-setmana-sectors-aixo-es-un-no-parar\/","name":"Cap de setmana d'activitats, aix\u00f2 \u00e9s un no parar! - Esplac","isPartOf":{"@id":"https:\/\/www.esplac.cat\/#website"},"primaryImageOfPage":{"@id":"https:\/\/www.esplac.cat\/es\/cap-de-setmana-sectors-aixo-es-un-no-parar\/#primaryimage"},"image":{"@id":"https:\/\/www.esplac.cat\/es\/cap-de-setmana-sectors-aixo-es-un-no-parar\/#primaryimage"},"thumbnailUrl":"https:\/\/www.esplac.cat\/wp-content\/uploads\/2019\/09\/portadafinde.jpg","datePublished":"2019-10-01T08:48:49+00:00","dateModified":"2020-10-15T16:23:15+00:00","breadcrumb":{"@id":"https:\/\/www.esplac.cat\/es\/cap-de-setmana-sectors-aixo-es-un-no-parar\/#breadcrumb"},"inLanguage":"es","potentialAction":[{"@type":"ReadAction","target":["https:\/\/www.esplac.cat\/es\/cap-de-setmana-sectors-aixo-es-un-no-parar\/"]}]},{"@type":"ImageObject","inLanguage":"es","@id":"https:\/\/www.esplac.cat\/es\/cap-de-setmana-sectors-aixo-es-un-no-parar\/#primaryimage","url":"https:\/\/www.esplac.cat\/wp-content\/uploads\/2019\/09\/portadafinde.jpg","contentUrl":"https:\/\/www.esplac.cat\/wp-content\/uploads\/2019\/09\/portadafinde.jpg","width":847,"height":350},{"@type":"BreadcrumbList","@id":"https:\/\/www.esplac.cat\/es\/cap-de-setmana-sectors-aixo-es-un-no-parar\/#breadcrumb","itemListElement":[{"@type":"ListItem","position":1,"name":"Inici","item":"https:\/\/www.esplac.cat\/es\/"},{"@type":"ListItem","position":2,"name":"Cap de setmana d&#8217;activitats, aix\u00f2 \u00e9s un no parar!"}]},{"@type":"WebSite","@id":"https:\/\/www.esplac.cat\/#website","url":"https:\/\/www.esplac.cat\/","name":"Esplac","description":"Esplais Catalans","publisher":{"@id":"https:\/\/www.esplac.cat\/#organization"},"potentialAction":[{"@type":"SearchAction","target":{"@type":"EntryPoint","urlTemplate":"https:\/\/www.esplac.cat\/?s={search_term_string}"},"query-input":{"@type":"PropertyValueSpecification","valueRequired":true,"valueName":"search_term_string"}}],"inLanguage":"es"},{"@type":"Organization","@id":"https:\/\/www.esplac.cat\/#organization","name":"Esplac","url":"https:\/\/www.esplac.cat\/","logo":{"@type":"ImageObject","inLanguage":"es","@id":"https:\/\/www.esplac.cat\/#\/schema\/logo\/image\/","url":"https:\/\/www.esplac.cat\/wp-content\/uploads\/2019\/08\/logox2.png","contentUrl":"https:\/\/www.esplac.cat\/wp-content\/uploads\/2019\/08\/logox2.png","width":600,"height":295,"caption":"Esplac"},"image":{"@id":"https:\/\/www.esplac.cat\/#\/schema\/logo\/image\/"}},{"@type":"Person","@id":"https:\/\/www.esplac.cat\/#\/schema\/person\/908383cf240be18b68f8855d0583faca","name":"Comunicaci\u00f3 Esplac","image":{"@type":"ImageObject","inLanguage":"es","@id":"https:\/\/secure.gravatar.com\/avatar\/7a4cf8feb412a76ea4a740ca02d95b06b2907b5a6c648c2dd0a1082a093c3141?s=96&d=mm&r=g","url":"https:\/\/secure.gravatar.com\/avatar\/7a4cf8feb412a76ea4a740ca02d95b06b2907b5a6c648c2dd0a1082a093c3141?s=96&d=mm&r=g","contentUrl":"https:\/\/secure.gravatar.com\/avatar\/7a4cf8feb412a76ea4a740ca02d95b06b2907b5a6c648c2dd0a1082a093c3141?s=96&d=mm&r=g","caption":"Comunicaci\u00f3 Esplac"}}]}},"_links":{"self":[{"href":"https:\/\/www.esplac.cat\/es\/wp-json\/wp\/v2\/posts\/26066","targetHints":{"allow":["GET"]}}],"collection":[{"href":"https:\/\/www.esplac.cat\/es\/wp-json\/wp\/v2\/posts"}],"about":[{"href":"https:\/\/www.esplac.cat\/es\/wp-json\/wp\/v2\/types\/post"}],"author":[{"embeddable":true,"href":"https:\/\/www.esplac.cat\/es\/wp-json\/wp\/v2\/users\/3"}],"replies":[{"embeddable":true,"href":"https:\/\/www.esplac.cat\/es\/wp-json\/wp\/v2\/comments?post=26066"}],"version-history":[{"count":0,"href":"https:\/\/www.esplac.cat\/es\/wp-json\/wp\/v2\/posts\/26066\/revisions"}],"wp:featuredmedia":[{"embeddable":true,"href":"https:\/\/www.esplac.cat\/es\/wp-json\/wp\/v2\/media\/26068"}],"wp:attachment":[{"href":"https:\/\/www.esplac.cat\/es\/wp-json\/wp\/v2\/media?parent=26066"}],"wp:term":[{"taxonomy":"category","embeddable":true,"href":"https:\/\/www.esplac.cat\/es\/wp-json\/wp\/v2\/categories?post=26066"},{"taxonomy":"post_tag","embeddable":true,"href":"https:\/\/www.esplac.cat\/es\/wp-json\/wp\/v2\/tags?post=26066"}],"curies":[{"name":"wp","href":"https:\/\/api.w.org\/{rel}","templated":true}]}}