{"id":27974,"date":"2019-11-20T17:37:03","date_gmt":"2019-11-20T16:37:03","guid":{"rendered":"https:\/\/www.esplac.cat\/?p=27974"},"modified":"2020-10-15T17:23:09","modified_gmt":"2020-10-15T16:23:09","slug":"drets-i-deures-20n","status":"publish","type":"post","link":"https:\/\/www.esplac.cat\/es\/drets-i-deures-20n\/","title":{"rendered":"Ens posem drets i ens posem deures"},"content":{"rendered":"<h4 style=\"text-align: justify;\">Queda aprovat el posicionament presentat pel projecte d&#8217;Inf\u00e0ncia d&#8217;Esplac en motiu del 20 N, Dia Universal dels Drets dels Infants.<\/h4>\n<p><span style=\"font-weight: 400;\">Els esplais d\u2019Esplac hem desenvolupat, entre febrer i juny de l\u2019any 2019, un proc\u00e9s participatiu en el qu\u00e8 hem respost una s\u00e8rie de preguntes per tal de recollir informaci\u00f3 sobre la pr\u00e0ctica dels drets de la inf\u00e0ncia i l\u2019adolesc\u00e8ncia. Amb 114 respostes obtingudes, elaborem un posicionament per definir quina perspectiva tenim partint de l\u2019opini\u00f3 de les persones que formen part dels equips dels esplais.\u00a0<\/span><\/p>\n<p><span style=\"font-weight: 400;\">La inf\u00e0ncia \u00e9s el primer per\u00edode de vida de les persones, entre el naixement i l\u2019inici de l\u2019adolesc\u00e8ncia; la joventut \u00e9s el per\u00edode entre l\u2019adolesc\u00e8ncia i l\u2019edat adulta. S\u00f3n etapes de creixement (personal, f\u00edsic, mental, social, espiritual\u2026), un per\u00edode essencial per adquirir est\u00edmuls, coneixements, valors, experi\u00e8ncies, conceptes, la cultura de l\u2019entorn i les eines per viure en societat i relacionar-se amb altres persones. Es desenvolupa la personalitat i es comen\u00e7a a formar un \u00e9sser amb identitat, de manera que l\u2019entorn influeix enormement. A nivell social, s\u2019ent\u00e9n com una etapa d&#8217;innoc\u00e8ncia, on divertir-se i jugar s\u00f3n un centre d\u2019aprenentatge continu per ser com vulguin ser.\u00a0<\/span><\/p>\n<p><span style=\"font-weight: 400;\">Veiem que a nivell global, els infants no tenen les mateixes oportunitats segons la seva situaci\u00f3 i que se\u2019ls presenten desigualtats de molts tipus: econ\u00f2miques, socials, de g\u00e8nere, de diversitat funcional, d\u2019oportunitats, d\u2019acc\u00e9s als recursos&#8230; Sovint els veiem amb un paper passiu i sotm\u00e8s a la voluntat de les persones adultes, i \u00e9s per aix\u00f2 que volem proposar un canvi de la mirada que tenim cap a la inf\u00e0ncia i la joventut: per Esplac, els infants s\u00f3n el centre i la base, s\u00f3n la ra\u00f3 de ser dels esplais. En aquesta l\u00ednia, des d\u2019Esplac vam redactar una resoluci\u00f3 on s\u2019analitzava el paper de la inf\u00e0ncia en la societat i la manca d\u2019espais de presa de decisions reals que hi ha, on es deixa fora del debat i de les decisions els agents als quals van dirigides les accions. Per exemple, els deixem fora quan dissenyem un parc que no compleix amb les necessitats i motivacions de la canalla del poble\/barri, sin\u00f3 amb el pla urban\u00edstic del municipi; o quan es creen consells d\u2019inf\u00e0ncia i adolesc\u00e8ncia que no s\u00f3n vinculants. Aquesta resoluci\u00f3 es pot consultar <\/span><strong><a href=\"https:\/\/esplac.cat\/wp-content\/uploads\/2019\/11\/R_adultcentrisme.pdf\">aqu\u00ed<\/a><\/strong> <span style=\"font-weight: 400;\">i s\u2019emmarca dins de les accions que des d\u2019Esplac ens proposem de cara a posar el focus en la inf\u00e0ncia, tot posant el debat sobre la taula i reconeixent a aquestes persones com agents amb opini\u00f3 i dret a la participaci\u00f3, a la presa de decisions; alhora que q\u00fcestionem el paper de les persones adultes en aquests processos.<\/span><\/p>\n<p><span style=\"font-weight: 400;\">La canalla a l\u2019esplai t\u00e9 l\u2019oportunitat de conviure en un espai de companyonia i d\u2019amor, on el lliure pensament i l\u2019educaci\u00f3 constructiva, acompanyada d\u2019equitat i cooperaci\u00f3, busquen la participaci\u00f3 activa, l\u2019autogesti\u00f3, la llibertat d\u2019opini\u00f3 i la creaci\u00f3 d\u2019espais on els protagonistes siguin els propis infants, reconeixent-los com un motor de canvi i confiant en qu\u00e8 les activitats que desenvolupem representen un aprenentatge continu i cr\u00edtic amb el m\u00f3n que els\/les envolta.<\/span><\/p>\n<p><span style=\"font-weight: 400;\">Sovint se\u2019ns presenten dificultats i sabem que hem de millorar. Per aix\u00f2, <strong>des d\u2019Esplac ens marquem una s\u00e8rie de reptes per tal que la inf\u00e0ncia sigui respectada i la concebem com un subjecte actiu<\/strong>:<\/span><\/p>\n<ul>\n<li style=\"font-weight: 400;\"><span style=\"font-weight: 400;\">Vetllar per una educaci\u00f3 en valors de qualitat, laica i progressista, creant espais de participaci\u00f3 infantil amb esperit cr\u00edtic, en perspectiva de g\u00e8nere, fomentant la inclusi\u00f3 de la diversitat, aix\u00ed com el respecte i la conservaci\u00f3 del medi ambient.<\/span><\/li>\n<li style=\"font-weight: 400;\"><span style=\"font-weight: 400;\">Entenem que l\u2019aprenentatge s\u2019adquireix amb l\u2019experi\u00e8ncia i volem fomentar l\u2019apoderament de la canalla a trav\u00e9s de l\u2019autoconeixement, promovent el desenvolupament de les seves pr\u00f2pies capacitats i habilitats.<\/span><\/li>\n<li style=\"font-weight: 400;\"><span style=\"font-weight: 400;\">Formar-nos, revisar les nostres pr\u00e0ctiques i prendre consci\u00e8ncia dels privilegis i les opressions presents, tot creant espais de desenvolupament social i personal.\u00a0<\/span><\/li>\n<li style=\"font-weight: 400;\"><span style=\"font-weight: 400;\">Desprendre\u2019ns de la visi\u00f3 adultcentrista, escoltar a l\u2019inf\u00e0ncia i donar-los el total protagonisme sobre les seves pr\u00f2pies decisions.<\/span><\/li>\n<li style=\"font-weight: 400;\"><span style=\"font-weight: 400;\">Buscar recursos per tal que les fam\u00edlies amb menys ingressos no siguin excloses per motius econ\u00f2mics: s\u2019ofereixen beques, es redueixen els preus, s\u2019ofereixen activitats sense cost i es fan activitats obertes a tothom.\u00a0<\/span><\/li>\n<li style=\"font-weight: 400;\"><span style=\"font-weight: 400;\">Acompanyar i respectar els ritmes de creixement i crear espais on els infants puguin tenir veu i opinar.\u00a0<\/span><\/li>\n<li style=\"font-weight: 400;\"><span style=\"font-weight: 400;\">Recon\u00e8ixer a la canalla com agents pol\u00edtics que poden prendre decisions, deixant lloc per a que puguin expressar-se, creant espais on les seves decisions siguin vinculants.<br \/>\n<\/span><\/li>\n<\/ul>\n<p>&nbsp;<\/p>\n<p style=\"text-align: justify;\"><em>**La votaci\u00f3, tal i com marca el protocol, s&#8217;ha fet a trav\u00e9s de l\u2019Era, i s&#8217;ha pogut votar del 20 d&#8217;octubre fins al 27 de novembre. Tots els esplais han pogut votar a favor, en blanc o en contra del text proposat. L\u2019acord per aprovar el posicionament ha estat pres per majoria absoluta (m\u00e9s vots a favor que la suma dels vots en contra i en blanc) i ha estat necessari, com a m\u00ednim, el vot del 20% del total dels esplais).<\/em><\/p>\n<p>&nbsp;<\/p>\n","protected":false},"excerpt":{"rendered":"<p>Queda aprovat el posicionament presentat pel projecte d&#8217;Inf\u00e0ncia d&#8217;Esplac en [&hellip;]<\/p>\n","protected":false},"author":3,"featured_media":28229,"comment_status":"closed","ping_status":"open","sticky":false,"template":"","format":"standard","meta":{"om_disable_all_campaigns":false,"_monsterinsights_skip_tracking":false,"_monsterinsights_sitenote_active":false,"_monsterinsights_sitenote_note":"","_monsterinsights_sitenote_category":0,"_uf_show_specific_survey":0,"_uf_disable_surveys":false,"footnotes":""},"categories":[1127],"tags":[375,45,376,1204],"class_list":["post-27974","post","type-post","status-publish","format-standard","has-post-thumbnail","hentry","category-comunicats-posicionaments","tag-20n","tag-drets-dels-infants","tag-dudi","tag-reptes"],"yoast_head":"<!-- This site is optimized with the Yoast SEO plugin v27.4 - https:\/\/yoast.com\/product\/yoast-seo-wordpress\/ -->\n<title>Ens posem drets i ens posem deures - Esplac<\/title>\n<meta name=\"robots\" content=\"index, follow, max-snippet:-1, max-image-preview:large, max-video-preview:-1\" \/>\n<link rel=\"canonical\" href=\"https:\/\/www.esplac.cat\/drets-i-deures-20n\/\" \/>\n<meta property=\"og:locale\" content=\"es_ES\" \/>\n<meta property=\"og:type\" content=\"article\" \/>\n<meta property=\"og:title\" content=\"Ens posem drets i ens posem deures - Esplac\" \/>\n<meta property=\"og:description\" content=\"Queda aprovat el posicionament presentat pel projecte d&#8217;Inf\u00e0ncia d&#8217;Esplac en [&hellip;]\" \/>\n<meta property=\"og:url\" content=\"https:\/\/www.esplac.cat\/drets-i-deures-20n\/\" \/>\n<meta property=\"og:site_name\" content=\"Esplac\" \/>\n<meta property=\"article:published_time\" content=\"2019-11-20T16:37:03+00:00\" \/>\n<meta property=\"article:modified_time\" content=\"2020-10-15T16:23:09+00:00\" \/>\n<meta property=\"og:image\" content=\"https:\/\/www.esplac.cat\/wp-content\/uploads\/2019\/11\/posicionament20n.png\" \/>\n\t<meta property=\"og:image:width\" content=\"847\" \/>\n\t<meta property=\"og:image:height\" content=\"350\" \/>\n\t<meta property=\"og:image:type\" content=\"image\/png\" \/>\n<meta name=\"author\" content=\"Comunicaci\u00f3 Esplac\" \/>\n<meta name=\"twitter:card\" content=\"summary_large_image\" \/>\n<meta name=\"twitter:label1\" content=\"Escrito por\" \/>\n\t<meta name=\"twitter:data1\" content=\"Comunicaci\u00f3 Esplac\" \/>\n\t<meta name=\"twitter:label2\" content=\"Tiempo de lectura\" \/>\n\t<meta name=\"twitter:data2\" content=\"4 minutos\" \/>\n<script type=\"application\/ld+json\" class=\"yoast-schema-graph\">{\"@context\":\"https:\\\/\\\/schema.org\",\"@graph\":[{\"@type\":\"Article\",\"@id\":\"https:\\\/\\\/www.esplac.cat\\\/drets-i-deures-20n\\\/#article\",\"isPartOf\":{\"@id\":\"https:\\\/\\\/www.esplac.cat\\\/drets-i-deures-20n\\\/\"},\"author\":{\"name\":\"Comunicaci\u00f3 Esplac\",\"@id\":\"https:\\\/\\\/www.esplac.cat\\\/#\\\/schema\\\/person\\\/908383cf240be18b68f8855d0583faca\"},\"headline\":\"Ens posem drets i ens posem deures\",\"datePublished\":\"2019-11-20T16:37:03+00:00\",\"dateModified\":\"2020-10-15T16:23:09+00:00\",\"mainEntityOfPage\":{\"@id\":\"https:\\\/\\\/www.esplac.cat\\\/drets-i-deures-20n\\\/\"},\"wordCount\":909,\"publisher\":{\"@id\":\"https:\\\/\\\/www.esplac.cat\\\/#organization\"},\"image\":{\"@id\":\"https:\\\/\\\/www.esplac.cat\\\/drets-i-deures-20n\\\/#primaryimage\"},\"thumbnailUrl\":\"https:\\\/\\\/www.esplac.cat\\\/wp-content\\\/uploads\\\/2019\\\/11\\\/posicionament20n.png\",\"keywords\":[\"20N\",\"drets dels infants\",\"DUDI\",\"reptes\"],\"articleSection\":[\"Comunicats i posicionaments\"],\"inLanguage\":\"es\"},{\"@type\":\"WebPage\",\"@id\":\"https:\\\/\\\/www.esplac.cat\\\/drets-i-deures-20n\\\/\",\"url\":\"https:\\\/\\\/www.esplac.cat\\\/drets-i-deures-20n\\\/\",\"name\":\"Ens posem drets i ens posem deures - Esplac\",\"isPartOf\":{\"@id\":\"https:\\\/\\\/www.esplac.cat\\\/#website\"},\"primaryImageOfPage\":{\"@id\":\"https:\\\/\\\/www.esplac.cat\\\/drets-i-deures-20n\\\/#primaryimage\"},\"image\":{\"@id\":\"https:\\\/\\\/www.esplac.cat\\\/drets-i-deures-20n\\\/#primaryimage\"},\"thumbnailUrl\":\"https:\\\/\\\/www.esplac.cat\\\/wp-content\\\/uploads\\\/2019\\\/11\\\/posicionament20n.png\",\"datePublished\":\"2019-11-20T16:37:03+00:00\",\"dateModified\":\"2020-10-15T16:23:09+00:00\",\"breadcrumb\":{\"@id\":\"https:\\\/\\\/www.esplac.cat\\\/drets-i-deures-20n\\\/#breadcrumb\"},\"inLanguage\":\"es\",\"potentialAction\":[{\"@type\":\"ReadAction\",\"target\":[\"https:\\\/\\\/www.esplac.cat\\\/drets-i-deures-20n\\\/\"]}]},{\"@type\":\"ImageObject\",\"inLanguage\":\"es\",\"@id\":\"https:\\\/\\\/www.esplac.cat\\\/drets-i-deures-20n\\\/#primaryimage\",\"url\":\"https:\\\/\\\/www.esplac.cat\\\/wp-content\\\/uploads\\\/2019\\\/11\\\/posicionament20n.png\",\"contentUrl\":\"https:\\\/\\\/www.esplac.cat\\\/wp-content\\\/uploads\\\/2019\\\/11\\\/posicionament20n.png\",\"width\":847,\"height\":350},{\"@type\":\"BreadcrumbList\",\"@id\":\"https:\\\/\\\/www.esplac.cat\\\/drets-i-deures-20n\\\/#breadcrumb\",\"itemListElement\":[{\"@type\":\"ListItem\",\"position\":1,\"name\":\"Inici\",\"item\":\"https:\\\/\\\/www.esplac.cat\\\/es\\\/\"},{\"@type\":\"ListItem\",\"position\":2,\"name\":\"Ens posem drets i ens posem deures\"}]},{\"@type\":\"WebSite\",\"@id\":\"https:\\\/\\\/www.esplac.cat\\\/#website\",\"url\":\"https:\\\/\\\/www.esplac.cat\\\/\",\"name\":\"Esplac\",\"description\":\"Esplais Catalans\",\"publisher\":{\"@id\":\"https:\\\/\\\/www.esplac.cat\\\/#organization\"},\"potentialAction\":[{\"@type\":\"SearchAction\",\"target\":{\"@type\":\"EntryPoint\",\"urlTemplate\":\"https:\\\/\\\/www.esplac.cat\\\/?s={search_term_string}\"},\"query-input\":{\"@type\":\"PropertyValueSpecification\",\"valueRequired\":true,\"valueName\":\"search_term_string\"}}],\"inLanguage\":\"es\"},{\"@type\":\"Organization\",\"@id\":\"https:\\\/\\\/www.esplac.cat\\\/#organization\",\"name\":\"Esplac\",\"url\":\"https:\\\/\\\/www.esplac.cat\\\/\",\"logo\":{\"@type\":\"ImageObject\",\"inLanguage\":\"es\",\"@id\":\"https:\\\/\\\/www.esplac.cat\\\/#\\\/schema\\\/logo\\\/image\\\/\",\"url\":\"https:\\\/\\\/www.esplac.cat\\\/wp-content\\\/uploads\\\/2019\\\/08\\\/logox2.png\",\"contentUrl\":\"https:\\\/\\\/www.esplac.cat\\\/wp-content\\\/uploads\\\/2019\\\/08\\\/logox2.png\",\"width\":600,\"height\":295,\"caption\":\"Esplac\"},\"image\":{\"@id\":\"https:\\\/\\\/www.esplac.cat\\\/#\\\/schema\\\/logo\\\/image\\\/\"}},{\"@type\":\"Person\",\"@id\":\"https:\\\/\\\/www.esplac.cat\\\/#\\\/schema\\\/person\\\/908383cf240be18b68f8855d0583faca\",\"name\":\"Comunicaci\u00f3 Esplac\",\"image\":{\"@type\":\"ImageObject\",\"inLanguage\":\"es\",\"@id\":\"https:\\\/\\\/secure.gravatar.com\\\/avatar\\\/7a4cf8feb412a76ea4a740ca02d95b06b2907b5a6c648c2dd0a1082a093c3141?s=96&d=mm&r=g\",\"url\":\"https:\\\/\\\/secure.gravatar.com\\\/avatar\\\/7a4cf8feb412a76ea4a740ca02d95b06b2907b5a6c648c2dd0a1082a093c3141?s=96&d=mm&r=g\",\"contentUrl\":\"https:\\\/\\\/secure.gravatar.com\\\/avatar\\\/7a4cf8feb412a76ea4a740ca02d95b06b2907b5a6c648c2dd0a1082a093c3141?s=96&d=mm&r=g\",\"caption\":\"Comunicaci\u00f3 Esplac\"}}]}<\/script>\n<!-- \/ Yoast SEO plugin. -->","yoast_head_json":{"title":"Ens posem drets i ens posem deures - Esplac","robots":{"index":"index","follow":"follow","max-snippet":"max-snippet:-1","max-image-preview":"max-image-preview:large","max-video-preview":"max-video-preview:-1"},"canonical":"https:\/\/www.esplac.cat\/drets-i-deures-20n\/","og_locale":"es_ES","og_type":"article","og_title":"Ens posem drets i ens posem deures - Esplac","og_description":"Queda aprovat el posicionament presentat pel projecte d&#8217;Inf\u00e0ncia d&#8217;Esplac en [&hellip;]","og_url":"https:\/\/www.esplac.cat\/drets-i-deures-20n\/","og_site_name":"Esplac","article_published_time":"2019-11-20T16:37:03+00:00","article_modified_time":"2020-10-15T16:23:09+00:00","og_image":[{"width":847,"height":350,"url":"https:\/\/www.esplac.cat\/wp-content\/uploads\/2019\/11\/posicionament20n.png","type":"image\/png"}],"author":"Comunicaci\u00f3 Esplac","twitter_card":"summary_large_image","twitter_misc":{"Escrito por":"Comunicaci\u00f3 Esplac","Tiempo de lectura":"4 minutos"},"schema":{"@context":"https:\/\/schema.org","@graph":[{"@type":"Article","@id":"https:\/\/www.esplac.cat\/drets-i-deures-20n\/#article","isPartOf":{"@id":"https:\/\/www.esplac.cat\/drets-i-deures-20n\/"},"author":{"name":"Comunicaci\u00f3 Esplac","@id":"https:\/\/www.esplac.cat\/#\/schema\/person\/908383cf240be18b68f8855d0583faca"},"headline":"Ens posem drets i ens posem deures","datePublished":"2019-11-20T16:37:03+00:00","dateModified":"2020-10-15T16:23:09+00:00","mainEntityOfPage":{"@id":"https:\/\/www.esplac.cat\/drets-i-deures-20n\/"},"wordCount":909,"publisher":{"@id":"https:\/\/www.esplac.cat\/#organization"},"image":{"@id":"https:\/\/www.esplac.cat\/drets-i-deures-20n\/#primaryimage"},"thumbnailUrl":"https:\/\/www.esplac.cat\/wp-content\/uploads\/2019\/11\/posicionament20n.png","keywords":["20N","drets dels infants","DUDI","reptes"],"articleSection":["Comunicats i posicionaments"],"inLanguage":"es"},{"@type":"WebPage","@id":"https:\/\/www.esplac.cat\/drets-i-deures-20n\/","url":"https:\/\/www.esplac.cat\/drets-i-deures-20n\/","name":"Ens posem drets i ens posem deures - Esplac","isPartOf":{"@id":"https:\/\/www.esplac.cat\/#website"},"primaryImageOfPage":{"@id":"https:\/\/www.esplac.cat\/drets-i-deures-20n\/#primaryimage"},"image":{"@id":"https:\/\/www.esplac.cat\/drets-i-deures-20n\/#primaryimage"},"thumbnailUrl":"https:\/\/www.esplac.cat\/wp-content\/uploads\/2019\/11\/posicionament20n.png","datePublished":"2019-11-20T16:37:03+00:00","dateModified":"2020-10-15T16:23:09+00:00","breadcrumb":{"@id":"https:\/\/www.esplac.cat\/drets-i-deures-20n\/#breadcrumb"},"inLanguage":"es","potentialAction":[{"@type":"ReadAction","target":["https:\/\/www.esplac.cat\/drets-i-deures-20n\/"]}]},{"@type":"ImageObject","inLanguage":"es","@id":"https:\/\/www.esplac.cat\/drets-i-deures-20n\/#primaryimage","url":"https:\/\/www.esplac.cat\/wp-content\/uploads\/2019\/11\/posicionament20n.png","contentUrl":"https:\/\/www.esplac.cat\/wp-content\/uploads\/2019\/11\/posicionament20n.png","width":847,"height":350},{"@type":"BreadcrumbList","@id":"https:\/\/www.esplac.cat\/drets-i-deures-20n\/#breadcrumb","itemListElement":[{"@type":"ListItem","position":1,"name":"Inici","item":"https:\/\/www.esplac.cat\/es\/"},{"@type":"ListItem","position":2,"name":"Ens posem drets i ens posem deures"}]},{"@type":"WebSite","@id":"https:\/\/www.esplac.cat\/#website","url":"https:\/\/www.esplac.cat\/","name":"Esplac","description":"Esplais Catalans","publisher":{"@id":"https:\/\/www.esplac.cat\/#organization"},"potentialAction":[{"@type":"SearchAction","target":{"@type":"EntryPoint","urlTemplate":"https:\/\/www.esplac.cat\/?s={search_term_string}"},"query-input":{"@type":"PropertyValueSpecification","valueRequired":true,"valueName":"search_term_string"}}],"inLanguage":"es"},{"@type":"Organization","@id":"https:\/\/www.esplac.cat\/#organization","name":"Esplac","url":"https:\/\/www.esplac.cat\/","logo":{"@type":"ImageObject","inLanguage":"es","@id":"https:\/\/www.esplac.cat\/#\/schema\/logo\/image\/","url":"https:\/\/www.esplac.cat\/wp-content\/uploads\/2019\/08\/logox2.png","contentUrl":"https:\/\/www.esplac.cat\/wp-content\/uploads\/2019\/08\/logox2.png","width":600,"height":295,"caption":"Esplac"},"image":{"@id":"https:\/\/www.esplac.cat\/#\/schema\/logo\/image\/"}},{"@type":"Person","@id":"https:\/\/www.esplac.cat\/#\/schema\/person\/908383cf240be18b68f8855d0583faca","name":"Comunicaci\u00f3 Esplac","image":{"@type":"ImageObject","inLanguage":"es","@id":"https:\/\/secure.gravatar.com\/avatar\/7a4cf8feb412a76ea4a740ca02d95b06b2907b5a6c648c2dd0a1082a093c3141?s=96&d=mm&r=g","url":"https:\/\/secure.gravatar.com\/avatar\/7a4cf8feb412a76ea4a740ca02d95b06b2907b5a6c648c2dd0a1082a093c3141?s=96&d=mm&r=g","contentUrl":"https:\/\/secure.gravatar.com\/avatar\/7a4cf8feb412a76ea4a740ca02d95b06b2907b5a6c648c2dd0a1082a093c3141?s=96&d=mm&r=g","caption":"Comunicaci\u00f3 Esplac"}}]}},"_links":{"self":[{"href":"https:\/\/www.esplac.cat\/es\/wp-json\/wp\/v2\/posts\/27974","targetHints":{"allow":["GET"]}}],"collection":[{"href":"https:\/\/www.esplac.cat\/es\/wp-json\/wp\/v2\/posts"}],"about":[{"href":"https:\/\/www.esplac.cat\/es\/wp-json\/wp\/v2\/types\/post"}],"author":[{"embeddable":true,"href":"https:\/\/www.esplac.cat\/es\/wp-json\/wp\/v2\/users\/3"}],"replies":[{"embeddable":true,"href":"https:\/\/www.esplac.cat\/es\/wp-json\/wp\/v2\/comments?post=27974"}],"version-history":[{"count":0,"href":"https:\/\/www.esplac.cat\/es\/wp-json\/wp\/v2\/posts\/27974\/revisions"}],"wp:featuredmedia":[{"embeddable":true,"href":"https:\/\/www.esplac.cat\/es\/wp-json\/wp\/v2\/media\/28229"}],"wp:attachment":[{"href":"https:\/\/www.esplac.cat\/es\/wp-json\/wp\/v2\/media?parent=27974"}],"wp:term":[{"taxonomy":"category","embeddable":true,"href":"https:\/\/www.esplac.cat\/es\/wp-json\/wp\/v2\/categories?post=27974"},{"taxonomy":"post_tag","embeddable":true,"href":"https:\/\/www.esplac.cat\/es\/wp-json\/wp\/v2\/tags?post=27974"}],"curies":[{"name":"wp","href":"https:\/\/api.w.org\/{rel}","templated":true}]}}