{"id":28765,"date":"2019-11-28T11:35:46","date_gmt":"2019-11-28T10:35:46","guid":{"rendered":"https:\/\/www.esplac.cat\/?p=28765"},"modified":"2020-10-15T17:23:07","modified_gmt":"2020-10-15T16:23:07","slug":"trobada-monitores-monitors-sector-barcelona-2019","status":"publish","type":"post","link":"https:\/\/www.esplac.cat\/es\/trobada-monitores-monitors-sector-barcelona-2019\/","title":{"rendered":"Trobada de monitores i monitors del Sector Barcelona 2019"},"content":{"rendered":"<h4>El cap de setmana del 9 i 10 de novembre es va celebrar la Trobada de Monitores i Monitors del Sector Barcelona a El Clar del Bosc, una casa de col\u00f2nies a prop de Banyoles.<\/h4>\n<p>El Sector Barcelona va fer la Trobada de Monis el passat cap de setmana 9 i 10 de novembre a Banyoles. Va ser un cap de setmana ple de formacions de tot tipus, cohesi\u00f3 entre esplais i coneixen\u00e7a de gent nova amb la finalitat d&#8217;enfortit les relacions entre tothom. <strong>Aquest any hi han assistit 14 esplais diferents, amb un total de 220 persones.<\/strong><\/p>\n<p>Despr\u00e9s del sopar de dissabte, cada any els esplais fan actuacions amb una tem\u00e0tica concreta. Aquest any la tem\u00e0tica va ser \u201cLa Creaci\u00f3\u201d i molts esplais van portar diferents obres de teatre, can\u00e7ons, danses&#8230;<\/p>\n<p>A m\u00e9s, a la nit del dissabte tamb\u00e9 es va fer una mica de nit de m\u00fasica gr\u00e0cies a algunes monitores dels esplais que es van animar a \u201cpunxar\u201d una estona. Aquesta activitat de sector, organitzada per una comissi\u00f3 formada per monitores dels esplais, \u00e9s una de les activitats m\u00e9s grans del sector i la que t\u00e9 m\u00e9s participaci\u00f3!<\/p>\n","protected":false},"excerpt":{"rendered":"<p>El cap de setmana del 9 i 10 de novembre [&hellip;]<\/p>\n","protected":false},"author":3,"featured_media":28770,"comment_status":"closed","ping_status":"open","sticky":false,"template":"","format":"standard","meta":{"om_disable_all_campaigns":false,"_monsterinsights_skip_tracking":false,"_monsterinsights_sitenote_active":false,"_monsterinsights_sitenote_note":"","_monsterinsights_sitenote_category":0,"_uf_show_specific_survey":0,"_uf_disable_surveys":false,"footnotes":""},"categories":[1128],"tags":[1213,481,627,1002,1214,1003,54,211,212,134,653],"class_list":["post-28765","post","type-post","status-publish","format-standard","has-post-thumbnail","hentry","category-sector-barcelona","tag-banyoles","tag-barcelona","tag-cohesio","tag-educacio-popular","tag-el-clar-del-bosc","tag-esplai","tag-formacio","tag-monitores","tag-monitors","tag-transformacio-social","tag-trobada"],"yoast_head":"<!-- This site is optimized with the Yoast SEO plugin v27.5 - https:\/\/yoast.com\/product\/yoast-seo-wordpress\/ -->\n<title>Trobada de monitores i monitors del Sector Barcelona 2019 - Esplac<\/title>\n<meta name=\"robots\" content=\"index, follow, max-snippet:-1, max-image-preview:large, max-video-preview:-1\" \/>\n<link rel=\"canonical\" href=\"https:\/\/www.esplac.cat\/en\/trobada-monitores-monitors-sector-barcelona-2019\/\" \/>\n<meta property=\"og:locale\" content=\"es_ES\" \/>\n<meta property=\"og:type\" content=\"article\" \/>\n<meta property=\"og:title\" content=\"Trobada de monitores i monitors del Sector Barcelona 2019 - Esplac\" \/>\n<meta property=\"og:description\" content=\"El cap de setmana del 9 i 10 de novembre [&hellip;]\" \/>\n<meta property=\"og:url\" content=\"https:\/\/www.esplac.cat\/en\/trobada-monitores-monitors-sector-barcelona-2019\/\" \/>\n<meta property=\"og:site_name\" content=\"Esplac\" \/>\n<meta property=\"article:published_time\" content=\"2019-11-28T10:35:46+00:00\" \/>\n<meta property=\"article:modified_time\" content=\"2020-10-15T16:23:07+00:00\" \/>\n<meta property=\"og:image\" content=\"https:\/\/www.esplac.cat\/wp-content\/uploads\/2019\/11\/portadaBCNtrobada-1.jpg\" \/>\n\t<meta property=\"og:image:width\" content=\"847\" \/>\n\t<meta property=\"og:image:height\" content=\"350\" \/>\n\t<meta property=\"og:image:type\" content=\"image\/jpeg\" \/>\n<meta name=\"author\" content=\"Comunicaci\u00f3 Esplac\" \/>\n<meta name=\"twitter:card\" content=\"summary_large_image\" \/>\n<meta name=\"twitter:label1\" content=\"Escrito por\" \/>\n\t<meta name=\"twitter:data1\" content=\"Comunicaci\u00f3 Esplac\" \/>\n\t<meta name=\"twitter:label2\" content=\"Tiempo de lectura\" \/>\n\t<meta name=\"twitter:data2\" content=\"1 minuto\" \/>\n<script type=\"application\/ld+json\" class=\"yoast-schema-graph\">{\"@context\":\"https:\\\/\\\/schema.org\",\"@graph\":[{\"@type\":\"Article\",\"@id\":\"https:\\\/\\\/www.esplac.cat\\\/en\\\/trobada-monitores-monitors-sector-barcelona-2019\\\/#article\",\"isPartOf\":{\"@id\":\"https:\\\/\\\/www.esplac.cat\\\/en\\\/trobada-monitores-monitors-sector-barcelona-2019\\\/\"},\"author\":{\"name\":\"Comunicaci\u00f3 Esplac\",\"@id\":\"https:\\\/\\\/www.esplac.cat\\\/#\\\/schema\\\/person\\\/908383cf240be18b68f8855d0583faca\"},\"headline\":\"Trobada de monitores i monitors del Sector Barcelona 2019\",\"datePublished\":\"2019-11-28T10:35:46+00:00\",\"dateModified\":\"2020-10-15T16:23:07+00:00\",\"mainEntityOfPage\":{\"@id\":\"https:\\\/\\\/www.esplac.cat\\\/en\\\/trobada-monitores-monitors-sector-barcelona-2019\\\/\"},\"wordCount\":205,\"publisher\":{\"@id\":\"https:\\\/\\\/www.esplac.cat\\\/#organization\"},\"image\":{\"@id\":\"https:\\\/\\\/www.esplac.cat\\\/en\\\/trobada-monitores-monitors-sector-barcelona-2019\\\/#primaryimage\"},\"thumbnailUrl\":\"https:\\\/\\\/www.esplac.cat\\\/wp-content\\\/uploads\\\/2019\\\/11\\\/portadaBCNtrobada-1.jpg\",\"keywords\":[\"Banyoles\",\"barcelona\",\"cohesi\u00f3\",\"educaci\u00f3 popular\",\"El Clar del Bosc\",\"esplai\",\"formaci\u00f3\",\"monitores\",\"monitors\",\"transformaci\u00f3 social\",\"trobada\"],\"articleSection\":[\"Sector Barcelona\"],\"inLanguage\":\"es\"},{\"@type\":\"WebPage\",\"@id\":\"https:\\\/\\\/www.esplac.cat\\\/en\\\/trobada-monitores-monitors-sector-barcelona-2019\\\/\",\"url\":\"https:\\\/\\\/www.esplac.cat\\\/en\\\/trobada-monitores-monitors-sector-barcelona-2019\\\/\",\"name\":\"Trobada de monitores i monitors del Sector Barcelona 2019 - Esplac\",\"isPartOf\":{\"@id\":\"https:\\\/\\\/www.esplac.cat\\\/#website\"},\"primaryImageOfPage\":{\"@id\":\"https:\\\/\\\/www.esplac.cat\\\/en\\\/trobada-monitores-monitors-sector-barcelona-2019\\\/#primaryimage\"},\"image\":{\"@id\":\"https:\\\/\\\/www.esplac.cat\\\/en\\\/trobada-monitores-monitors-sector-barcelona-2019\\\/#primaryimage\"},\"thumbnailUrl\":\"https:\\\/\\\/www.esplac.cat\\\/wp-content\\\/uploads\\\/2019\\\/11\\\/portadaBCNtrobada-1.jpg\",\"datePublished\":\"2019-11-28T10:35:46+00:00\",\"dateModified\":\"2020-10-15T16:23:07+00:00\",\"breadcrumb\":{\"@id\":\"https:\\\/\\\/www.esplac.cat\\\/en\\\/trobada-monitores-monitors-sector-barcelona-2019\\\/#breadcrumb\"},\"inLanguage\":\"es\",\"potentialAction\":[{\"@type\":\"ReadAction\",\"target\":[\"https:\\\/\\\/www.esplac.cat\\\/en\\\/trobada-monitores-monitors-sector-barcelona-2019\\\/\"]}]},{\"@type\":\"ImageObject\",\"inLanguage\":\"es\",\"@id\":\"https:\\\/\\\/www.esplac.cat\\\/en\\\/trobada-monitores-monitors-sector-barcelona-2019\\\/#primaryimage\",\"url\":\"https:\\\/\\\/www.esplac.cat\\\/wp-content\\\/uploads\\\/2019\\\/11\\\/portadaBCNtrobada-1.jpg\",\"contentUrl\":\"https:\\\/\\\/www.esplac.cat\\\/wp-content\\\/uploads\\\/2019\\\/11\\\/portadaBCNtrobada-1.jpg\",\"width\":847,\"height\":350},{\"@type\":\"BreadcrumbList\",\"@id\":\"https:\\\/\\\/www.esplac.cat\\\/en\\\/trobada-monitores-monitors-sector-barcelona-2019\\\/#breadcrumb\",\"itemListElement\":[{\"@type\":\"ListItem\",\"position\":1,\"name\":\"Inici\",\"item\":\"https:\\\/\\\/www.esplac.cat\\\/es\\\/\"},{\"@type\":\"ListItem\",\"position\":2,\"name\":\"Trobada de monitores i monitors del Sector Barcelona 2019\"}]},{\"@type\":\"WebSite\",\"@id\":\"https:\\\/\\\/www.esplac.cat\\\/#website\",\"url\":\"https:\\\/\\\/www.esplac.cat\\\/\",\"name\":\"Esplac\",\"description\":\"Esplais Catalans\",\"publisher\":{\"@id\":\"https:\\\/\\\/www.esplac.cat\\\/#organization\"},\"potentialAction\":[{\"@type\":\"SearchAction\",\"target\":{\"@type\":\"EntryPoint\",\"urlTemplate\":\"https:\\\/\\\/www.esplac.cat\\\/?s={search_term_string}\"},\"query-input\":{\"@type\":\"PropertyValueSpecification\",\"valueRequired\":true,\"valueName\":\"search_term_string\"}}],\"inLanguage\":\"es\"},{\"@type\":\"Organization\",\"@id\":\"https:\\\/\\\/www.esplac.cat\\\/#organization\",\"name\":\"Esplac\",\"url\":\"https:\\\/\\\/www.esplac.cat\\\/\",\"logo\":{\"@type\":\"ImageObject\",\"inLanguage\":\"es\",\"@id\":\"https:\\\/\\\/www.esplac.cat\\\/#\\\/schema\\\/logo\\\/image\\\/\",\"url\":\"https:\\\/\\\/www.esplac.cat\\\/wp-content\\\/uploads\\\/2019\\\/08\\\/logox2.png\",\"contentUrl\":\"https:\\\/\\\/www.esplac.cat\\\/wp-content\\\/uploads\\\/2019\\\/08\\\/logox2.png\",\"width\":600,\"height\":295,\"caption\":\"Esplac\"},\"image\":{\"@id\":\"https:\\\/\\\/www.esplac.cat\\\/#\\\/schema\\\/logo\\\/image\\\/\"}},{\"@type\":\"Person\",\"@id\":\"https:\\\/\\\/www.esplac.cat\\\/#\\\/schema\\\/person\\\/908383cf240be18b68f8855d0583faca\",\"name\":\"Comunicaci\u00f3 Esplac\",\"image\":{\"@type\":\"ImageObject\",\"inLanguage\":\"es\",\"@id\":\"https:\\\/\\\/secure.gravatar.com\\\/avatar\\\/7a4cf8feb412a76ea4a740ca02d95b06b2907b5a6c648c2dd0a1082a093c3141?s=96&d=mm&r=g\",\"url\":\"https:\\\/\\\/secure.gravatar.com\\\/avatar\\\/7a4cf8feb412a76ea4a740ca02d95b06b2907b5a6c648c2dd0a1082a093c3141?s=96&d=mm&r=g\",\"contentUrl\":\"https:\\\/\\\/secure.gravatar.com\\\/avatar\\\/7a4cf8feb412a76ea4a740ca02d95b06b2907b5a6c648c2dd0a1082a093c3141?s=96&d=mm&r=g\",\"caption\":\"Comunicaci\u00f3 Esplac\"}}]}<\/script>\n<!-- \/ Yoast SEO plugin. -->","yoast_head_json":{"title":"Trobada de monitores i monitors del Sector Barcelona 2019 - Esplac","robots":{"index":"index","follow":"follow","max-snippet":"max-snippet:-1","max-image-preview":"max-image-preview:large","max-video-preview":"max-video-preview:-1"},"canonical":"https:\/\/www.esplac.cat\/en\/trobada-monitores-monitors-sector-barcelona-2019\/","og_locale":"es_ES","og_type":"article","og_title":"Trobada de monitores i monitors del Sector Barcelona 2019 - Esplac","og_description":"El cap de setmana del 9 i 10 de novembre [&hellip;]","og_url":"https:\/\/www.esplac.cat\/en\/trobada-monitores-monitors-sector-barcelona-2019\/","og_site_name":"Esplac","article_published_time":"2019-11-28T10:35:46+00:00","article_modified_time":"2020-10-15T16:23:07+00:00","og_image":[{"width":847,"height":350,"url":"https:\/\/www.esplac.cat\/wp-content\/uploads\/2019\/11\/portadaBCNtrobada-1.jpg","type":"image\/jpeg"}],"author":"Comunicaci\u00f3 Esplac","twitter_card":"summary_large_image","twitter_misc":{"Escrito por":"Comunicaci\u00f3 Esplac","Tiempo de lectura":"1 minuto"},"schema":{"@context":"https:\/\/schema.org","@graph":[{"@type":"Article","@id":"https:\/\/www.esplac.cat\/en\/trobada-monitores-monitors-sector-barcelona-2019\/#article","isPartOf":{"@id":"https:\/\/www.esplac.cat\/en\/trobada-monitores-monitors-sector-barcelona-2019\/"},"author":{"name":"Comunicaci\u00f3 Esplac","@id":"https:\/\/www.esplac.cat\/#\/schema\/person\/908383cf240be18b68f8855d0583faca"},"headline":"Trobada de monitores i monitors del Sector Barcelona 2019","datePublished":"2019-11-28T10:35:46+00:00","dateModified":"2020-10-15T16:23:07+00:00","mainEntityOfPage":{"@id":"https:\/\/www.esplac.cat\/en\/trobada-monitores-monitors-sector-barcelona-2019\/"},"wordCount":205,"publisher":{"@id":"https:\/\/www.esplac.cat\/#organization"},"image":{"@id":"https:\/\/www.esplac.cat\/en\/trobada-monitores-monitors-sector-barcelona-2019\/#primaryimage"},"thumbnailUrl":"https:\/\/www.esplac.cat\/wp-content\/uploads\/2019\/11\/portadaBCNtrobada-1.jpg","keywords":["Banyoles","barcelona","cohesi\u00f3","educaci\u00f3 popular","El Clar del Bosc","esplai","formaci\u00f3","monitores","monitors","transformaci\u00f3 social","trobada"],"articleSection":["Sector Barcelona"],"inLanguage":"es"},{"@type":"WebPage","@id":"https:\/\/www.esplac.cat\/en\/trobada-monitores-monitors-sector-barcelona-2019\/","url":"https:\/\/www.esplac.cat\/en\/trobada-monitores-monitors-sector-barcelona-2019\/","name":"Trobada de monitores i monitors del Sector Barcelona 2019 - Esplac","isPartOf":{"@id":"https:\/\/www.esplac.cat\/#website"},"primaryImageOfPage":{"@id":"https:\/\/www.esplac.cat\/en\/trobada-monitores-monitors-sector-barcelona-2019\/#primaryimage"},"image":{"@id":"https:\/\/www.esplac.cat\/en\/trobada-monitores-monitors-sector-barcelona-2019\/#primaryimage"},"thumbnailUrl":"https:\/\/www.esplac.cat\/wp-content\/uploads\/2019\/11\/portadaBCNtrobada-1.jpg","datePublished":"2019-11-28T10:35:46+00:00","dateModified":"2020-10-15T16:23:07+00:00","breadcrumb":{"@id":"https:\/\/www.esplac.cat\/en\/trobada-monitores-monitors-sector-barcelona-2019\/#breadcrumb"},"inLanguage":"es","potentialAction":[{"@type":"ReadAction","target":["https:\/\/www.esplac.cat\/en\/trobada-monitores-monitors-sector-barcelona-2019\/"]}]},{"@type":"ImageObject","inLanguage":"es","@id":"https:\/\/www.esplac.cat\/en\/trobada-monitores-monitors-sector-barcelona-2019\/#primaryimage","url":"https:\/\/www.esplac.cat\/wp-content\/uploads\/2019\/11\/portadaBCNtrobada-1.jpg","contentUrl":"https:\/\/www.esplac.cat\/wp-content\/uploads\/2019\/11\/portadaBCNtrobada-1.jpg","width":847,"height":350},{"@type":"BreadcrumbList","@id":"https:\/\/www.esplac.cat\/en\/trobada-monitores-monitors-sector-barcelona-2019\/#breadcrumb","itemListElement":[{"@type":"ListItem","position":1,"name":"Inici","item":"https:\/\/www.esplac.cat\/es\/"},{"@type":"ListItem","position":2,"name":"Trobada de monitores i monitors del Sector Barcelona 2019"}]},{"@type":"WebSite","@id":"https:\/\/www.esplac.cat\/#website","url":"https:\/\/www.esplac.cat\/","name":"Esplac","description":"Esplais Catalans","publisher":{"@id":"https:\/\/www.esplac.cat\/#organization"},"potentialAction":[{"@type":"SearchAction","target":{"@type":"EntryPoint","urlTemplate":"https:\/\/www.esplac.cat\/?s={search_term_string}"},"query-input":{"@type":"PropertyValueSpecification","valueRequired":true,"valueName":"search_term_string"}}],"inLanguage":"es"},{"@type":"Organization","@id":"https:\/\/www.esplac.cat\/#organization","name":"Esplac","url":"https:\/\/www.esplac.cat\/","logo":{"@type":"ImageObject","inLanguage":"es","@id":"https:\/\/www.esplac.cat\/#\/schema\/logo\/image\/","url":"https:\/\/www.esplac.cat\/wp-content\/uploads\/2019\/08\/logox2.png","contentUrl":"https:\/\/www.esplac.cat\/wp-content\/uploads\/2019\/08\/logox2.png","width":600,"height":295,"caption":"Esplac"},"image":{"@id":"https:\/\/www.esplac.cat\/#\/schema\/logo\/image\/"}},{"@type":"Person","@id":"https:\/\/www.esplac.cat\/#\/schema\/person\/908383cf240be18b68f8855d0583faca","name":"Comunicaci\u00f3 Esplac","image":{"@type":"ImageObject","inLanguage":"es","@id":"https:\/\/secure.gravatar.com\/avatar\/7a4cf8feb412a76ea4a740ca02d95b06b2907b5a6c648c2dd0a1082a093c3141?s=96&d=mm&r=g","url":"https:\/\/secure.gravatar.com\/avatar\/7a4cf8feb412a76ea4a740ca02d95b06b2907b5a6c648c2dd0a1082a093c3141?s=96&d=mm&r=g","contentUrl":"https:\/\/secure.gravatar.com\/avatar\/7a4cf8feb412a76ea4a740ca02d95b06b2907b5a6c648c2dd0a1082a093c3141?s=96&d=mm&r=g","caption":"Comunicaci\u00f3 Esplac"}}]}},"_links":{"self":[{"href":"https:\/\/www.esplac.cat\/es\/wp-json\/wp\/v2\/posts\/28765","targetHints":{"allow":["GET"]}}],"collection":[{"href":"https:\/\/www.esplac.cat\/es\/wp-json\/wp\/v2\/posts"}],"about":[{"href":"https:\/\/www.esplac.cat\/es\/wp-json\/wp\/v2\/types\/post"}],"author":[{"embeddable":true,"href":"https:\/\/www.esplac.cat\/es\/wp-json\/wp\/v2\/users\/3"}],"replies":[{"embeddable":true,"href":"https:\/\/www.esplac.cat\/es\/wp-json\/wp\/v2\/comments?post=28765"}],"version-history":[{"count":0,"href":"https:\/\/www.esplac.cat\/es\/wp-json\/wp\/v2\/posts\/28765\/revisions"}],"wp:featuredmedia":[{"embeddable":true,"href":"https:\/\/www.esplac.cat\/es\/wp-json\/wp\/v2\/media\/28770"}],"wp:attachment":[{"href":"https:\/\/www.esplac.cat\/es\/wp-json\/wp\/v2\/media?parent=28765"}],"wp:term":[{"taxonomy":"category","embeddable":true,"href":"https:\/\/www.esplac.cat\/es\/wp-json\/wp\/v2\/categories?post=28765"},{"taxonomy":"post_tag","embeddable":true,"href":"https:\/\/www.esplac.cat\/es\/wp-json\/wp\/v2\/tags?post=28765"}],"curies":[{"name":"wp","href":"https:\/\/api.w.org\/{rel}","templated":true}]}}