{"id":29196,"date":"2019-12-09T10:06:20","date_gmt":"2019-12-09T09:06:20","guid":{"rendered":"https:\/\/www.esplac.cat\/?p=29196"},"modified":"2020-10-15T17:23:07","modified_gmt":"2020-10-15T16:23:07","slug":"cap-de-setmana-formacions-valles-occidental-barcelones-nord","status":"publish","type":"post","link":"https:\/\/www.esplac.cat\/es\/cap-de-setmana-formacions-valles-occidental-barcelones-nord\/","title":{"rendered":"Cap de setmana de formacions al Vall\u00e8s Occidental i al Barcelon\u00e8s Nord"},"content":{"rendered":"<h4>Cap de setmana ple de formacions al Sector Vall\u00e8s Occidental amb el Domingueo formatiu i, juntament amb el Barcelon\u00e8s Nord, el Curs d&#8217;Iniciaci\u00f3 al Monitoratge (CIM).<\/h4>\n<p>El primer cap de setmana de desembre el <strong>Sector Vall\u00e8s Occidental<\/strong> i el<strong> Barcelon\u00e8s Nord<\/strong> van realitzar el <strong>Curs d&#8217;Iniciaci\u00f3 al Monitoratge<\/strong> (CIM) a Castellbisbal.\u00a0 Van participar <strong>80 persones<\/strong> dels esplais Gatzara, Sarau, Bonaire, La Fera, Farfalla, Xirusplai i Gadgetoesplai. Pel mat\u00ed les i els joves es van coneixer amb din\u00e0miques i jocs de cohesi\u00f3, i a la tarda es van fer <strong>formacions d&#8217;educaci\u00f3 emocional, g\u00e8nere i ideari<\/strong>. Despr\u00e9s d&#8217;una llarga nit, diumenge es va fer una din\u00e0mica de valoraci\u00f3 i es van acomiadar. Despr\u00e9s d&#8217;un cap de setmana tan intens, tenen moltes ganes de tornar a trobar-se a la Trobada de Joves del sector (TJ)! <a href=\"https:\/\/youtu.be\/FsNtkXcOp3w\" target=\"_blank\" rel=\"noopener noreferrer\"><strong><span style=\"color: #ff9900;\">Aqu\u00ed<\/span><\/strong><\/a> podeu veure el v\u00eddeo que van fer d&#8217;aquest cap de setmana!!<\/p>\n<p>Per\u00f2 aix\u00f2 no \u00e9s tot&#8230; el mateix cap de setmana va tenir lloc el <strong>Domingueo formatiu del Sector Vall\u00e8s Occidental. <\/strong>El Vall\u00e8s Occidental ha comen\u00e7at el desembre amb el seva primera jornada de formaci\u00f3, on<strong> 30 persones<\/strong> dels esplais La Fera, Sarau, Pica-Roca, Farfalla, Gatzara a Sant Cugat del Vall\u00e8s s&#8217;han format sobre temes com <strong>treballar la mort i el dol i el Protocol de prevenci\u00f3 de viol\u00e8ncies masclistes<\/strong>. En aquesta primera edici\u00f3, es va organitzar un dinar de pinxos per poder cohesionar-se com a sector despr\u00e9s de les formacions. Van acabar molt animades esperant que sigui el primer Domingueo formatiu de molts!<\/p>\n<p><img decoding=\"async\" class=\"aligncenter wp-image-29204\" src=\"https:\/\/www.esplac.cat\/wp-content\/uploads\/2019\/12\/IMG_20191201_103512-300x225.jpg\" alt=\"\" width=\"360\" height=\"270\" srcset=\"https:\/\/www.esplac.cat\/wp-content\/uploads\/2019\/12\/IMG_20191201_103512-200x150.jpg 200w, https:\/\/www.esplac.cat\/wp-content\/uploads\/2019\/12\/IMG_20191201_103512-300x225.jpg 300w, https:\/\/www.esplac.cat\/wp-content\/uploads\/2019\/12\/IMG_20191201_103512-400x300.jpg 400w, https:\/\/www.esplac.cat\/wp-content\/uploads\/2019\/12\/IMG_20191201_103512-600x450.jpg 600w, https:\/\/www.esplac.cat\/wp-content\/uploads\/2019\/12\/IMG_20191201_103512-768x576.jpg 768w, https:\/\/www.esplac.cat\/wp-content\/uploads\/2019\/12\/IMG_20191201_103512-800x600.jpg 800w, https:\/\/www.esplac.cat\/wp-content\/uploads\/2019\/12\/IMG_20191201_103512-1024x768.jpg 1024w, https:\/\/www.esplac.cat\/wp-content\/uploads\/2019\/12\/IMG_20191201_103512-1200x900.jpg 1200w, https:\/\/www.esplac.cat\/wp-content\/uploads\/2019\/12\/IMG_20191201_103512-1536x1152.jpg 1536w\" sizes=\"(max-width: 360px) 100vw, 360px\" \/><\/p>\n<p><img decoding=\"async\" class=\"aligncenter wp-image-29207\" src=\"https:\/\/www.esplac.cat\/wp-content\/uploads\/2019\/12\/IMG_20191201_103539-300x225.jpg\" alt=\"\" width=\"359\" height=\"269\" srcset=\"https:\/\/www.esplac.cat\/wp-content\/uploads\/2019\/12\/IMG_20191201_103539-200x150.jpg 200w, https:\/\/www.esplac.cat\/wp-content\/uploads\/2019\/12\/IMG_20191201_103539-300x225.jpg 300w, https:\/\/www.esplac.cat\/wp-content\/uploads\/2019\/12\/IMG_20191201_103539-400x300.jpg 400w, https:\/\/www.esplac.cat\/wp-content\/uploads\/2019\/12\/IMG_20191201_103539-600x450.jpg 600w, https:\/\/www.esplac.cat\/wp-content\/uploads\/2019\/12\/IMG_20191201_103539-768x576.jpg 768w, https:\/\/www.esplac.cat\/wp-content\/uploads\/2019\/12\/IMG_20191201_103539-800x600.jpg 800w, https:\/\/www.esplac.cat\/wp-content\/uploads\/2019\/12\/IMG_20191201_103539-1024x768.jpg 1024w, https:\/\/www.esplac.cat\/wp-content\/uploads\/2019\/12\/IMG_20191201_103539-1200x900.jpg 1200w, https:\/\/www.esplac.cat\/wp-content\/uploads\/2019\/12\/IMG_20191201_103539-1536x1152.jpg 1536w\" sizes=\"(max-width: 359px) 100vw, 359px\" \/><\/p>\n","protected":false},"excerpt":{"rendered":"<p>Cap de setmana ple de formacions al Sector Vall\u00e8s Occidental [&hellip;]<\/p>\n","protected":false},"author":3,"featured_media":29200,"comment_status":"closed","ping_status":"open","sticky":false,"template":"","format":"standard","meta":{"om_disable_all_campaigns":false,"_monsterinsights_skip_tracking":false,"_monsterinsights_sitenote_active":false,"_monsterinsights_sitenote_note":"","_monsterinsights_sitenote_category":0,"_uf_show_specific_survey":0,"_uf_disable_surveys":false,"footnotes":""},"categories":[1132,1118],"tags":[],"class_list":["post-29196","post","type-post","status-publish","format-standard","has-post-thumbnail","hentry","category-baix-besos","category-sector-valles-occidental-activitats-sectors"],"yoast_head":"<!-- This site is optimized with the Yoast SEO plugin v27.5 - https:\/\/yoast.com\/product\/yoast-seo-wordpress\/ -->\n<title>Cap de setmana de formacions al Vall\u00e8s Occidental i al Barcelon\u00e8s Nord - Esplac<\/title>\n<meta name=\"robots\" content=\"index, follow, max-snippet:-1, max-image-preview:large, max-video-preview:-1\" \/>\n<link rel=\"canonical\" href=\"https:\/\/www.esplac.cat\/cap-de-setmana-formacions-valles-occidental-barcelones-nord\/\" \/>\n<meta property=\"og:locale\" content=\"es_ES\" \/>\n<meta property=\"og:type\" content=\"article\" \/>\n<meta property=\"og:title\" content=\"Cap de setmana de formacions al Vall\u00e8s Occidental i al Barcelon\u00e8s Nord - Esplac\" \/>\n<meta property=\"og:description\" content=\"Cap de setmana ple de formacions al Sector Vall\u00e8s Occidental [&hellip;]\" \/>\n<meta property=\"og:url\" content=\"https:\/\/www.esplac.cat\/cap-de-setmana-formacions-valles-occidental-barcelones-nord\/\" \/>\n<meta property=\"og:site_name\" content=\"Esplac\" \/>\n<meta property=\"article:published_time\" content=\"2019-12-09T09:06:20+00:00\" \/>\n<meta property=\"article:modified_time\" content=\"2020-10-15T16:23:07+00:00\" \/>\n<meta property=\"og:image\" content=\"https:\/\/www.esplac.cat\/wp-content\/uploads\/2019\/12\/portadaVOCBCNn.jpg\" \/>\n\t<meta property=\"og:image:width\" content=\"847\" \/>\n\t<meta property=\"og:image:height\" content=\"350\" \/>\n\t<meta property=\"og:image:type\" content=\"image\/jpeg\" \/>\n<meta name=\"author\" content=\"Comunicaci\u00f3 Esplac\" \/>\n<meta name=\"twitter:card\" content=\"summary_large_image\" \/>\n<meta name=\"twitter:label1\" content=\"Escrito por\" \/>\n\t<meta name=\"twitter:data1\" content=\"Comunicaci\u00f3 Esplac\" \/>\n\t<meta name=\"twitter:label2\" content=\"Tiempo de lectura\" \/>\n\t<meta name=\"twitter:data2\" content=\"1 minuto\" \/>\n<script type=\"application\/ld+json\" class=\"yoast-schema-graph\">{\"@context\":\"https:\\\/\\\/schema.org\",\"@graph\":[{\"@type\":\"Article\",\"@id\":\"https:\\\/\\\/www.esplac.cat\\\/cap-de-setmana-formacions-valles-occidental-barcelones-nord\\\/#article\",\"isPartOf\":{\"@id\":\"https:\\\/\\\/www.esplac.cat\\\/cap-de-setmana-formacions-valles-occidental-barcelones-nord\\\/\"},\"author\":{\"name\":\"Comunicaci\u00f3 Esplac\",\"@id\":\"https:\\\/\\\/www.esplac.cat\\\/#\\\/schema\\\/person\\\/908383cf240be18b68f8855d0583faca\"},\"headline\":\"Cap de setmana de formacions al Vall\u00e8s Occidental i al Barcelon\u00e8s Nord\",\"datePublished\":\"2019-12-09T09:06:20+00:00\",\"dateModified\":\"2020-10-15T16:23:07+00:00\",\"mainEntityOfPage\":{\"@id\":\"https:\\\/\\\/www.esplac.cat\\\/cap-de-setmana-formacions-valles-occidental-barcelones-nord\\\/\"},\"wordCount\":282,\"publisher\":{\"@id\":\"https:\\\/\\\/www.esplac.cat\\\/#organization\"},\"image\":{\"@id\":\"https:\\\/\\\/www.esplac.cat\\\/cap-de-setmana-formacions-valles-occidental-barcelones-nord\\\/#primaryimage\"},\"thumbnailUrl\":\"https:\\\/\\\/www.esplac.cat\\\/wp-content\\\/uploads\\\/2019\\\/12\\\/portadaVOCBCNn.jpg\",\"articleSection\":[\"Sector Baix Bes\u00f2s\",\"Sector Vall\u00e8s Occidental\"],\"inLanguage\":\"es\"},{\"@type\":\"WebPage\",\"@id\":\"https:\\\/\\\/www.esplac.cat\\\/cap-de-setmana-formacions-valles-occidental-barcelones-nord\\\/\",\"url\":\"https:\\\/\\\/www.esplac.cat\\\/cap-de-setmana-formacions-valles-occidental-barcelones-nord\\\/\",\"name\":\"Cap de setmana de formacions al Vall\u00e8s Occidental i al Barcelon\u00e8s Nord - Esplac\",\"isPartOf\":{\"@id\":\"https:\\\/\\\/www.esplac.cat\\\/#website\"},\"primaryImageOfPage\":{\"@id\":\"https:\\\/\\\/www.esplac.cat\\\/cap-de-setmana-formacions-valles-occidental-barcelones-nord\\\/#primaryimage\"},\"image\":{\"@id\":\"https:\\\/\\\/www.esplac.cat\\\/cap-de-setmana-formacions-valles-occidental-barcelones-nord\\\/#primaryimage\"},\"thumbnailUrl\":\"https:\\\/\\\/www.esplac.cat\\\/wp-content\\\/uploads\\\/2019\\\/12\\\/portadaVOCBCNn.jpg\",\"datePublished\":\"2019-12-09T09:06:20+00:00\",\"dateModified\":\"2020-10-15T16:23:07+00:00\",\"breadcrumb\":{\"@id\":\"https:\\\/\\\/www.esplac.cat\\\/cap-de-setmana-formacions-valles-occidental-barcelones-nord\\\/#breadcrumb\"},\"inLanguage\":\"es\",\"potentialAction\":[{\"@type\":\"ReadAction\",\"target\":[\"https:\\\/\\\/www.esplac.cat\\\/cap-de-setmana-formacions-valles-occidental-barcelones-nord\\\/\"]}]},{\"@type\":\"ImageObject\",\"inLanguage\":\"es\",\"@id\":\"https:\\\/\\\/www.esplac.cat\\\/cap-de-setmana-formacions-valles-occidental-barcelones-nord\\\/#primaryimage\",\"url\":\"https:\\\/\\\/www.esplac.cat\\\/wp-content\\\/uploads\\\/2019\\\/12\\\/portadaVOCBCNn.jpg\",\"contentUrl\":\"https:\\\/\\\/www.esplac.cat\\\/wp-content\\\/uploads\\\/2019\\\/12\\\/portadaVOCBCNn.jpg\",\"width\":847,\"height\":350},{\"@type\":\"BreadcrumbList\",\"@id\":\"https:\\\/\\\/www.esplac.cat\\\/cap-de-setmana-formacions-valles-occidental-barcelones-nord\\\/#breadcrumb\",\"itemListElement\":[{\"@type\":\"ListItem\",\"position\":1,\"name\":\"Inici\",\"item\":\"https:\\\/\\\/www.esplac.cat\\\/es\\\/\"},{\"@type\":\"ListItem\",\"position\":2,\"name\":\"Cap de setmana de formacions al Vall\u00e8s Occidental i al Barcelon\u00e8s Nord\"}]},{\"@type\":\"WebSite\",\"@id\":\"https:\\\/\\\/www.esplac.cat\\\/#website\",\"url\":\"https:\\\/\\\/www.esplac.cat\\\/\",\"name\":\"Esplac\",\"description\":\"Esplais Catalans\",\"publisher\":{\"@id\":\"https:\\\/\\\/www.esplac.cat\\\/#organization\"},\"potentialAction\":[{\"@type\":\"SearchAction\",\"target\":{\"@type\":\"EntryPoint\",\"urlTemplate\":\"https:\\\/\\\/www.esplac.cat\\\/?s={search_term_string}\"},\"query-input\":{\"@type\":\"PropertyValueSpecification\",\"valueRequired\":true,\"valueName\":\"search_term_string\"}}],\"inLanguage\":\"es\"},{\"@type\":\"Organization\",\"@id\":\"https:\\\/\\\/www.esplac.cat\\\/#organization\",\"name\":\"Esplac\",\"url\":\"https:\\\/\\\/www.esplac.cat\\\/\",\"logo\":{\"@type\":\"ImageObject\",\"inLanguage\":\"es\",\"@id\":\"https:\\\/\\\/www.esplac.cat\\\/#\\\/schema\\\/logo\\\/image\\\/\",\"url\":\"https:\\\/\\\/www.esplac.cat\\\/wp-content\\\/uploads\\\/2019\\\/08\\\/logox2.png\",\"contentUrl\":\"https:\\\/\\\/www.esplac.cat\\\/wp-content\\\/uploads\\\/2019\\\/08\\\/logox2.png\",\"width\":600,\"height\":295,\"caption\":\"Esplac\"},\"image\":{\"@id\":\"https:\\\/\\\/www.esplac.cat\\\/#\\\/schema\\\/logo\\\/image\\\/\"}},{\"@type\":\"Person\",\"@id\":\"https:\\\/\\\/www.esplac.cat\\\/#\\\/schema\\\/person\\\/908383cf240be18b68f8855d0583faca\",\"name\":\"Comunicaci\u00f3 Esplac\",\"image\":{\"@type\":\"ImageObject\",\"inLanguage\":\"es\",\"@id\":\"https:\\\/\\\/secure.gravatar.com\\\/avatar\\\/7a4cf8feb412a76ea4a740ca02d95b06b2907b5a6c648c2dd0a1082a093c3141?s=96&d=mm&r=g\",\"url\":\"https:\\\/\\\/secure.gravatar.com\\\/avatar\\\/7a4cf8feb412a76ea4a740ca02d95b06b2907b5a6c648c2dd0a1082a093c3141?s=96&d=mm&r=g\",\"contentUrl\":\"https:\\\/\\\/secure.gravatar.com\\\/avatar\\\/7a4cf8feb412a76ea4a740ca02d95b06b2907b5a6c648c2dd0a1082a093c3141?s=96&d=mm&r=g\",\"caption\":\"Comunicaci\u00f3 Esplac\"}}]}<\/script>\n<!-- \/ Yoast SEO plugin. -->","yoast_head_json":{"title":"Cap de setmana de formacions al Vall\u00e8s Occidental i al Barcelon\u00e8s Nord - Esplac","robots":{"index":"index","follow":"follow","max-snippet":"max-snippet:-1","max-image-preview":"max-image-preview:large","max-video-preview":"max-video-preview:-1"},"canonical":"https:\/\/www.esplac.cat\/cap-de-setmana-formacions-valles-occidental-barcelones-nord\/","og_locale":"es_ES","og_type":"article","og_title":"Cap de setmana de formacions al Vall\u00e8s Occidental i al Barcelon\u00e8s Nord - Esplac","og_description":"Cap de setmana ple de formacions al Sector Vall\u00e8s Occidental [&hellip;]","og_url":"https:\/\/www.esplac.cat\/cap-de-setmana-formacions-valles-occidental-barcelones-nord\/","og_site_name":"Esplac","article_published_time":"2019-12-09T09:06:20+00:00","article_modified_time":"2020-10-15T16:23:07+00:00","og_image":[{"width":847,"height":350,"url":"https:\/\/www.esplac.cat\/wp-content\/uploads\/2019\/12\/portadaVOCBCNn.jpg","type":"image\/jpeg"}],"author":"Comunicaci\u00f3 Esplac","twitter_card":"summary_large_image","twitter_misc":{"Escrito por":"Comunicaci\u00f3 Esplac","Tiempo de lectura":"1 minuto"},"schema":{"@context":"https:\/\/schema.org","@graph":[{"@type":"Article","@id":"https:\/\/www.esplac.cat\/cap-de-setmana-formacions-valles-occidental-barcelones-nord\/#article","isPartOf":{"@id":"https:\/\/www.esplac.cat\/cap-de-setmana-formacions-valles-occidental-barcelones-nord\/"},"author":{"name":"Comunicaci\u00f3 Esplac","@id":"https:\/\/www.esplac.cat\/#\/schema\/person\/908383cf240be18b68f8855d0583faca"},"headline":"Cap de setmana de formacions al Vall\u00e8s Occidental i al Barcelon\u00e8s Nord","datePublished":"2019-12-09T09:06:20+00:00","dateModified":"2020-10-15T16:23:07+00:00","mainEntityOfPage":{"@id":"https:\/\/www.esplac.cat\/cap-de-setmana-formacions-valles-occidental-barcelones-nord\/"},"wordCount":282,"publisher":{"@id":"https:\/\/www.esplac.cat\/#organization"},"image":{"@id":"https:\/\/www.esplac.cat\/cap-de-setmana-formacions-valles-occidental-barcelones-nord\/#primaryimage"},"thumbnailUrl":"https:\/\/www.esplac.cat\/wp-content\/uploads\/2019\/12\/portadaVOCBCNn.jpg","articleSection":["Sector Baix Bes\u00f2s","Sector Vall\u00e8s Occidental"],"inLanguage":"es"},{"@type":"WebPage","@id":"https:\/\/www.esplac.cat\/cap-de-setmana-formacions-valles-occidental-barcelones-nord\/","url":"https:\/\/www.esplac.cat\/cap-de-setmana-formacions-valles-occidental-barcelones-nord\/","name":"Cap de setmana de formacions al Vall\u00e8s Occidental i al Barcelon\u00e8s Nord - Esplac","isPartOf":{"@id":"https:\/\/www.esplac.cat\/#website"},"primaryImageOfPage":{"@id":"https:\/\/www.esplac.cat\/cap-de-setmana-formacions-valles-occidental-barcelones-nord\/#primaryimage"},"image":{"@id":"https:\/\/www.esplac.cat\/cap-de-setmana-formacions-valles-occidental-barcelones-nord\/#primaryimage"},"thumbnailUrl":"https:\/\/www.esplac.cat\/wp-content\/uploads\/2019\/12\/portadaVOCBCNn.jpg","datePublished":"2019-12-09T09:06:20+00:00","dateModified":"2020-10-15T16:23:07+00:00","breadcrumb":{"@id":"https:\/\/www.esplac.cat\/cap-de-setmana-formacions-valles-occidental-barcelones-nord\/#breadcrumb"},"inLanguage":"es","potentialAction":[{"@type":"ReadAction","target":["https:\/\/www.esplac.cat\/cap-de-setmana-formacions-valles-occidental-barcelones-nord\/"]}]},{"@type":"ImageObject","inLanguage":"es","@id":"https:\/\/www.esplac.cat\/cap-de-setmana-formacions-valles-occidental-barcelones-nord\/#primaryimage","url":"https:\/\/www.esplac.cat\/wp-content\/uploads\/2019\/12\/portadaVOCBCNn.jpg","contentUrl":"https:\/\/www.esplac.cat\/wp-content\/uploads\/2019\/12\/portadaVOCBCNn.jpg","width":847,"height":350},{"@type":"BreadcrumbList","@id":"https:\/\/www.esplac.cat\/cap-de-setmana-formacions-valles-occidental-barcelones-nord\/#breadcrumb","itemListElement":[{"@type":"ListItem","position":1,"name":"Inici","item":"https:\/\/www.esplac.cat\/es\/"},{"@type":"ListItem","position":2,"name":"Cap de setmana de formacions al Vall\u00e8s Occidental i al Barcelon\u00e8s Nord"}]},{"@type":"WebSite","@id":"https:\/\/www.esplac.cat\/#website","url":"https:\/\/www.esplac.cat\/","name":"Esplac","description":"Esplais Catalans","publisher":{"@id":"https:\/\/www.esplac.cat\/#organization"},"potentialAction":[{"@type":"SearchAction","target":{"@type":"EntryPoint","urlTemplate":"https:\/\/www.esplac.cat\/?s={search_term_string}"},"query-input":{"@type":"PropertyValueSpecification","valueRequired":true,"valueName":"search_term_string"}}],"inLanguage":"es"},{"@type":"Organization","@id":"https:\/\/www.esplac.cat\/#organization","name":"Esplac","url":"https:\/\/www.esplac.cat\/","logo":{"@type":"ImageObject","inLanguage":"es","@id":"https:\/\/www.esplac.cat\/#\/schema\/logo\/image\/","url":"https:\/\/www.esplac.cat\/wp-content\/uploads\/2019\/08\/logox2.png","contentUrl":"https:\/\/www.esplac.cat\/wp-content\/uploads\/2019\/08\/logox2.png","width":600,"height":295,"caption":"Esplac"},"image":{"@id":"https:\/\/www.esplac.cat\/#\/schema\/logo\/image\/"}},{"@type":"Person","@id":"https:\/\/www.esplac.cat\/#\/schema\/person\/908383cf240be18b68f8855d0583faca","name":"Comunicaci\u00f3 Esplac","image":{"@type":"ImageObject","inLanguage":"es","@id":"https:\/\/secure.gravatar.com\/avatar\/7a4cf8feb412a76ea4a740ca02d95b06b2907b5a6c648c2dd0a1082a093c3141?s=96&d=mm&r=g","url":"https:\/\/secure.gravatar.com\/avatar\/7a4cf8feb412a76ea4a740ca02d95b06b2907b5a6c648c2dd0a1082a093c3141?s=96&d=mm&r=g","contentUrl":"https:\/\/secure.gravatar.com\/avatar\/7a4cf8feb412a76ea4a740ca02d95b06b2907b5a6c648c2dd0a1082a093c3141?s=96&d=mm&r=g","caption":"Comunicaci\u00f3 Esplac"}}]}},"_links":{"self":[{"href":"https:\/\/www.esplac.cat\/es\/wp-json\/wp\/v2\/posts\/29196","targetHints":{"allow":["GET"]}}],"collection":[{"href":"https:\/\/www.esplac.cat\/es\/wp-json\/wp\/v2\/posts"}],"about":[{"href":"https:\/\/www.esplac.cat\/es\/wp-json\/wp\/v2\/types\/post"}],"author":[{"embeddable":true,"href":"https:\/\/www.esplac.cat\/es\/wp-json\/wp\/v2\/users\/3"}],"replies":[{"embeddable":true,"href":"https:\/\/www.esplac.cat\/es\/wp-json\/wp\/v2\/comments?post=29196"}],"version-history":[{"count":0,"href":"https:\/\/www.esplac.cat\/es\/wp-json\/wp\/v2\/posts\/29196\/revisions"}],"wp:featuredmedia":[{"embeddable":true,"href":"https:\/\/www.esplac.cat\/es\/wp-json\/wp\/v2\/media\/29200"}],"wp:attachment":[{"href":"https:\/\/www.esplac.cat\/es\/wp-json\/wp\/v2\/media?parent=29196"}],"wp:term":[{"taxonomy":"category","embeddable":true,"href":"https:\/\/www.esplac.cat\/es\/wp-json\/wp\/v2\/categories?post=29196"},{"taxonomy":"post_tag","embeddable":true,"href":"https:\/\/www.esplac.cat\/es\/wp-json\/wp\/v2\/tags?post=29196"}],"curies":[{"name":"wp","href":"https:\/\/api.w.org\/{rel}","templated":true}]}}