{"id":29406,"date":"2019-12-11T09:54:20","date_gmt":"2019-12-11T08:54:20","guid":{"rendered":"https:\/\/www.esplac.cat\/?p=29406"},"modified":"2020-10-15T17:23:07","modified_gmt":"2020-10-15T16:23:07","slug":"common-ground-2020-campament-internacional-al-regne-unit","status":"publish","type":"post","link":"https:\/\/www.esplac.cat\/es\/common-ground-2020-campament-internacional-al-regne-unit\/","title":{"rendered":"Common Ground 2020: Campament internacional al Regne Unit!"},"content":{"rendered":"<h4>Alguns esplais d&#8217;Esplac que ja han comen\u00e7at a pensar i a decidir quin estil de campaments faran aquest estiu, s&#8217;han aventurat a realitzar un estil de campaments diferents: participar del <strong>campament internacional <\/strong>que organitza l&#8217;IFM-SEI al Regne Unit aquest <strong>agost del 2020.<\/strong><\/h4>\n<p>Quin millor moment que els campaments d&#8217;estiu per fer<strong> noves amistats internacionals<\/strong>, <strong>con\u00e8ixer un altre pa\u00eds<\/strong>, <strong>formar-se<\/strong> en temes tan variats com el g\u00e8nere, l&#8217;educaci\u00f3 ambiental o les xarxes socials i gaudir d&#8217;activitats l\u00fadiques i jocs amb altres joves d&#8217;arreu del m\u00f3n?<\/p>\n<p>Doncs b\u00e9, actualment <strong>13 esplais d&#8217;Esplac<\/strong> (de diferents sectors) estan interessats a participar i alguns d&#8217;ells ja han comen\u00e7at a realitzar campanyes econ\u00f2miques per aconseguir els diners per viatjar.<\/p>\n<p><strong>En qu\u00e8 consisteix aquesta activitat?<\/strong> Consisteix a participar d&#8217;un campament internacional amb m\u00e9s de <strong>3.000 infants i joves d&#8217;Europa<\/strong> <strong>i d&#8217;altres parts del m\u00f3n<\/strong> <strong>durant 10 dies.<\/strong> <span style=\"font-weight: 400;\">Els esplais que no vulguin estar tants dies, poden <\/span><b>anar la meitat de dies per la meitat de preu (125 lliures). <\/b>El campament es divideix en \u00abviles\u00bb en les quals hi ha diferents activitats de tem\u00e0tiques molt diverses (<strong>art, identitats de g\u00e8nere, migracions, pau i cooperaci\u00f3 entre pobles, etc<\/strong>) i alhora jocs i concerts a les nits. Cada esplai escull de forma independent les activitats del dia que vulgui fer i alhora tamb\u00e9 quina col\u00b7laboraci\u00f3 vol fer en el camp (ajudar a servir el dinar, fer-lo, participar d&#8217;alguna comissi\u00f3, etc). Tamb\u00e9 hi ha l&#8217;oportunitat d&#8217;organitzar una activitat amb l&#8217;esplai per realitzar-la all\u00e0 amb altres joves i infants amb els quals es comparteix \u00abvila\u00bb.<\/p>\n<p><img decoding=\"async\" class=\"aligncenter wp-image-29432\" src=\"https:\/\/www.esplac.cat\/wp-content\/uploads\/2019\/12\/unnamed-3.png\" alt=\"\" width=\"331\" height=\"187\" srcset=\"https:\/\/www.esplac.cat\/wp-content\/uploads\/2019\/12\/unnamed-3-200x113.png 200w, https:\/\/www.esplac.cat\/wp-content\/uploads\/2019\/12\/unnamed-3-300x169.png 300w, https:\/\/www.esplac.cat\/wp-content\/uploads\/2019\/12\/unnamed-3-400x226.png 400w, https:\/\/www.esplac.cat\/wp-content\/uploads\/2019\/12\/unnamed-3.png 512w\" sizes=\"(max-width: 331px) 100vw, 331px\" \/><\/p>\n<p>L&#8217;oportunitat de poder realitzar una experi\u00e8ncia internacional amb infants i joves d&#8217;altres grups d&#8217;Esplac no \u00e9s possible cada any, de manera que des d&#8217;Esplac us animem molt a que us plantegeu aquest tipus de campaments!<\/p>\n<p><strong>Des de l&#8217;\u00e0rea d&#8217;internacional d&#8217;Esplac fem un acompanyament<\/strong> a tots els espais interessats durant tot el proc\u00e9s (dubtes, contacte amb altres esplais, temes log\u00edstics, etc.) amb la intenci\u00f3 que sigui una experi\u00e8ncia positiva, constructiva, enriquidora i divertida!<\/p>\n<p>Si vols saber-ne m\u00e9s, contacta amb <strong>internacional@esplac.cat\u00a0<\/strong>i pots veure la not\u00edcia original <a href=\"https:\/\/www.commonground.camp\/updates\/welcome-to-common-ground-2020\/\" target=\"_blank\" rel=\"noopener noreferrer\"><strong><span style=\"text-decoration: underline;\">aqu\u00ed.<\/span><\/strong><\/a><\/p>\n<p><strong>\u00a0<\/strong><\/p>\n<p>&nbsp;<\/p>\n<p><img decoding=\"async\" class=\"aligncenter wp-image-29393\" src=\"https:\/\/www.esplac.cat\/wp-content\/uploads\/2019\/12\/pasted-image-0.png\" alt=\"\" width=\"523\" height=\"294\" srcset=\"https:\/\/www.esplac.cat\/wp-content\/uploads\/2019\/12\/pasted-image-0-200x113.png 200w, https:\/\/www.esplac.cat\/wp-content\/uploads\/2019\/12\/pasted-image-0-300x169.png 300w, https:\/\/www.esplac.cat\/wp-content\/uploads\/2019\/12\/pasted-image-0-400x225.png 400w, https:\/\/www.esplac.cat\/wp-content\/uploads\/2019\/12\/pasted-image-0-600x338.png 600w, https:\/\/www.esplac.cat\/wp-content\/uploads\/2019\/12\/pasted-image-0.png 768w\" sizes=\"(max-width: 523px) 100vw, 523px\" \/><\/p>\n<p><img decoding=\"async\" class=\"aligncenter wp-image-29400\" src=\"https:\/\/www.esplac.cat\/wp-content\/uploads\/2019\/12\/unnamed-2.png\" alt=\"\" width=\"519\" height=\"346\" srcset=\"https:\/\/www.esplac.cat\/wp-content\/uploads\/2019\/12\/unnamed-2-200x133.png 200w, https:\/\/www.esplac.cat\/wp-content\/uploads\/2019\/12\/unnamed-2-300x200.png 300w, https:\/\/www.esplac.cat\/wp-content\/uploads\/2019\/12\/unnamed-2-400x266.png 400w, https:\/\/www.esplac.cat\/wp-content\/uploads\/2019\/12\/unnamed-2.png 512w\" sizes=\"(max-width: 519px) 100vw, 519px\" \/><\/p>\n<p>&nbsp;<\/p>\n","protected":false},"excerpt":{"rendered":"<p>Alguns esplais d&#8217;Esplac que ja han comen\u00e7at a pensar i [&hellip;]<\/p>\n","protected":false},"author":3,"featured_media":29429,"comment_status":"closed","ping_status":"open","sticky":false,"template":"","format":"standard","meta":{"om_disable_all_campaigns":false,"_monsterinsights_skip_tracking":false,"_monsterinsights_sitenote_active":false,"_monsterinsights_sitenote_note":"","_monsterinsights_sitenote_category":0,"_uf_show_specific_survey":0,"_uf_disable_surveys":false,"footnotes":""},"categories":[1112],"tags":[],"class_list":["post-29406","post","type-post","status-publish","format-standard","has-post-thumbnail","hentry","category-esplac-al-mon"],"yoast_head":"<!-- This site is optimized with the Yoast SEO plugin v27.5 - https:\/\/yoast.com\/product\/yoast-seo-wordpress\/ -->\n<title>Common Ground 2020: Campament internacional al Regne Unit! - Esplac<\/title>\n<meta name=\"robots\" content=\"index, follow, max-snippet:-1, max-image-preview:large, max-video-preview:-1\" \/>\n<link rel=\"canonical\" href=\"https:\/\/www.esplac.cat\/common-ground-2020-campament-internacional-al-regne-unit\/\" \/>\n<meta property=\"og:locale\" content=\"es_ES\" \/>\n<meta property=\"og:type\" content=\"article\" \/>\n<meta property=\"og:title\" content=\"Common Ground 2020: Campament internacional al Regne Unit! - Esplac\" \/>\n<meta property=\"og:description\" content=\"Alguns esplais d&#8217;Esplac que ja han comen\u00e7at a pensar i [&hellip;]\" \/>\n<meta property=\"og:url\" content=\"https:\/\/www.esplac.cat\/common-ground-2020-campament-internacional-al-regne-unit\/\" \/>\n<meta property=\"og:site_name\" content=\"Esplac\" \/>\n<meta property=\"article:published_time\" content=\"2019-12-11T08:54:20+00:00\" \/>\n<meta property=\"article:modified_time\" content=\"2020-10-15T16:23:07+00:00\" \/>\n<meta property=\"og:image\" content=\"https:\/\/www.esplac.cat\/wp-content\/uploads\/2019\/12\/portadacommonground.jpg\" \/>\n\t<meta property=\"og:image:width\" content=\"847\" \/>\n\t<meta property=\"og:image:height\" content=\"350\" \/>\n\t<meta property=\"og:image:type\" content=\"image\/jpeg\" \/>\n<meta name=\"author\" content=\"Comunicaci\u00f3 Esplac\" \/>\n<meta name=\"twitter:card\" content=\"summary_large_image\" \/>\n<meta name=\"twitter:label1\" content=\"Escrito por\" \/>\n\t<meta name=\"twitter:data1\" content=\"Comunicaci\u00f3 Esplac\" \/>\n\t<meta name=\"twitter:label2\" content=\"Tiempo de lectura\" \/>\n\t<meta name=\"twitter:data2\" content=\"2 minutos\" \/>\n<script type=\"application\/ld+json\" class=\"yoast-schema-graph\">{\"@context\":\"https:\\\/\\\/schema.org\",\"@graph\":[{\"@type\":\"Article\",\"@id\":\"https:\\\/\\\/www.esplac.cat\\\/common-ground-2020-campament-internacional-al-regne-unit\\\/#article\",\"isPartOf\":{\"@id\":\"https:\\\/\\\/www.esplac.cat\\\/common-ground-2020-campament-internacional-al-regne-unit\\\/\"},\"author\":{\"name\":\"Comunicaci\u00f3 Esplac\",\"@id\":\"https:\\\/\\\/www.esplac.cat\\\/#\\\/schema\\\/person\\\/908383cf240be18b68f8855d0583faca\"},\"headline\":\"Common Ground 2020: Campament internacional al Regne Unit!\",\"datePublished\":\"2019-12-11T08:54:20+00:00\",\"dateModified\":\"2020-10-15T16:23:07+00:00\",\"mainEntityOfPage\":{\"@id\":\"https:\\\/\\\/www.esplac.cat\\\/common-ground-2020-campament-internacional-al-regne-unit\\\/\"},\"wordCount\":387,\"publisher\":{\"@id\":\"https:\\\/\\\/www.esplac.cat\\\/#organization\"},\"image\":{\"@id\":\"https:\\\/\\\/www.esplac.cat\\\/common-ground-2020-campament-internacional-al-regne-unit\\\/#primaryimage\"},\"thumbnailUrl\":\"https:\\\/\\\/www.esplac.cat\\\/wp-content\\\/uploads\\\/2019\\\/12\\\/portadacommonground.jpg\",\"articleSection\":[\"Esplac al m\u00f3n\"],\"inLanguage\":\"es\"},{\"@type\":\"WebPage\",\"@id\":\"https:\\\/\\\/www.esplac.cat\\\/common-ground-2020-campament-internacional-al-regne-unit\\\/\",\"url\":\"https:\\\/\\\/www.esplac.cat\\\/common-ground-2020-campament-internacional-al-regne-unit\\\/\",\"name\":\"Common Ground 2020: Campament internacional al Regne Unit! - Esplac\",\"isPartOf\":{\"@id\":\"https:\\\/\\\/www.esplac.cat\\\/#website\"},\"primaryImageOfPage\":{\"@id\":\"https:\\\/\\\/www.esplac.cat\\\/common-ground-2020-campament-internacional-al-regne-unit\\\/#primaryimage\"},\"image\":{\"@id\":\"https:\\\/\\\/www.esplac.cat\\\/common-ground-2020-campament-internacional-al-regne-unit\\\/#primaryimage\"},\"thumbnailUrl\":\"https:\\\/\\\/www.esplac.cat\\\/wp-content\\\/uploads\\\/2019\\\/12\\\/portadacommonground.jpg\",\"datePublished\":\"2019-12-11T08:54:20+00:00\",\"dateModified\":\"2020-10-15T16:23:07+00:00\",\"breadcrumb\":{\"@id\":\"https:\\\/\\\/www.esplac.cat\\\/common-ground-2020-campament-internacional-al-regne-unit\\\/#breadcrumb\"},\"inLanguage\":\"es\",\"potentialAction\":[{\"@type\":\"ReadAction\",\"target\":[\"https:\\\/\\\/www.esplac.cat\\\/common-ground-2020-campament-internacional-al-regne-unit\\\/\"]}]},{\"@type\":\"ImageObject\",\"inLanguage\":\"es\",\"@id\":\"https:\\\/\\\/www.esplac.cat\\\/common-ground-2020-campament-internacional-al-regne-unit\\\/#primaryimage\",\"url\":\"https:\\\/\\\/www.esplac.cat\\\/wp-content\\\/uploads\\\/2019\\\/12\\\/portadacommonground.jpg\",\"contentUrl\":\"https:\\\/\\\/www.esplac.cat\\\/wp-content\\\/uploads\\\/2019\\\/12\\\/portadacommonground.jpg\",\"width\":847,\"height\":350},{\"@type\":\"BreadcrumbList\",\"@id\":\"https:\\\/\\\/www.esplac.cat\\\/common-ground-2020-campament-internacional-al-regne-unit\\\/#breadcrumb\",\"itemListElement\":[{\"@type\":\"ListItem\",\"position\":1,\"name\":\"Inici\",\"item\":\"https:\\\/\\\/www.esplac.cat\\\/es\\\/\"},{\"@type\":\"ListItem\",\"position\":2,\"name\":\"Common Ground 2020: Campament internacional al Regne Unit!\"}]},{\"@type\":\"WebSite\",\"@id\":\"https:\\\/\\\/www.esplac.cat\\\/#website\",\"url\":\"https:\\\/\\\/www.esplac.cat\\\/\",\"name\":\"Esplac\",\"description\":\"Esplais Catalans\",\"publisher\":{\"@id\":\"https:\\\/\\\/www.esplac.cat\\\/#organization\"},\"potentialAction\":[{\"@type\":\"SearchAction\",\"target\":{\"@type\":\"EntryPoint\",\"urlTemplate\":\"https:\\\/\\\/www.esplac.cat\\\/?s={search_term_string}\"},\"query-input\":{\"@type\":\"PropertyValueSpecification\",\"valueRequired\":true,\"valueName\":\"search_term_string\"}}],\"inLanguage\":\"es\"},{\"@type\":\"Organization\",\"@id\":\"https:\\\/\\\/www.esplac.cat\\\/#organization\",\"name\":\"Esplac\",\"url\":\"https:\\\/\\\/www.esplac.cat\\\/\",\"logo\":{\"@type\":\"ImageObject\",\"inLanguage\":\"es\",\"@id\":\"https:\\\/\\\/www.esplac.cat\\\/#\\\/schema\\\/logo\\\/image\\\/\",\"url\":\"https:\\\/\\\/www.esplac.cat\\\/wp-content\\\/uploads\\\/2019\\\/08\\\/logox2.png\",\"contentUrl\":\"https:\\\/\\\/www.esplac.cat\\\/wp-content\\\/uploads\\\/2019\\\/08\\\/logox2.png\",\"width\":600,\"height\":295,\"caption\":\"Esplac\"},\"image\":{\"@id\":\"https:\\\/\\\/www.esplac.cat\\\/#\\\/schema\\\/logo\\\/image\\\/\"}},{\"@type\":\"Person\",\"@id\":\"https:\\\/\\\/www.esplac.cat\\\/#\\\/schema\\\/person\\\/908383cf240be18b68f8855d0583faca\",\"name\":\"Comunicaci\u00f3 Esplac\",\"image\":{\"@type\":\"ImageObject\",\"inLanguage\":\"es\",\"@id\":\"https:\\\/\\\/secure.gravatar.com\\\/avatar\\\/7a4cf8feb412a76ea4a740ca02d95b06b2907b5a6c648c2dd0a1082a093c3141?s=96&d=mm&r=g\",\"url\":\"https:\\\/\\\/secure.gravatar.com\\\/avatar\\\/7a4cf8feb412a76ea4a740ca02d95b06b2907b5a6c648c2dd0a1082a093c3141?s=96&d=mm&r=g\",\"contentUrl\":\"https:\\\/\\\/secure.gravatar.com\\\/avatar\\\/7a4cf8feb412a76ea4a740ca02d95b06b2907b5a6c648c2dd0a1082a093c3141?s=96&d=mm&r=g\",\"caption\":\"Comunicaci\u00f3 Esplac\"}}]}<\/script>\n<!-- \/ Yoast SEO plugin. -->","yoast_head_json":{"title":"Common Ground 2020: Campament internacional al Regne Unit! - Esplac","robots":{"index":"index","follow":"follow","max-snippet":"max-snippet:-1","max-image-preview":"max-image-preview:large","max-video-preview":"max-video-preview:-1"},"canonical":"https:\/\/www.esplac.cat\/common-ground-2020-campament-internacional-al-regne-unit\/","og_locale":"es_ES","og_type":"article","og_title":"Common Ground 2020: Campament internacional al Regne Unit! - Esplac","og_description":"Alguns esplais d&#8217;Esplac que ja han comen\u00e7at a pensar i [&hellip;]","og_url":"https:\/\/www.esplac.cat\/common-ground-2020-campament-internacional-al-regne-unit\/","og_site_name":"Esplac","article_published_time":"2019-12-11T08:54:20+00:00","article_modified_time":"2020-10-15T16:23:07+00:00","og_image":[{"width":847,"height":350,"url":"https:\/\/www.esplac.cat\/wp-content\/uploads\/2019\/12\/portadacommonground.jpg","type":"image\/jpeg"}],"author":"Comunicaci\u00f3 Esplac","twitter_card":"summary_large_image","twitter_misc":{"Escrito por":"Comunicaci\u00f3 Esplac","Tiempo de lectura":"2 minutos"},"schema":{"@context":"https:\/\/schema.org","@graph":[{"@type":"Article","@id":"https:\/\/www.esplac.cat\/common-ground-2020-campament-internacional-al-regne-unit\/#article","isPartOf":{"@id":"https:\/\/www.esplac.cat\/common-ground-2020-campament-internacional-al-regne-unit\/"},"author":{"name":"Comunicaci\u00f3 Esplac","@id":"https:\/\/www.esplac.cat\/#\/schema\/person\/908383cf240be18b68f8855d0583faca"},"headline":"Common Ground 2020: Campament internacional al Regne Unit!","datePublished":"2019-12-11T08:54:20+00:00","dateModified":"2020-10-15T16:23:07+00:00","mainEntityOfPage":{"@id":"https:\/\/www.esplac.cat\/common-ground-2020-campament-internacional-al-regne-unit\/"},"wordCount":387,"publisher":{"@id":"https:\/\/www.esplac.cat\/#organization"},"image":{"@id":"https:\/\/www.esplac.cat\/common-ground-2020-campament-internacional-al-regne-unit\/#primaryimage"},"thumbnailUrl":"https:\/\/www.esplac.cat\/wp-content\/uploads\/2019\/12\/portadacommonground.jpg","articleSection":["Esplac al m\u00f3n"],"inLanguage":"es"},{"@type":"WebPage","@id":"https:\/\/www.esplac.cat\/common-ground-2020-campament-internacional-al-regne-unit\/","url":"https:\/\/www.esplac.cat\/common-ground-2020-campament-internacional-al-regne-unit\/","name":"Common Ground 2020: Campament internacional al Regne Unit! - Esplac","isPartOf":{"@id":"https:\/\/www.esplac.cat\/#website"},"primaryImageOfPage":{"@id":"https:\/\/www.esplac.cat\/common-ground-2020-campament-internacional-al-regne-unit\/#primaryimage"},"image":{"@id":"https:\/\/www.esplac.cat\/common-ground-2020-campament-internacional-al-regne-unit\/#primaryimage"},"thumbnailUrl":"https:\/\/www.esplac.cat\/wp-content\/uploads\/2019\/12\/portadacommonground.jpg","datePublished":"2019-12-11T08:54:20+00:00","dateModified":"2020-10-15T16:23:07+00:00","breadcrumb":{"@id":"https:\/\/www.esplac.cat\/common-ground-2020-campament-internacional-al-regne-unit\/#breadcrumb"},"inLanguage":"es","potentialAction":[{"@type":"ReadAction","target":["https:\/\/www.esplac.cat\/common-ground-2020-campament-internacional-al-regne-unit\/"]}]},{"@type":"ImageObject","inLanguage":"es","@id":"https:\/\/www.esplac.cat\/common-ground-2020-campament-internacional-al-regne-unit\/#primaryimage","url":"https:\/\/www.esplac.cat\/wp-content\/uploads\/2019\/12\/portadacommonground.jpg","contentUrl":"https:\/\/www.esplac.cat\/wp-content\/uploads\/2019\/12\/portadacommonground.jpg","width":847,"height":350},{"@type":"BreadcrumbList","@id":"https:\/\/www.esplac.cat\/common-ground-2020-campament-internacional-al-regne-unit\/#breadcrumb","itemListElement":[{"@type":"ListItem","position":1,"name":"Inici","item":"https:\/\/www.esplac.cat\/es\/"},{"@type":"ListItem","position":2,"name":"Common Ground 2020: Campament internacional al Regne Unit!"}]},{"@type":"WebSite","@id":"https:\/\/www.esplac.cat\/#website","url":"https:\/\/www.esplac.cat\/","name":"Esplac","description":"Esplais Catalans","publisher":{"@id":"https:\/\/www.esplac.cat\/#organization"},"potentialAction":[{"@type":"SearchAction","target":{"@type":"EntryPoint","urlTemplate":"https:\/\/www.esplac.cat\/?s={search_term_string}"},"query-input":{"@type":"PropertyValueSpecification","valueRequired":true,"valueName":"search_term_string"}}],"inLanguage":"es"},{"@type":"Organization","@id":"https:\/\/www.esplac.cat\/#organization","name":"Esplac","url":"https:\/\/www.esplac.cat\/","logo":{"@type":"ImageObject","inLanguage":"es","@id":"https:\/\/www.esplac.cat\/#\/schema\/logo\/image\/","url":"https:\/\/www.esplac.cat\/wp-content\/uploads\/2019\/08\/logox2.png","contentUrl":"https:\/\/www.esplac.cat\/wp-content\/uploads\/2019\/08\/logox2.png","width":600,"height":295,"caption":"Esplac"},"image":{"@id":"https:\/\/www.esplac.cat\/#\/schema\/logo\/image\/"}},{"@type":"Person","@id":"https:\/\/www.esplac.cat\/#\/schema\/person\/908383cf240be18b68f8855d0583faca","name":"Comunicaci\u00f3 Esplac","image":{"@type":"ImageObject","inLanguage":"es","@id":"https:\/\/secure.gravatar.com\/avatar\/7a4cf8feb412a76ea4a740ca02d95b06b2907b5a6c648c2dd0a1082a093c3141?s=96&d=mm&r=g","url":"https:\/\/secure.gravatar.com\/avatar\/7a4cf8feb412a76ea4a740ca02d95b06b2907b5a6c648c2dd0a1082a093c3141?s=96&d=mm&r=g","contentUrl":"https:\/\/secure.gravatar.com\/avatar\/7a4cf8feb412a76ea4a740ca02d95b06b2907b5a6c648c2dd0a1082a093c3141?s=96&d=mm&r=g","caption":"Comunicaci\u00f3 Esplac"}}]}},"_links":{"self":[{"href":"https:\/\/www.esplac.cat\/es\/wp-json\/wp\/v2\/posts\/29406","targetHints":{"allow":["GET"]}}],"collection":[{"href":"https:\/\/www.esplac.cat\/es\/wp-json\/wp\/v2\/posts"}],"about":[{"href":"https:\/\/www.esplac.cat\/es\/wp-json\/wp\/v2\/types\/post"}],"author":[{"embeddable":true,"href":"https:\/\/www.esplac.cat\/es\/wp-json\/wp\/v2\/users\/3"}],"replies":[{"embeddable":true,"href":"https:\/\/www.esplac.cat\/es\/wp-json\/wp\/v2\/comments?post=29406"}],"version-history":[{"count":0,"href":"https:\/\/www.esplac.cat\/es\/wp-json\/wp\/v2\/posts\/29406\/revisions"}],"wp:featuredmedia":[{"embeddable":true,"href":"https:\/\/www.esplac.cat\/es\/wp-json\/wp\/v2\/media\/29429"}],"wp:attachment":[{"href":"https:\/\/www.esplac.cat\/es\/wp-json\/wp\/v2\/media?parent=29406"}],"wp:term":[{"taxonomy":"category","embeddable":true,"href":"https:\/\/www.esplac.cat\/es\/wp-json\/wp\/v2\/categories?post=29406"},{"taxonomy":"post_tag","embeddable":true,"href":"https:\/\/www.esplac.cat\/es\/wp-json\/wp\/v2\/tags?post=29406"}],"curies":[{"name":"wp","href":"https:\/\/api.w.org\/{rel}","templated":true}]}}