{"id":29579,"date":"2019-12-16T11:33:11","date_gmt":"2019-12-16T10:33:11","guid":{"rendered":"https:\/\/www.esplac.cat\/?p=29579"},"modified":"2020-10-15T17:23:06","modified_gmt":"2020-10-15T16:23:06","slug":"yo-fest-2020-parlament-europeu","status":"publish","type":"post","link":"https:\/\/www.esplac.cat\/es\/yo-fest-2020-parlament-europeu\/","title":{"rendered":"YO! Fest 2020 al Parlament Europeu"},"content":{"rendered":"<h4>Nova edici\u00f3 del YO! Fest (Youth Opinion Festival), el festival de pol\u00edtica juvenil m\u00e9s gran d\u2019Europa se celebra el proper mes de maig (29-30) a Estrasburg, Fran\u00e7a.<\/h4>\n<p><span style=\"font-weight: 400;\">Aquest esdeveniment est\u00e0 organitzat pel <\/span><span style=\"text-decoration: underline; color: #ff9900;\"><a style=\"color: #ff9900; text-decoration: underline;\" href=\"https:\/\/www.europarl.europa.eu\/european-youth-event\/en\/programme.html\"><span style=\"font-weight: 400;\">F\u00f2rum Europeu de la Joventut<\/span><\/a><\/span><span style=\"font-weight: 400;\"> i combina debats, tallers, xerrades, exposicions i actuacions sobre les persones joves a Europa. <\/span><span style=\"text-decoration: underline; color: #ff9900;\"><a style=\"color: #ff9900;\" href=\"http:\/\/www.epgencms.europarl.europa.eu\/cmsdata\/upload\/ec2d2bbf-90fe-41f8-9120-8a9152181c50\/2019_EYE_Programme_EN_V10.pdf\"><span style=\"font-weight: 400;\">Hi ha set \u00e0rees tem\u00e0tiques principals a l\u2019esdeveniment:<\/span><\/a><\/span><\/p>\n<p><img decoding=\"async\" class=\"aligncenter wp-image-29587\" src=\"https:\/\/www.esplac.cat\/wp-content\/uploads\/2019\/12\/TEMATICAA-1024x547.png\" alt=\"\" width=\"884\" height=\"472\" srcset=\"https:\/\/www.esplac.cat\/wp-content\/uploads\/2019\/12\/TEMATICAA-200x107.png 200w, https:\/\/www.esplac.cat\/wp-content\/uploads\/2019\/12\/TEMATICAA-300x160.png 300w, https:\/\/www.esplac.cat\/wp-content\/uploads\/2019\/12\/TEMATICAA-400x214.png 400w, https:\/\/www.esplac.cat\/wp-content\/uploads\/2019\/12\/TEMATICAA-600x320.png 600w, https:\/\/www.esplac.cat\/wp-content\/uploads\/2019\/12\/TEMATICAA-768x410.png 768w, https:\/\/www.esplac.cat\/wp-content\/uploads\/2019\/12\/TEMATICAA-800x427.png 800w, https:\/\/www.esplac.cat\/wp-content\/uploads\/2019\/12\/TEMATICAA-1024x547.png 1024w, https:\/\/www.esplac.cat\/wp-content\/uploads\/2019\/12\/TEMATICAA.png 1137w\" sizes=\"(max-width: 884px) 100vw, 884px\" \/><\/p>\n<p><span style=\"font-weight: 400;\">L\u2019IFM-SEI enviar\u00e0 un grup de <\/span><b>\u00a017 participants i est\u00e0 buscant persones joves interessades. <\/b><span style=\"font-weight: 400;\">L\u2019entitat realitzar\u00e0 activitats sobre temes de migracions, educaci\u00f3 per a la pau i el di\u00e0leg entre grups de joves en conflictes, prevenci\u00f3 de l\u2019extremisme violent, de la viol\u00e8ncia sexual i els efectes del canvi clim\u00e0tic.<\/span><\/p>\n<p><b>Lloc:<\/b><span style=\"font-weight: 400;\"> al Parlament Europeu, Estrasburg, <\/span><b>Fran\u00e7a<\/b><\/p>\n<p><b>Dates<\/b><span style=\"font-weight: 400;\">: del <\/span><b>29 al 30 de maig de 2020<\/b><span style=\"font-weight: 400;\"> (arribar el 28 i marxar el 31).\u00a0\u00a0<\/span><\/p>\n<p><b>Cost:<\/b><span style=\"font-weight: 400;\"> allotjament i menjars coberts. Viatge o vols (en principi reemborsats). Cal parlar-ho amb l\u2019entitat si sou escollits\/es.<\/span><\/p>\n<p><b>Grup IFM-SEI :<\/b><span style=\"font-weight: 400;\"> ser\u00e0 un grup de 17 participants de diferents entitats de l\u2019FIM-SEI. Joves de menys de 30 anys.\u00a0<\/span><\/p>\n<p><b>Sol\u00b7licitud:<\/b> <span style=\"text-decoration: underline; color: #ff9900;\"><a style=\"color: #ff9900; text-decoration: underline;\" href=\"https:\/\/docs.google.com\/forms\/d\/e\/1FAIpQLSe02BD2KvZU0dJ9Ilog3R4UOcNMlX-2LWO4zaKdSRZ8NUpH_Q\/viewform\"><span style=\"font-weight: 400;\">Via online aqu\u00ed<\/span><\/a><\/span><span style=\"font-weight: 400;\"> abans<\/span><b> del 10 de gener.<\/b><span style=\"font-weight: 400;\"> El proc\u00e9s de selecci\u00f3 el fa la IFM-SEI i despr\u00e9s Esplac acabar\u00e0 de confirmar la vostra pla\u00e7a.\u00a0<\/span><\/p>\n<p><img decoding=\"async\" class=\"aligncenter wp-image-29595\" src=\"https:\/\/www.esplac.cat\/wp-content\/uploads\/2019\/12\/YO-FEST-LOGO.jpg\" alt=\"\" width=\"339\" height=\"107\" srcset=\"https:\/\/www.esplac.cat\/wp-content\/uploads\/2019\/12\/YO-FEST-LOGO-200x63.jpg 200w, https:\/\/www.esplac.cat\/wp-content\/uploads\/2019\/12\/YO-FEST-LOGO-300x95.jpg 300w, https:\/\/www.esplac.cat\/wp-content\/uploads\/2019\/12\/YO-FEST-LOGO.jpg 399w\" sizes=\"(max-width: 339px) 100vw, 339px\" \/><\/p>\n<p><img decoding=\"async\" class=\"aligncenter wp-image-29592\" src=\"https:\/\/www.esplac.cat\/wp-content\/uploads\/2019\/12\/yo-fest-3.jpg\" alt=\"\" width=\"449\" height=\"299\" srcset=\"https:\/\/www.esplac.cat\/wp-content\/uploads\/2019\/12\/yo-fest-3-200x133.jpg 200w, https:\/\/www.esplac.cat\/wp-content\/uploads\/2019\/12\/yo-fest-3-300x200.jpg 300w, https:\/\/www.esplac.cat\/wp-content\/uploads\/2019\/12\/yo-fest-3-400x266.jpg 400w, https:\/\/www.esplac.cat\/wp-content\/uploads\/2019\/12\/yo-fest-3-600x399.jpg 600w, https:\/\/www.esplac.cat\/wp-content\/uploads\/2019\/12\/yo-fest-3.jpg 610w\" sizes=\"(max-width: 449px) 100vw, 449px\" \/><\/p>\n<p>&nbsp;<\/p>\n<p><span style=\"font-weight: 400;\">Pots veure la not\u00edcia oficial fent clic <span style=\"text-decoration: underline;\"><span style=\"color: #ff9900; text-decoration: underline;\"><a style=\"color: #ff9900; text-decoration: underline;\" href=\"http:\/\/ifm-sei.org\/2019\/12\/yofest-2020-call-for-participants\/\" target=\"_blank\" rel=\"noopener noreferrer\">aqu\u00ed!<\/a><\/span><\/span><\/span><\/p>\n<p><span style=\"font-weight: 400;\">Si t\u2019interessa, omple el formulari i envia un correu a <\/span><strong><a href=\"mailto:internacional@esplac.cat\">internacional@esplac.cat<\/a><\/strong><span style=\"font-weight: 400;\"> per tenir el suport durant el proc\u00e9s de selecci\u00f3!<\/span><\/p>\n<p>&nbsp;<\/p>\n","protected":false},"excerpt":{"rendered":"<p>Nova edici\u00f3 del YO! Fest (Youth Opinion Festival), el festival [&hellip;]<\/p>\n","protected":false},"author":3,"featured_media":29583,"comment_status":"closed","ping_status":"open","sticky":false,"template":"","format":"standard","meta":{"om_disable_all_campaigns":false,"_monsterinsights_skip_tracking":false,"_monsterinsights_sitenote_active":false,"_monsterinsights_sitenote_note":"","_monsterinsights_sitenote_category":0,"_uf_show_specific_survey":0,"_uf_disable_surveys":false,"footnotes":""},"categories":[1112],"tags":[109,166,1221],"class_list":["post-29579","post","type-post","status-publish","format-standard","has-post-thumbnail","hentry","category-esplac-al-mon","tag-internacionalisme","tag-joves","tag-parlament-europeu"],"yoast_head":"<!-- This site is optimized with the Yoast SEO plugin v27.5 - https:\/\/yoast.com\/product\/yoast-seo-wordpress\/ -->\n<title>YO! Fest 2020 al Parlament Europeu - Esplac<\/title>\n<meta name=\"robots\" content=\"index, follow, max-snippet:-1, max-image-preview:large, max-video-preview:-1\" \/>\n<link rel=\"canonical\" href=\"https:\/\/www.esplac.cat\/yo-fest-2020-parlament-europeu\/\" \/>\n<meta property=\"og:locale\" content=\"es_ES\" \/>\n<meta property=\"og:type\" content=\"article\" \/>\n<meta property=\"og:title\" content=\"YO! Fest 2020 al Parlament Europeu - Esplac\" \/>\n<meta property=\"og:description\" content=\"Nova edici\u00f3 del YO! Fest (Youth Opinion Festival), el festival [&hellip;]\" \/>\n<meta property=\"og:url\" content=\"https:\/\/www.esplac.cat\/yo-fest-2020-parlament-europeu\/\" \/>\n<meta property=\"og:site_name\" content=\"Esplac\" \/>\n<meta property=\"article:published_time\" content=\"2019-12-16T10:33:11+00:00\" \/>\n<meta property=\"article:modified_time\" content=\"2020-10-15T16:23:06+00:00\" \/>\n<meta property=\"og:image\" content=\"https:\/\/www.esplac.cat\/wp-content\/uploads\/2019\/12\/portadayofest.jpg\" \/>\n\t<meta property=\"og:image:width\" content=\"847\" \/>\n\t<meta property=\"og:image:height\" content=\"350\" \/>\n\t<meta property=\"og:image:type\" content=\"image\/jpeg\" \/>\n<meta name=\"author\" content=\"Comunicaci\u00f3 Esplac\" \/>\n<meta name=\"twitter:card\" content=\"summary_large_image\" \/>\n<meta name=\"twitter:label1\" content=\"Escrito por\" \/>\n\t<meta name=\"twitter:data1\" content=\"Comunicaci\u00f3 Esplac\" \/>\n\t<meta name=\"twitter:label2\" content=\"Tiempo de lectura\" \/>\n\t<meta name=\"twitter:data2\" content=\"1 minuto\" \/>\n<script type=\"application\/ld+json\" class=\"yoast-schema-graph\">{\"@context\":\"https:\\\/\\\/schema.org\",\"@graph\":[{\"@type\":\"Article\",\"@id\":\"https:\\\/\\\/www.esplac.cat\\\/yo-fest-2020-parlament-europeu\\\/#article\",\"isPartOf\":{\"@id\":\"https:\\\/\\\/www.esplac.cat\\\/yo-fest-2020-parlament-europeu\\\/\"},\"author\":{\"name\":\"Comunicaci\u00f3 Esplac\",\"@id\":\"https:\\\/\\\/www.esplac.cat\\\/#\\\/schema\\\/person\\\/908383cf240be18b68f8855d0583faca\"},\"headline\":\"YO! Fest 2020 al Parlament Europeu\",\"datePublished\":\"2019-12-16T10:33:11+00:00\",\"dateModified\":\"2020-10-15T16:23:06+00:00\",\"mainEntityOfPage\":{\"@id\":\"https:\\\/\\\/www.esplac.cat\\\/yo-fest-2020-parlament-europeu\\\/\"},\"wordCount\":244,\"publisher\":{\"@id\":\"https:\\\/\\\/www.esplac.cat\\\/#organization\"},\"image\":{\"@id\":\"https:\\\/\\\/www.esplac.cat\\\/yo-fest-2020-parlament-europeu\\\/#primaryimage\"},\"thumbnailUrl\":\"https:\\\/\\\/www.esplac.cat\\\/wp-content\\\/uploads\\\/2019\\\/12\\\/portadayofest.jpg\",\"keywords\":[\"internacionalisme\",\"joves\",\"Parlament europeu\"],\"articleSection\":[\"Esplac al m\u00f3n\"],\"inLanguage\":\"es\"},{\"@type\":\"WebPage\",\"@id\":\"https:\\\/\\\/www.esplac.cat\\\/yo-fest-2020-parlament-europeu\\\/\",\"url\":\"https:\\\/\\\/www.esplac.cat\\\/yo-fest-2020-parlament-europeu\\\/\",\"name\":\"YO! Fest 2020 al Parlament Europeu - Esplac\",\"isPartOf\":{\"@id\":\"https:\\\/\\\/www.esplac.cat\\\/#website\"},\"primaryImageOfPage\":{\"@id\":\"https:\\\/\\\/www.esplac.cat\\\/yo-fest-2020-parlament-europeu\\\/#primaryimage\"},\"image\":{\"@id\":\"https:\\\/\\\/www.esplac.cat\\\/yo-fest-2020-parlament-europeu\\\/#primaryimage\"},\"thumbnailUrl\":\"https:\\\/\\\/www.esplac.cat\\\/wp-content\\\/uploads\\\/2019\\\/12\\\/portadayofest.jpg\",\"datePublished\":\"2019-12-16T10:33:11+00:00\",\"dateModified\":\"2020-10-15T16:23:06+00:00\",\"breadcrumb\":{\"@id\":\"https:\\\/\\\/www.esplac.cat\\\/yo-fest-2020-parlament-europeu\\\/#breadcrumb\"},\"inLanguage\":\"es\",\"potentialAction\":[{\"@type\":\"ReadAction\",\"target\":[\"https:\\\/\\\/www.esplac.cat\\\/yo-fest-2020-parlament-europeu\\\/\"]}]},{\"@type\":\"ImageObject\",\"inLanguage\":\"es\",\"@id\":\"https:\\\/\\\/www.esplac.cat\\\/yo-fest-2020-parlament-europeu\\\/#primaryimage\",\"url\":\"https:\\\/\\\/www.esplac.cat\\\/wp-content\\\/uploads\\\/2019\\\/12\\\/portadayofest.jpg\",\"contentUrl\":\"https:\\\/\\\/www.esplac.cat\\\/wp-content\\\/uploads\\\/2019\\\/12\\\/portadayofest.jpg\",\"width\":847,\"height\":350},{\"@type\":\"BreadcrumbList\",\"@id\":\"https:\\\/\\\/www.esplac.cat\\\/yo-fest-2020-parlament-europeu\\\/#breadcrumb\",\"itemListElement\":[{\"@type\":\"ListItem\",\"position\":1,\"name\":\"Inici\",\"item\":\"https:\\\/\\\/www.esplac.cat\\\/es\\\/\"},{\"@type\":\"ListItem\",\"position\":2,\"name\":\"YO! Fest 2020 al Parlament Europeu\"}]},{\"@type\":\"WebSite\",\"@id\":\"https:\\\/\\\/www.esplac.cat\\\/#website\",\"url\":\"https:\\\/\\\/www.esplac.cat\\\/\",\"name\":\"Esplac\",\"description\":\"Esplais Catalans\",\"publisher\":{\"@id\":\"https:\\\/\\\/www.esplac.cat\\\/#organization\"},\"potentialAction\":[{\"@type\":\"SearchAction\",\"target\":{\"@type\":\"EntryPoint\",\"urlTemplate\":\"https:\\\/\\\/www.esplac.cat\\\/?s={search_term_string}\"},\"query-input\":{\"@type\":\"PropertyValueSpecification\",\"valueRequired\":true,\"valueName\":\"search_term_string\"}}],\"inLanguage\":\"es\"},{\"@type\":\"Organization\",\"@id\":\"https:\\\/\\\/www.esplac.cat\\\/#organization\",\"name\":\"Esplac\",\"url\":\"https:\\\/\\\/www.esplac.cat\\\/\",\"logo\":{\"@type\":\"ImageObject\",\"inLanguage\":\"es\",\"@id\":\"https:\\\/\\\/www.esplac.cat\\\/#\\\/schema\\\/logo\\\/image\\\/\",\"url\":\"https:\\\/\\\/www.esplac.cat\\\/wp-content\\\/uploads\\\/2019\\\/08\\\/logox2.png\",\"contentUrl\":\"https:\\\/\\\/www.esplac.cat\\\/wp-content\\\/uploads\\\/2019\\\/08\\\/logox2.png\",\"width\":600,\"height\":295,\"caption\":\"Esplac\"},\"image\":{\"@id\":\"https:\\\/\\\/www.esplac.cat\\\/#\\\/schema\\\/logo\\\/image\\\/\"}},{\"@type\":\"Person\",\"@id\":\"https:\\\/\\\/www.esplac.cat\\\/#\\\/schema\\\/person\\\/908383cf240be18b68f8855d0583faca\",\"name\":\"Comunicaci\u00f3 Esplac\",\"image\":{\"@type\":\"ImageObject\",\"inLanguage\":\"es\",\"@id\":\"https:\\\/\\\/secure.gravatar.com\\\/avatar\\\/7a4cf8feb412a76ea4a740ca02d95b06b2907b5a6c648c2dd0a1082a093c3141?s=96&d=mm&r=g\",\"url\":\"https:\\\/\\\/secure.gravatar.com\\\/avatar\\\/7a4cf8feb412a76ea4a740ca02d95b06b2907b5a6c648c2dd0a1082a093c3141?s=96&d=mm&r=g\",\"contentUrl\":\"https:\\\/\\\/secure.gravatar.com\\\/avatar\\\/7a4cf8feb412a76ea4a740ca02d95b06b2907b5a6c648c2dd0a1082a093c3141?s=96&d=mm&r=g\",\"caption\":\"Comunicaci\u00f3 Esplac\"}}]}<\/script>\n<!-- \/ Yoast SEO plugin. -->","yoast_head_json":{"title":"YO! Fest 2020 al Parlament Europeu - Esplac","robots":{"index":"index","follow":"follow","max-snippet":"max-snippet:-1","max-image-preview":"max-image-preview:large","max-video-preview":"max-video-preview:-1"},"canonical":"https:\/\/www.esplac.cat\/yo-fest-2020-parlament-europeu\/","og_locale":"es_ES","og_type":"article","og_title":"YO! Fest 2020 al Parlament Europeu - Esplac","og_description":"Nova edici\u00f3 del YO! Fest (Youth Opinion Festival), el festival [&hellip;]","og_url":"https:\/\/www.esplac.cat\/yo-fest-2020-parlament-europeu\/","og_site_name":"Esplac","article_published_time":"2019-12-16T10:33:11+00:00","article_modified_time":"2020-10-15T16:23:06+00:00","og_image":[{"width":847,"height":350,"url":"https:\/\/www.esplac.cat\/wp-content\/uploads\/2019\/12\/portadayofest.jpg","type":"image\/jpeg"}],"author":"Comunicaci\u00f3 Esplac","twitter_card":"summary_large_image","twitter_misc":{"Escrito por":"Comunicaci\u00f3 Esplac","Tiempo de lectura":"1 minuto"},"schema":{"@context":"https:\/\/schema.org","@graph":[{"@type":"Article","@id":"https:\/\/www.esplac.cat\/yo-fest-2020-parlament-europeu\/#article","isPartOf":{"@id":"https:\/\/www.esplac.cat\/yo-fest-2020-parlament-europeu\/"},"author":{"name":"Comunicaci\u00f3 Esplac","@id":"https:\/\/www.esplac.cat\/#\/schema\/person\/908383cf240be18b68f8855d0583faca"},"headline":"YO! Fest 2020 al Parlament Europeu","datePublished":"2019-12-16T10:33:11+00:00","dateModified":"2020-10-15T16:23:06+00:00","mainEntityOfPage":{"@id":"https:\/\/www.esplac.cat\/yo-fest-2020-parlament-europeu\/"},"wordCount":244,"publisher":{"@id":"https:\/\/www.esplac.cat\/#organization"},"image":{"@id":"https:\/\/www.esplac.cat\/yo-fest-2020-parlament-europeu\/#primaryimage"},"thumbnailUrl":"https:\/\/www.esplac.cat\/wp-content\/uploads\/2019\/12\/portadayofest.jpg","keywords":["internacionalisme","joves","Parlament europeu"],"articleSection":["Esplac al m\u00f3n"],"inLanguage":"es"},{"@type":"WebPage","@id":"https:\/\/www.esplac.cat\/yo-fest-2020-parlament-europeu\/","url":"https:\/\/www.esplac.cat\/yo-fest-2020-parlament-europeu\/","name":"YO! Fest 2020 al Parlament Europeu - Esplac","isPartOf":{"@id":"https:\/\/www.esplac.cat\/#website"},"primaryImageOfPage":{"@id":"https:\/\/www.esplac.cat\/yo-fest-2020-parlament-europeu\/#primaryimage"},"image":{"@id":"https:\/\/www.esplac.cat\/yo-fest-2020-parlament-europeu\/#primaryimage"},"thumbnailUrl":"https:\/\/www.esplac.cat\/wp-content\/uploads\/2019\/12\/portadayofest.jpg","datePublished":"2019-12-16T10:33:11+00:00","dateModified":"2020-10-15T16:23:06+00:00","breadcrumb":{"@id":"https:\/\/www.esplac.cat\/yo-fest-2020-parlament-europeu\/#breadcrumb"},"inLanguage":"es","potentialAction":[{"@type":"ReadAction","target":["https:\/\/www.esplac.cat\/yo-fest-2020-parlament-europeu\/"]}]},{"@type":"ImageObject","inLanguage":"es","@id":"https:\/\/www.esplac.cat\/yo-fest-2020-parlament-europeu\/#primaryimage","url":"https:\/\/www.esplac.cat\/wp-content\/uploads\/2019\/12\/portadayofest.jpg","contentUrl":"https:\/\/www.esplac.cat\/wp-content\/uploads\/2019\/12\/portadayofest.jpg","width":847,"height":350},{"@type":"BreadcrumbList","@id":"https:\/\/www.esplac.cat\/yo-fest-2020-parlament-europeu\/#breadcrumb","itemListElement":[{"@type":"ListItem","position":1,"name":"Inici","item":"https:\/\/www.esplac.cat\/es\/"},{"@type":"ListItem","position":2,"name":"YO! Fest 2020 al Parlament Europeu"}]},{"@type":"WebSite","@id":"https:\/\/www.esplac.cat\/#website","url":"https:\/\/www.esplac.cat\/","name":"Esplac","description":"Esplais Catalans","publisher":{"@id":"https:\/\/www.esplac.cat\/#organization"},"potentialAction":[{"@type":"SearchAction","target":{"@type":"EntryPoint","urlTemplate":"https:\/\/www.esplac.cat\/?s={search_term_string}"},"query-input":{"@type":"PropertyValueSpecification","valueRequired":true,"valueName":"search_term_string"}}],"inLanguage":"es"},{"@type":"Organization","@id":"https:\/\/www.esplac.cat\/#organization","name":"Esplac","url":"https:\/\/www.esplac.cat\/","logo":{"@type":"ImageObject","inLanguage":"es","@id":"https:\/\/www.esplac.cat\/#\/schema\/logo\/image\/","url":"https:\/\/www.esplac.cat\/wp-content\/uploads\/2019\/08\/logox2.png","contentUrl":"https:\/\/www.esplac.cat\/wp-content\/uploads\/2019\/08\/logox2.png","width":600,"height":295,"caption":"Esplac"},"image":{"@id":"https:\/\/www.esplac.cat\/#\/schema\/logo\/image\/"}},{"@type":"Person","@id":"https:\/\/www.esplac.cat\/#\/schema\/person\/908383cf240be18b68f8855d0583faca","name":"Comunicaci\u00f3 Esplac","image":{"@type":"ImageObject","inLanguage":"es","@id":"https:\/\/secure.gravatar.com\/avatar\/7a4cf8feb412a76ea4a740ca02d95b06b2907b5a6c648c2dd0a1082a093c3141?s=96&d=mm&r=g","url":"https:\/\/secure.gravatar.com\/avatar\/7a4cf8feb412a76ea4a740ca02d95b06b2907b5a6c648c2dd0a1082a093c3141?s=96&d=mm&r=g","contentUrl":"https:\/\/secure.gravatar.com\/avatar\/7a4cf8feb412a76ea4a740ca02d95b06b2907b5a6c648c2dd0a1082a093c3141?s=96&d=mm&r=g","caption":"Comunicaci\u00f3 Esplac"}}]}},"_links":{"self":[{"href":"https:\/\/www.esplac.cat\/es\/wp-json\/wp\/v2\/posts\/29579","targetHints":{"allow":["GET"]}}],"collection":[{"href":"https:\/\/www.esplac.cat\/es\/wp-json\/wp\/v2\/posts"}],"about":[{"href":"https:\/\/www.esplac.cat\/es\/wp-json\/wp\/v2\/types\/post"}],"author":[{"embeddable":true,"href":"https:\/\/www.esplac.cat\/es\/wp-json\/wp\/v2\/users\/3"}],"replies":[{"embeddable":true,"href":"https:\/\/www.esplac.cat\/es\/wp-json\/wp\/v2\/comments?post=29579"}],"version-history":[{"count":0,"href":"https:\/\/www.esplac.cat\/es\/wp-json\/wp\/v2\/posts\/29579\/revisions"}],"wp:featuredmedia":[{"embeddable":true,"href":"https:\/\/www.esplac.cat\/es\/wp-json\/wp\/v2\/media\/29583"}],"wp:attachment":[{"href":"https:\/\/www.esplac.cat\/es\/wp-json\/wp\/v2\/media?parent=29579"}],"wp:term":[{"taxonomy":"category","embeddable":true,"href":"https:\/\/www.esplac.cat\/es\/wp-json\/wp\/v2\/categories?post=29579"},{"taxonomy":"post_tag","embeddable":true,"href":"https:\/\/www.esplac.cat\/es\/wp-json\/wp\/v2\/tags?post=29579"}],"curies":[{"name":"wp","href":"https:\/\/api.w.org\/{rel}","templated":true}]}}