{"id":29781,"date":"2019-10-31T12:45:00","date_gmt":"2019-10-31T11:45:00","guid":{"rendered":"https:\/\/www.esplac.cat\/?p=29781"},"modified":"2021-01-19T09:38:44","modified_gmt":"2021-01-19T08:38:44","slug":"arriba-winter-school-2019-2020-countering-right-wing-populism","status":"publish","type":"post","link":"https:\/\/www.esplac.cat\/es\/arriba-winter-school-2019-2020-countering-right-wing-populism\/","title":{"rendered":"Arriba la Winter School 2019-2020: \u201cCountering right-wing populism\u00bb"},"content":{"rendered":"<div class=\"fusion-fullwidth fullwidth-box fusion-builder-row-1 nonhundred-percent-fullwidth non-hundred-percent-height-scrolling\" style=\"--awb-border-radius-top-left:0px;--awb-border-radius-top-right:0px;--awb-border-radius-bottom-right:0px;--awb-border-radius-bottom-left:0px;--awb-flex-wrap:wrap;\" ><div class=\"fusion-builder-row fusion-row\"><div class=\"fusion-layout-column fusion_builder_column fusion-builder-column-0 fusion_builder_column_1_1 1_1 fusion-one-full fusion-column-first fusion-column-last\" style=\"--awb-bg-size:cover;--awb-margin-bottom:0px;\"><div class=\"fusion-column-wrapper fusion-flex-column-wrapper-legacy\"><div class=\"fusion-text fusion-text-1\"><h4 style=\"text-align: justify;\">S&#8217;obren les inscripcions per participar a la Winter School 2019-2020 a Berl\u00edn! Enguany amb el t\u00edtol \u201cCountering right-wing populism\u00bb, que significa \u201cLluitant contra el populisme de la dreta\u201d.<\/h4>\n<p style=\"text-align: justify;\">Els moviments i els partits de dretes guanyen cada vegada <strong>m\u00e9s for\u00e7a a les ciutats Europees<\/strong> i tenen m\u00e9s poder a les societats, apareixen cada cop m\u00e9s grups extremistes i partits radicals de dretes. Aquest fenomen es pot veure tant en l\u2019\u00e0mbit local com en l\u2019\u00e0mbit de la Uni\u00f3 Europea. <strong>\u00c9s una tend\u00e8ncia actual, o b\u00e9, aquests girs cap a la dreta arriben per quedar-se?<\/strong><\/p>\n<p style=\"text-align: justify;\">Juntament amb altres organitzacions, volem <strong>desenvolupar estrat\u00e8gies sobre com respondre a aquesta situaci\u00f3<\/strong>. Quin \u00e9s el nostre paper com a educadores en aquests moments de viol\u00e8ncia i propaganda? Com podem organitzar-nos i quins enfocaments educatius s\u00f3n necessaris per trobar el poder creixent de les idees de dreta? El nostre objectiu \u00e9s <strong>trobar respostes i construir una xarxa de for\u00e7a comuna de solidaritat socialista entre pa\u00efsos<\/strong>.<\/p>\n<p style=\"text-align: justify;\">Durant el seminari tractarem tots aquests temes per\u00f2 tamb\u00e9 ens divertirem i ens autoorganitzarem per passar el cap d\u2019any juntes!<\/p>\n<p style=\"text-align: justify;\"><strong>Informaci\u00f3 pr\u00e0ctica: <\/strong><\/p>\n<p style=\"text-align: justify;\"><strong>Dates:<\/strong> 28 de desembre al 4 de gener 2020. (Els i les joves passaran el cap d&#8217;any junts a Berl\u00edn)<br \/>\n<strong>Lloc:<\/strong> A la seu del centre Kurt L\u00f6wenstein (prop de Berl\u00edn).<br \/>\n<strong>Cost:<\/strong> 70 euros per participant (allotjament i manutenci\u00f3). El cost del viatge es reemborsar\u00e0 a l&#8217;arribada (m\u00e0xim a 6 persones).<br \/>\n<strong>Places per Esplac:<\/strong> 6<br \/>\n<strong>Idioma:<\/strong> Angl\u00e8s<\/p>\n<p style=\"text-align: justify;\"><strong>Com m\u2019inscric?<\/strong><br \/>\nJa t\u2019hem convidat a trav\u00e9s de <a href=\"https:\/\/era.esplac.cat\/\" target=\"_blank\" rel=\"noopener noreferrer\">l\u2019Era<\/a>! Si vols participar-hi, entra a l&#8217;Era, indica que s\u00ed a l&#8217;assist\u00e8ncia de l&#8217;activitat i omple el formulari de sol\u00b7licitud que t&#8217;apareixer\u00e0!<\/p>\n<p style=\"text-align: justify;\"><strong>Contacte:<\/strong> internacional@esplac.cat \/ 933026103 \/ j.gerber@kurt-loewenstein.de<br \/>\nI si vols m\u00e9s informaci\u00f3, pots fer clic <a href=\"https:\/\/www.facebook.com\/events\/1723300347804134\/\" target=\"_blank\" rel=\"noopener noreferrer\">aqu\u00ed<\/a>.<\/p>\n<p>&nbsp;<\/p>\n<p><em>Amb la col\u00b7laboraci\u00f3 de:<img decoding=\"async\" class=\"alignleft wp-image-34361 \" src=\"https:\/\/www.esplac.cat\/wp-content\/uploads\/2021\/01\/accioexterior_h3-1.jpg\" alt=\"\" width=\"260\" height=\"37\" srcset=\"https:\/\/www.esplac.cat\/wp-content\/uploads\/2021\/01\/accioexterior_h3-1-200x29.jpg 200w, https:\/\/www.esplac.cat\/wp-content\/uploads\/2021\/01\/accioexterior_h3-1-300x43.jpg 300w, https:\/\/www.esplac.cat\/wp-content\/uploads\/2021\/01\/accioexterior_h3-1-400x57.jpg 400w, https:\/\/www.esplac.cat\/wp-content\/uploads\/2021\/01\/accioexterior_h3-1-600x86.jpg 600w, https:\/\/www.esplac.cat\/wp-content\/uploads\/2021\/01\/accioexterior_h3-1.jpg 728w\" sizes=\"(max-width: 260px) 100vw, 260px\" \/><br \/>\n<\/em><\/p>\n<\/div><div class=\"fusion-clearfix\"><\/div><\/div><\/div><\/div><\/div>\n","protected":false},"excerpt":{"rendered":"","protected":false},"author":3,"featured_media":29782,"comment_status":"closed","ping_status":"open","sticky":false,"template":"","format":"standard","meta":{"om_disable_all_campaigns":false,"_monsterinsights_skip_tracking":false,"_monsterinsights_sitenote_active":false,"_monsterinsights_sitenote_note":"","_monsterinsights_sitenote_category":0,"_uf_show_specific_survey":0,"_uf_disable_surveys":false,"footnotes":""},"categories":[1112],"tags":[],"class_list":["post-29781","post","type-post","status-publish","format-standard","has-post-thumbnail","hentry","category-esplac-al-mon"],"yoast_head":"<!-- This site is optimized with the Yoast SEO plugin v27.5 - https:\/\/yoast.com\/product\/yoast-seo-wordpress\/ -->\n<title>Arriba la Winter School 2019-2020: \u201cCountering right-wing populism&quot; - Esplac<\/title>\n<meta name=\"robots\" content=\"index, follow, max-snippet:-1, max-image-preview:large, max-video-preview:-1\" \/>\n<link rel=\"canonical\" href=\"https:\/\/www.esplac.cat\/arriba-winter-school-2019-2020-countering-right-wing-populism\/\" \/>\n<meta property=\"og:locale\" content=\"es_ES\" \/>\n<meta property=\"og:type\" content=\"article\" \/>\n<meta property=\"og:title\" content=\"Arriba la Winter School 2019-2020: \u201cCountering right-wing populism&quot; - Esplac\" \/>\n<meta property=\"og:url\" content=\"https:\/\/www.esplac.cat\/arriba-winter-school-2019-2020-countering-right-wing-populism\/\" \/>\n<meta property=\"og:site_name\" content=\"Esplac\" \/>\n<meta property=\"article:published_time\" content=\"2019-10-31T11:45:00+00:00\" \/>\n<meta property=\"article:modified_time\" content=\"2021-01-19T08:38:44+00:00\" \/>\n<meta property=\"og:image\" content=\"https:\/\/www.esplac.cat\/wp-content\/uploads\/2019\/12\/winterschool.jpeg\" \/>\n\t<meta property=\"og:image:width\" content=\"847\" \/>\n\t<meta property=\"og:image:height\" content=\"350\" \/>\n\t<meta property=\"og:image:type\" content=\"image\/jpeg\" \/>\n<meta name=\"author\" content=\"Comunicaci\u00f3 Esplac\" \/>\n<meta name=\"twitter:card\" content=\"summary_large_image\" \/>\n<meta name=\"twitter:label1\" content=\"Escrito por\" \/>\n\t<meta name=\"twitter:data1\" content=\"Comunicaci\u00f3 Esplac\" \/>\n\t<meta name=\"twitter:label2\" content=\"Tiempo de lectura\" \/>\n\t<meta name=\"twitter:data2\" content=\"2 minutos\" \/>\n<script type=\"application\/ld+json\" class=\"yoast-schema-graph\">{\"@context\":\"https:\\\/\\\/schema.org\",\"@graph\":[{\"@type\":\"Article\",\"@id\":\"https:\\\/\\\/www.esplac.cat\\\/arriba-winter-school-2019-2020-countering-right-wing-populism\\\/#article\",\"isPartOf\":{\"@id\":\"https:\\\/\\\/www.esplac.cat\\\/arriba-winter-school-2019-2020-countering-right-wing-populism\\\/\"},\"author\":{\"name\":\"Comunicaci\u00f3 Esplac\",\"@id\":\"https:\\\/\\\/www.esplac.cat\\\/#\\\/schema\\\/person\\\/908383cf240be18b68f8855d0583faca\"},\"headline\":\"Arriba la Winter School 2019-2020: \u201cCountering right-wing populism\u00bb\",\"datePublished\":\"2019-10-31T11:45:00+00:00\",\"dateModified\":\"2021-01-19T08:38:44+00:00\",\"mainEntityOfPage\":{\"@id\":\"https:\\\/\\\/www.esplac.cat\\\/arriba-winter-school-2019-2020-countering-right-wing-populism\\\/\"},\"wordCount\":488,\"publisher\":{\"@id\":\"https:\\\/\\\/www.esplac.cat\\\/#organization\"},\"image\":{\"@id\":\"https:\\\/\\\/www.esplac.cat\\\/arriba-winter-school-2019-2020-countering-right-wing-populism\\\/#primaryimage\"},\"thumbnailUrl\":\"https:\\\/\\\/www.esplac.cat\\\/wp-content\\\/uploads\\\/2019\\\/12\\\/winterschool.jpeg\",\"articleSection\":[\"Esplac al m\u00f3n\"],\"inLanguage\":\"es\"},{\"@type\":\"WebPage\",\"@id\":\"https:\\\/\\\/www.esplac.cat\\\/arriba-winter-school-2019-2020-countering-right-wing-populism\\\/\",\"url\":\"https:\\\/\\\/www.esplac.cat\\\/arriba-winter-school-2019-2020-countering-right-wing-populism\\\/\",\"name\":\"Arriba la Winter School 2019-2020: \u201cCountering right-wing populism\\\" - Esplac\",\"isPartOf\":{\"@id\":\"https:\\\/\\\/www.esplac.cat\\\/#website\"},\"primaryImageOfPage\":{\"@id\":\"https:\\\/\\\/www.esplac.cat\\\/arriba-winter-school-2019-2020-countering-right-wing-populism\\\/#primaryimage\"},\"image\":{\"@id\":\"https:\\\/\\\/www.esplac.cat\\\/arriba-winter-school-2019-2020-countering-right-wing-populism\\\/#primaryimage\"},\"thumbnailUrl\":\"https:\\\/\\\/www.esplac.cat\\\/wp-content\\\/uploads\\\/2019\\\/12\\\/winterschool.jpeg\",\"datePublished\":\"2019-10-31T11:45:00+00:00\",\"dateModified\":\"2021-01-19T08:38:44+00:00\",\"breadcrumb\":{\"@id\":\"https:\\\/\\\/www.esplac.cat\\\/arriba-winter-school-2019-2020-countering-right-wing-populism\\\/#breadcrumb\"},\"inLanguage\":\"es\",\"potentialAction\":[{\"@type\":\"ReadAction\",\"target\":[\"https:\\\/\\\/www.esplac.cat\\\/arriba-winter-school-2019-2020-countering-right-wing-populism\\\/\"]}]},{\"@type\":\"ImageObject\",\"inLanguage\":\"es\",\"@id\":\"https:\\\/\\\/www.esplac.cat\\\/arriba-winter-school-2019-2020-countering-right-wing-populism\\\/#primaryimage\",\"url\":\"https:\\\/\\\/www.esplac.cat\\\/wp-content\\\/uploads\\\/2019\\\/12\\\/winterschool.jpeg\",\"contentUrl\":\"https:\\\/\\\/www.esplac.cat\\\/wp-content\\\/uploads\\\/2019\\\/12\\\/winterschool.jpeg\",\"width\":847,\"height\":350},{\"@type\":\"BreadcrumbList\",\"@id\":\"https:\\\/\\\/www.esplac.cat\\\/arriba-winter-school-2019-2020-countering-right-wing-populism\\\/#breadcrumb\",\"itemListElement\":[{\"@type\":\"ListItem\",\"position\":1,\"name\":\"Inici\",\"item\":\"https:\\\/\\\/www.esplac.cat\\\/es\\\/\"},{\"@type\":\"ListItem\",\"position\":2,\"name\":\"Arriba la Winter School 2019-2020: \u201cCountering right-wing populism&#8221;\"}]},{\"@type\":\"WebSite\",\"@id\":\"https:\\\/\\\/www.esplac.cat\\\/#website\",\"url\":\"https:\\\/\\\/www.esplac.cat\\\/\",\"name\":\"Esplac\",\"description\":\"Esplais Catalans\",\"publisher\":{\"@id\":\"https:\\\/\\\/www.esplac.cat\\\/#organization\"},\"potentialAction\":[{\"@type\":\"SearchAction\",\"target\":{\"@type\":\"EntryPoint\",\"urlTemplate\":\"https:\\\/\\\/www.esplac.cat\\\/?s={search_term_string}\"},\"query-input\":{\"@type\":\"PropertyValueSpecification\",\"valueRequired\":true,\"valueName\":\"search_term_string\"}}],\"inLanguage\":\"es\"},{\"@type\":\"Organization\",\"@id\":\"https:\\\/\\\/www.esplac.cat\\\/#organization\",\"name\":\"Esplac\",\"url\":\"https:\\\/\\\/www.esplac.cat\\\/\",\"logo\":{\"@type\":\"ImageObject\",\"inLanguage\":\"es\",\"@id\":\"https:\\\/\\\/www.esplac.cat\\\/#\\\/schema\\\/logo\\\/image\\\/\",\"url\":\"https:\\\/\\\/www.esplac.cat\\\/wp-content\\\/uploads\\\/2019\\\/08\\\/logox2.png\",\"contentUrl\":\"https:\\\/\\\/www.esplac.cat\\\/wp-content\\\/uploads\\\/2019\\\/08\\\/logox2.png\",\"width\":600,\"height\":295,\"caption\":\"Esplac\"},\"image\":{\"@id\":\"https:\\\/\\\/www.esplac.cat\\\/#\\\/schema\\\/logo\\\/image\\\/\"}},{\"@type\":\"Person\",\"@id\":\"https:\\\/\\\/www.esplac.cat\\\/#\\\/schema\\\/person\\\/908383cf240be18b68f8855d0583faca\",\"name\":\"Comunicaci\u00f3 Esplac\",\"image\":{\"@type\":\"ImageObject\",\"inLanguage\":\"es\",\"@id\":\"https:\\\/\\\/secure.gravatar.com\\\/avatar\\\/7a4cf8feb412a76ea4a740ca02d95b06b2907b5a6c648c2dd0a1082a093c3141?s=96&d=mm&r=g\",\"url\":\"https:\\\/\\\/secure.gravatar.com\\\/avatar\\\/7a4cf8feb412a76ea4a740ca02d95b06b2907b5a6c648c2dd0a1082a093c3141?s=96&d=mm&r=g\",\"contentUrl\":\"https:\\\/\\\/secure.gravatar.com\\\/avatar\\\/7a4cf8feb412a76ea4a740ca02d95b06b2907b5a6c648c2dd0a1082a093c3141?s=96&d=mm&r=g\",\"caption\":\"Comunicaci\u00f3 Esplac\"}}]}<\/script>\n<!-- \/ Yoast SEO plugin. -->","yoast_head_json":{"title":"Arriba la Winter School 2019-2020: \u201cCountering right-wing populism\" - Esplac","robots":{"index":"index","follow":"follow","max-snippet":"max-snippet:-1","max-image-preview":"max-image-preview:large","max-video-preview":"max-video-preview:-1"},"canonical":"https:\/\/www.esplac.cat\/arriba-winter-school-2019-2020-countering-right-wing-populism\/","og_locale":"es_ES","og_type":"article","og_title":"Arriba la Winter School 2019-2020: \u201cCountering right-wing populism\" - Esplac","og_url":"https:\/\/www.esplac.cat\/arriba-winter-school-2019-2020-countering-right-wing-populism\/","og_site_name":"Esplac","article_published_time":"2019-10-31T11:45:00+00:00","article_modified_time":"2021-01-19T08:38:44+00:00","og_image":[{"width":847,"height":350,"url":"https:\/\/www.esplac.cat\/wp-content\/uploads\/2019\/12\/winterschool.jpeg","type":"image\/jpeg"}],"author":"Comunicaci\u00f3 Esplac","twitter_card":"summary_large_image","twitter_misc":{"Escrito por":"Comunicaci\u00f3 Esplac","Tiempo de lectura":"2 minutos"},"schema":{"@context":"https:\/\/schema.org","@graph":[{"@type":"Article","@id":"https:\/\/www.esplac.cat\/arriba-winter-school-2019-2020-countering-right-wing-populism\/#article","isPartOf":{"@id":"https:\/\/www.esplac.cat\/arriba-winter-school-2019-2020-countering-right-wing-populism\/"},"author":{"name":"Comunicaci\u00f3 Esplac","@id":"https:\/\/www.esplac.cat\/#\/schema\/person\/908383cf240be18b68f8855d0583faca"},"headline":"Arriba la Winter School 2019-2020: \u201cCountering right-wing populism\u00bb","datePublished":"2019-10-31T11:45:00+00:00","dateModified":"2021-01-19T08:38:44+00:00","mainEntityOfPage":{"@id":"https:\/\/www.esplac.cat\/arriba-winter-school-2019-2020-countering-right-wing-populism\/"},"wordCount":488,"publisher":{"@id":"https:\/\/www.esplac.cat\/#organization"},"image":{"@id":"https:\/\/www.esplac.cat\/arriba-winter-school-2019-2020-countering-right-wing-populism\/#primaryimage"},"thumbnailUrl":"https:\/\/www.esplac.cat\/wp-content\/uploads\/2019\/12\/winterschool.jpeg","articleSection":["Esplac al m\u00f3n"],"inLanguage":"es"},{"@type":"WebPage","@id":"https:\/\/www.esplac.cat\/arriba-winter-school-2019-2020-countering-right-wing-populism\/","url":"https:\/\/www.esplac.cat\/arriba-winter-school-2019-2020-countering-right-wing-populism\/","name":"Arriba la Winter School 2019-2020: \u201cCountering right-wing populism\" - Esplac","isPartOf":{"@id":"https:\/\/www.esplac.cat\/#website"},"primaryImageOfPage":{"@id":"https:\/\/www.esplac.cat\/arriba-winter-school-2019-2020-countering-right-wing-populism\/#primaryimage"},"image":{"@id":"https:\/\/www.esplac.cat\/arriba-winter-school-2019-2020-countering-right-wing-populism\/#primaryimage"},"thumbnailUrl":"https:\/\/www.esplac.cat\/wp-content\/uploads\/2019\/12\/winterschool.jpeg","datePublished":"2019-10-31T11:45:00+00:00","dateModified":"2021-01-19T08:38:44+00:00","breadcrumb":{"@id":"https:\/\/www.esplac.cat\/arriba-winter-school-2019-2020-countering-right-wing-populism\/#breadcrumb"},"inLanguage":"es","potentialAction":[{"@type":"ReadAction","target":["https:\/\/www.esplac.cat\/arriba-winter-school-2019-2020-countering-right-wing-populism\/"]}]},{"@type":"ImageObject","inLanguage":"es","@id":"https:\/\/www.esplac.cat\/arriba-winter-school-2019-2020-countering-right-wing-populism\/#primaryimage","url":"https:\/\/www.esplac.cat\/wp-content\/uploads\/2019\/12\/winterschool.jpeg","contentUrl":"https:\/\/www.esplac.cat\/wp-content\/uploads\/2019\/12\/winterschool.jpeg","width":847,"height":350},{"@type":"BreadcrumbList","@id":"https:\/\/www.esplac.cat\/arriba-winter-school-2019-2020-countering-right-wing-populism\/#breadcrumb","itemListElement":[{"@type":"ListItem","position":1,"name":"Inici","item":"https:\/\/www.esplac.cat\/es\/"},{"@type":"ListItem","position":2,"name":"Arriba la Winter School 2019-2020: \u201cCountering right-wing populism&#8221;"}]},{"@type":"WebSite","@id":"https:\/\/www.esplac.cat\/#website","url":"https:\/\/www.esplac.cat\/","name":"Esplac","description":"Esplais Catalans","publisher":{"@id":"https:\/\/www.esplac.cat\/#organization"},"potentialAction":[{"@type":"SearchAction","target":{"@type":"EntryPoint","urlTemplate":"https:\/\/www.esplac.cat\/?s={search_term_string}"},"query-input":{"@type":"PropertyValueSpecification","valueRequired":true,"valueName":"search_term_string"}}],"inLanguage":"es"},{"@type":"Organization","@id":"https:\/\/www.esplac.cat\/#organization","name":"Esplac","url":"https:\/\/www.esplac.cat\/","logo":{"@type":"ImageObject","inLanguage":"es","@id":"https:\/\/www.esplac.cat\/#\/schema\/logo\/image\/","url":"https:\/\/www.esplac.cat\/wp-content\/uploads\/2019\/08\/logox2.png","contentUrl":"https:\/\/www.esplac.cat\/wp-content\/uploads\/2019\/08\/logox2.png","width":600,"height":295,"caption":"Esplac"},"image":{"@id":"https:\/\/www.esplac.cat\/#\/schema\/logo\/image\/"}},{"@type":"Person","@id":"https:\/\/www.esplac.cat\/#\/schema\/person\/908383cf240be18b68f8855d0583faca","name":"Comunicaci\u00f3 Esplac","image":{"@type":"ImageObject","inLanguage":"es","@id":"https:\/\/secure.gravatar.com\/avatar\/7a4cf8feb412a76ea4a740ca02d95b06b2907b5a6c648c2dd0a1082a093c3141?s=96&d=mm&r=g","url":"https:\/\/secure.gravatar.com\/avatar\/7a4cf8feb412a76ea4a740ca02d95b06b2907b5a6c648c2dd0a1082a093c3141?s=96&d=mm&r=g","contentUrl":"https:\/\/secure.gravatar.com\/avatar\/7a4cf8feb412a76ea4a740ca02d95b06b2907b5a6c648c2dd0a1082a093c3141?s=96&d=mm&r=g","caption":"Comunicaci\u00f3 Esplac"}}]}},"_links":{"self":[{"href":"https:\/\/www.esplac.cat\/es\/wp-json\/wp\/v2\/posts\/29781","targetHints":{"allow":["GET"]}}],"collection":[{"href":"https:\/\/www.esplac.cat\/es\/wp-json\/wp\/v2\/posts"}],"about":[{"href":"https:\/\/www.esplac.cat\/es\/wp-json\/wp\/v2\/types\/post"}],"author":[{"embeddable":true,"href":"https:\/\/www.esplac.cat\/es\/wp-json\/wp\/v2\/users\/3"}],"replies":[{"embeddable":true,"href":"https:\/\/www.esplac.cat\/es\/wp-json\/wp\/v2\/comments?post=29781"}],"version-history":[{"count":0,"href":"https:\/\/www.esplac.cat\/es\/wp-json\/wp\/v2\/posts\/29781\/revisions"}],"wp:featuredmedia":[{"embeddable":true,"href":"https:\/\/www.esplac.cat\/es\/wp-json\/wp\/v2\/media\/29782"}],"wp:attachment":[{"href":"https:\/\/www.esplac.cat\/es\/wp-json\/wp\/v2\/media?parent=29781"}],"wp:term":[{"taxonomy":"category","embeddable":true,"href":"https:\/\/www.esplac.cat\/es\/wp-json\/wp\/v2\/categories?post=29781"},{"taxonomy":"post_tag","embeddable":true,"href":"https:\/\/www.esplac.cat\/es\/wp-json\/wp\/v2\/tags?post=29781"}],"curies":[{"name":"wp","href":"https:\/\/api.w.org\/{rel}","templated":true}]}}