{"id":29821,"date":"2019-10-15T10:09:25","date_gmt":"2019-10-15T09:09:25","guid":{"rendered":"https:\/\/www.esplac.cat\/?p=29821"},"modified":"2020-10-15T17:23:13","modified_gmt":"2020-10-15T16:23:13","slug":"sector-barcelona-engega-curs-cim","status":"publish","type":"post","link":"https:\/\/www.esplac.cat\/es\/sector-barcelona-engega-curs-cim\/","title":{"rendered":"El Sector Barcelona engega el curs amb el CIM!"},"content":{"rendered":"<h4 style=\"text-align: justify;\">Els passats 27, 28 i 29 de setembre, algunes participants del Sector Barcelona van marxar a Hostalets de Pierola per comen\u00e7ar el curs amb el CIM. En total hi van participar 6 esplais i 40 joves i premonitores!<\/h4>\n<p style=\"text-align: justify;\">Des de ja fa uns quants anys, els esplais del Sector Barcelona organitzen el seu propi<strong> CIM (Curs d\u2019Iniciaci\u00f3 al Monitoratge)<\/strong> en el qual les joves i premonitores dels diferents esplais participants tenen l\u2019oportunitat de comen\u00e7ar una etapa de formaci\u00f3 que compta amb l\u2019objectiu principal d\u2019obtenir aquells conceptes b\u00e0sics i necessaris per a la seva futura entrada a l\u2019equip de monitores del seu esplai.<\/p>\n<p style=\"text-align: justify;\">Aquest any hi han participat <strong>6 esplais<\/strong>: l\u2019Esplai SCV el Clot, l\u2019Esplai Kasperle, l\u2019Esplai GMM, l\u2019Esplai Turons, l\u2019Esplai Isard-Flor de Neu i l\u2019Esplai Totikap. Amb un total de 14 formadores (de les quals 12 eren dels esplais participants i 2 EGS del sector) i 40 premonitores d\u2019aquests esplais.<br \/>\nDurant els tres dies que va durar el CIM ens vam allotjar a l\u2019<strong>alberg Can Roviralta<\/strong>, que es troba ubicat al poble d\u2019<strong>Hostalets de Pierola<\/strong>, a la comarca de l\u2019Anoia. Aquesta instal\u00b7laci\u00f3 forma part del centre d\u2019interpretaci\u00f3 i restauraci\u00f3 Paleontol\u00f2gica (CRIP) i algunes de les participants van poder descobrir algunes troballes del jaciment del Mioc\u00e8 i poder observar l\u2019estructura \u00f2ssia del primer primat que es va posar dret a Europa.<\/p>\n<p style=\"text-align: justify;\">Pel que fa a l\u2019alberg, disposava d\u2019unes instal\u00b7lacions molt adequades, ja que hi havia moltes sales amb cadires i taules. Tamb\u00e9 hi havia espais oberts en els quals la tranquil\u00b7litat era present. A m\u00e9s, l&#8217;alberg va cedir microones i neveres per tal de poder escalfar o mantenir el menjar. Les i els participants es van sentir molt cuidades i a gust, gr\u00e0cies a la recepci\u00f3 de la persona de l\u2019alberg i a tot l\u2019entorn que l&#8217;envoltava. I aix\u00f2 es va anar demostrant durant els tres dies.<\/p>\n<p style=\"text-align: justify;\">Ja al tren van comen\u00e7ar a con\u00e8ixer-se una mica entre totes les premonis, encara que hi havia dos grups en horaris diferents. Les formadores van repartir uns paperets que els indicaven quin personatge eren i havien de trobar el seu trio o parella amb la qual farien el cam\u00ed des de l\u2019estaci\u00f3 de ferrocarrils (Piera) fins a l\u2019alberg. Un cop all\u00e0 es va realitzar una s\u00e8rie de <strong>din\u00e0miques per tal d\u2019anar comen\u00e7ant la cohesi\u00f3<\/strong> mentre s&#8217;esperava que arribessin les participants del segon torn. Ja a la nit, va comen\u00e7ar la primera formaci\u00f3 de jocs, que va durar fins a la 1, i despr\u00e9s es va continuar la cohesi\u00f3 compartint experi\u00e8ncies i riures amb totes.<\/p>\n<p style=\"text-align: justify;\"><a href=\"https:\/\/www.esplac.cat\/wp-content\/uploads\/2019\/10\/IMG-20191008-WA0005-1.jpg\"><img decoding=\"async\" class=\"wp-image-22765 aligncenter\" src=\"https:\/\/www.esplac.cat\/wp-content\/uploads\/2019\/10\/IMG-20191008-WA0005-1.jpg\" alt=\"\" width=\"585\" height=\"351\" \/><\/a><\/p>\n","protected":false},"excerpt":{"rendered":"<p>Els passats 27, 28 i 29 de setembre, algunes participants [&hellip;]<\/p>\n","protected":false},"author":3,"featured_media":29822,"comment_status":"closed","ping_status":"open","sticky":false,"template":"","format":"standard","meta":{"om_disable_all_campaigns":false,"_monsterinsights_skip_tracking":false,"_monsterinsights_sitenote_active":false,"_monsterinsights_sitenote_note":"","_monsterinsights_sitenote_category":0,"_uf_show_specific_survey":0,"_uf_disable_surveys":false,"footnotes":""},"categories":[1128],"tags":[],"class_list":["post-29821","post","type-post","status-publish","format-standard","has-post-thumbnail","hentry","category-sector-barcelona"],"yoast_head":"<!-- This site is optimized with the Yoast SEO plugin v27.5 - https:\/\/yoast.com\/product\/yoast-seo-wordpress\/ -->\n<title>El Sector Barcelona engega el curs amb el CIM! - Esplac<\/title>\n<meta name=\"robots\" content=\"index, follow, max-snippet:-1, max-image-preview:large, max-video-preview:-1\" \/>\n<link rel=\"canonical\" href=\"https:\/\/www.esplac.cat\/sector-barcelona-engega-curs-cim\/\" \/>\n<meta property=\"og:locale\" content=\"es_ES\" \/>\n<meta property=\"og:type\" content=\"article\" \/>\n<meta property=\"og:title\" content=\"El Sector Barcelona engega el curs amb el CIM! - Esplac\" \/>\n<meta property=\"og:description\" content=\"Els passats 27, 28 i 29 de setembre, algunes participants [&hellip;]\" \/>\n<meta property=\"og:url\" content=\"https:\/\/www.esplac.cat\/sector-barcelona-engega-curs-cim\/\" \/>\n<meta property=\"og:site_name\" content=\"Esplac\" \/>\n<meta property=\"article:published_time\" content=\"2019-10-15T09:09:25+00:00\" \/>\n<meta property=\"article:modified_time\" content=\"2020-10-15T16:23:13+00:00\" \/>\n<meta property=\"og:image\" content=\"https:\/\/www.esplac.cat\/wp-content\/uploads\/2019\/12\/bcnCim.jpeg\" \/>\n\t<meta property=\"og:image:width\" content=\"847\" \/>\n\t<meta property=\"og:image:height\" content=\"350\" \/>\n\t<meta property=\"og:image:type\" content=\"image\/jpeg\" \/>\n<meta name=\"author\" content=\"Comunicaci\u00f3 Esplac\" \/>\n<meta name=\"twitter:card\" content=\"summary_large_image\" \/>\n<meta name=\"twitter:label1\" content=\"Escrito por\" \/>\n\t<meta name=\"twitter:data1\" content=\"Comunicaci\u00f3 Esplac\" \/>\n\t<meta name=\"twitter:label2\" content=\"Tiempo de lectura\" \/>\n\t<meta name=\"twitter:data2\" content=\"2 minutos\" \/>\n<script type=\"application\/ld+json\" class=\"yoast-schema-graph\">{\"@context\":\"https:\\\/\\\/schema.org\",\"@graph\":[{\"@type\":\"Article\",\"@id\":\"https:\\\/\\\/www.esplac.cat\\\/sector-barcelona-engega-curs-cim\\\/#article\",\"isPartOf\":{\"@id\":\"https:\\\/\\\/www.esplac.cat\\\/sector-barcelona-engega-curs-cim\\\/\"},\"author\":{\"name\":\"Comunicaci\u00f3 Esplac\",\"@id\":\"https:\\\/\\\/www.esplac.cat\\\/#\\\/schema\\\/person\\\/908383cf240be18b68f8855d0583faca\"},\"headline\":\"El Sector Barcelona engega el curs amb el CIM!\",\"datePublished\":\"2019-10-15T09:09:25+00:00\",\"dateModified\":\"2020-10-15T16:23:13+00:00\",\"mainEntityOfPage\":{\"@id\":\"https:\\\/\\\/www.esplac.cat\\\/sector-barcelona-engega-curs-cim\\\/\"},\"wordCount\":462,\"publisher\":{\"@id\":\"https:\\\/\\\/www.esplac.cat\\\/#organization\"},\"image\":{\"@id\":\"https:\\\/\\\/www.esplac.cat\\\/sector-barcelona-engega-curs-cim\\\/#primaryimage\"},\"thumbnailUrl\":\"https:\\\/\\\/www.esplac.cat\\\/wp-content\\\/uploads\\\/2019\\\/12\\\/bcnCim.jpeg\",\"articleSection\":[\"Sector Barcelona\"],\"inLanguage\":\"es\"},{\"@type\":\"WebPage\",\"@id\":\"https:\\\/\\\/www.esplac.cat\\\/sector-barcelona-engega-curs-cim\\\/\",\"url\":\"https:\\\/\\\/www.esplac.cat\\\/sector-barcelona-engega-curs-cim\\\/\",\"name\":\"El Sector Barcelona engega el curs amb el CIM! - Esplac\",\"isPartOf\":{\"@id\":\"https:\\\/\\\/www.esplac.cat\\\/#website\"},\"primaryImageOfPage\":{\"@id\":\"https:\\\/\\\/www.esplac.cat\\\/sector-barcelona-engega-curs-cim\\\/#primaryimage\"},\"image\":{\"@id\":\"https:\\\/\\\/www.esplac.cat\\\/sector-barcelona-engega-curs-cim\\\/#primaryimage\"},\"thumbnailUrl\":\"https:\\\/\\\/www.esplac.cat\\\/wp-content\\\/uploads\\\/2019\\\/12\\\/bcnCim.jpeg\",\"datePublished\":\"2019-10-15T09:09:25+00:00\",\"dateModified\":\"2020-10-15T16:23:13+00:00\",\"breadcrumb\":{\"@id\":\"https:\\\/\\\/www.esplac.cat\\\/sector-barcelona-engega-curs-cim\\\/#breadcrumb\"},\"inLanguage\":\"es\",\"potentialAction\":[{\"@type\":\"ReadAction\",\"target\":[\"https:\\\/\\\/www.esplac.cat\\\/sector-barcelona-engega-curs-cim\\\/\"]}]},{\"@type\":\"ImageObject\",\"inLanguage\":\"es\",\"@id\":\"https:\\\/\\\/www.esplac.cat\\\/sector-barcelona-engega-curs-cim\\\/#primaryimage\",\"url\":\"https:\\\/\\\/www.esplac.cat\\\/wp-content\\\/uploads\\\/2019\\\/12\\\/bcnCim.jpeg\",\"contentUrl\":\"https:\\\/\\\/www.esplac.cat\\\/wp-content\\\/uploads\\\/2019\\\/12\\\/bcnCim.jpeg\",\"width\":847,\"height\":350},{\"@type\":\"BreadcrumbList\",\"@id\":\"https:\\\/\\\/www.esplac.cat\\\/sector-barcelona-engega-curs-cim\\\/#breadcrumb\",\"itemListElement\":[{\"@type\":\"ListItem\",\"position\":1,\"name\":\"Inici\",\"item\":\"https:\\\/\\\/www.esplac.cat\\\/es\\\/\"},{\"@type\":\"ListItem\",\"position\":2,\"name\":\"El Sector Barcelona engega el curs amb el CIM!\"}]},{\"@type\":\"WebSite\",\"@id\":\"https:\\\/\\\/www.esplac.cat\\\/#website\",\"url\":\"https:\\\/\\\/www.esplac.cat\\\/\",\"name\":\"Esplac\",\"description\":\"Esplais Catalans\",\"publisher\":{\"@id\":\"https:\\\/\\\/www.esplac.cat\\\/#organization\"},\"potentialAction\":[{\"@type\":\"SearchAction\",\"target\":{\"@type\":\"EntryPoint\",\"urlTemplate\":\"https:\\\/\\\/www.esplac.cat\\\/?s={search_term_string}\"},\"query-input\":{\"@type\":\"PropertyValueSpecification\",\"valueRequired\":true,\"valueName\":\"search_term_string\"}}],\"inLanguage\":\"es\"},{\"@type\":\"Organization\",\"@id\":\"https:\\\/\\\/www.esplac.cat\\\/#organization\",\"name\":\"Esplac\",\"url\":\"https:\\\/\\\/www.esplac.cat\\\/\",\"logo\":{\"@type\":\"ImageObject\",\"inLanguage\":\"es\",\"@id\":\"https:\\\/\\\/www.esplac.cat\\\/#\\\/schema\\\/logo\\\/image\\\/\",\"url\":\"https:\\\/\\\/www.esplac.cat\\\/wp-content\\\/uploads\\\/2019\\\/08\\\/logox2.png\",\"contentUrl\":\"https:\\\/\\\/www.esplac.cat\\\/wp-content\\\/uploads\\\/2019\\\/08\\\/logox2.png\",\"width\":600,\"height\":295,\"caption\":\"Esplac\"},\"image\":{\"@id\":\"https:\\\/\\\/www.esplac.cat\\\/#\\\/schema\\\/logo\\\/image\\\/\"}},{\"@type\":\"Person\",\"@id\":\"https:\\\/\\\/www.esplac.cat\\\/#\\\/schema\\\/person\\\/908383cf240be18b68f8855d0583faca\",\"name\":\"Comunicaci\u00f3 Esplac\",\"image\":{\"@type\":\"ImageObject\",\"inLanguage\":\"es\",\"@id\":\"https:\\\/\\\/secure.gravatar.com\\\/avatar\\\/7a4cf8feb412a76ea4a740ca02d95b06b2907b5a6c648c2dd0a1082a093c3141?s=96&d=mm&r=g\",\"url\":\"https:\\\/\\\/secure.gravatar.com\\\/avatar\\\/7a4cf8feb412a76ea4a740ca02d95b06b2907b5a6c648c2dd0a1082a093c3141?s=96&d=mm&r=g\",\"contentUrl\":\"https:\\\/\\\/secure.gravatar.com\\\/avatar\\\/7a4cf8feb412a76ea4a740ca02d95b06b2907b5a6c648c2dd0a1082a093c3141?s=96&d=mm&r=g\",\"caption\":\"Comunicaci\u00f3 Esplac\"}}]}<\/script>\n<!-- \/ Yoast SEO plugin. -->","yoast_head_json":{"title":"El Sector Barcelona engega el curs amb el CIM! - Esplac","robots":{"index":"index","follow":"follow","max-snippet":"max-snippet:-1","max-image-preview":"max-image-preview:large","max-video-preview":"max-video-preview:-1"},"canonical":"https:\/\/www.esplac.cat\/sector-barcelona-engega-curs-cim\/","og_locale":"es_ES","og_type":"article","og_title":"El Sector Barcelona engega el curs amb el CIM! - Esplac","og_description":"Els passats 27, 28 i 29 de setembre, algunes participants [&hellip;]","og_url":"https:\/\/www.esplac.cat\/sector-barcelona-engega-curs-cim\/","og_site_name":"Esplac","article_published_time":"2019-10-15T09:09:25+00:00","article_modified_time":"2020-10-15T16:23:13+00:00","og_image":[{"width":847,"height":350,"url":"https:\/\/www.esplac.cat\/wp-content\/uploads\/2019\/12\/bcnCim.jpeg","type":"image\/jpeg"}],"author":"Comunicaci\u00f3 Esplac","twitter_card":"summary_large_image","twitter_misc":{"Escrito por":"Comunicaci\u00f3 Esplac","Tiempo de lectura":"2 minutos"},"schema":{"@context":"https:\/\/schema.org","@graph":[{"@type":"Article","@id":"https:\/\/www.esplac.cat\/sector-barcelona-engega-curs-cim\/#article","isPartOf":{"@id":"https:\/\/www.esplac.cat\/sector-barcelona-engega-curs-cim\/"},"author":{"name":"Comunicaci\u00f3 Esplac","@id":"https:\/\/www.esplac.cat\/#\/schema\/person\/908383cf240be18b68f8855d0583faca"},"headline":"El Sector Barcelona engega el curs amb el CIM!","datePublished":"2019-10-15T09:09:25+00:00","dateModified":"2020-10-15T16:23:13+00:00","mainEntityOfPage":{"@id":"https:\/\/www.esplac.cat\/sector-barcelona-engega-curs-cim\/"},"wordCount":462,"publisher":{"@id":"https:\/\/www.esplac.cat\/#organization"},"image":{"@id":"https:\/\/www.esplac.cat\/sector-barcelona-engega-curs-cim\/#primaryimage"},"thumbnailUrl":"https:\/\/www.esplac.cat\/wp-content\/uploads\/2019\/12\/bcnCim.jpeg","articleSection":["Sector Barcelona"],"inLanguage":"es"},{"@type":"WebPage","@id":"https:\/\/www.esplac.cat\/sector-barcelona-engega-curs-cim\/","url":"https:\/\/www.esplac.cat\/sector-barcelona-engega-curs-cim\/","name":"El Sector Barcelona engega el curs amb el CIM! - Esplac","isPartOf":{"@id":"https:\/\/www.esplac.cat\/#website"},"primaryImageOfPage":{"@id":"https:\/\/www.esplac.cat\/sector-barcelona-engega-curs-cim\/#primaryimage"},"image":{"@id":"https:\/\/www.esplac.cat\/sector-barcelona-engega-curs-cim\/#primaryimage"},"thumbnailUrl":"https:\/\/www.esplac.cat\/wp-content\/uploads\/2019\/12\/bcnCim.jpeg","datePublished":"2019-10-15T09:09:25+00:00","dateModified":"2020-10-15T16:23:13+00:00","breadcrumb":{"@id":"https:\/\/www.esplac.cat\/sector-barcelona-engega-curs-cim\/#breadcrumb"},"inLanguage":"es","potentialAction":[{"@type":"ReadAction","target":["https:\/\/www.esplac.cat\/sector-barcelona-engega-curs-cim\/"]}]},{"@type":"ImageObject","inLanguage":"es","@id":"https:\/\/www.esplac.cat\/sector-barcelona-engega-curs-cim\/#primaryimage","url":"https:\/\/www.esplac.cat\/wp-content\/uploads\/2019\/12\/bcnCim.jpeg","contentUrl":"https:\/\/www.esplac.cat\/wp-content\/uploads\/2019\/12\/bcnCim.jpeg","width":847,"height":350},{"@type":"BreadcrumbList","@id":"https:\/\/www.esplac.cat\/sector-barcelona-engega-curs-cim\/#breadcrumb","itemListElement":[{"@type":"ListItem","position":1,"name":"Inici","item":"https:\/\/www.esplac.cat\/es\/"},{"@type":"ListItem","position":2,"name":"El Sector Barcelona engega el curs amb el CIM!"}]},{"@type":"WebSite","@id":"https:\/\/www.esplac.cat\/#website","url":"https:\/\/www.esplac.cat\/","name":"Esplac","description":"Esplais Catalans","publisher":{"@id":"https:\/\/www.esplac.cat\/#organization"},"potentialAction":[{"@type":"SearchAction","target":{"@type":"EntryPoint","urlTemplate":"https:\/\/www.esplac.cat\/?s={search_term_string}"},"query-input":{"@type":"PropertyValueSpecification","valueRequired":true,"valueName":"search_term_string"}}],"inLanguage":"es"},{"@type":"Organization","@id":"https:\/\/www.esplac.cat\/#organization","name":"Esplac","url":"https:\/\/www.esplac.cat\/","logo":{"@type":"ImageObject","inLanguage":"es","@id":"https:\/\/www.esplac.cat\/#\/schema\/logo\/image\/","url":"https:\/\/www.esplac.cat\/wp-content\/uploads\/2019\/08\/logox2.png","contentUrl":"https:\/\/www.esplac.cat\/wp-content\/uploads\/2019\/08\/logox2.png","width":600,"height":295,"caption":"Esplac"},"image":{"@id":"https:\/\/www.esplac.cat\/#\/schema\/logo\/image\/"}},{"@type":"Person","@id":"https:\/\/www.esplac.cat\/#\/schema\/person\/908383cf240be18b68f8855d0583faca","name":"Comunicaci\u00f3 Esplac","image":{"@type":"ImageObject","inLanguage":"es","@id":"https:\/\/secure.gravatar.com\/avatar\/7a4cf8feb412a76ea4a740ca02d95b06b2907b5a6c648c2dd0a1082a093c3141?s=96&d=mm&r=g","url":"https:\/\/secure.gravatar.com\/avatar\/7a4cf8feb412a76ea4a740ca02d95b06b2907b5a6c648c2dd0a1082a093c3141?s=96&d=mm&r=g","contentUrl":"https:\/\/secure.gravatar.com\/avatar\/7a4cf8feb412a76ea4a740ca02d95b06b2907b5a6c648c2dd0a1082a093c3141?s=96&d=mm&r=g","caption":"Comunicaci\u00f3 Esplac"}}]}},"_links":{"self":[{"href":"https:\/\/www.esplac.cat\/es\/wp-json\/wp\/v2\/posts\/29821","targetHints":{"allow":["GET"]}}],"collection":[{"href":"https:\/\/www.esplac.cat\/es\/wp-json\/wp\/v2\/posts"}],"about":[{"href":"https:\/\/www.esplac.cat\/es\/wp-json\/wp\/v2\/types\/post"}],"author":[{"embeddable":true,"href":"https:\/\/www.esplac.cat\/es\/wp-json\/wp\/v2\/users\/3"}],"replies":[{"embeddable":true,"href":"https:\/\/www.esplac.cat\/es\/wp-json\/wp\/v2\/comments?post=29821"}],"version-history":[{"count":0,"href":"https:\/\/www.esplac.cat\/es\/wp-json\/wp\/v2\/posts\/29821\/revisions"}],"wp:featuredmedia":[{"embeddable":true,"href":"https:\/\/www.esplac.cat\/es\/wp-json\/wp\/v2\/media\/29822"}],"wp:attachment":[{"href":"https:\/\/www.esplac.cat\/es\/wp-json\/wp\/v2\/media?parent=29821"}],"wp:term":[{"taxonomy":"category","embeddable":true,"href":"https:\/\/www.esplac.cat\/es\/wp-json\/wp\/v2\/categories?post=29821"},{"taxonomy":"post_tag","embeddable":true,"href":"https:\/\/www.esplac.cat\/es\/wp-json\/wp\/v2\/tags?post=29821"}],"curies":[{"name":"wp","href":"https:\/\/api.w.org\/{rel}","templated":true}]}}