{"id":30282,"date":"2020-01-16T12:29:26","date_gmt":"2020-01-16T11:29:26","guid":{"rendered":"https:\/\/www.esplac.cat\/?p=30282"},"modified":"2020-10-15T17:23:05","modified_gmt":"2020-10-15T16:23:05","slug":"primeres-impressions-portici","status":"publish","type":"post","link":"https:\/\/www.esplac.cat\/es\/primeres-impressions-portici\/","title":{"rendered":"Primeres impressions a Portici: descobrint difer\u00e8ncies i ampliant la perspectiva amb la qual veig el m\u00f3n"},"content":{"rendered":"<h6 class=\"p1\" style=\"text-align: justify;\">16-gener-2020<\/h6>\n<p>Autora: <strong>Anna Mi\u00f1ana<\/strong>, monitora de l&#8217;esplai Isard-Flor de Neu de Barcelona i volunt\u00e0ria ESC (European Solidarity Corps) a Portici (It\u00e0lia)<\/p>\n<hr \/>\n<p>Amb l\u2019experi\u00e8ncia de sis anys d\u2019esplai a les esquenes, emprenc aquesta aventura a un pa\u00eds que, tenint costums semblants a les nostres, cada dia vaig descobrint petits detalls que ens diferencien i <strong>enriqueixen la meva manera de ser<\/strong> i amplien una miqueta m\u00e9s la perspectiva a trav\u00e9s de la qual veig el m\u00f3n.<\/p>\n<p>Despr\u00e9s d\u2019un mes aqu\u00ed, i haver conegut a tanta gent com per no recordar el nom de totes, comen\u00e7o a sentir-me com a casa en el moment que, havent passat les vacances de nadal a Barcelona, ja tenia ganes de retrobar-me amb les noves companyes.<\/p>\n<p>Les dues primeres setmanes van ser una miqueta ca\u00f2tiques, anant de reuni\u00f3 en reuni\u00f3, coneixent tots els grups de treball i passant per les dues cases d\u2019acollida de joves que t\u00e9 l\u2019associaci\u00f3. I la majoria de tot aix\u00f2 en itali\u00e0&#8230; Us podeu imaginar el meu cap!<\/p>\n<p>Per\u00f2 ara que ja estic m\u00e9s situada, vaig a tope amb tot el que se\u2019m fica per davant.<\/p>\n<p>Un dilluns si un no, tenim el projecte <strong>\u201cNever Alone\u201d<\/strong>, que seria el m\u00e9s semblant a l\u2019activitat d\u2019esplai que podem trobar aqu\u00ed. Un grup de joves d\u2019entre 13 i 18 anys, organitzat per dues educadores, i que realitzen din\u00e0miques del mateix caire a les que far\u00edem nosaltres. El nom del projecte ve donat pel fet que tots els joves son menors immigrants no acompanyats, <strong>i s\u2019intenta crear xarxa, un espai on puguin trobar suport sempre que el necessitin.<\/strong><\/p>\n<p>La resta de dies no tenen un projecte fix, vaig rotant depenent de la setmana.<\/p>\n<p><strong>Hi ha dies que vaig a les cases d\u2019acollida<\/strong> que ja he mencionat abans, una de nois i l\u2019altre de noies, per aprendre el funcionament dels serveis socials d\u2019aqu\u00ed. En aquest cas tamb\u00e9 son totes joves. Podr\u00edem dir que aquestes cases son molt semblants a un CRAE, i tenen super present l\u2019atenci\u00f3 individualitzada, de manera que nomes son 6 joves per cada casa.<\/p>\n<p>Tamb\u00e9 estic participant de la creaci\u00f3 d\u2019un <strong>projecte de visibilitzaci\u00f3 LGTBIQ<\/strong>, que donar\u00e0 els seus fruits en un parell de mesos si tot va b\u00e9. De moment son nom\u00e9s un conjunt de reunions i Skypes.<\/p>\n<p>I fins aqu\u00ed un resum d\u2019aquest primer mes a Portici (Italia). Nom\u00e9s em queda dir que moltes gr\u00e0cies per aquesta oportunitat, \u00e9s un plaer estar gaudint d\u2019aquesta experi\u00e8ncia!<\/p>\n\n\t\t<style type=\"text\/css\">\n\t\t\t#gallery-1 {\n\t\t\t\tmargin: auto;\n\t\t\t}\n\t\t\t#gallery-1 .gallery-item {\n\t\t\t\tfloat: left;\n\t\t\t\tmargin-top: 10px;\n\t\t\t\ttext-align: center;\n\t\t\t\twidth: 33%;\n\t\t\t}\n\t\t\t#gallery-1 img {\n\t\t\t\tborder: 2px solid #cfcfcf;\n\t\t\t}\n\t\t\t#gallery-1 .gallery-caption {\n\t\t\t\tmargin-left: 0;\n\t\t\t}\n\t\t\t\/* see gallery_shortcode() in wp-includes\/media.php *\/\n\t\t<\/style>\n\t\t<div id='gallery-1' class='gallery galleryid-30282 gallery-columns-3 gallery-size-full'><dl class='gallery-item'>\n\t\t\t<dt class='gallery-icon landscape'>\n\t\t\t\t<a data-rel=\"iLightbox[postimages]\" data-title=\"IMG-20200115-WA0000 (1)\" data-caption=\"\" href='https:\/\/www.esplac.cat\/es\/img-20200115-wa0000-1-2\/'><img decoding=\"async\" width=\"1600\" height=\"1200\" src=\"https:\/\/www.esplac.cat\/wp-content\/uploads\/2020\/01\/IMG-20200115-WA0000-1.jpg\" class=\"attachment-full size-full\" alt=\"\" srcset=\"https:\/\/www.esplac.cat\/wp-content\/uploads\/2020\/01\/IMG-20200115-WA0000-1-200x150.jpg 200w, https:\/\/www.esplac.cat\/wp-content\/uploads\/2020\/01\/IMG-20200115-WA0000-1-300x225.jpg 300w, https:\/\/www.esplac.cat\/wp-content\/uploads\/2020\/01\/IMG-20200115-WA0000-1-400x300.jpg 400w, https:\/\/www.esplac.cat\/wp-content\/uploads\/2020\/01\/IMG-20200115-WA0000-1-600x450.jpg 600w, https:\/\/www.esplac.cat\/wp-content\/uploads\/2020\/01\/IMG-20200115-WA0000-1-768x576.jpg 768w, https:\/\/www.esplac.cat\/wp-content\/uploads\/2020\/01\/IMG-20200115-WA0000-1-800x600.jpg 800w, https:\/\/www.esplac.cat\/wp-content\/uploads\/2020\/01\/IMG-20200115-WA0000-1-1024x768.jpg 1024w, https:\/\/www.esplac.cat\/wp-content\/uploads\/2020\/01\/IMG-20200115-WA0000-1-1200x900.jpg 1200w, https:\/\/www.esplac.cat\/wp-content\/uploads\/2020\/01\/IMG-20200115-WA0000-1-1536x1152.jpg 1536w, https:\/\/www.esplac.cat\/wp-content\/uploads\/2020\/01\/IMG-20200115-WA0000-1.jpg 1600w\" sizes=\"(max-width: 1600px) 100vw, 1600px\" \/><\/a>\n\t\t\t<\/dt><\/dl><dl class='gallery-item'>\n\t\t\t<dt class='gallery-icon landscape'>\n\t\t\t\t<a data-rel=\"iLightbox[postimages]\" data-title=\"IMG-20200113-WA0057 (1)\" data-caption=\"\" href='https:\/\/www.esplac.cat\/es\/img-20200113-wa0057-1-2\/'><img decoding=\"async\" width=\"1599\" height=\"1200\" src=\"https:\/\/www.esplac.cat\/wp-content\/uploads\/2020\/01\/IMG-20200113-WA0057-1.jpg\" class=\"attachment-full size-full\" alt=\"\" srcset=\"https:\/\/www.esplac.cat\/wp-content\/uploads\/2020\/01\/IMG-20200113-WA0057-1-200x150.jpg 200w, https:\/\/www.esplac.cat\/wp-content\/uploads\/2020\/01\/IMG-20200113-WA0057-1-300x225.jpg 300w, https:\/\/www.esplac.cat\/wp-content\/uploads\/2020\/01\/IMG-20200113-WA0057-1-400x300.jpg 400w, https:\/\/www.esplac.cat\/wp-content\/uploads\/2020\/01\/IMG-20200113-WA0057-1-600x450.jpg 600w, https:\/\/www.esplac.cat\/wp-content\/uploads\/2020\/01\/IMG-20200113-WA0057-1-768x576.jpg 768w, https:\/\/www.esplac.cat\/wp-content\/uploads\/2020\/01\/IMG-20200113-WA0057-1-800x600.jpg 800w, https:\/\/www.esplac.cat\/wp-content\/uploads\/2020\/01\/IMG-20200113-WA0057-1-1024x768.jpg 1024w, https:\/\/www.esplac.cat\/wp-content\/uploads\/2020\/01\/IMG-20200113-WA0057-1-1200x901.jpg 1200w, https:\/\/www.esplac.cat\/wp-content\/uploads\/2020\/01\/IMG-20200113-WA0057-1-1536x1153.jpg 1536w, https:\/\/www.esplac.cat\/wp-content\/uploads\/2020\/01\/IMG-20200113-WA0057-1.jpg 1599w\" sizes=\"(max-width: 1599px) 100vw, 1599px\" \/><\/a>\n\t\t\t<\/dt><\/dl><dl class='gallery-item'>\n\t\t\t<dt class='gallery-icon landscape'>\n\t\t\t\t<a data-rel=\"iLightbox[postimages]\" data-title=\"FB_IMG_1579088978601\" data-caption=\"\" href='https:\/\/www.esplac.cat\/es\/fb_img_1579088978601-2\/'><img decoding=\"async\" width=\"960\" height=\"712\" src=\"https:\/\/www.esplac.cat\/wp-content\/uploads\/2020\/01\/FB_IMG_1579088978601.jpg\" class=\"attachment-full size-full\" alt=\"\" srcset=\"https:\/\/www.esplac.cat\/wp-content\/uploads\/2020\/01\/FB_IMG_1579088978601-200x148.jpg 200w, https:\/\/www.esplac.cat\/wp-content\/uploads\/2020\/01\/FB_IMG_1579088978601-300x223.jpg 300w, https:\/\/www.esplac.cat\/wp-content\/uploads\/2020\/01\/FB_IMG_1579088978601-400x297.jpg 400w, https:\/\/www.esplac.cat\/wp-content\/uploads\/2020\/01\/FB_IMG_1579088978601-600x445.jpg 600w, https:\/\/www.esplac.cat\/wp-content\/uploads\/2020\/01\/FB_IMG_1579088978601-768x570.jpg 768w, https:\/\/www.esplac.cat\/wp-content\/uploads\/2020\/01\/FB_IMG_1579088978601-800x593.jpg 800w, https:\/\/www.esplac.cat\/wp-content\/uploads\/2020\/01\/FB_IMG_1579088978601.jpg 960w\" sizes=\"(max-width: 960px) 100vw, 960px\" \/><\/a>\n\t\t\t<\/dt><\/dl><br style=\"clear: both\" \/>\n\t\t<\/div>\n\n<p>&nbsp;<\/p>\n","protected":false},"excerpt":{"rendered":"<p>16-gener-2020 Autora: Anna Mi\u00f1ana, monitora de l&#8217;esplai Isard-Flor de Neu [&hellip;]<\/p>\n","protected":false},"author":3,"featured_media":30283,"comment_status":"closed","ping_status":"open","sticky":false,"template":"","format":"standard","meta":{"om_disable_all_campaigns":false,"_monsterinsights_skip_tracking":false,"_monsterinsights_sitenote_active":false,"_monsterinsights_sitenote_note":"","_monsterinsights_sitenote_category":0,"_uf_show_specific_survey":0,"_uf_disable_surveys":false,"footnotes":""},"categories":[1168],"tags":[1234,109,274],"class_list":["post-30282","post","type-post","status-publish","format-standard","has-post-thumbnail","hentry","category-creuant_mirades","tag-european-solidarity-corps","tag-internacionalisme","tag-italia"],"yoast_head":"<!-- This site is optimized with the Yoast SEO plugin v27.5 - https:\/\/yoast.com\/product\/yoast-seo-wordpress\/ -->\n<title>Primeres impressions a Portici: descobrint difer\u00e8ncies i ampliant la perspectiva amb la qual veig el m\u00f3n - Esplac<\/title>\n<meta name=\"robots\" content=\"index, follow, max-snippet:-1, max-image-preview:large, max-video-preview:-1\" \/>\n<link rel=\"canonical\" href=\"https:\/\/www.esplac.cat\/primeres-impressions-portici\/\" \/>\n<meta property=\"og:locale\" content=\"es_ES\" \/>\n<meta property=\"og:type\" content=\"article\" \/>\n<meta property=\"og:title\" content=\"Primeres impressions a Portici: descobrint difer\u00e8ncies i ampliant la perspectiva amb la qual veig el m\u00f3n - Esplac\" \/>\n<meta property=\"og:description\" content=\"16-gener-2020 Autora: Anna Mi\u00f1ana, monitora de l&#8217;esplai Isard-Flor de Neu [&hellip;]\" \/>\n<meta property=\"og:url\" content=\"https:\/\/www.esplac.cat\/primeres-impressions-portici\/\" \/>\n<meta property=\"og:site_name\" content=\"Esplac\" \/>\n<meta property=\"article:published_time\" content=\"2020-01-16T11:29:26+00:00\" \/>\n<meta property=\"article:modified_time\" content=\"2020-10-15T16:23:05+00:00\" \/>\n<meta property=\"og:image\" content=\"https:\/\/www.esplac.cat\/wp-content\/uploads\/2020\/01\/portadacreuantmiradesanna1.jpg\" \/>\n\t<meta property=\"og:image:width\" content=\"847\" \/>\n\t<meta property=\"og:image:height\" content=\"350\" \/>\n\t<meta property=\"og:image:type\" content=\"image\/jpeg\" \/>\n<meta name=\"author\" content=\"Comunicaci\u00f3 Esplac\" \/>\n<meta name=\"twitter:card\" content=\"summary_large_image\" \/>\n<meta name=\"twitter:label1\" content=\"Escrito por\" \/>\n\t<meta name=\"twitter:data1\" content=\"Comunicaci\u00f3 Esplac\" \/>\n\t<meta name=\"twitter:label2\" content=\"Tiempo de lectura\" \/>\n\t<meta name=\"twitter:data2\" content=\"2 minutos\" \/>\n<script type=\"application\/ld+json\" class=\"yoast-schema-graph\">{\"@context\":\"https:\\\/\\\/schema.org\",\"@graph\":[{\"@type\":\"Article\",\"@id\":\"https:\\\/\\\/www.esplac.cat\\\/primeres-impressions-portici\\\/#article\",\"isPartOf\":{\"@id\":\"https:\\\/\\\/www.esplac.cat\\\/primeres-impressions-portici\\\/\"},\"author\":{\"name\":\"Comunicaci\u00f3 Esplac\",\"@id\":\"https:\\\/\\\/www.esplac.cat\\\/#\\\/schema\\\/person\\\/908383cf240be18b68f8855d0583faca\"},\"headline\":\"Primeres impressions a Portici: descobrint difer\u00e8ncies i ampliant la perspectiva amb la qual veig el m\u00f3n\",\"datePublished\":\"2020-01-16T11:29:26+00:00\",\"dateModified\":\"2020-10-15T16:23:05+00:00\",\"mainEntityOfPage\":{\"@id\":\"https:\\\/\\\/www.esplac.cat\\\/primeres-impressions-portici\\\/\"},\"wordCount\":460,\"publisher\":{\"@id\":\"https:\\\/\\\/www.esplac.cat\\\/#organization\"},\"image\":{\"@id\":\"https:\\\/\\\/www.esplac.cat\\\/primeres-impressions-portici\\\/#primaryimage\"},\"thumbnailUrl\":\"https:\\\/\\\/www.esplac.cat\\\/wp-content\\\/uploads\\\/2020\\\/01\\\/portadacreuantmiradesanna1.jpg\",\"keywords\":[\"European Solidarity Corps\",\"internacionalisme\",\"It\u00e0lia\"],\"articleSection\":[\"Creuant mirades\"],\"inLanguage\":\"es\"},{\"@type\":\"WebPage\",\"@id\":\"https:\\\/\\\/www.esplac.cat\\\/primeres-impressions-portici\\\/\",\"url\":\"https:\\\/\\\/www.esplac.cat\\\/primeres-impressions-portici\\\/\",\"name\":\"Primeres impressions a Portici: descobrint difer\u00e8ncies i ampliant la perspectiva amb la qual veig el m\u00f3n - Esplac\",\"isPartOf\":{\"@id\":\"https:\\\/\\\/www.esplac.cat\\\/#website\"},\"primaryImageOfPage\":{\"@id\":\"https:\\\/\\\/www.esplac.cat\\\/primeres-impressions-portici\\\/#primaryimage\"},\"image\":{\"@id\":\"https:\\\/\\\/www.esplac.cat\\\/primeres-impressions-portici\\\/#primaryimage\"},\"thumbnailUrl\":\"https:\\\/\\\/www.esplac.cat\\\/wp-content\\\/uploads\\\/2020\\\/01\\\/portadacreuantmiradesanna1.jpg\",\"datePublished\":\"2020-01-16T11:29:26+00:00\",\"dateModified\":\"2020-10-15T16:23:05+00:00\",\"breadcrumb\":{\"@id\":\"https:\\\/\\\/www.esplac.cat\\\/primeres-impressions-portici\\\/#breadcrumb\"},\"inLanguage\":\"es\",\"potentialAction\":[{\"@type\":\"ReadAction\",\"target\":[\"https:\\\/\\\/www.esplac.cat\\\/primeres-impressions-portici\\\/\"]}]},{\"@type\":\"ImageObject\",\"inLanguage\":\"es\",\"@id\":\"https:\\\/\\\/www.esplac.cat\\\/primeres-impressions-portici\\\/#primaryimage\",\"url\":\"https:\\\/\\\/www.esplac.cat\\\/wp-content\\\/uploads\\\/2020\\\/01\\\/portadacreuantmiradesanna1.jpg\",\"contentUrl\":\"https:\\\/\\\/www.esplac.cat\\\/wp-content\\\/uploads\\\/2020\\\/01\\\/portadacreuantmiradesanna1.jpg\",\"width\":847,\"height\":350},{\"@type\":\"BreadcrumbList\",\"@id\":\"https:\\\/\\\/www.esplac.cat\\\/primeres-impressions-portici\\\/#breadcrumb\",\"itemListElement\":[{\"@type\":\"ListItem\",\"position\":1,\"name\":\"Inici\",\"item\":\"https:\\\/\\\/www.esplac.cat\\\/es\\\/\"},{\"@type\":\"ListItem\",\"position\":2,\"name\":\"Primeres impressions a Portici: descobrint difer\u00e8ncies i ampliant la perspectiva amb la qual veig el m\u00f3n\"}]},{\"@type\":\"WebSite\",\"@id\":\"https:\\\/\\\/www.esplac.cat\\\/#website\",\"url\":\"https:\\\/\\\/www.esplac.cat\\\/\",\"name\":\"Esplac\",\"description\":\"Esplais Catalans\",\"publisher\":{\"@id\":\"https:\\\/\\\/www.esplac.cat\\\/#organization\"},\"potentialAction\":[{\"@type\":\"SearchAction\",\"target\":{\"@type\":\"EntryPoint\",\"urlTemplate\":\"https:\\\/\\\/www.esplac.cat\\\/?s={search_term_string}\"},\"query-input\":{\"@type\":\"PropertyValueSpecification\",\"valueRequired\":true,\"valueName\":\"search_term_string\"}}],\"inLanguage\":\"es\"},{\"@type\":\"Organization\",\"@id\":\"https:\\\/\\\/www.esplac.cat\\\/#organization\",\"name\":\"Esplac\",\"url\":\"https:\\\/\\\/www.esplac.cat\\\/\",\"logo\":{\"@type\":\"ImageObject\",\"inLanguage\":\"es\",\"@id\":\"https:\\\/\\\/www.esplac.cat\\\/#\\\/schema\\\/logo\\\/image\\\/\",\"url\":\"https:\\\/\\\/www.esplac.cat\\\/wp-content\\\/uploads\\\/2019\\\/08\\\/logox2.png\",\"contentUrl\":\"https:\\\/\\\/www.esplac.cat\\\/wp-content\\\/uploads\\\/2019\\\/08\\\/logox2.png\",\"width\":600,\"height\":295,\"caption\":\"Esplac\"},\"image\":{\"@id\":\"https:\\\/\\\/www.esplac.cat\\\/#\\\/schema\\\/logo\\\/image\\\/\"}},{\"@type\":\"Person\",\"@id\":\"https:\\\/\\\/www.esplac.cat\\\/#\\\/schema\\\/person\\\/908383cf240be18b68f8855d0583faca\",\"name\":\"Comunicaci\u00f3 Esplac\",\"image\":{\"@type\":\"ImageObject\",\"inLanguage\":\"es\",\"@id\":\"https:\\\/\\\/secure.gravatar.com\\\/avatar\\\/7a4cf8feb412a76ea4a740ca02d95b06b2907b5a6c648c2dd0a1082a093c3141?s=96&d=mm&r=g\",\"url\":\"https:\\\/\\\/secure.gravatar.com\\\/avatar\\\/7a4cf8feb412a76ea4a740ca02d95b06b2907b5a6c648c2dd0a1082a093c3141?s=96&d=mm&r=g\",\"contentUrl\":\"https:\\\/\\\/secure.gravatar.com\\\/avatar\\\/7a4cf8feb412a76ea4a740ca02d95b06b2907b5a6c648c2dd0a1082a093c3141?s=96&d=mm&r=g\",\"caption\":\"Comunicaci\u00f3 Esplac\"}}]}<\/script>\n<!-- \/ Yoast SEO plugin. -->","yoast_head_json":{"title":"Primeres impressions a Portici: descobrint difer\u00e8ncies i ampliant la perspectiva amb la qual veig el m\u00f3n - Esplac","robots":{"index":"index","follow":"follow","max-snippet":"max-snippet:-1","max-image-preview":"max-image-preview:large","max-video-preview":"max-video-preview:-1"},"canonical":"https:\/\/www.esplac.cat\/primeres-impressions-portici\/","og_locale":"es_ES","og_type":"article","og_title":"Primeres impressions a Portici: descobrint difer\u00e8ncies i ampliant la perspectiva amb la qual veig el m\u00f3n - Esplac","og_description":"16-gener-2020 Autora: Anna Mi\u00f1ana, monitora de l&#8217;esplai Isard-Flor de Neu [&hellip;]","og_url":"https:\/\/www.esplac.cat\/primeres-impressions-portici\/","og_site_name":"Esplac","article_published_time":"2020-01-16T11:29:26+00:00","article_modified_time":"2020-10-15T16:23:05+00:00","og_image":[{"width":847,"height":350,"url":"https:\/\/www.esplac.cat\/wp-content\/uploads\/2020\/01\/portadacreuantmiradesanna1.jpg","type":"image\/jpeg"}],"author":"Comunicaci\u00f3 Esplac","twitter_card":"summary_large_image","twitter_misc":{"Escrito por":"Comunicaci\u00f3 Esplac","Tiempo de lectura":"2 minutos"},"schema":{"@context":"https:\/\/schema.org","@graph":[{"@type":"Article","@id":"https:\/\/www.esplac.cat\/primeres-impressions-portici\/#article","isPartOf":{"@id":"https:\/\/www.esplac.cat\/primeres-impressions-portici\/"},"author":{"name":"Comunicaci\u00f3 Esplac","@id":"https:\/\/www.esplac.cat\/#\/schema\/person\/908383cf240be18b68f8855d0583faca"},"headline":"Primeres impressions a Portici: descobrint difer\u00e8ncies i ampliant la perspectiva amb la qual veig el m\u00f3n","datePublished":"2020-01-16T11:29:26+00:00","dateModified":"2020-10-15T16:23:05+00:00","mainEntityOfPage":{"@id":"https:\/\/www.esplac.cat\/primeres-impressions-portici\/"},"wordCount":460,"publisher":{"@id":"https:\/\/www.esplac.cat\/#organization"},"image":{"@id":"https:\/\/www.esplac.cat\/primeres-impressions-portici\/#primaryimage"},"thumbnailUrl":"https:\/\/www.esplac.cat\/wp-content\/uploads\/2020\/01\/portadacreuantmiradesanna1.jpg","keywords":["European Solidarity Corps","internacionalisme","It\u00e0lia"],"articleSection":["Creuant mirades"],"inLanguage":"es"},{"@type":"WebPage","@id":"https:\/\/www.esplac.cat\/primeres-impressions-portici\/","url":"https:\/\/www.esplac.cat\/primeres-impressions-portici\/","name":"Primeres impressions a Portici: descobrint difer\u00e8ncies i ampliant la perspectiva amb la qual veig el m\u00f3n - Esplac","isPartOf":{"@id":"https:\/\/www.esplac.cat\/#website"},"primaryImageOfPage":{"@id":"https:\/\/www.esplac.cat\/primeres-impressions-portici\/#primaryimage"},"image":{"@id":"https:\/\/www.esplac.cat\/primeres-impressions-portici\/#primaryimage"},"thumbnailUrl":"https:\/\/www.esplac.cat\/wp-content\/uploads\/2020\/01\/portadacreuantmiradesanna1.jpg","datePublished":"2020-01-16T11:29:26+00:00","dateModified":"2020-10-15T16:23:05+00:00","breadcrumb":{"@id":"https:\/\/www.esplac.cat\/primeres-impressions-portici\/#breadcrumb"},"inLanguage":"es","potentialAction":[{"@type":"ReadAction","target":["https:\/\/www.esplac.cat\/primeres-impressions-portici\/"]}]},{"@type":"ImageObject","inLanguage":"es","@id":"https:\/\/www.esplac.cat\/primeres-impressions-portici\/#primaryimage","url":"https:\/\/www.esplac.cat\/wp-content\/uploads\/2020\/01\/portadacreuantmiradesanna1.jpg","contentUrl":"https:\/\/www.esplac.cat\/wp-content\/uploads\/2020\/01\/portadacreuantmiradesanna1.jpg","width":847,"height":350},{"@type":"BreadcrumbList","@id":"https:\/\/www.esplac.cat\/primeres-impressions-portici\/#breadcrumb","itemListElement":[{"@type":"ListItem","position":1,"name":"Inici","item":"https:\/\/www.esplac.cat\/es\/"},{"@type":"ListItem","position":2,"name":"Primeres impressions a Portici: descobrint difer\u00e8ncies i ampliant la perspectiva amb la qual veig el m\u00f3n"}]},{"@type":"WebSite","@id":"https:\/\/www.esplac.cat\/#website","url":"https:\/\/www.esplac.cat\/","name":"Esplac","description":"Esplais Catalans","publisher":{"@id":"https:\/\/www.esplac.cat\/#organization"},"potentialAction":[{"@type":"SearchAction","target":{"@type":"EntryPoint","urlTemplate":"https:\/\/www.esplac.cat\/?s={search_term_string}"},"query-input":{"@type":"PropertyValueSpecification","valueRequired":true,"valueName":"search_term_string"}}],"inLanguage":"es"},{"@type":"Organization","@id":"https:\/\/www.esplac.cat\/#organization","name":"Esplac","url":"https:\/\/www.esplac.cat\/","logo":{"@type":"ImageObject","inLanguage":"es","@id":"https:\/\/www.esplac.cat\/#\/schema\/logo\/image\/","url":"https:\/\/www.esplac.cat\/wp-content\/uploads\/2019\/08\/logox2.png","contentUrl":"https:\/\/www.esplac.cat\/wp-content\/uploads\/2019\/08\/logox2.png","width":600,"height":295,"caption":"Esplac"},"image":{"@id":"https:\/\/www.esplac.cat\/#\/schema\/logo\/image\/"}},{"@type":"Person","@id":"https:\/\/www.esplac.cat\/#\/schema\/person\/908383cf240be18b68f8855d0583faca","name":"Comunicaci\u00f3 Esplac","image":{"@type":"ImageObject","inLanguage":"es","@id":"https:\/\/secure.gravatar.com\/avatar\/7a4cf8feb412a76ea4a740ca02d95b06b2907b5a6c648c2dd0a1082a093c3141?s=96&d=mm&r=g","url":"https:\/\/secure.gravatar.com\/avatar\/7a4cf8feb412a76ea4a740ca02d95b06b2907b5a6c648c2dd0a1082a093c3141?s=96&d=mm&r=g","contentUrl":"https:\/\/secure.gravatar.com\/avatar\/7a4cf8feb412a76ea4a740ca02d95b06b2907b5a6c648c2dd0a1082a093c3141?s=96&d=mm&r=g","caption":"Comunicaci\u00f3 Esplac"}}]}},"_links":{"self":[{"href":"https:\/\/www.esplac.cat\/es\/wp-json\/wp\/v2\/posts\/30282","targetHints":{"allow":["GET"]}}],"collection":[{"href":"https:\/\/www.esplac.cat\/es\/wp-json\/wp\/v2\/posts"}],"about":[{"href":"https:\/\/www.esplac.cat\/es\/wp-json\/wp\/v2\/types\/post"}],"author":[{"embeddable":true,"href":"https:\/\/www.esplac.cat\/es\/wp-json\/wp\/v2\/users\/3"}],"replies":[{"embeddable":true,"href":"https:\/\/www.esplac.cat\/es\/wp-json\/wp\/v2\/comments?post=30282"}],"version-history":[{"count":0,"href":"https:\/\/www.esplac.cat\/es\/wp-json\/wp\/v2\/posts\/30282\/revisions"}],"wp:featuredmedia":[{"embeddable":true,"href":"https:\/\/www.esplac.cat\/es\/wp-json\/wp\/v2\/media\/30283"}],"wp:attachment":[{"href":"https:\/\/www.esplac.cat\/es\/wp-json\/wp\/v2\/media?parent=30282"}],"wp:term":[{"taxonomy":"category","embeddable":true,"href":"https:\/\/www.esplac.cat\/es\/wp-json\/wp\/v2\/categories?post=30282"},{"taxonomy":"post_tag","embeddable":true,"href":"https:\/\/www.esplac.cat\/es\/wp-json\/wp\/v2\/tags?post=30282"}],"curies":[{"name":"wp","href":"https:\/\/api.w.org\/{rel}","templated":true}]}}