{"id":30315,"date":"2020-01-29T12:39:45","date_gmt":"2020-01-29T11:39:45","guid":{"rendered":"https:\/\/www.esplac.cat\/?p=30315"},"modified":"2020-10-15T17:23:03","modified_gmt":"2020-10-15T16:23:03","slug":"capsula-inclusio-diversitat","status":"publish","type":"post","link":"https:\/\/www.esplac.cat\/es\/capsula-inclusio-diversitat\/","title":{"rendered":"\u2026 i si demanem una c\u00e0psula sobre inclusi\u00f3 i diversitat?"},"content":{"rendered":"<div class=\"fusion-fullwidth fullwidth-box fusion-builder-row-1 nonhundred-percent-fullwidth non-hundred-percent-height-scrolling\" style=\"--awb-border-radius-top-left:0px;--awb-border-radius-top-right:0px;--awb-border-radius-bottom-right:0px;--awb-border-radius-bottom-left:0px;--awb-flex-wrap:wrap;\" ><div class=\"fusion-builder-row fusion-row\"><div class=\"fusion-layout-column fusion_builder_column fusion-builder-column-0 fusion_builder_column_1_1 1_1 fusion-one-full fusion-column-first fusion-column-last\" style=\"--awb-bg-size:cover;--awb-margin-bottom:0px;\"><div class=\"fusion-column-wrapper fusion-flex-column-wrapper-legacy\"><div class=\"fusion-text fusion-text-1\"><h4>Les monitores de l\u2019esplai de l\u2019Agrupa han fet un v\u00eddeo per explicar-nos com els ha anat la c\u00e0psula formativa de l\u2019Escola Lliure el Sol sobre diversitat funcional a l\u2019esplai.<\/h4>\n<div class=\"fusion-video fusion-youtube fusion-aligncenter\" style=\"--awb-max-width:600px;--awb-max-height:338px;--awb-width:100%;\"><div class=\"video-shortcode\"><div class=\"fluid-width-video-wrapper\" style=\"padding-top:56.33%;\" ><iframe class=\"fusion-hidden\" data-privacy-type=\"youtube\" src=\"\" title=\"YouTube video player 1\" data-privacy-src=\"https:\/\/www.youtube.com\/embed\/LWfBHRF6clU?wmode=transparent&autoplay=0\" width=\"600\" height=\"338\" allowfullscreen allow=\"autoplay; fullscreen\"><\/iframe><div class=\"fusion-privacy-placeholder\" style=\"width:600px; height:338px;\" data-privacy-type=\"youtube\"><div class=\"fusion-privacy-placeholder-content\"><div class=\"fusion-privacy-label\">For privacy reasons YouTube needs your permission to be loaded. For more details, please see our <a class=\"privacy-policy-link\" href=\"https:\/\/www.esplac.cat\/avis-legal\/\" rel=\"privacy-policy\">Av\u00eds Legal<\/a>.<\/div><a href=\"\" data-privacy-type=\"youtube\" class=\"fusion-button button-default fusion-button-default-size button fusion-privacy-consent\">I Accept<\/a><\/div><\/div><\/div><\/div><\/div>\n<p>&nbsp;<\/p>\n<p>Us recordem que si teniu ganes de formar-vos i alguna inquietud o inseguretat relacionada amb la <strong>inclusi\u00f3 i la diversitat al vostre esplai<\/strong>, podeu contactar amb la coordinadora de projectes del vostre sector i ella us ajudar\u00e0 a demanar una c\u00e0psula formativa de l\u2019Escola Lliure el Sol.<\/p>\n<p>Recordeu que podeu consultar-les al cat\u00e0leg de c\u00e0psules formatives. Enfocades en inclusi\u00f3 i diversitat hi trobareu les de\u2026<\/p>\n<ul>\n<li>Diversitat cultural a l\u2019esplai<\/li>\n<li>Intercanvi cultural a les activitats internacionals<\/li>\n<li>Diversitat funcional a l\u2019esplai<\/li>\n<li>Atenci\u00f3 a la inf\u00e0ncia i l&#8217;adolesc\u00e8ncia en risc<\/li>\n<\/ul>\n<p><strong>No us talleu, podeu demanar tot el que us interessi!<\/strong> Simplement cal que especifiqueu pr\u00e8viament quins s\u00f3n aquells temes que m\u00e9s us preocupen a l\u2019esplai i s\u2019adaptaran a les necessitats concretes de cada esplai.<\/p>\n<p>La formaci\u00f3, la nostra millor arma!<\/p>\n<\/div><div class=\"fusion-clearfix\"><\/div><\/div><\/div><\/div><\/div>\n","protected":false},"excerpt":{"rendered":"","protected":false},"author":3,"featured_media":30614,"comment_status":"closed","ping_status":"open","sticky":false,"template":"","format":"standard","meta":{"om_disable_all_campaigns":false,"_monsterinsights_skip_tracking":false,"_monsterinsights_sitenote_active":false,"_monsterinsights_sitenote_note":"","_monsterinsights_sitenote_category":0,"_uf_show_specific_survey":0,"_uf_disable_surveys":false,"footnotes":""},"categories":[1166],"tags":[138,831,43,54,471],"class_list":["post-30315","post","type-post","status-publish","format-standard","has-post-thumbnail","hentry","category-inclusio-i-diversitat","tag-diversitat","tag-diversitat-funcional","tag-escola-lliure-el-sol","tag-formacio","tag-inclusio"],"yoast_head":"<!-- This site is optimized with the Yoast SEO plugin v27.5 - https:\/\/yoast.com\/product\/yoast-seo-wordpress\/ -->\n<title>\u2026 i si demanem una c\u00e0psula sobre inclusi\u00f3 i diversitat? - Esplac<\/title>\n<meta name=\"robots\" content=\"index, follow, max-snippet:-1, max-image-preview:large, max-video-preview:-1\" \/>\n<link rel=\"canonical\" href=\"https:\/\/www.esplac.cat\/capsula-inclusio-diversitat\/\" \/>\n<meta property=\"og:locale\" content=\"es_ES\" \/>\n<meta property=\"og:type\" content=\"article\" \/>\n<meta property=\"og:title\" content=\"\u2026 i si demanem una c\u00e0psula sobre inclusi\u00f3 i diversitat? - Esplac\" \/>\n<meta property=\"og:url\" content=\"https:\/\/www.esplac.cat\/capsula-inclusio-diversitat\/\" \/>\n<meta property=\"og:site_name\" content=\"Esplac\" \/>\n<meta property=\"article:published_time\" content=\"2020-01-29T11:39:45+00:00\" \/>\n<meta property=\"article:modified_time\" content=\"2020-10-15T16:23:03+00:00\" \/>\n<meta property=\"og:image\" content=\"https:\/\/www.esplac.cat\/wp-content\/uploads\/2020\/01\/portada-inclusio.jpg\" \/>\n\t<meta property=\"og:image:width\" content=\"1694\" \/>\n\t<meta property=\"og:image:height\" content=\"700\" \/>\n\t<meta property=\"og:image:type\" content=\"image\/jpeg\" \/>\n<meta name=\"author\" content=\"Comunicaci\u00f3 Esplac\" \/>\n<meta name=\"twitter:card\" content=\"summary_large_image\" \/>\n<meta name=\"twitter:label1\" content=\"Escrito por\" \/>\n\t<meta name=\"twitter:data1\" content=\"Comunicaci\u00f3 Esplac\" \/>\n\t<meta name=\"twitter:label2\" content=\"Tiempo de lectura\" \/>\n\t<meta name=\"twitter:data2\" content=\"2 minutos\" \/>\n<script type=\"application\/ld+json\" class=\"yoast-schema-graph\">{\"@context\":\"https:\\\/\\\/schema.org\",\"@graph\":[{\"@type\":\"Article\",\"@id\":\"https:\\\/\\\/www.esplac.cat\\\/capsula-inclusio-diversitat\\\/#article\",\"isPartOf\":{\"@id\":\"https:\\\/\\\/www.esplac.cat\\\/capsula-inclusio-diversitat\\\/\"},\"author\":{\"name\":\"Comunicaci\u00f3 Esplac\",\"@id\":\"https:\\\/\\\/www.esplac.cat\\\/#\\\/schema\\\/person\\\/908383cf240be18b68f8855d0583faca\"},\"headline\":\"\u2026 i si demanem una c\u00e0psula sobre inclusi\u00f3 i diversitat?\",\"datePublished\":\"2020-01-29T11:39:45+00:00\",\"dateModified\":\"2020-10-15T16:23:03+00:00\",\"mainEntityOfPage\":{\"@id\":\"https:\\\/\\\/www.esplac.cat\\\/capsula-inclusio-diversitat\\\/\"},\"wordCount\":376,\"publisher\":{\"@id\":\"https:\\\/\\\/www.esplac.cat\\\/#organization\"},\"image\":{\"@id\":\"https:\\\/\\\/www.esplac.cat\\\/capsula-inclusio-diversitat\\\/#primaryimage\"},\"thumbnailUrl\":\"https:\\\/\\\/www.esplac.cat\\\/wp-content\\\/uploads\\\/2020\\\/01\\\/portada-inclusio.jpg\",\"keywords\":[\"diversitat\",\"diversitat funcional\",\"escola lliure el sol\",\"formaci\u00f3\",\"inclusi\u00f3\"],\"articleSection\":[\"Inclusi\u00f3 i diversitat\"],\"inLanguage\":\"es\"},{\"@type\":\"WebPage\",\"@id\":\"https:\\\/\\\/www.esplac.cat\\\/capsula-inclusio-diversitat\\\/\",\"url\":\"https:\\\/\\\/www.esplac.cat\\\/capsula-inclusio-diversitat\\\/\",\"name\":\"\u2026 i si demanem una c\u00e0psula sobre inclusi\u00f3 i diversitat? - Esplac\",\"isPartOf\":{\"@id\":\"https:\\\/\\\/www.esplac.cat\\\/#website\"},\"primaryImageOfPage\":{\"@id\":\"https:\\\/\\\/www.esplac.cat\\\/capsula-inclusio-diversitat\\\/#primaryimage\"},\"image\":{\"@id\":\"https:\\\/\\\/www.esplac.cat\\\/capsula-inclusio-diversitat\\\/#primaryimage\"},\"thumbnailUrl\":\"https:\\\/\\\/www.esplac.cat\\\/wp-content\\\/uploads\\\/2020\\\/01\\\/portada-inclusio.jpg\",\"datePublished\":\"2020-01-29T11:39:45+00:00\",\"dateModified\":\"2020-10-15T16:23:03+00:00\",\"breadcrumb\":{\"@id\":\"https:\\\/\\\/www.esplac.cat\\\/capsula-inclusio-diversitat\\\/#breadcrumb\"},\"inLanguage\":\"es\",\"potentialAction\":[{\"@type\":\"ReadAction\",\"target\":[\"https:\\\/\\\/www.esplac.cat\\\/capsula-inclusio-diversitat\\\/\"]}]},{\"@type\":\"ImageObject\",\"inLanguage\":\"es\",\"@id\":\"https:\\\/\\\/www.esplac.cat\\\/capsula-inclusio-diversitat\\\/#primaryimage\",\"url\":\"https:\\\/\\\/www.esplac.cat\\\/wp-content\\\/uploads\\\/2020\\\/01\\\/portada-inclusio.jpg\",\"contentUrl\":\"https:\\\/\\\/www.esplac.cat\\\/wp-content\\\/uploads\\\/2020\\\/01\\\/portada-inclusio.jpg\",\"width\":1694,\"height\":700},{\"@type\":\"BreadcrumbList\",\"@id\":\"https:\\\/\\\/www.esplac.cat\\\/capsula-inclusio-diversitat\\\/#breadcrumb\",\"itemListElement\":[{\"@type\":\"ListItem\",\"position\":1,\"name\":\"Inici\",\"item\":\"https:\\\/\\\/www.esplac.cat\\\/es\\\/\"},{\"@type\":\"ListItem\",\"position\":2,\"name\":\"\u2026 i si demanem una c\u00e0psula sobre inclusi\u00f3 i diversitat?\"}]},{\"@type\":\"WebSite\",\"@id\":\"https:\\\/\\\/www.esplac.cat\\\/#website\",\"url\":\"https:\\\/\\\/www.esplac.cat\\\/\",\"name\":\"Esplac\",\"description\":\"Esplais Catalans\",\"publisher\":{\"@id\":\"https:\\\/\\\/www.esplac.cat\\\/#organization\"},\"potentialAction\":[{\"@type\":\"SearchAction\",\"target\":{\"@type\":\"EntryPoint\",\"urlTemplate\":\"https:\\\/\\\/www.esplac.cat\\\/?s={search_term_string}\"},\"query-input\":{\"@type\":\"PropertyValueSpecification\",\"valueRequired\":true,\"valueName\":\"search_term_string\"}}],\"inLanguage\":\"es\"},{\"@type\":\"Organization\",\"@id\":\"https:\\\/\\\/www.esplac.cat\\\/#organization\",\"name\":\"Esplac\",\"url\":\"https:\\\/\\\/www.esplac.cat\\\/\",\"logo\":{\"@type\":\"ImageObject\",\"inLanguage\":\"es\",\"@id\":\"https:\\\/\\\/www.esplac.cat\\\/#\\\/schema\\\/logo\\\/image\\\/\",\"url\":\"https:\\\/\\\/www.esplac.cat\\\/wp-content\\\/uploads\\\/2019\\\/08\\\/logox2.png\",\"contentUrl\":\"https:\\\/\\\/www.esplac.cat\\\/wp-content\\\/uploads\\\/2019\\\/08\\\/logox2.png\",\"width\":600,\"height\":295,\"caption\":\"Esplac\"},\"image\":{\"@id\":\"https:\\\/\\\/www.esplac.cat\\\/#\\\/schema\\\/logo\\\/image\\\/\"}},{\"@type\":\"Person\",\"@id\":\"https:\\\/\\\/www.esplac.cat\\\/#\\\/schema\\\/person\\\/908383cf240be18b68f8855d0583faca\",\"name\":\"Comunicaci\u00f3 Esplac\",\"image\":{\"@type\":\"ImageObject\",\"inLanguage\":\"es\",\"@id\":\"https:\\\/\\\/secure.gravatar.com\\\/avatar\\\/7a4cf8feb412a76ea4a740ca02d95b06b2907b5a6c648c2dd0a1082a093c3141?s=96&d=mm&r=g\",\"url\":\"https:\\\/\\\/secure.gravatar.com\\\/avatar\\\/7a4cf8feb412a76ea4a740ca02d95b06b2907b5a6c648c2dd0a1082a093c3141?s=96&d=mm&r=g\",\"contentUrl\":\"https:\\\/\\\/secure.gravatar.com\\\/avatar\\\/7a4cf8feb412a76ea4a740ca02d95b06b2907b5a6c648c2dd0a1082a093c3141?s=96&d=mm&r=g\",\"caption\":\"Comunicaci\u00f3 Esplac\"}}]}<\/script>\n<!-- \/ Yoast SEO plugin. -->","yoast_head_json":{"title":"\u2026 i si demanem una c\u00e0psula sobre inclusi\u00f3 i diversitat? - Esplac","robots":{"index":"index","follow":"follow","max-snippet":"max-snippet:-1","max-image-preview":"max-image-preview:large","max-video-preview":"max-video-preview:-1"},"canonical":"https:\/\/www.esplac.cat\/capsula-inclusio-diversitat\/","og_locale":"es_ES","og_type":"article","og_title":"\u2026 i si demanem una c\u00e0psula sobre inclusi\u00f3 i diversitat? - Esplac","og_url":"https:\/\/www.esplac.cat\/capsula-inclusio-diversitat\/","og_site_name":"Esplac","article_published_time":"2020-01-29T11:39:45+00:00","article_modified_time":"2020-10-15T16:23:03+00:00","og_image":[{"width":1694,"height":700,"url":"https:\/\/www.esplac.cat\/wp-content\/uploads\/2020\/01\/portada-inclusio.jpg","type":"image\/jpeg"}],"author":"Comunicaci\u00f3 Esplac","twitter_card":"summary_large_image","twitter_misc":{"Escrito por":"Comunicaci\u00f3 Esplac","Tiempo de lectura":"2 minutos"},"schema":{"@context":"https:\/\/schema.org","@graph":[{"@type":"Article","@id":"https:\/\/www.esplac.cat\/capsula-inclusio-diversitat\/#article","isPartOf":{"@id":"https:\/\/www.esplac.cat\/capsula-inclusio-diversitat\/"},"author":{"name":"Comunicaci\u00f3 Esplac","@id":"https:\/\/www.esplac.cat\/#\/schema\/person\/908383cf240be18b68f8855d0583faca"},"headline":"\u2026 i si demanem una c\u00e0psula sobre inclusi\u00f3 i diversitat?","datePublished":"2020-01-29T11:39:45+00:00","dateModified":"2020-10-15T16:23:03+00:00","mainEntityOfPage":{"@id":"https:\/\/www.esplac.cat\/capsula-inclusio-diversitat\/"},"wordCount":376,"publisher":{"@id":"https:\/\/www.esplac.cat\/#organization"},"image":{"@id":"https:\/\/www.esplac.cat\/capsula-inclusio-diversitat\/#primaryimage"},"thumbnailUrl":"https:\/\/www.esplac.cat\/wp-content\/uploads\/2020\/01\/portada-inclusio.jpg","keywords":["diversitat","diversitat funcional","escola lliure el sol","formaci\u00f3","inclusi\u00f3"],"articleSection":["Inclusi\u00f3 i diversitat"],"inLanguage":"es"},{"@type":"WebPage","@id":"https:\/\/www.esplac.cat\/capsula-inclusio-diversitat\/","url":"https:\/\/www.esplac.cat\/capsula-inclusio-diversitat\/","name":"\u2026 i si demanem una c\u00e0psula sobre inclusi\u00f3 i diversitat? - Esplac","isPartOf":{"@id":"https:\/\/www.esplac.cat\/#website"},"primaryImageOfPage":{"@id":"https:\/\/www.esplac.cat\/capsula-inclusio-diversitat\/#primaryimage"},"image":{"@id":"https:\/\/www.esplac.cat\/capsula-inclusio-diversitat\/#primaryimage"},"thumbnailUrl":"https:\/\/www.esplac.cat\/wp-content\/uploads\/2020\/01\/portada-inclusio.jpg","datePublished":"2020-01-29T11:39:45+00:00","dateModified":"2020-10-15T16:23:03+00:00","breadcrumb":{"@id":"https:\/\/www.esplac.cat\/capsula-inclusio-diversitat\/#breadcrumb"},"inLanguage":"es","potentialAction":[{"@type":"ReadAction","target":["https:\/\/www.esplac.cat\/capsula-inclusio-diversitat\/"]}]},{"@type":"ImageObject","inLanguage":"es","@id":"https:\/\/www.esplac.cat\/capsula-inclusio-diversitat\/#primaryimage","url":"https:\/\/www.esplac.cat\/wp-content\/uploads\/2020\/01\/portada-inclusio.jpg","contentUrl":"https:\/\/www.esplac.cat\/wp-content\/uploads\/2020\/01\/portada-inclusio.jpg","width":1694,"height":700},{"@type":"BreadcrumbList","@id":"https:\/\/www.esplac.cat\/capsula-inclusio-diversitat\/#breadcrumb","itemListElement":[{"@type":"ListItem","position":1,"name":"Inici","item":"https:\/\/www.esplac.cat\/es\/"},{"@type":"ListItem","position":2,"name":"\u2026 i si demanem una c\u00e0psula sobre inclusi\u00f3 i diversitat?"}]},{"@type":"WebSite","@id":"https:\/\/www.esplac.cat\/#website","url":"https:\/\/www.esplac.cat\/","name":"Esplac","description":"Esplais Catalans","publisher":{"@id":"https:\/\/www.esplac.cat\/#organization"},"potentialAction":[{"@type":"SearchAction","target":{"@type":"EntryPoint","urlTemplate":"https:\/\/www.esplac.cat\/?s={search_term_string}"},"query-input":{"@type":"PropertyValueSpecification","valueRequired":true,"valueName":"search_term_string"}}],"inLanguage":"es"},{"@type":"Organization","@id":"https:\/\/www.esplac.cat\/#organization","name":"Esplac","url":"https:\/\/www.esplac.cat\/","logo":{"@type":"ImageObject","inLanguage":"es","@id":"https:\/\/www.esplac.cat\/#\/schema\/logo\/image\/","url":"https:\/\/www.esplac.cat\/wp-content\/uploads\/2019\/08\/logox2.png","contentUrl":"https:\/\/www.esplac.cat\/wp-content\/uploads\/2019\/08\/logox2.png","width":600,"height":295,"caption":"Esplac"},"image":{"@id":"https:\/\/www.esplac.cat\/#\/schema\/logo\/image\/"}},{"@type":"Person","@id":"https:\/\/www.esplac.cat\/#\/schema\/person\/908383cf240be18b68f8855d0583faca","name":"Comunicaci\u00f3 Esplac","image":{"@type":"ImageObject","inLanguage":"es","@id":"https:\/\/secure.gravatar.com\/avatar\/7a4cf8feb412a76ea4a740ca02d95b06b2907b5a6c648c2dd0a1082a093c3141?s=96&d=mm&r=g","url":"https:\/\/secure.gravatar.com\/avatar\/7a4cf8feb412a76ea4a740ca02d95b06b2907b5a6c648c2dd0a1082a093c3141?s=96&d=mm&r=g","contentUrl":"https:\/\/secure.gravatar.com\/avatar\/7a4cf8feb412a76ea4a740ca02d95b06b2907b5a6c648c2dd0a1082a093c3141?s=96&d=mm&r=g","caption":"Comunicaci\u00f3 Esplac"}}]}},"_links":{"self":[{"href":"https:\/\/www.esplac.cat\/es\/wp-json\/wp\/v2\/posts\/30315","targetHints":{"allow":["GET"]}}],"collection":[{"href":"https:\/\/www.esplac.cat\/es\/wp-json\/wp\/v2\/posts"}],"about":[{"href":"https:\/\/www.esplac.cat\/es\/wp-json\/wp\/v2\/types\/post"}],"author":[{"embeddable":true,"href":"https:\/\/www.esplac.cat\/es\/wp-json\/wp\/v2\/users\/3"}],"replies":[{"embeddable":true,"href":"https:\/\/www.esplac.cat\/es\/wp-json\/wp\/v2\/comments?post=30315"}],"version-history":[{"count":0,"href":"https:\/\/www.esplac.cat\/es\/wp-json\/wp\/v2\/posts\/30315\/revisions"}],"wp:featuredmedia":[{"embeddable":true,"href":"https:\/\/www.esplac.cat\/es\/wp-json\/wp\/v2\/media\/30614"}],"wp:attachment":[{"href":"https:\/\/www.esplac.cat\/es\/wp-json\/wp\/v2\/media?parent=30315"}],"wp:term":[{"taxonomy":"category","embeddable":true,"href":"https:\/\/www.esplac.cat\/es\/wp-json\/wp\/v2\/categories?post=30315"},{"taxonomy":"post_tag","embeddable":true,"href":"https:\/\/www.esplac.cat\/es\/wp-json\/wp\/v2\/tags?post=30315"}],"curies":[{"name":"wp","href":"https:\/\/api.w.org\/{rel}","templated":true}]}}