{"id":30416,"date":"2020-01-21T16:57:32","date_gmt":"2020-01-21T15:57:32","guid":{"rendered":"https:\/\/www.esplac.cat\/?p=30416"},"modified":"2021-03-25T18:22:32","modified_gmt":"2021-03-25T17:22:32","slug":"primeres-jornades-dissidents","status":"publish","type":"post","link":"https:\/\/www.esplac.cat\/es\/primeres-jornades-dissidents\/","title":{"rendered":"Ja s\u00f3n aqu\u00ed les primeres Jornades Dissidents sobre tem\u00e0tica trans*!"},"content":{"rendered":"<h4 data-fontsize=\"17\" data-lineheight=\"22\">Diumenge 9 de febrer, es celebrar\u00e0 la primera edici\u00f3 de les Jornades Dissidents a l&#8217;espai ve\u00efnal Cal\u00e0bria 66 (Barcelona), enguany sobre la tem\u00e0tica trans*!<\/h4>\n<p data-fontsize=\"17\" data-lineheight=\"22\">Aquesta Jornada durar\u00e0 tot el dia de diuemnge 9 de febrer, comen\u00e7ant amb una pon\u00e8ncia introduct\u00f2ria per part de la <strong>Comissi\u00f3 de Sexualitats Diverses i Dissidents<\/strong> (organitzadora de les Jornades) i a continuaci\u00f3 podrem escollir entre els seg\u00fcents tallers trans*:<\/p>\n<ul>\n<li><span style=\"font-weight: 400;\">Revisi\u00f3 de <strong>privilegis i realitats trans*<\/strong>, a c\u00e0rrec del Zoe i la Mart\u00ed.<\/span><\/li>\n<li><span style=\"font-weight: 400;\"><strong>Taller Drag<\/strong>, a c\u00e0rrec de Las Marikarmen.<\/span><\/li>\n<li><span style=\"font-weight: 400;\"><strong>Transf\u00f2bia i capacitisme<\/strong>, a c\u00e0rrec del Leo.<\/span><\/li>\n<\/ul>\n<p>L&#8217;activitat ser\u00e0 gratuita amb esmorzar incl\u00f3s i per dinar podrem gaudir d&#8217;un <strong>\u00e0pat veg\u00e0<\/strong> a c\u00e0rrec de l&#8217;esplai Toticap com a campanya econ\u00f2mica i caldr\u00e0 comprar el <strong>tiquet <\/strong>pel dinar\u00a0<strong>4\u20ac<\/strong> o dinar + caf\u00e8<strong> 5\u20ac<\/strong>. El dinar anir\u00e0 acompanyat d&#8217;un <strong>r<\/strong><b><span style=\"font-weight: 400;\"><strong>ecital de poesia<\/strong> amb interpretaci\u00f3 de llengua de signes catalana, a c\u00e0rrec del Bruno Cimiano.\u00a0<\/span><\/b><\/p>\n<p>Per la tarda continuarem amb m\u00e9s tallers trans* per\u00f2 aquests estaran enfocats a l&#8217;<strong>esplai<\/strong> i tractaran diferents aspectes com: a<b><span style=\"font-weight: 400;\">companyament a <\/span><\/b><span style=\"font-weight: 400;\">infants trans*<\/span><b><span style=\"font-weight: 400;\">, c<\/span><\/b>om treballar la tem\u00e0tica trans* amb infants i com treballar la tem\u00e0tica trans* amb joves, a c\u00e0rrec de la Ruu.<\/p>\n<p>Per concloure la jornada, s&#8217;obrir\u00e0 un espai per aterrar idees, compartir i generar recursos, i finalment una pon\u00e8ncia final i conclusiva per tancar les Jornades a c\u00e0rrec de la comissi\u00f3 organitzadora.<\/p>\n<p>Les Jornades\u00a0tindran lloc al\u00a0<strong>Cal\u00e0bria 66<\/strong> (Carrer Cal\u00e0bria 66, Barcelona) i arrencaran a les <strong>10 h<\/strong>\u00a0del mat\u00ed i finalitzaran a les<strong> 18:30 h <\/strong>de la tarda.<\/p>\n<p>Per inscriure-us-hi,\u00a0 ho heu de fer <strong>abans del 2 de febrer<\/strong> i trav\u00e9s de<span style=\"color: #ff9900;\"><strong> <a style=\"color: #ff9900;\" href=\"https:\/\/era.esplac.cat\/\" target=\"_blank\" rel=\"noopener noreferrer\">l\u2019Era<\/a><a style=\"color: #ff9900;\" href=\"https:\/\/era.esplac.cat\/\" target=\"_blank\" rel=\"noopener noreferrer\">!<\/a><\/strong><\/span><\/p>\n<p>&nbsp;<\/p>\n<p><img decoding=\"async\" class=\"aligncenter  wp-image-35369\" src=\"https:\/\/www.esplac.cat\/wp-content\/uploads\/2020\/01\/cartell_dissidents_opcio-2_18.30-1-212x300.jpg\" alt=\"cartell_dissidents\" width=\"438\" height=\"620\" srcset=\"https:\/\/www.esplac.cat\/wp-content\/uploads\/2020\/01\/cartell_dissidents_opcio-2_18.30-1-200x283.jpg 200w, https:\/\/www.esplac.cat\/wp-content\/uploads\/2020\/01\/cartell_dissidents_opcio-2_18.30-1-212x300.jpg 212w, https:\/\/www.esplac.cat\/wp-content\/uploads\/2020\/01\/cartell_dissidents_opcio-2_18.30-1-400x566.jpg 400w, https:\/\/www.esplac.cat\/wp-content\/uploads\/2020\/01\/cartell_dissidents_opcio-2_18.30-1-600x848.jpg 600w, https:\/\/www.esplac.cat\/wp-content\/uploads\/2020\/01\/cartell_dissidents_opcio-2_18.30-1-724x1024.jpg 724w, https:\/\/www.esplac.cat\/wp-content\/uploads\/2020\/01\/cartell_dissidents_opcio-2_18.30-1-768x1086.jpg 768w, https:\/\/www.esplac.cat\/wp-content\/uploads\/2020\/01\/cartell_dissidents_opcio-2_18.30-1-800x1131.jpg 800w, https:\/\/www.esplac.cat\/wp-content\/uploads\/2020\/01\/cartell_dissidents_opcio-2_18.30-1-1086x1536.jpg 1086w, https:\/\/www.esplac.cat\/wp-content\/uploads\/2020\/01\/cartell_dissidents_opcio-2_18.30-1-1200x1697.jpg 1200w, https:\/\/www.esplac.cat\/wp-content\/uploads\/2020\/01\/cartell_dissidents_opcio-2_18.30-1-1448x2048.jpg 1448w, https:\/\/www.esplac.cat\/wp-content\/uploads\/2020\/01\/cartell_dissidents_opcio-2_18.30-1.jpg 1654w\" sizes=\"(max-width: 438px) 100vw, 438px\" \/><\/p>\n<p>&nbsp;<\/p>\n<p>&nbsp;<\/p>\n","protected":false},"excerpt":{"rendered":"<p>Diumenge 9 de febrer, es celebrar\u00e0 la primera edici\u00f3 de [&hellip;]<\/p>\n","protected":false},"author":3,"featured_media":30424,"comment_status":"closed","ping_status":"open","sticky":false,"template":"","format":"standard","meta":{"om_disable_all_campaigns":false,"_monsterinsights_skip_tracking":false,"_monsterinsights_sitenote_active":false,"_monsterinsights_sitenote_note":"","_monsterinsights_sitenote_category":0,"_uf_show_specific_survey":0,"_uf_disable_surveys":false,"footnotes":""},"categories":[1160],"tags":[1242,1246,1241,1244,1243,1245],"class_list":["post-30416","post","type-post","status-publish","format-standard","has-post-thumbnail","hentry","category-comissio-gsdd","tag-calabria-66","tag-comissio-sexualitats-diverses-i-dissidents","tag-jornades-dissidents","tag-taller-drag","tag-tematica-trans","tag-transfobia-i-capacitisme"],"yoast_head":"<!-- This site is optimized with the Yoast SEO plugin v27.5 - https:\/\/yoast.com\/product\/yoast-seo-wordpress\/ -->\n<title>Ja s\u00f3n aqu\u00ed les primeres Jornades Dissidents sobre tem\u00e0tica trans*! - Esplac<\/title>\n<meta name=\"robots\" content=\"index, follow, max-snippet:-1, max-image-preview:large, max-video-preview:-1\" \/>\n<link rel=\"canonical\" href=\"https:\/\/www.esplac.cat\/primeres-jornades-dissidents\/\" \/>\n<meta property=\"og:locale\" content=\"es_ES\" \/>\n<meta property=\"og:type\" content=\"article\" \/>\n<meta property=\"og:title\" content=\"Ja s\u00f3n aqu\u00ed les primeres Jornades Dissidents sobre tem\u00e0tica trans*! - Esplac\" \/>\n<meta property=\"og:description\" content=\"Diumenge 9 de febrer, es celebrar\u00e0 la primera edici\u00f3 de [&hellip;]\" \/>\n<meta property=\"og:url\" content=\"https:\/\/www.esplac.cat\/primeres-jornades-dissidents\/\" \/>\n<meta property=\"og:site_name\" content=\"Esplac\" \/>\n<meta property=\"article:published_time\" content=\"2020-01-21T15:57:32+00:00\" \/>\n<meta property=\"article:modified_time\" content=\"2021-03-25T17:22:32+00:00\" \/>\n<meta property=\"og:image\" content=\"https:\/\/www.esplac.cat\/wp-content\/uploads\/2020\/01\/banner_jornades_dissidents.png\" \/>\n\t<meta property=\"og:image:width\" content=\"1694\" \/>\n\t<meta property=\"og:image:height\" content=\"700\" \/>\n\t<meta property=\"og:image:type\" content=\"image\/png\" \/>\n<meta name=\"author\" content=\"Comunicaci\u00f3 Esplac\" \/>\n<meta name=\"twitter:card\" content=\"summary_large_image\" \/>\n<meta name=\"twitter:label1\" content=\"Escrito por\" \/>\n\t<meta name=\"twitter:data1\" content=\"Comunicaci\u00f3 Esplac\" \/>\n\t<meta name=\"twitter:label2\" content=\"Tiempo de lectura\" \/>\n\t<meta name=\"twitter:data2\" content=\"1 minuto\" \/>\n<script type=\"application\/ld+json\" class=\"yoast-schema-graph\">{\"@context\":\"https:\\\/\\\/schema.org\",\"@graph\":[{\"@type\":\"Article\",\"@id\":\"https:\\\/\\\/www.esplac.cat\\\/primeres-jornades-dissidents\\\/#article\",\"isPartOf\":{\"@id\":\"https:\\\/\\\/www.esplac.cat\\\/primeres-jornades-dissidents\\\/\"},\"author\":{\"name\":\"Comunicaci\u00f3 Esplac\",\"@id\":\"https:\\\/\\\/www.esplac.cat\\\/#\\\/schema\\\/person\\\/908383cf240be18b68f8855d0583faca\"},\"headline\":\"Ja s\u00f3n aqu\u00ed les primeres Jornades Dissidents sobre tem\u00e0tica trans*!\",\"datePublished\":\"2020-01-21T15:57:32+00:00\",\"dateModified\":\"2021-03-25T17:22:32+00:00\",\"mainEntityOfPage\":{\"@id\":\"https:\\\/\\\/www.esplac.cat\\\/primeres-jornades-dissidents\\\/\"},\"wordCount\":303,\"publisher\":{\"@id\":\"https:\\\/\\\/www.esplac.cat\\\/#organization\"},\"image\":{\"@id\":\"https:\\\/\\\/www.esplac.cat\\\/primeres-jornades-dissidents\\\/#primaryimage\"},\"thumbnailUrl\":\"https:\\\/\\\/www.esplac.cat\\\/wp-content\\\/uploads\\\/2020\\\/01\\\/banner_jornades_dissidents.png\",\"keywords\":[\"Cal\u00e0bria 66\",\"Comissi\u00f3 Sexualitats Diverses i Dissidents\",\"Jornades Dissidents\",\"taller drag\",\"tem\u00e0tica trans*\",\"transf\u00f2bia i capacitisme\"],\"articleSection\":[\"Comissi\u00f3 GSDD\"],\"inLanguage\":\"es\"},{\"@type\":\"WebPage\",\"@id\":\"https:\\\/\\\/www.esplac.cat\\\/primeres-jornades-dissidents\\\/\",\"url\":\"https:\\\/\\\/www.esplac.cat\\\/primeres-jornades-dissidents\\\/\",\"name\":\"Ja s\u00f3n aqu\u00ed les primeres Jornades Dissidents sobre tem\u00e0tica trans*! - Esplac\",\"isPartOf\":{\"@id\":\"https:\\\/\\\/www.esplac.cat\\\/#website\"},\"primaryImageOfPage\":{\"@id\":\"https:\\\/\\\/www.esplac.cat\\\/primeres-jornades-dissidents\\\/#primaryimage\"},\"image\":{\"@id\":\"https:\\\/\\\/www.esplac.cat\\\/primeres-jornades-dissidents\\\/#primaryimage\"},\"thumbnailUrl\":\"https:\\\/\\\/www.esplac.cat\\\/wp-content\\\/uploads\\\/2020\\\/01\\\/banner_jornades_dissidents.png\",\"datePublished\":\"2020-01-21T15:57:32+00:00\",\"dateModified\":\"2021-03-25T17:22:32+00:00\",\"breadcrumb\":{\"@id\":\"https:\\\/\\\/www.esplac.cat\\\/primeres-jornades-dissidents\\\/#breadcrumb\"},\"inLanguage\":\"es\",\"potentialAction\":[{\"@type\":\"ReadAction\",\"target\":[\"https:\\\/\\\/www.esplac.cat\\\/primeres-jornades-dissidents\\\/\"]}]},{\"@type\":\"ImageObject\",\"inLanguage\":\"es\",\"@id\":\"https:\\\/\\\/www.esplac.cat\\\/primeres-jornades-dissidents\\\/#primaryimage\",\"url\":\"https:\\\/\\\/www.esplac.cat\\\/wp-content\\\/uploads\\\/2020\\\/01\\\/banner_jornades_dissidents.png\",\"contentUrl\":\"https:\\\/\\\/www.esplac.cat\\\/wp-content\\\/uploads\\\/2020\\\/01\\\/banner_jornades_dissidents.png\",\"width\":1694,\"height\":700},{\"@type\":\"BreadcrumbList\",\"@id\":\"https:\\\/\\\/www.esplac.cat\\\/primeres-jornades-dissidents\\\/#breadcrumb\",\"itemListElement\":[{\"@type\":\"ListItem\",\"position\":1,\"name\":\"Inici\",\"item\":\"https:\\\/\\\/www.esplac.cat\\\/es\\\/\"},{\"@type\":\"ListItem\",\"position\":2,\"name\":\"Ja s\u00f3n aqu\u00ed les primeres Jornades Dissidents sobre tem\u00e0tica trans*!\"}]},{\"@type\":\"WebSite\",\"@id\":\"https:\\\/\\\/www.esplac.cat\\\/#website\",\"url\":\"https:\\\/\\\/www.esplac.cat\\\/\",\"name\":\"Esplac\",\"description\":\"Esplais Catalans\",\"publisher\":{\"@id\":\"https:\\\/\\\/www.esplac.cat\\\/#organization\"},\"potentialAction\":[{\"@type\":\"SearchAction\",\"target\":{\"@type\":\"EntryPoint\",\"urlTemplate\":\"https:\\\/\\\/www.esplac.cat\\\/?s={search_term_string}\"},\"query-input\":{\"@type\":\"PropertyValueSpecification\",\"valueRequired\":true,\"valueName\":\"search_term_string\"}}],\"inLanguage\":\"es\"},{\"@type\":\"Organization\",\"@id\":\"https:\\\/\\\/www.esplac.cat\\\/#organization\",\"name\":\"Esplac\",\"url\":\"https:\\\/\\\/www.esplac.cat\\\/\",\"logo\":{\"@type\":\"ImageObject\",\"inLanguage\":\"es\",\"@id\":\"https:\\\/\\\/www.esplac.cat\\\/#\\\/schema\\\/logo\\\/image\\\/\",\"url\":\"https:\\\/\\\/www.esplac.cat\\\/wp-content\\\/uploads\\\/2019\\\/08\\\/logox2.png\",\"contentUrl\":\"https:\\\/\\\/www.esplac.cat\\\/wp-content\\\/uploads\\\/2019\\\/08\\\/logox2.png\",\"width\":600,\"height\":295,\"caption\":\"Esplac\"},\"image\":{\"@id\":\"https:\\\/\\\/www.esplac.cat\\\/#\\\/schema\\\/logo\\\/image\\\/\"}},{\"@type\":\"Person\",\"@id\":\"https:\\\/\\\/www.esplac.cat\\\/#\\\/schema\\\/person\\\/908383cf240be18b68f8855d0583faca\",\"name\":\"Comunicaci\u00f3 Esplac\",\"image\":{\"@type\":\"ImageObject\",\"inLanguage\":\"es\",\"@id\":\"https:\\\/\\\/secure.gravatar.com\\\/avatar\\\/7a4cf8feb412a76ea4a740ca02d95b06b2907b5a6c648c2dd0a1082a093c3141?s=96&d=mm&r=g\",\"url\":\"https:\\\/\\\/secure.gravatar.com\\\/avatar\\\/7a4cf8feb412a76ea4a740ca02d95b06b2907b5a6c648c2dd0a1082a093c3141?s=96&d=mm&r=g\",\"contentUrl\":\"https:\\\/\\\/secure.gravatar.com\\\/avatar\\\/7a4cf8feb412a76ea4a740ca02d95b06b2907b5a6c648c2dd0a1082a093c3141?s=96&d=mm&r=g\",\"caption\":\"Comunicaci\u00f3 Esplac\"}}]}<\/script>\n<!-- \/ Yoast SEO plugin. -->","yoast_head_json":{"title":"Ja s\u00f3n aqu\u00ed les primeres Jornades Dissidents sobre tem\u00e0tica trans*! - Esplac","robots":{"index":"index","follow":"follow","max-snippet":"max-snippet:-1","max-image-preview":"max-image-preview:large","max-video-preview":"max-video-preview:-1"},"canonical":"https:\/\/www.esplac.cat\/primeres-jornades-dissidents\/","og_locale":"es_ES","og_type":"article","og_title":"Ja s\u00f3n aqu\u00ed les primeres Jornades Dissidents sobre tem\u00e0tica trans*! - Esplac","og_description":"Diumenge 9 de febrer, es celebrar\u00e0 la primera edici\u00f3 de [&hellip;]","og_url":"https:\/\/www.esplac.cat\/primeres-jornades-dissidents\/","og_site_name":"Esplac","article_published_time":"2020-01-21T15:57:32+00:00","article_modified_time":"2021-03-25T17:22:32+00:00","og_image":[{"width":1694,"height":700,"url":"https:\/\/www.esplac.cat\/wp-content\/uploads\/2020\/01\/banner_jornades_dissidents.png","type":"image\/png"}],"author":"Comunicaci\u00f3 Esplac","twitter_card":"summary_large_image","twitter_misc":{"Escrito por":"Comunicaci\u00f3 Esplac","Tiempo de lectura":"1 minuto"},"schema":{"@context":"https:\/\/schema.org","@graph":[{"@type":"Article","@id":"https:\/\/www.esplac.cat\/primeres-jornades-dissidents\/#article","isPartOf":{"@id":"https:\/\/www.esplac.cat\/primeres-jornades-dissidents\/"},"author":{"name":"Comunicaci\u00f3 Esplac","@id":"https:\/\/www.esplac.cat\/#\/schema\/person\/908383cf240be18b68f8855d0583faca"},"headline":"Ja s\u00f3n aqu\u00ed les primeres Jornades Dissidents sobre tem\u00e0tica trans*!","datePublished":"2020-01-21T15:57:32+00:00","dateModified":"2021-03-25T17:22:32+00:00","mainEntityOfPage":{"@id":"https:\/\/www.esplac.cat\/primeres-jornades-dissidents\/"},"wordCount":303,"publisher":{"@id":"https:\/\/www.esplac.cat\/#organization"},"image":{"@id":"https:\/\/www.esplac.cat\/primeres-jornades-dissidents\/#primaryimage"},"thumbnailUrl":"https:\/\/www.esplac.cat\/wp-content\/uploads\/2020\/01\/banner_jornades_dissidents.png","keywords":["Cal\u00e0bria 66","Comissi\u00f3 Sexualitats Diverses i Dissidents","Jornades Dissidents","taller drag","tem\u00e0tica trans*","transf\u00f2bia i capacitisme"],"articleSection":["Comissi\u00f3 GSDD"],"inLanguage":"es"},{"@type":"WebPage","@id":"https:\/\/www.esplac.cat\/primeres-jornades-dissidents\/","url":"https:\/\/www.esplac.cat\/primeres-jornades-dissidents\/","name":"Ja s\u00f3n aqu\u00ed les primeres Jornades Dissidents sobre tem\u00e0tica trans*! - Esplac","isPartOf":{"@id":"https:\/\/www.esplac.cat\/#website"},"primaryImageOfPage":{"@id":"https:\/\/www.esplac.cat\/primeres-jornades-dissidents\/#primaryimage"},"image":{"@id":"https:\/\/www.esplac.cat\/primeres-jornades-dissidents\/#primaryimage"},"thumbnailUrl":"https:\/\/www.esplac.cat\/wp-content\/uploads\/2020\/01\/banner_jornades_dissidents.png","datePublished":"2020-01-21T15:57:32+00:00","dateModified":"2021-03-25T17:22:32+00:00","breadcrumb":{"@id":"https:\/\/www.esplac.cat\/primeres-jornades-dissidents\/#breadcrumb"},"inLanguage":"es","potentialAction":[{"@type":"ReadAction","target":["https:\/\/www.esplac.cat\/primeres-jornades-dissidents\/"]}]},{"@type":"ImageObject","inLanguage":"es","@id":"https:\/\/www.esplac.cat\/primeres-jornades-dissidents\/#primaryimage","url":"https:\/\/www.esplac.cat\/wp-content\/uploads\/2020\/01\/banner_jornades_dissidents.png","contentUrl":"https:\/\/www.esplac.cat\/wp-content\/uploads\/2020\/01\/banner_jornades_dissidents.png","width":1694,"height":700},{"@type":"BreadcrumbList","@id":"https:\/\/www.esplac.cat\/primeres-jornades-dissidents\/#breadcrumb","itemListElement":[{"@type":"ListItem","position":1,"name":"Inici","item":"https:\/\/www.esplac.cat\/es\/"},{"@type":"ListItem","position":2,"name":"Ja s\u00f3n aqu\u00ed les primeres Jornades Dissidents sobre tem\u00e0tica trans*!"}]},{"@type":"WebSite","@id":"https:\/\/www.esplac.cat\/#website","url":"https:\/\/www.esplac.cat\/","name":"Esplac","description":"Esplais Catalans","publisher":{"@id":"https:\/\/www.esplac.cat\/#organization"},"potentialAction":[{"@type":"SearchAction","target":{"@type":"EntryPoint","urlTemplate":"https:\/\/www.esplac.cat\/?s={search_term_string}"},"query-input":{"@type":"PropertyValueSpecification","valueRequired":true,"valueName":"search_term_string"}}],"inLanguage":"es"},{"@type":"Organization","@id":"https:\/\/www.esplac.cat\/#organization","name":"Esplac","url":"https:\/\/www.esplac.cat\/","logo":{"@type":"ImageObject","inLanguage":"es","@id":"https:\/\/www.esplac.cat\/#\/schema\/logo\/image\/","url":"https:\/\/www.esplac.cat\/wp-content\/uploads\/2019\/08\/logox2.png","contentUrl":"https:\/\/www.esplac.cat\/wp-content\/uploads\/2019\/08\/logox2.png","width":600,"height":295,"caption":"Esplac"},"image":{"@id":"https:\/\/www.esplac.cat\/#\/schema\/logo\/image\/"}},{"@type":"Person","@id":"https:\/\/www.esplac.cat\/#\/schema\/person\/908383cf240be18b68f8855d0583faca","name":"Comunicaci\u00f3 Esplac","image":{"@type":"ImageObject","inLanguage":"es","@id":"https:\/\/secure.gravatar.com\/avatar\/7a4cf8feb412a76ea4a740ca02d95b06b2907b5a6c648c2dd0a1082a093c3141?s=96&d=mm&r=g","url":"https:\/\/secure.gravatar.com\/avatar\/7a4cf8feb412a76ea4a740ca02d95b06b2907b5a6c648c2dd0a1082a093c3141?s=96&d=mm&r=g","contentUrl":"https:\/\/secure.gravatar.com\/avatar\/7a4cf8feb412a76ea4a740ca02d95b06b2907b5a6c648c2dd0a1082a093c3141?s=96&d=mm&r=g","caption":"Comunicaci\u00f3 Esplac"}}]}},"_links":{"self":[{"href":"https:\/\/www.esplac.cat\/es\/wp-json\/wp\/v2\/posts\/30416","targetHints":{"allow":["GET"]}}],"collection":[{"href":"https:\/\/www.esplac.cat\/es\/wp-json\/wp\/v2\/posts"}],"about":[{"href":"https:\/\/www.esplac.cat\/es\/wp-json\/wp\/v2\/types\/post"}],"author":[{"embeddable":true,"href":"https:\/\/www.esplac.cat\/es\/wp-json\/wp\/v2\/users\/3"}],"replies":[{"embeddable":true,"href":"https:\/\/www.esplac.cat\/es\/wp-json\/wp\/v2\/comments?post=30416"}],"version-history":[{"count":0,"href":"https:\/\/www.esplac.cat\/es\/wp-json\/wp\/v2\/posts\/30416\/revisions"}],"wp:featuredmedia":[{"embeddable":true,"href":"https:\/\/www.esplac.cat\/es\/wp-json\/wp\/v2\/media\/30424"}],"wp:attachment":[{"href":"https:\/\/www.esplac.cat\/es\/wp-json\/wp\/v2\/media?parent=30416"}],"wp:term":[{"taxonomy":"category","embeddable":true,"href":"https:\/\/www.esplac.cat\/es\/wp-json\/wp\/v2\/categories?post=30416"},{"taxonomy":"post_tag","embeddable":true,"href":"https:\/\/www.esplac.cat\/es\/wp-json\/wp\/v2\/tags?post=30416"}],"curies":[{"name":"wp","href":"https:\/\/api.w.org\/{rel}","templated":true}]}}