{"id":30804,"date":"2020-02-10T13:29:48","date_gmt":"2020-02-10T12:29:48","guid":{"rendered":"https:\/\/www.esplac.cat\/?p=30804"},"modified":"2020-10-15T17:23:01","modified_gmt":"2020-10-15T16:23:01","slug":"trobada-infants-trobada-joves-mes-multitudinaries-sector-valles-oriental","status":"publish","type":"post","link":"https:\/\/www.esplac.cat\/es\/trobada-infants-trobada-joves-mes-multitudinaries-sector-valles-oriental\/","title":{"rendered":"La Trobada d&#8217;Infants i la Trobada de Joves m\u00e9s multitudin\u00e0ries del Sector Vall\u00e8s Oriental"},"content":{"rendered":"<h6><strong>Aquest passat cap de setmana, 8 i 9 de febrer, el Sector Vall\u00e8s Oriental va celebrar a Granollers la Trobada d&#8217;Infants i la Trobada de Joves m\u00e9s multitudin\u00e0ria que ha fet mai!<\/strong><\/h6>\n<p>El <a href=\"https:\/\/www.esplac.cat\/sectors-geografics\/valles-oriental\/\" target=\"_blank\" rel=\"noopener noreferrer\">Sector Vall\u00e8s Oriental<\/a> va realitzar aquest passat cap de setmana la Trobada d&#8217;Infants i la Trobada de Joves amb una participaci\u00f3 r\u00e8cord d&#8217;infants, joves i monis.\u00a0 Un total de <strong>141 participants a la Trobada d&#8217;Infants<\/strong> i <strong>175 a la Trobada de joves<\/strong>, va reunir <strong>316 participants<\/strong> de diferents esplais del sector com l&#8217;esplai<b>\u00a0<\/b>GEPA, de l&#8217;Atmetlla del Vall\u00e8s, el Guai! de Granollers, el Bruixes i Bruixots de Cardedeu, el Bot\u00f3 de Palau Solit\u00e0 i Plegamans, el Santaka de Santa Eul\u00e0lia de Ron\u00e7ana i el Refugi de Santa Perp\u00e8tua de Mogoda.<\/p>\n<p><strong>La Trobada d&#8217;Infants<\/strong> es va celebrar a l&#8217;escola Lledoner de Granollers i cada esplai va preparar un joc t\u00edpic del seu esplai per compartir-lo amb tothom. A m\u00e9s a m\u00e9s, a la trobada hi havia un drac que venia de molt lluny per demanar ajuda i fer un esplai al seu poble; els esplais li van ensenyar tot el que feien mitjan\u00e7ant proves i aix\u00ed aconseguir n\u00fameros d&#8217;un codi que obria un cofre on hi havia un fulard de cada esplai!<\/p>\n<p><strong>A la Trobada de Joves,<\/strong> que es va fer al centre C\u00edvic Nord, es van fer formacions autogestionades per les pr\u00f2pies monitores del sector. La trobada va acabar amb un dinar popular conjunt a c\u00e0rrec del c\u00e0tering L&#8217;Obrador, complint amb la carta de gesti\u00f3 responsable de recursos, amb un bufet d&#8217;amanides, una fideu\u00e0 amb verdures i bolets, i un ali ol\u00ed veg\u00e0 d&#8217;avena bon\u00edssim!<\/p>\n<p>El principal objectiu d&#8217;ambdues trobades era aconseguir la participaci\u00f3 de tots els esplais, amb la finalitat de cohesionar-se m\u00e9s entre tothom (participants, monitores i monitors) i es va poder fer a l&#8217;aire lliure amb un bon temps que va acompanyar en tot moment.<\/p>\n<p>La propera activitat del Sector Vall\u00e8s Oriental ser\u00e0 la <strong>Monitrobada el cap de setmana del 21 i 22 de mar\u00e7<\/strong> i s&#8217;espera que la participaci\u00f3 tamb\u00e9 sigui tot un \u00e8xit!<\/p>\n<p><img decoding=\"async\" class=\"aligncenter wp-image-30825\" src=\"https:\/\/www.esplac.cat\/wp-content\/uploads\/2020\/02\/TJVallesOriental.jpeg\" alt=\"\" width=\"621\" height=\"466\" srcset=\"https:\/\/www.esplac.cat\/wp-content\/uploads\/2020\/02\/TJVallesOriental-200x150.jpeg 200w, https:\/\/www.esplac.cat\/wp-content\/uploads\/2020\/02\/TJVallesOriental-300x225.jpeg 300w, https:\/\/www.esplac.cat\/wp-content\/uploads\/2020\/02\/TJVallesOriental-400x300.jpeg 400w, https:\/\/www.esplac.cat\/wp-content\/uploads\/2020\/02\/TJVallesOriental-600x450.jpeg 600w, https:\/\/www.esplac.cat\/wp-content\/uploads\/2020\/02\/TJVallesOriental-768x576.jpeg 768w, https:\/\/www.esplac.cat\/wp-content\/uploads\/2020\/02\/TJVallesOriental-800x600.jpeg 800w, https:\/\/www.esplac.cat\/wp-content\/uploads\/2020\/02\/TJVallesOriental.jpeg 1024w\" sizes=\"(max-width: 621px) 100vw, 621px\" \/><\/p>\n<p>&nbsp;<\/p>\n<p><img decoding=\"async\" class=\"aligncenter wp-image-30822\" src=\"https:\/\/www.esplac.cat\/wp-content\/uploads\/2020\/02\/TIVallesOriental-1.jpeg\" alt=\"\" width=\"622\" height=\"350\" srcset=\"https:\/\/www.esplac.cat\/wp-content\/uploads\/2020\/02\/TIVallesOriental-1-200x113.jpeg 200w, https:\/\/www.esplac.cat\/wp-content\/uploads\/2020\/02\/TIVallesOriental-1-300x169.jpeg 300w, https:\/\/www.esplac.cat\/wp-content\/uploads\/2020\/02\/TIVallesOriental-1-400x225.jpeg 400w, https:\/\/www.esplac.cat\/wp-content\/uploads\/2020\/02\/TIVallesOriental-1-600x338.jpeg 600w, https:\/\/www.esplac.cat\/wp-content\/uploads\/2020\/02\/TIVallesOriental-1-768x432.jpeg 768w, https:\/\/www.esplac.cat\/wp-content\/uploads\/2020\/02\/TIVallesOriental-1-800x450.jpeg 800w, https:\/\/www.esplac.cat\/wp-content\/uploads\/2020\/02\/TIVallesOriental-1-1024x576.jpeg 1024w, https:\/\/www.esplac.cat\/wp-content\/uploads\/2020\/02\/TIVallesOriental-1-1200x675.jpeg 1200w, https:\/\/www.esplac.cat\/wp-content\/uploads\/2020\/02\/TIVallesOriental-1-1536x864.jpeg 1536w, https:\/\/www.esplac.cat\/wp-content\/uploads\/2020\/02\/TIVallesOriental-1.jpeg 1600w\" sizes=\"(max-width: 622px) 100vw, 622px\" \/><\/p>\n","protected":false},"excerpt":{"rendered":"<p>Aquest passat cap de setmana, 8 i 9 de febrer, [&hellip;]<\/p>\n","protected":false},"author":3,"featured_media":30819,"comment_status":"closed","ping_status":"open","sticky":false,"template":"","format":"standard","meta":{"om_disable_all_campaigns":false,"_monsterinsights_skip_tracking":false,"_monsterinsights_sitenote_active":false,"_monsterinsights_sitenote_note":"","_monsterinsights_sitenote_category":0,"_uf_show_specific_survey":0,"_uf_disable_surveys":false,"footnotes":""},"categories":[1125],"tags":[808,24,25,1065],"class_list":["post-30804","post","type-post","status-publish","format-standard","has-post-thumbnail","hentry","category-sector-valles-oriental","tag-granollers","tag-trobada-dinfants","tag-trobada-de-joves","tag-valles-oriental"],"yoast_head":"<!-- This site is optimized with the Yoast SEO plugin v27.5 - https:\/\/yoast.com\/product\/yoast-seo-wordpress\/ -->\n<title>La Trobada d&#039;Infants i la Trobada de Joves m\u00e9s multitudin\u00e0ries del Sector Vall\u00e8s Oriental - Esplac<\/title>\n<meta name=\"robots\" content=\"index, follow, max-snippet:-1, max-image-preview:large, max-video-preview:-1\" \/>\n<link rel=\"canonical\" href=\"https:\/\/www.esplac.cat\/trobada-infants-trobada-joves-mes-multitudinaries-sector-valles-oriental\/\" \/>\n<meta property=\"og:locale\" content=\"es_ES\" \/>\n<meta property=\"og:type\" content=\"article\" \/>\n<meta property=\"og:title\" content=\"La Trobada d&#039;Infants i la Trobada de Joves m\u00e9s multitudin\u00e0ries del Sector Vall\u00e8s Oriental - Esplac\" \/>\n<meta property=\"og:description\" content=\"Aquest passat cap de setmana, 8 i 9 de febrer, [&hellip;]\" \/>\n<meta property=\"og:url\" content=\"https:\/\/www.esplac.cat\/trobada-infants-trobada-joves-mes-multitudinaries-sector-valles-oriental\/\" \/>\n<meta property=\"og:site_name\" content=\"Esplac\" \/>\n<meta property=\"article:published_time\" content=\"2020-02-10T12:29:48+00:00\" \/>\n<meta property=\"article:modified_time\" content=\"2020-10-15T16:23:01+00:00\" \/>\n<meta property=\"og:image\" content=\"https:\/\/www.esplac.cat\/wp-content\/uploads\/2020\/02\/Untitled-1.jpg\" \/>\n\t<meta property=\"og:image:width\" content=\"1694\" \/>\n\t<meta property=\"og:image:height\" content=\"700\" \/>\n\t<meta property=\"og:image:type\" content=\"image\/jpeg\" \/>\n<meta name=\"author\" content=\"Comunicaci\u00f3 Esplac\" \/>\n<meta name=\"twitter:card\" content=\"summary_large_image\" \/>\n<meta name=\"twitter:label1\" content=\"Escrito por\" \/>\n\t<meta name=\"twitter:data1\" content=\"Comunicaci\u00f3 Esplac\" \/>\n\t<meta name=\"twitter:label2\" content=\"Tiempo de lectura\" \/>\n\t<meta name=\"twitter:data2\" content=\"2 minutos\" \/>\n<script type=\"application\/ld+json\" class=\"yoast-schema-graph\">{\"@context\":\"https:\\\/\\\/schema.org\",\"@graph\":[{\"@type\":\"Article\",\"@id\":\"https:\\\/\\\/www.esplac.cat\\\/trobada-infants-trobada-joves-mes-multitudinaries-sector-valles-oriental\\\/#article\",\"isPartOf\":{\"@id\":\"https:\\\/\\\/www.esplac.cat\\\/trobada-infants-trobada-joves-mes-multitudinaries-sector-valles-oriental\\\/\"},\"author\":{\"name\":\"Comunicaci\u00f3 Esplac\",\"@id\":\"https:\\\/\\\/www.esplac.cat\\\/#\\\/schema\\\/person\\\/908383cf240be18b68f8855d0583faca\"},\"headline\":\"La Trobada d&#8217;Infants i la Trobada de Joves m\u00e9s multitudin\u00e0ries del Sector Vall\u00e8s Oriental\",\"datePublished\":\"2020-02-10T12:29:48+00:00\",\"dateModified\":\"2020-10-15T16:23:01+00:00\",\"mainEntityOfPage\":{\"@id\":\"https:\\\/\\\/www.esplac.cat\\\/trobada-infants-trobada-joves-mes-multitudinaries-sector-valles-oriental\\\/\"},\"wordCount\":389,\"publisher\":{\"@id\":\"https:\\\/\\\/www.esplac.cat\\\/#organization\"},\"image\":{\"@id\":\"https:\\\/\\\/www.esplac.cat\\\/trobada-infants-trobada-joves-mes-multitudinaries-sector-valles-oriental\\\/#primaryimage\"},\"thumbnailUrl\":\"https:\\\/\\\/www.esplac.cat\\\/wp-content\\\/uploads\\\/2020\\\/02\\\/Untitled-1.jpg\",\"keywords\":[\"Granollers\",\"trobada d'infants\",\"trobada de joves\",\"Vall\u00e8s Oriental\"],\"articleSection\":[\"Sector Vall\u00e8s Oriental\"],\"inLanguage\":\"es\"},{\"@type\":\"WebPage\",\"@id\":\"https:\\\/\\\/www.esplac.cat\\\/trobada-infants-trobada-joves-mes-multitudinaries-sector-valles-oriental\\\/\",\"url\":\"https:\\\/\\\/www.esplac.cat\\\/trobada-infants-trobada-joves-mes-multitudinaries-sector-valles-oriental\\\/\",\"name\":\"La Trobada d'Infants i la Trobada de Joves m\u00e9s multitudin\u00e0ries del Sector Vall\u00e8s Oriental - Esplac\",\"isPartOf\":{\"@id\":\"https:\\\/\\\/www.esplac.cat\\\/#website\"},\"primaryImageOfPage\":{\"@id\":\"https:\\\/\\\/www.esplac.cat\\\/trobada-infants-trobada-joves-mes-multitudinaries-sector-valles-oriental\\\/#primaryimage\"},\"image\":{\"@id\":\"https:\\\/\\\/www.esplac.cat\\\/trobada-infants-trobada-joves-mes-multitudinaries-sector-valles-oriental\\\/#primaryimage\"},\"thumbnailUrl\":\"https:\\\/\\\/www.esplac.cat\\\/wp-content\\\/uploads\\\/2020\\\/02\\\/Untitled-1.jpg\",\"datePublished\":\"2020-02-10T12:29:48+00:00\",\"dateModified\":\"2020-10-15T16:23:01+00:00\",\"breadcrumb\":{\"@id\":\"https:\\\/\\\/www.esplac.cat\\\/trobada-infants-trobada-joves-mes-multitudinaries-sector-valles-oriental\\\/#breadcrumb\"},\"inLanguage\":\"es\",\"potentialAction\":[{\"@type\":\"ReadAction\",\"target\":[\"https:\\\/\\\/www.esplac.cat\\\/trobada-infants-trobada-joves-mes-multitudinaries-sector-valles-oriental\\\/\"]}]},{\"@type\":\"ImageObject\",\"inLanguage\":\"es\",\"@id\":\"https:\\\/\\\/www.esplac.cat\\\/trobada-infants-trobada-joves-mes-multitudinaries-sector-valles-oriental\\\/#primaryimage\",\"url\":\"https:\\\/\\\/www.esplac.cat\\\/wp-content\\\/uploads\\\/2020\\\/02\\\/Untitled-1.jpg\",\"contentUrl\":\"https:\\\/\\\/www.esplac.cat\\\/wp-content\\\/uploads\\\/2020\\\/02\\\/Untitled-1.jpg\",\"width\":1694,\"height\":700},{\"@type\":\"BreadcrumbList\",\"@id\":\"https:\\\/\\\/www.esplac.cat\\\/trobada-infants-trobada-joves-mes-multitudinaries-sector-valles-oriental\\\/#breadcrumb\",\"itemListElement\":[{\"@type\":\"ListItem\",\"position\":1,\"name\":\"Inici\",\"item\":\"https:\\\/\\\/www.esplac.cat\\\/es\\\/\"},{\"@type\":\"ListItem\",\"position\":2,\"name\":\"La Trobada d&#8217;Infants i la Trobada de Joves m\u00e9s multitudin\u00e0ries del Sector Vall\u00e8s Oriental\"}]},{\"@type\":\"WebSite\",\"@id\":\"https:\\\/\\\/www.esplac.cat\\\/#website\",\"url\":\"https:\\\/\\\/www.esplac.cat\\\/\",\"name\":\"Esplac\",\"description\":\"Esplais Catalans\",\"publisher\":{\"@id\":\"https:\\\/\\\/www.esplac.cat\\\/#organization\"},\"potentialAction\":[{\"@type\":\"SearchAction\",\"target\":{\"@type\":\"EntryPoint\",\"urlTemplate\":\"https:\\\/\\\/www.esplac.cat\\\/?s={search_term_string}\"},\"query-input\":{\"@type\":\"PropertyValueSpecification\",\"valueRequired\":true,\"valueName\":\"search_term_string\"}}],\"inLanguage\":\"es\"},{\"@type\":\"Organization\",\"@id\":\"https:\\\/\\\/www.esplac.cat\\\/#organization\",\"name\":\"Esplac\",\"url\":\"https:\\\/\\\/www.esplac.cat\\\/\",\"logo\":{\"@type\":\"ImageObject\",\"inLanguage\":\"es\",\"@id\":\"https:\\\/\\\/www.esplac.cat\\\/#\\\/schema\\\/logo\\\/image\\\/\",\"url\":\"https:\\\/\\\/www.esplac.cat\\\/wp-content\\\/uploads\\\/2019\\\/08\\\/logox2.png\",\"contentUrl\":\"https:\\\/\\\/www.esplac.cat\\\/wp-content\\\/uploads\\\/2019\\\/08\\\/logox2.png\",\"width\":600,\"height\":295,\"caption\":\"Esplac\"},\"image\":{\"@id\":\"https:\\\/\\\/www.esplac.cat\\\/#\\\/schema\\\/logo\\\/image\\\/\"}},{\"@type\":\"Person\",\"@id\":\"https:\\\/\\\/www.esplac.cat\\\/#\\\/schema\\\/person\\\/908383cf240be18b68f8855d0583faca\",\"name\":\"Comunicaci\u00f3 Esplac\",\"image\":{\"@type\":\"ImageObject\",\"inLanguage\":\"es\",\"@id\":\"https:\\\/\\\/secure.gravatar.com\\\/avatar\\\/7a4cf8feb412a76ea4a740ca02d95b06b2907b5a6c648c2dd0a1082a093c3141?s=96&d=mm&r=g\",\"url\":\"https:\\\/\\\/secure.gravatar.com\\\/avatar\\\/7a4cf8feb412a76ea4a740ca02d95b06b2907b5a6c648c2dd0a1082a093c3141?s=96&d=mm&r=g\",\"contentUrl\":\"https:\\\/\\\/secure.gravatar.com\\\/avatar\\\/7a4cf8feb412a76ea4a740ca02d95b06b2907b5a6c648c2dd0a1082a093c3141?s=96&d=mm&r=g\",\"caption\":\"Comunicaci\u00f3 Esplac\"}}]}<\/script>\n<!-- \/ Yoast SEO plugin. -->","yoast_head_json":{"title":"La Trobada d'Infants i la Trobada de Joves m\u00e9s multitudin\u00e0ries del Sector Vall\u00e8s Oriental - Esplac","robots":{"index":"index","follow":"follow","max-snippet":"max-snippet:-1","max-image-preview":"max-image-preview:large","max-video-preview":"max-video-preview:-1"},"canonical":"https:\/\/www.esplac.cat\/trobada-infants-trobada-joves-mes-multitudinaries-sector-valles-oriental\/","og_locale":"es_ES","og_type":"article","og_title":"La Trobada d'Infants i la Trobada de Joves m\u00e9s multitudin\u00e0ries del Sector Vall\u00e8s Oriental - Esplac","og_description":"Aquest passat cap de setmana, 8 i 9 de febrer, [&hellip;]","og_url":"https:\/\/www.esplac.cat\/trobada-infants-trobada-joves-mes-multitudinaries-sector-valles-oriental\/","og_site_name":"Esplac","article_published_time":"2020-02-10T12:29:48+00:00","article_modified_time":"2020-10-15T16:23:01+00:00","og_image":[{"width":1694,"height":700,"url":"https:\/\/www.esplac.cat\/wp-content\/uploads\/2020\/02\/Untitled-1.jpg","type":"image\/jpeg"}],"author":"Comunicaci\u00f3 Esplac","twitter_card":"summary_large_image","twitter_misc":{"Escrito por":"Comunicaci\u00f3 Esplac","Tiempo de lectura":"2 minutos"},"schema":{"@context":"https:\/\/schema.org","@graph":[{"@type":"Article","@id":"https:\/\/www.esplac.cat\/trobada-infants-trobada-joves-mes-multitudinaries-sector-valles-oriental\/#article","isPartOf":{"@id":"https:\/\/www.esplac.cat\/trobada-infants-trobada-joves-mes-multitudinaries-sector-valles-oriental\/"},"author":{"name":"Comunicaci\u00f3 Esplac","@id":"https:\/\/www.esplac.cat\/#\/schema\/person\/908383cf240be18b68f8855d0583faca"},"headline":"La Trobada d&#8217;Infants i la Trobada de Joves m\u00e9s multitudin\u00e0ries del Sector Vall\u00e8s Oriental","datePublished":"2020-02-10T12:29:48+00:00","dateModified":"2020-10-15T16:23:01+00:00","mainEntityOfPage":{"@id":"https:\/\/www.esplac.cat\/trobada-infants-trobada-joves-mes-multitudinaries-sector-valles-oriental\/"},"wordCount":389,"publisher":{"@id":"https:\/\/www.esplac.cat\/#organization"},"image":{"@id":"https:\/\/www.esplac.cat\/trobada-infants-trobada-joves-mes-multitudinaries-sector-valles-oriental\/#primaryimage"},"thumbnailUrl":"https:\/\/www.esplac.cat\/wp-content\/uploads\/2020\/02\/Untitled-1.jpg","keywords":["Granollers","trobada d'infants","trobada de joves","Vall\u00e8s Oriental"],"articleSection":["Sector Vall\u00e8s Oriental"],"inLanguage":"es"},{"@type":"WebPage","@id":"https:\/\/www.esplac.cat\/trobada-infants-trobada-joves-mes-multitudinaries-sector-valles-oriental\/","url":"https:\/\/www.esplac.cat\/trobada-infants-trobada-joves-mes-multitudinaries-sector-valles-oriental\/","name":"La Trobada d'Infants i la Trobada de Joves m\u00e9s multitudin\u00e0ries del Sector Vall\u00e8s Oriental - Esplac","isPartOf":{"@id":"https:\/\/www.esplac.cat\/#website"},"primaryImageOfPage":{"@id":"https:\/\/www.esplac.cat\/trobada-infants-trobada-joves-mes-multitudinaries-sector-valles-oriental\/#primaryimage"},"image":{"@id":"https:\/\/www.esplac.cat\/trobada-infants-trobada-joves-mes-multitudinaries-sector-valles-oriental\/#primaryimage"},"thumbnailUrl":"https:\/\/www.esplac.cat\/wp-content\/uploads\/2020\/02\/Untitled-1.jpg","datePublished":"2020-02-10T12:29:48+00:00","dateModified":"2020-10-15T16:23:01+00:00","breadcrumb":{"@id":"https:\/\/www.esplac.cat\/trobada-infants-trobada-joves-mes-multitudinaries-sector-valles-oriental\/#breadcrumb"},"inLanguage":"es","potentialAction":[{"@type":"ReadAction","target":["https:\/\/www.esplac.cat\/trobada-infants-trobada-joves-mes-multitudinaries-sector-valles-oriental\/"]}]},{"@type":"ImageObject","inLanguage":"es","@id":"https:\/\/www.esplac.cat\/trobada-infants-trobada-joves-mes-multitudinaries-sector-valles-oriental\/#primaryimage","url":"https:\/\/www.esplac.cat\/wp-content\/uploads\/2020\/02\/Untitled-1.jpg","contentUrl":"https:\/\/www.esplac.cat\/wp-content\/uploads\/2020\/02\/Untitled-1.jpg","width":1694,"height":700},{"@type":"BreadcrumbList","@id":"https:\/\/www.esplac.cat\/trobada-infants-trobada-joves-mes-multitudinaries-sector-valles-oriental\/#breadcrumb","itemListElement":[{"@type":"ListItem","position":1,"name":"Inici","item":"https:\/\/www.esplac.cat\/es\/"},{"@type":"ListItem","position":2,"name":"La Trobada d&#8217;Infants i la Trobada de Joves m\u00e9s multitudin\u00e0ries del Sector Vall\u00e8s Oriental"}]},{"@type":"WebSite","@id":"https:\/\/www.esplac.cat\/#website","url":"https:\/\/www.esplac.cat\/","name":"Esplac","description":"Esplais Catalans","publisher":{"@id":"https:\/\/www.esplac.cat\/#organization"},"potentialAction":[{"@type":"SearchAction","target":{"@type":"EntryPoint","urlTemplate":"https:\/\/www.esplac.cat\/?s={search_term_string}"},"query-input":{"@type":"PropertyValueSpecification","valueRequired":true,"valueName":"search_term_string"}}],"inLanguage":"es"},{"@type":"Organization","@id":"https:\/\/www.esplac.cat\/#organization","name":"Esplac","url":"https:\/\/www.esplac.cat\/","logo":{"@type":"ImageObject","inLanguage":"es","@id":"https:\/\/www.esplac.cat\/#\/schema\/logo\/image\/","url":"https:\/\/www.esplac.cat\/wp-content\/uploads\/2019\/08\/logox2.png","contentUrl":"https:\/\/www.esplac.cat\/wp-content\/uploads\/2019\/08\/logox2.png","width":600,"height":295,"caption":"Esplac"},"image":{"@id":"https:\/\/www.esplac.cat\/#\/schema\/logo\/image\/"}},{"@type":"Person","@id":"https:\/\/www.esplac.cat\/#\/schema\/person\/908383cf240be18b68f8855d0583faca","name":"Comunicaci\u00f3 Esplac","image":{"@type":"ImageObject","inLanguage":"es","@id":"https:\/\/secure.gravatar.com\/avatar\/7a4cf8feb412a76ea4a740ca02d95b06b2907b5a6c648c2dd0a1082a093c3141?s=96&d=mm&r=g","url":"https:\/\/secure.gravatar.com\/avatar\/7a4cf8feb412a76ea4a740ca02d95b06b2907b5a6c648c2dd0a1082a093c3141?s=96&d=mm&r=g","contentUrl":"https:\/\/secure.gravatar.com\/avatar\/7a4cf8feb412a76ea4a740ca02d95b06b2907b5a6c648c2dd0a1082a093c3141?s=96&d=mm&r=g","caption":"Comunicaci\u00f3 Esplac"}}]}},"_links":{"self":[{"href":"https:\/\/www.esplac.cat\/es\/wp-json\/wp\/v2\/posts\/30804","targetHints":{"allow":["GET"]}}],"collection":[{"href":"https:\/\/www.esplac.cat\/es\/wp-json\/wp\/v2\/posts"}],"about":[{"href":"https:\/\/www.esplac.cat\/es\/wp-json\/wp\/v2\/types\/post"}],"author":[{"embeddable":true,"href":"https:\/\/www.esplac.cat\/es\/wp-json\/wp\/v2\/users\/3"}],"replies":[{"embeddable":true,"href":"https:\/\/www.esplac.cat\/es\/wp-json\/wp\/v2\/comments?post=30804"}],"version-history":[{"count":0,"href":"https:\/\/www.esplac.cat\/es\/wp-json\/wp\/v2\/posts\/30804\/revisions"}],"wp:featuredmedia":[{"embeddable":true,"href":"https:\/\/www.esplac.cat\/es\/wp-json\/wp\/v2\/media\/30819"}],"wp:attachment":[{"href":"https:\/\/www.esplac.cat\/es\/wp-json\/wp\/v2\/media?parent=30804"}],"wp:term":[{"taxonomy":"category","embeddable":true,"href":"https:\/\/www.esplac.cat\/es\/wp-json\/wp\/v2\/categories?post=30804"},{"taxonomy":"post_tag","embeddable":true,"href":"https:\/\/www.esplac.cat\/es\/wp-json\/wp\/v2\/tags?post=30804"}],"curies":[{"name":"wp","href":"https:\/\/api.w.org\/{rel}","templated":true}]}}