{"id":30903,"date":"2020-03-02T13:00:12","date_gmt":"2020-03-02T12:00:12","guid":{"rendered":"https:\/\/www.esplac.cat\/?p=30903"},"modified":"2021-01-19T09:43:14","modified_gmt":"2021-01-19T08:43:14","slug":"inscripcions-obertes-queer-easter-2020","status":"publish","type":"post","link":"https:\/\/www.esplac.cat\/es\/inscripcions-obertes-queer-easter-2020\/","title":{"rendered":"Incripcions obertes per la Queer Easter 2020! \u00abWe are here, we are queer!\u00bb"},"content":{"rendered":"<div class=\"fusion-fullwidth fullwidth-box fusion-builder-row-1 nonhundred-percent-fullwidth non-hundred-percent-height-scrolling\" style=\"--awb-border-radius-top-left:0px;--awb-border-radius-top-right:0px;--awb-border-radius-bottom-right:0px;--awb-border-radius-bottom-left:0px;--awb-flex-wrap:wrap;\" ><div class=\"fusion-builder-row fusion-row\"><div class=\"fusion-layout-column fusion_builder_column fusion-builder-column-0 fusion_builder_column_1_1 1_1 fusion-one-full fusion-column-first fusion-column-last\" style=\"--awb-bg-size:cover;--awb-margin-bottom:0px;\"><div class=\"fusion-column-wrapper fusion-flex-column-wrapper-legacy\"><div class=\"fusion-text fusion-text-1\"><h6><strong>La Queer Easter \u00e9s un dels seminaris principals a Europa que gira al voltant dels Drets LGBTIQ i que reuneix a diferents activistes joves en aquesta lluita.<\/strong><\/h6>\n<p><strong>Quan?<\/strong> Del 5 d\u2019abril al 12 d\u2019abril 2020<br \/><strong>On?<\/strong> A la Kurt Lowenstein House (Berl\u00edn)<br \/><strong>Per a qui?<\/strong> 4 places per Esplac.<br \/><strong>Cost?<\/strong> 70 euros per persona. El viatge en tren\/avi\u00f3 es cobreix fins a 275 euros per persona.<\/p>\n<p>Aquest any el seminari es centrar\u00e0 en la <strong>lluita pel reconeixement i l\u2019acceptaci\u00f3 social del g\u00e8nere i la diversitat sexual.<\/strong> Es compartiran \u00abbones pr\u00e0ctiques\u00bb de joves i d\u2019organitzacions d&#8217;Europa i d&#8217;arreu del m\u00f3n sobre aquest tema. S&#8217;analitzaran els motius subjacents de l\u2019odi, especialment l\u2019hostilitat envers les persones LGBTIQ i es desenvoluparan possibilitats de contrarestar aquestes situacions. Tamb\u00e9, es discutir\u00e0 sobre <strong>qu\u00e8 podem fer per crear una societat en la qual ning\u00fa hagi de tenir por per ser qui \u00e9s.<\/strong><\/p>\n<p>Si vols participar, entra a<span style=\"color: #f69d0b;\"><a style=\"color: #f69d0b;\" href=\"https:\/\/era.esplac.cat\/\" target=\"_blank\" rel=\"noopener noreferrer\"> l\u2019Era<\/a><\/span> i omple el formulari que trobar\u00e0s a l\u2019activitat \u201cQueer Easter 2020\u201d. Si tens problemes per entrar-hi, inscriu-te <span style=\"color: #ff9900;\"><a style=\"color: #ff9900;\" href=\"https:\/\/infoesplac.typeform.com\/to\/A64HZU\" target=\"_blank\" rel=\"noopener noreferrer\">en aquest formulari<\/a>.<\/span><\/p>\n<p>Si vols m\u00e9s informaci\u00f3 o tens dubtes, pots enviar un correu a <strong>internacional@esplac.cat<\/strong>.<\/p>\n<p>\u00a0<\/p>\n<p><em>Amb la col\u00b7laboraci\u00f3 de:<br \/><img decoding=\"async\" class=\"alignleft wp-image-34361 \" src=\"https:\/\/www.esplac.cat\/wp-content\/uploads\/2021\/01\/accioexterior_h3-1.jpg\" alt=\"\" width=\"260\" height=\"37\" srcset=\"https:\/\/www.esplac.cat\/wp-content\/uploads\/2021\/01\/accioexterior_h3-1-200x29.jpg 200w, https:\/\/www.esplac.cat\/wp-content\/uploads\/2021\/01\/accioexterior_h3-1-300x43.jpg 300w, https:\/\/www.esplac.cat\/wp-content\/uploads\/2021\/01\/accioexterior_h3-1-400x57.jpg 400w, https:\/\/www.esplac.cat\/wp-content\/uploads\/2021\/01\/accioexterior_h3-1-600x86.jpg 600w, https:\/\/www.esplac.cat\/wp-content\/uploads\/2021\/01\/accioexterior_h3-1.jpg 728w\" sizes=\"(max-width: 260px) 100vw, 260px\" \/><\/em><\/p>\n<\/div><div class=\"fusion-clearfix\"><\/div><\/div><\/div><\/div><\/div>\n","protected":false},"excerpt":{"rendered":"","protected":false},"author":3,"featured_media":30904,"comment_status":"closed","ping_status":"open","sticky":false,"template":"","format":"standard","meta":{"om_disable_all_campaigns":false,"_monsterinsights_skip_tracking":false,"_monsterinsights_sitenote_active":false,"_monsterinsights_sitenote_note":"","_monsterinsights_sitenote_category":0,"_uf_show_specific_survey":0,"_uf_disable_surveys":false,"footnotes":""},"categories":[1112],"tags":[555,1272,1273,219],"class_list":["post-30903","post","type-post","status-publish","format-standard","has-post-thumbnail","hentry","category-esplac-al-mon","tag-internacional","tag-lgbtiq","tag-queer","tag-queer-easter"],"yoast_head":"<!-- This site is optimized with the Yoast SEO plugin v27.5 - https:\/\/yoast.com\/product\/yoast-seo-wordpress\/ -->\n<title>Incripcions obertes per la Queer Easter 2020! &quot;We are here, we are queer!&quot; - Esplac<\/title>\n<meta name=\"robots\" content=\"index, follow, max-snippet:-1, max-image-preview:large, max-video-preview:-1\" \/>\n<link rel=\"canonical\" href=\"https:\/\/www.esplac.cat\/es\/inscripcions-obertes-queer-easter-2020\/\" \/>\n<meta property=\"og:locale\" content=\"es_ES\" \/>\n<meta property=\"og:type\" content=\"article\" \/>\n<meta property=\"og:title\" content=\"Incripcions obertes per la Queer Easter 2020! &quot;We are here, we are queer!&quot; - Esplac\" \/>\n<meta property=\"og:url\" content=\"https:\/\/www.esplac.cat\/es\/inscripcions-obertes-queer-easter-2020\/\" \/>\n<meta property=\"og:site_name\" content=\"Esplac\" \/>\n<meta property=\"article:published_time\" content=\"2020-03-02T12:00:12+00:00\" \/>\n<meta property=\"article:modified_time\" content=\"2021-01-19T08:43:14+00:00\" \/>\n<meta property=\"og:image\" content=\"https:\/\/www.esplac.cat\/wp-content\/uploads\/2020\/02\/portadaqueer.jpg\" \/>\n\t<meta property=\"og:image:width\" content=\"1694\" \/>\n\t<meta property=\"og:image:height\" content=\"700\" \/>\n\t<meta property=\"og:image:type\" content=\"image\/jpeg\" \/>\n<meta name=\"author\" content=\"Comunicaci\u00f3 Esplac\" \/>\n<meta name=\"twitter:card\" content=\"summary_large_image\" \/>\n<meta name=\"twitter:label1\" content=\"Escrito por\" \/>\n\t<meta name=\"twitter:data1\" content=\"Comunicaci\u00f3 Esplac\" \/>\n\t<meta name=\"twitter:label2\" content=\"Tiempo de lectura\" \/>\n\t<meta name=\"twitter:data2\" content=\"2 minutos\" \/>\n<script type=\"application\/ld+json\" class=\"yoast-schema-graph\">{\"@context\":\"https:\\\/\\\/schema.org\",\"@graph\":[{\"@type\":\"Article\",\"@id\":\"https:\\\/\\\/www.esplac.cat\\\/es\\\/inscripcions-obertes-queer-easter-2020\\\/#article\",\"isPartOf\":{\"@id\":\"https:\\\/\\\/www.esplac.cat\\\/es\\\/inscripcions-obertes-queer-easter-2020\\\/\"},\"author\":{\"name\":\"Comunicaci\u00f3 Esplac\",\"@id\":\"https:\\\/\\\/www.esplac.cat\\\/#\\\/schema\\\/person\\\/908383cf240be18b68f8855d0583faca\"},\"headline\":\"Incripcions obertes per la Queer Easter 2020! \u00abWe are here, we are queer!\u00bb\",\"datePublished\":\"2020-03-02T12:00:12+00:00\",\"dateModified\":\"2021-01-19T08:43:14+00:00\",\"mainEntityOfPage\":{\"@id\":\"https:\\\/\\\/www.esplac.cat\\\/es\\\/inscripcions-obertes-queer-easter-2020\\\/\"},\"wordCount\":375,\"publisher\":{\"@id\":\"https:\\\/\\\/www.esplac.cat\\\/#organization\"},\"image\":{\"@id\":\"https:\\\/\\\/www.esplac.cat\\\/es\\\/inscripcions-obertes-queer-easter-2020\\\/#primaryimage\"},\"thumbnailUrl\":\"https:\\\/\\\/www.esplac.cat\\\/wp-content\\\/uploads\\\/2020\\\/02\\\/portadaqueer.jpg\",\"keywords\":[\"internacional\",\"LGBTIQ\",\"Queer\",\"Queer Easter\"],\"articleSection\":[\"Esplac al m\u00f3n\"],\"inLanguage\":\"es\"},{\"@type\":\"WebPage\",\"@id\":\"https:\\\/\\\/www.esplac.cat\\\/es\\\/inscripcions-obertes-queer-easter-2020\\\/\",\"url\":\"https:\\\/\\\/www.esplac.cat\\\/es\\\/inscripcions-obertes-queer-easter-2020\\\/\",\"name\":\"Incripcions obertes per la Queer Easter 2020! \\\"We are here, we are queer!\\\" - Esplac\",\"isPartOf\":{\"@id\":\"https:\\\/\\\/www.esplac.cat\\\/#website\"},\"primaryImageOfPage\":{\"@id\":\"https:\\\/\\\/www.esplac.cat\\\/es\\\/inscripcions-obertes-queer-easter-2020\\\/#primaryimage\"},\"image\":{\"@id\":\"https:\\\/\\\/www.esplac.cat\\\/es\\\/inscripcions-obertes-queer-easter-2020\\\/#primaryimage\"},\"thumbnailUrl\":\"https:\\\/\\\/www.esplac.cat\\\/wp-content\\\/uploads\\\/2020\\\/02\\\/portadaqueer.jpg\",\"datePublished\":\"2020-03-02T12:00:12+00:00\",\"dateModified\":\"2021-01-19T08:43:14+00:00\",\"breadcrumb\":{\"@id\":\"https:\\\/\\\/www.esplac.cat\\\/es\\\/inscripcions-obertes-queer-easter-2020\\\/#breadcrumb\"},\"inLanguage\":\"es\",\"potentialAction\":[{\"@type\":\"ReadAction\",\"target\":[\"https:\\\/\\\/www.esplac.cat\\\/es\\\/inscripcions-obertes-queer-easter-2020\\\/\"]}]},{\"@type\":\"ImageObject\",\"inLanguage\":\"es\",\"@id\":\"https:\\\/\\\/www.esplac.cat\\\/es\\\/inscripcions-obertes-queer-easter-2020\\\/#primaryimage\",\"url\":\"https:\\\/\\\/www.esplac.cat\\\/wp-content\\\/uploads\\\/2020\\\/02\\\/portadaqueer.jpg\",\"contentUrl\":\"https:\\\/\\\/www.esplac.cat\\\/wp-content\\\/uploads\\\/2020\\\/02\\\/portadaqueer.jpg\",\"width\":1694,\"height\":700},{\"@type\":\"BreadcrumbList\",\"@id\":\"https:\\\/\\\/www.esplac.cat\\\/es\\\/inscripcions-obertes-queer-easter-2020\\\/#breadcrumb\",\"itemListElement\":[{\"@type\":\"ListItem\",\"position\":1,\"name\":\"Inici\",\"item\":\"https:\\\/\\\/www.esplac.cat\\\/es\\\/\"},{\"@type\":\"ListItem\",\"position\":2,\"name\":\"Incripcions obertes per la Queer Easter 2020! \u00abWe are here, we are queer!\u00bb\"}]},{\"@type\":\"WebSite\",\"@id\":\"https:\\\/\\\/www.esplac.cat\\\/#website\",\"url\":\"https:\\\/\\\/www.esplac.cat\\\/\",\"name\":\"Esplac\",\"description\":\"Esplais Catalans\",\"publisher\":{\"@id\":\"https:\\\/\\\/www.esplac.cat\\\/#organization\"},\"potentialAction\":[{\"@type\":\"SearchAction\",\"target\":{\"@type\":\"EntryPoint\",\"urlTemplate\":\"https:\\\/\\\/www.esplac.cat\\\/?s={search_term_string}\"},\"query-input\":{\"@type\":\"PropertyValueSpecification\",\"valueRequired\":true,\"valueName\":\"search_term_string\"}}],\"inLanguage\":\"es\"},{\"@type\":\"Organization\",\"@id\":\"https:\\\/\\\/www.esplac.cat\\\/#organization\",\"name\":\"Esplac\",\"url\":\"https:\\\/\\\/www.esplac.cat\\\/\",\"logo\":{\"@type\":\"ImageObject\",\"inLanguage\":\"es\",\"@id\":\"https:\\\/\\\/www.esplac.cat\\\/#\\\/schema\\\/logo\\\/image\\\/\",\"url\":\"https:\\\/\\\/www.esplac.cat\\\/wp-content\\\/uploads\\\/2019\\\/08\\\/logox2.png\",\"contentUrl\":\"https:\\\/\\\/www.esplac.cat\\\/wp-content\\\/uploads\\\/2019\\\/08\\\/logox2.png\",\"width\":600,\"height\":295,\"caption\":\"Esplac\"},\"image\":{\"@id\":\"https:\\\/\\\/www.esplac.cat\\\/#\\\/schema\\\/logo\\\/image\\\/\"}},{\"@type\":\"Person\",\"@id\":\"https:\\\/\\\/www.esplac.cat\\\/#\\\/schema\\\/person\\\/908383cf240be18b68f8855d0583faca\",\"name\":\"Comunicaci\u00f3 Esplac\",\"image\":{\"@type\":\"ImageObject\",\"inLanguage\":\"es\",\"@id\":\"https:\\\/\\\/secure.gravatar.com\\\/avatar\\\/7a4cf8feb412a76ea4a740ca02d95b06b2907b5a6c648c2dd0a1082a093c3141?s=96&d=mm&r=g\",\"url\":\"https:\\\/\\\/secure.gravatar.com\\\/avatar\\\/7a4cf8feb412a76ea4a740ca02d95b06b2907b5a6c648c2dd0a1082a093c3141?s=96&d=mm&r=g\",\"contentUrl\":\"https:\\\/\\\/secure.gravatar.com\\\/avatar\\\/7a4cf8feb412a76ea4a740ca02d95b06b2907b5a6c648c2dd0a1082a093c3141?s=96&d=mm&r=g\",\"caption\":\"Comunicaci\u00f3 Esplac\"}}]}<\/script>\n<!-- \/ Yoast SEO plugin. -->","yoast_head_json":{"title":"Incripcions obertes per la Queer Easter 2020! \"We are here, we are queer!\" - Esplac","robots":{"index":"index","follow":"follow","max-snippet":"max-snippet:-1","max-image-preview":"max-image-preview:large","max-video-preview":"max-video-preview:-1"},"canonical":"https:\/\/www.esplac.cat\/es\/inscripcions-obertes-queer-easter-2020\/","og_locale":"es_ES","og_type":"article","og_title":"Incripcions obertes per la Queer Easter 2020! \"We are here, we are queer!\" - Esplac","og_url":"https:\/\/www.esplac.cat\/es\/inscripcions-obertes-queer-easter-2020\/","og_site_name":"Esplac","article_published_time":"2020-03-02T12:00:12+00:00","article_modified_time":"2021-01-19T08:43:14+00:00","og_image":[{"width":1694,"height":700,"url":"https:\/\/www.esplac.cat\/wp-content\/uploads\/2020\/02\/portadaqueer.jpg","type":"image\/jpeg"}],"author":"Comunicaci\u00f3 Esplac","twitter_card":"summary_large_image","twitter_misc":{"Escrito por":"Comunicaci\u00f3 Esplac","Tiempo de lectura":"2 minutos"},"schema":{"@context":"https:\/\/schema.org","@graph":[{"@type":"Article","@id":"https:\/\/www.esplac.cat\/es\/inscripcions-obertes-queer-easter-2020\/#article","isPartOf":{"@id":"https:\/\/www.esplac.cat\/es\/inscripcions-obertes-queer-easter-2020\/"},"author":{"name":"Comunicaci\u00f3 Esplac","@id":"https:\/\/www.esplac.cat\/#\/schema\/person\/908383cf240be18b68f8855d0583faca"},"headline":"Incripcions obertes per la Queer Easter 2020! \u00abWe are here, we are queer!\u00bb","datePublished":"2020-03-02T12:00:12+00:00","dateModified":"2021-01-19T08:43:14+00:00","mainEntityOfPage":{"@id":"https:\/\/www.esplac.cat\/es\/inscripcions-obertes-queer-easter-2020\/"},"wordCount":375,"publisher":{"@id":"https:\/\/www.esplac.cat\/#organization"},"image":{"@id":"https:\/\/www.esplac.cat\/es\/inscripcions-obertes-queer-easter-2020\/#primaryimage"},"thumbnailUrl":"https:\/\/www.esplac.cat\/wp-content\/uploads\/2020\/02\/portadaqueer.jpg","keywords":["internacional","LGBTIQ","Queer","Queer Easter"],"articleSection":["Esplac al m\u00f3n"],"inLanguage":"es"},{"@type":"WebPage","@id":"https:\/\/www.esplac.cat\/es\/inscripcions-obertes-queer-easter-2020\/","url":"https:\/\/www.esplac.cat\/es\/inscripcions-obertes-queer-easter-2020\/","name":"Incripcions obertes per la Queer Easter 2020! \"We are here, we are queer!\" - Esplac","isPartOf":{"@id":"https:\/\/www.esplac.cat\/#website"},"primaryImageOfPage":{"@id":"https:\/\/www.esplac.cat\/es\/inscripcions-obertes-queer-easter-2020\/#primaryimage"},"image":{"@id":"https:\/\/www.esplac.cat\/es\/inscripcions-obertes-queer-easter-2020\/#primaryimage"},"thumbnailUrl":"https:\/\/www.esplac.cat\/wp-content\/uploads\/2020\/02\/portadaqueer.jpg","datePublished":"2020-03-02T12:00:12+00:00","dateModified":"2021-01-19T08:43:14+00:00","breadcrumb":{"@id":"https:\/\/www.esplac.cat\/es\/inscripcions-obertes-queer-easter-2020\/#breadcrumb"},"inLanguage":"es","potentialAction":[{"@type":"ReadAction","target":["https:\/\/www.esplac.cat\/es\/inscripcions-obertes-queer-easter-2020\/"]}]},{"@type":"ImageObject","inLanguage":"es","@id":"https:\/\/www.esplac.cat\/es\/inscripcions-obertes-queer-easter-2020\/#primaryimage","url":"https:\/\/www.esplac.cat\/wp-content\/uploads\/2020\/02\/portadaqueer.jpg","contentUrl":"https:\/\/www.esplac.cat\/wp-content\/uploads\/2020\/02\/portadaqueer.jpg","width":1694,"height":700},{"@type":"BreadcrumbList","@id":"https:\/\/www.esplac.cat\/es\/inscripcions-obertes-queer-easter-2020\/#breadcrumb","itemListElement":[{"@type":"ListItem","position":1,"name":"Inici","item":"https:\/\/www.esplac.cat\/es\/"},{"@type":"ListItem","position":2,"name":"Incripcions obertes per la Queer Easter 2020! \u00abWe are here, we are queer!\u00bb"}]},{"@type":"WebSite","@id":"https:\/\/www.esplac.cat\/#website","url":"https:\/\/www.esplac.cat\/","name":"Esplac","description":"Esplais Catalans","publisher":{"@id":"https:\/\/www.esplac.cat\/#organization"},"potentialAction":[{"@type":"SearchAction","target":{"@type":"EntryPoint","urlTemplate":"https:\/\/www.esplac.cat\/?s={search_term_string}"},"query-input":{"@type":"PropertyValueSpecification","valueRequired":true,"valueName":"search_term_string"}}],"inLanguage":"es"},{"@type":"Organization","@id":"https:\/\/www.esplac.cat\/#organization","name":"Esplac","url":"https:\/\/www.esplac.cat\/","logo":{"@type":"ImageObject","inLanguage":"es","@id":"https:\/\/www.esplac.cat\/#\/schema\/logo\/image\/","url":"https:\/\/www.esplac.cat\/wp-content\/uploads\/2019\/08\/logox2.png","contentUrl":"https:\/\/www.esplac.cat\/wp-content\/uploads\/2019\/08\/logox2.png","width":600,"height":295,"caption":"Esplac"},"image":{"@id":"https:\/\/www.esplac.cat\/#\/schema\/logo\/image\/"}},{"@type":"Person","@id":"https:\/\/www.esplac.cat\/#\/schema\/person\/908383cf240be18b68f8855d0583faca","name":"Comunicaci\u00f3 Esplac","image":{"@type":"ImageObject","inLanguage":"es","@id":"https:\/\/secure.gravatar.com\/avatar\/7a4cf8feb412a76ea4a740ca02d95b06b2907b5a6c648c2dd0a1082a093c3141?s=96&d=mm&r=g","url":"https:\/\/secure.gravatar.com\/avatar\/7a4cf8feb412a76ea4a740ca02d95b06b2907b5a6c648c2dd0a1082a093c3141?s=96&d=mm&r=g","contentUrl":"https:\/\/secure.gravatar.com\/avatar\/7a4cf8feb412a76ea4a740ca02d95b06b2907b5a6c648c2dd0a1082a093c3141?s=96&d=mm&r=g","caption":"Comunicaci\u00f3 Esplac"}}]}},"_links":{"self":[{"href":"https:\/\/www.esplac.cat\/es\/wp-json\/wp\/v2\/posts\/30903","targetHints":{"allow":["GET"]}}],"collection":[{"href":"https:\/\/www.esplac.cat\/es\/wp-json\/wp\/v2\/posts"}],"about":[{"href":"https:\/\/www.esplac.cat\/es\/wp-json\/wp\/v2\/types\/post"}],"author":[{"embeddable":true,"href":"https:\/\/www.esplac.cat\/es\/wp-json\/wp\/v2\/users\/3"}],"replies":[{"embeddable":true,"href":"https:\/\/www.esplac.cat\/es\/wp-json\/wp\/v2\/comments?post=30903"}],"version-history":[{"count":0,"href":"https:\/\/www.esplac.cat\/es\/wp-json\/wp\/v2\/posts\/30903\/revisions"}],"wp:featuredmedia":[{"embeddable":true,"href":"https:\/\/www.esplac.cat\/es\/wp-json\/wp\/v2\/media\/30904"}],"wp:attachment":[{"href":"https:\/\/www.esplac.cat\/es\/wp-json\/wp\/v2\/media?parent=30903"}],"wp:term":[{"taxonomy":"category","embeddable":true,"href":"https:\/\/www.esplac.cat\/es\/wp-json\/wp\/v2\/categories?post=30903"},{"taxonomy":"post_tag","embeddable":true,"href":"https:\/\/www.esplac.cat\/es\/wp-json\/wp\/v2\/tags?post=30903"}],"curies":[{"name":"wp","href":"https:\/\/api.w.org\/{rel}","templated":true}]}}