{"id":30910,"date":"2020-02-13T11:44:36","date_gmt":"2020-02-13T10:44:36","guid":{"rendered":"https:\/\/www.esplac.cat\/?p=30910"},"modified":"2020-10-15T17:23:01","modified_gmt":"2020-10-15T16:23:01","slug":"tarda-grup-joves-alemanya-primavera","status":"publish","type":"post","link":"https:\/\/www.esplac.cat\/es\/tarda-grup-joves-alemanya-primavera\/","title":{"rendered":"Passeu una tarda amb un grup de joves d&#8217;Alemanya aquesta primavera!"},"content":{"rendered":"<h6><strong>Del 8 al 17 d&#8217;abril, un grup de 15 joves d&#8217;Alemanya <\/strong><strong>(d&#8217;entre 17 i 20 anys) <\/strong><strong>de l&#8217;entitat Die Falken Berlin, estar\u00e0 per Barcelona realitzant un projecte internacional.<\/strong><\/h6>\n<p>Quan el grup de joves de l&#8217;entitat Die Falken de Berlin va decidir venir a Barcelona per vacances de primavera (Setmana Santa) van contactar amb Esplac molt motivades per realitzar alguna activitat o trobada amb un esplai. La seva idea \u00e9s fer una <strong>activitat l\u00fadica a l&#8217;aire lliure<\/strong> <strong>una tarda<\/strong>, <strong>visitar el local d&#8217;algun Esplai i xerrar<\/strong>, <strong>compartir experi\u00e8ncies de diferents realitats socials i pol\u00edtiques<\/strong>, c<strong>on\u00e8ixer Barcelona i voltants<\/strong>, etc. El grup estar\u00e0 allotjat al centre de Barcelona i volen a trobar un moment del dia 10, 11 o 12 d&#8217;abril per poder trobar-se amb un grup de joves d&#8217;algun esplai.<\/p>\n<p>Voleu tenir l&#8217;oportunitat d&#8217;acollir aquest grup de joves i organitzar alguna activitat conjunta? Les experi\u00e8ncies internacionals ens donen la possibilitat de con\u00e8ixer a altres joves, tenir nous contactes per fer activitats internacionals en un futur, passar una estona diferent, aprendre coses noves i <strong>ampliar la mirada intercultural i internacionalista<\/strong>!<\/p>\n<p>A m\u00e9s a m\u00e9s, \u00e9s una activitat internacional senzilla i sense cost que us pot obrir nous camins i horitzons!<\/p>\n<p>Si voleu trobar-vos amb aquest grup internacional, no dubteu en contactar amb<strong> internacional@esplac.cat<\/strong><\/p>\n<p>&nbsp;<\/p>\n<p><img decoding=\"async\" class=\"aligncenter  wp-image-30940\" src=\"https:\/\/www.esplac.cat\/wp-content\/uploads\/2020\/02\/IMG_20200213_130756_105.jpg\" alt=\"\" width=\"736\" height=\"552\" srcset=\"https:\/\/www.esplac.cat\/wp-content\/uploads\/2020\/02\/IMG_20200213_130756_105-200x150.jpg 200w, https:\/\/www.esplac.cat\/wp-content\/uploads\/2020\/02\/IMG_20200213_130756_105-300x225.jpg 300w, https:\/\/www.esplac.cat\/wp-content\/uploads\/2020\/02\/IMG_20200213_130756_105-400x300.jpg 400w, https:\/\/www.esplac.cat\/wp-content\/uploads\/2020\/02\/IMG_20200213_130756_105-600x450.jpg 600w, https:\/\/www.esplac.cat\/wp-content\/uploads\/2020\/02\/IMG_20200213_130756_105-768x576.jpg 768w, https:\/\/www.esplac.cat\/wp-content\/uploads\/2020\/02\/IMG_20200213_130756_105-800x600.jpg 800w, https:\/\/www.esplac.cat\/wp-content\/uploads\/2020\/02\/IMG_20200213_130756_105-1024x768.jpg 1024w, https:\/\/www.esplac.cat\/wp-content\/uploads\/2020\/02\/IMG_20200213_130756_105-1200x900.jpg 1200w, https:\/\/www.esplac.cat\/wp-content\/uploads\/2020\/02\/IMG_20200213_130756_105.jpg 1280w\" sizes=\"(max-width: 736px) 100vw, 736px\" \/><\/p>\n<p><img decoding=\"async\" class=\"aligncenter  wp-image-30943\" src=\"https:\/\/www.esplac.cat\/wp-content\/uploads\/2020\/02\/IMG_20200213_131122_069.jpg\" alt=\"\" width=\"732\" height=\"549\" srcset=\"https:\/\/www.esplac.cat\/wp-content\/uploads\/2020\/02\/IMG_20200213_131122_069-200x150.jpg 200w, https:\/\/www.esplac.cat\/wp-content\/uploads\/2020\/02\/IMG_20200213_131122_069-300x225.jpg 300w, https:\/\/www.esplac.cat\/wp-content\/uploads\/2020\/02\/IMG_20200213_131122_069-400x300.jpg 400w, https:\/\/www.esplac.cat\/wp-content\/uploads\/2020\/02\/IMG_20200213_131122_069-600x450.jpg 600w, https:\/\/www.esplac.cat\/wp-content\/uploads\/2020\/02\/IMG_20200213_131122_069-768x576.jpg 768w, https:\/\/www.esplac.cat\/wp-content\/uploads\/2020\/02\/IMG_20200213_131122_069-800x600.jpg 800w, https:\/\/www.esplac.cat\/wp-content\/uploads\/2020\/02\/IMG_20200213_131122_069-1024x768.jpg 1024w, https:\/\/www.esplac.cat\/wp-content\/uploads\/2020\/02\/IMG_20200213_131122_069-1200x900.jpg 1200w, https:\/\/www.esplac.cat\/wp-content\/uploads\/2020\/02\/IMG_20200213_131122_069.jpg 1280w\" sizes=\"(max-width: 732px) 100vw, 732px\" \/><\/p>\n","protected":false},"excerpt":{"rendered":"<p>Del 8 al 17 d&#8217;abril, un grup de 15 joves [&hellip;]<\/p>\n","protected":false},"author":3,"featured_media":30911,"comment_status":"closed","ping_status":"open","sticky":false,"template":"","format":"standard","meta":{"om_disable_all_campaigns":false,"_monsterinsights_skip_tracking":false,"_monsterinsights_sitenote_active":false,"_monsterinsights_sitenote_note":"","_monsterinsights_sitenote_category":0,"_uf_show_specific_survey":0,"_uf_disable_surveys":false,"footnotes":""},"categories":[1112],"tags":[271,554,555],"class_list":["post-30910","post","type-post","status-publish","format-standard","has-post-thumbnail","hentry","category-esplac-al-mon","tag-alemanya","tag-die-falken","tag-internacional"],"yoast_head":"<!-- This site is optimized with the Yoast SEO plugin v27.5 - https:\/\/yoast.com\/product\/yoast-seo-wordpress\/ -->\n<title>Passeu una tarda amb un grup de joves d&#039;Alemanya aquesta primavera! - Esplac<\/title>\n<meta name=\"robots\" content=\"index, follow, max-snippet:-1, max-image-preview:large, max-video-preview:-1\" \/>\n<link rel=\"canonical\" href=\"https:\/\/www.esplac.cat\/tarda-grup-joves-alemanya-primavera\/\" \/>\n<meta property=\"og:locale\" content=\"es_ES\" \/>\n<meta property=\"og:type\" content=\"article\" \/>\n<meta property=\"og:title\" content=\"Passeu una tarda amb un grup de joves d&#039;Alemanya aquesta primavera! - Esplac\" \/>\n<meta property=\"og:description\" content=\"Del 8 al 17 d&#8217;abril, un grup de 15 joves [&hellip;]\" \/>\n<meta property=\"og:url\" content=\"https:\/\/www.esplac.cat\/tarda-grup-joves-alemanya-primavera\/\" \/>\n<meta property=\"og:site_name\" content=\"Esplac\" \/>\n<meta property=\"article:published_time\" content=\"2020-02-13T10:44:36+00:00\" \/>\n<meta property=\"article:modified_time\" content=\"2020-10-15T16:23:01+00:00\" \/>\n<meta property=\"og:image\" content=\"https:\/\/www.esplac.cat\/wp-content\/uploads\/2020\/02\/Untitled-1-1.jpg\" \/>\n\t<meta property=\"og:image:width\" content=\"1694\" \/>\n\t<meta property=\"og:image:height\" content=\"700\" \/>\n\t<meta property=\"og:image:type\" content=\"image\/jpeg\" \/>\n<meta name=\"author\" content=\"Comunicaci\u00f3 Esplac\" \/>\n<meta name=\"twitter:card\" content=\"summary_large_image\" \/>\n<meta name=\"twitter:label1\" content=\"Escrito por\" \/>\n\t<meta name=\"twitter:data1\" content=\"Comunicaci\u00f3 Esplac\" \/>\n\t<meta name=\"twitter:label2\" content=\"Tiempo de lectura\" \/>\n\t<meta name=\"twitter:data2\" content=\"1 minuto\" \/>\n<script type=\"application\/ld+json\" class=\"yoast-schema-graph\">{\"@context\":\"https:\\\/\\\/schema.org\",\"@graph\":[{\"@type\":\"Article\",\"@id\":\"https:\\\/\\\/www.esplac.cat\\\/tarda-grup-joves-alemanya-primavera\\\/#article\",\"isPartOf\":{\"@id\":\"https:\\\/\\\/www.esplac.cat\\\/tarda-grup-joves-alemanya-primavera\\\/\"},\"author\":{\"name\":\"Comunicaci\u00f3 Esplac\",\"@id\":\"https:\\\/\\\/www.esplac.cat\\\/#\\\/schema\\\/person\\\/908383cf240be18b68f8855d0583faca\"},\"headline\":\"Passeu una tarda amb un grup de joves d&#8217;Alemanya aquesta primavera!\",\"datePublished\":\"2020-02-13T10:44:36+00:00\",\"dateModified\":\"2020-10-15T16:23:01+00:00\",\"mainEntityOfPage\":{\"@id\":\"https:\\\/\\\/www.esplac.cat\\\/tarda-grup-joves-alemanya-primavera\\\/\"},\"wordCount\":237,\"publisher\":{\"@id\":\"https:\\\/\\\/www.esplac.cat\\\/#organization\"},\"image\":{\"@id\":\"https:\\\/\\\/www.esplac.cat\\\/tarda-grup-joves-alemanya-primavera\\\/#primaryimage\"},\"thumbnailUrl\":\"https:\\\/\\\/www.esplac.cat\\\/wp-content\\\/uploads\\\/2020\\\/02\\\/Untitled-1-1.jpg\",\"keywords\":[\"alemanya\",\"Die Falken\",\"internacional\"],\"articleSection\":[\"Esplac al m\u00f3n\"],\"inLanguage\":\"es\"},{\"@type\":\"WebPage\",\"@id\":\"https:\\\/\\\/www.esplac.cat\\\/tarda-grup-joves-alemanya-primavera\\\/\",\"url\":\"https:\\\/\\\/www.esplac.cat\\\/tarda-grup-joves-alemanya-primavera\\\/\",\"name\":\"Passeu una tarda amb un grup de joves d'Alemanya aquesta primavera! - Esplac\",\"isPartOf\":{\"@id\":\"https:\\\/\\\/www.esplac.cat\\\/#website\"},\"primaryImageOfPage\":{\"@id\":\"https:\\\/\\\/www.esplac.cat\\\/tarda-grup-joves-alemanya-primavera\\\/#primaryimage\"},\"image\":{\"@id\":\"https:\\\/\\\/www.esplac.cat\\\/tarda-grup-joves-alemanya-primavera\\\/#primaryimage\"},\"thumbnailUrl\":\"https:\\\/\\\/www.esplac.cat\\\/wp-content\\\/uploads\\\/2020\\\/02\\\/Untitled-1-1.jpg\",\"datePublished\":\"2020-02-13T10:44:36+00:00\",\"dateModified\":\"2020-10-15T16:23:01+00:00\",\"breadcrumb\":{\"@id\":\"https:\\\/\\\/www.esplac.cat\\\/tarda-grup-joves-alemanya-primavera\\\/#breadcrumb\"},\"inLanguage\":\"es\",\"potentialAction\":[{\"@type\":\"ReadAction\",\"target\":[\"https:\\\/\\\/www.esplac.cat\\\/tarda-grup-joves-alemanya-primavera\\\/\"]}]},{\"@type\":\"ImageObject\",\"inLanguage\":\"es\",\"@id\":\"https:\\\/\\\/www.esplac.cat\\\/tarda-grup-joves-alemanya-primavera\\\/#primaryimage\",\"url\":\"https:\\\/\\\/www.esplac.cat\\\/wp-content\\\/uploads\\\/2020\\\/02\\\/Untitled-1-1.jpg\",\"contentUrl\":\"https:\\\/\\\/www.esplac.cat\\\/wp-content\\\/uploads\\\/2020\\\/02\\\/Untitled-1-1.jpg\",\"width\":1694,\"height\":700},{\"@type\":\"BreadcrumbList\",\"@id\":\"https:\\\/\\\/www.esplac.cat\\\/tarda-grup-joves-alemanya-primavera\\\/#breadcrumb\",\"itemListElement\":[{\"@type\":\"ListItem\",\"position\":1,\"name\":\"Inici\",\"item\":\"https:\\\/\\\/www.esplac.cat\\\/es\\\/\"},{\"@type\":\"ListItem\",\"position\":2,\"name\":\"Passeu una tarda amb un grup de joves d&#8217;Alemanya aquesta primavera!\"}]},{\"@type\":\"WebSite\",\"@id\":\"https:\\\/\\\/www.esplac.cat\\\/#website\",\"url\":\"https:\\\/\\\/www.esplac.cat\\\/\",\"name\":\"Esplac\",\"description\":\"Esplais Catalans\",\"publisher\":{\"@id\":\"https:\\\/\\\/www.esplac.cat\\\/#organization\"},\"potentialAction\":[{\"@type\":\"SearchAction\",\"target\":{\"@type\":\"EntryPoint\",\"urlTemplate\":\"https:\\\/\\\/www.esplac.cat\\\/?s={search_term_string}\"},\"query-input\":{\"@type\":\"PropertyValueSpecification\",\"valueRequired\":true,\"valueName\":\"search_term_string\"}}],\"inLanguage\":\"es\"},{\"@type\":\"Organization\",\"@id\":\"https:\\\/\\\/www.esplac.cat\\\/#organization\",\"name\":\"Esplac\",\"url\":\"https:\\\/\\\/www.esplac.cat\\\/\",\"logo\":{\"@type\":\"ImageObject\",\"inLanguage\":\"es\",\"@id\":\"https:\\\/\\\/www.esplac.cat\\\/#\\\/schema\\\/logo\\\/image\\\/\",\"url\":\"https:\\\/\\\/www.esplac.cat\\\/wp-content\\\/uploads\\\/2019\\\/08\\\/logox2.png\",\"contentUrl\":\"https:\\\/\\\/www.esplac.cat\\\/wp-content\\\/uploads\\\/2019\\\/08\\\/logox2.png\",\"width\":600,\"height\":295,\"caption\":\"Esplac\"},\"image\":{\"@id\":\"https:\\\/\\\/www.esplac.cat\\\/#\\\/schema\\\/logo\\\/image\\\/\"}},{\"@type\":\"Person\",\"@id\":\"https:\\\/\\\/www.esplac.cat\\\/#\\\/schema\\\/person\\\/908383cf240be18b68f8855d0583faca\",\"name\":\"Comunicaci\u00f3 Esplac\",\"image\":{\"@type\":\"ImageObject\",\"inLanguage\":\"es\",\"@id\":\"https:\\\/\\\/secure.gravatar.com\\\/avatar\\\/7a4cf8feb412a76ea4a740ca02d95b06b2907b5a6c648c2dd0a1082a093c3141?s=96&d=mm&r=g\",\"url\":\"https:\\\/\\\/secure.gravatar.com\\\/avatar\\\/7a4cf8feb412a76ea4a740ca02d95b06b2907b5a6c648c2dd0a1082a093c3141?s=96&d=mm&r=g\",\"contentUrl\":\"https:\\\/\\\/secure.gravatar.com\\\/avatar\\\/7a4cf8feb412a76ea4a740ca02d95b06b2907b5a6c648c2dd0a1082a093c3141?s=96&d=mm&r=g\",\"caption\":\"Comunicaci\u00f3 Esplac\"}}]}<\/script>\n<!-- \/ Yoast SEO plugin. -->","yoast_head_json":{"title":"Passeu una tarda amb un grup de joves d'Alemanya aquesta primavera! - Esplac","robots":{"index":"index","follow":"follow","max-snippet":"max-snippet:-1","max-image-preview":"max-image-preview:large","max-video-preview":"max-video-preview:-1"},"canonical":"https:\/\/www.esplac.cat\/tarda-grup-joves-alemanya-primavera\/","og_locale":"es_ES","og_type":"article","og_title":"Passeu una tarda amb un grup de joves d'Alemanya aquesta primavera! - Esplac","og_description":"Del 8 al 17 d&#8217;abril, un grup de 15 joves [&hellip;]","og_url":"https:\/\/www.esplac.cat\/tarda-grup-joves-alemanya-primavera\/","og_site_name":"Esplac","article_published_time":"2020-02-13T10:44:36+00:00","article_modified_time":"2020-10-15T16:23:01+00:00","og_image":[{"width":1694,"height":700,"url":"https:\/\/www.esplac.cat\/wp-content\/uploads\/2020\/02\/Untitled-1-1.jpg","type":"image\/jpeg"}],"author":"Comunicaci\u00f3 Esplac","twitter_card":"summary_large_image","twitter_misc":{"Escrito por":"Comunicaci\u00f3 Esplac","Tiempo de lectura":"1 minuto"},"schema":{"@context":"https:\/\/schema.org","@graph":[{"@type":"Article","@id":"https:\/\/www.esplac.cat\/tarda-grup-joves-alemanya-primavera\/#article","isPartOf":{"@id":"https:\/\/www.esplac.cat\/tarda-grup-joves-alemanya-primavera\/"},"author":{"name":"Comunicaci\u00f3 Esplac","@id":"https:\/\/www.esplac.cat\/#\/schema\/person\/908383cf240be18b68f8855d0583faca"},"headline":"Passeu una tarda amb un grup de joves d&#8217;Alemanya aquesta primavera!","datePublished":"2020-02-13T10:44:36+00:00","dateModified":"2020-10-15T16:23:01+00:00","mainEntityOfPage":{"@id":"https:\/\/www.esplac.cat\/tarda-grup-joves-alemanya-primavera\/"},"wordCount":237,"publisher":{"@id":"https:\/\/www.esplac.cat\/#organization"},"image":{"@id":"https:\/\/www.esplac.cat\/tarda-grup-joves-alemanya-primavera\/#primaryimage"},"thumbnailUrl":"https:\/\/www.esplac.cat\/wp-content\/uploads\/2020\/02\/Untitled-1-1.jpg","keywords":["alemanya","Die Falken","internacional"],"articleSection":["Esplac al m\u00f3n"],"inLanguage":"es"},{"@type":"WebPage","@id":"https:\/\/www.esplac.cat\/tarda-grup-joves-alemanya-primavera\/","url":"https:\/\/www.esplac.cat\/tarda-grup-joves-alemanya-primavera\/","name":"Passeu una tarda amb un grup de joves d'Alemanya aquesta primavera! - Esplac","isPartOf":{"@id":"https:\/\/www.esplac.cat\/#website"},"primaryImageOfPage":{"@id":"https:\/\/www.esplac.cat\/tarda-grup-joves-alemanya-primavera\/#primaryimage"},"image":{"@id":"https:\/\/www.esplac.cat\/tarda-grup-joves-alemanya-primavera\/#primaryimage"},"thumbnailUrl":"https:\/\/www.esplac.cat\/wp-content\/uploads\/2020\/02\/Untitled-1-1.jpg","datePublished":"2020-02-13T10:44:36+00:00","dateModified":"2020-10-15T16:23:01+00:00","breadcrumb":{"@id":"https:\/\/www.esplac.cat\/tarda-grup-joves-alemanya-primavera\/#breadcrumb"},"inLanguage":"es","potentialAction":[{"@type":"ReadAction","target":["https:\/\/www.esplac.cat\/tarda-grup-joves-alemanya-primavera\/"]}]},{"@type":"ImageObject","inLanguage":"es","@id":"https:\/\/www.esplac.cat\/tarda-grup-joves-alemanya-primavera\/#primaryimage","url":"https:\/\/www.esplac.cat\/wp-content\/uploads\/2020\/02\/Untitled-1-1.jpg","contentUrl":"https:\/\/www.esplac.cat\/wp-content\/uploads\/2020\/02\/Untitled-1-1.jpg","width":1694,"height":700},{"@type":"BreadcrumbList","@id":"https:\/\/www.esplac.cat\/tarda-grup-joves-alemanya-primavera\/#breadcrumb","itemListElement":[{"@type":"ListItem","position":1,"name":"Inici","item":"https:\/\/www.esplac.cat\/es\/"},{"@type":"ListItem","position":2,"name":"Passeu una tarda amb un grup de joves d&#8217;Alemanya aquesta primavera!"}]},{"@type":"WebSite","@id":"https:\/\/www.esplac.cat\/#website","url":"https:\/\/www.esplac.cat\/","name":"Esplac","description":"Esplais Catalans","publisher":{"@id":"https:\/\/www.esplac.cat\/#organization"},"potentialAction":[{"@type":"SearchAction","target":{"@type":"EntryPoint","urlTemplate":"https:\/\/www.esplac.cat\/?s={search_term_string}"},"query-input":{"@type":"PropertyValueSpecification","valueRequired":true,"valueName":"search_term_string"}}],"inLanguage":"es"},{"@type":"Organization","@id":"https:\/\/www.esplac.cat\/#organization","name":"Esplac","url":"https:\/\/www.esplac.cat\/","logo":{"@type":"ImageObject","inLanguage":"es","@id":"https:\/\/www.esplac.cat\/#\/schema\/logo\/image\/","url":"https:\/\/www.esplac.cat\/wp-content\/uploads\/2019\/08\/logox2.png","contentUrl":"https:\/\/www.esplac.cat\/wp-content\/uploads\/2019\/08\/logox2.png","width":600,"height":295,"caption":"Esplac"},"image":{"@id":"https:\/\/www.esplac.cat\/#\/schema\/logo\/image\/"}},{"@type":"Person","@id":"https:\/\/www.esplac.cat\/#\/schema\/person\/908383cf240be18b68f8855d0583faca","name":"Comunicaci\u00f3 Esplac","image":{"@type":"ImageObject","inLanguage":"es","@id":"https:\/\/secure.gravatar.com\/avatar\/7a4cf8feb412a76ea4a740ca02d95b06b2907b5a6c648c2dd0a1082a093c3141?s=96&d=mm&r=g","url":"https:\/\/secure.gravatar.com\/avatar\/7a4cf8feb412a76ea4a740ca02d95b06b2907b5a6c648c2dd0a1082a093c3141?s=96&d=mm&r=g","contentUrl":"https:\/\/secure.gravatar.com\/avatar\/7a4cf8feb412a76ea4a740ca02d95b06b2907b5a6c648c2dd0a1082a093c3141?s=96&d=mm&r=g","caption":"Comunicaci\u00f3 Esplac"}}]}},"_links":{"self":[{"href":"https:\/\/www.esplac.cat\/es\/wp-json\/wp\/v2\/posts\/30910","targetHints":{"allow":["GET"]}}],"collection":[{"href":"https:\/\/www.esplac.cat\/es\/wp-json\/wp\/v2\/posts"}],"about":[{"href":"https:\/\/www.esplac.cat\/es\/wp-json\/wp\/v2\/types\/post"}],"author":[{"embeddable":true,"href":"https:\/\/www.esplac.cat\/es\/wp-json\/wp\/v2\/users\/3"}],"replies":[{"embeddable":true,"href":"https:\/\/www.esplac.cat\/es\/wp-json\/wp\/v2\/comments?post=30910"}],"version-history":[{"count":0,"href":"https:\/\/www.esplac.cat\/es\/wp-json\/wp\/v2\/posts\/30910\/revisions"}],"wp:featuredmedia":[{"embeddable":true,"href":"https:\/\/www.esplac.cat\/es\/wp-json\/wp\/v2\/media\/30911"}],"wp:attachment":[{"href":"https:\/\/www.esplac.cat\/es\/wp-json\/wp\/v2\/media?parent=30910"}],"wp:term":[{"taxonomy":"category","embeddable":true,"href":"https:\/\/www.esplac.cat\/es\/wp-json\/wp\/v2\/categories?post=30910"},{"taxonomy":"post_tag","embeddable":true,"href":"https:\/\/www.esplac.cat\/es\/wp-json\/wp\/v2\/tags?post=30910"}],"curies":[{"name":"wp","href":"https:\/\/api.w.org\/{rel}","templated":true}]}}