{"id":31098,"date":"2019-11-15T12:53:00","date_gmt":"2019-11-15T11:53:00","guid":{"rendered":"https:\/\/www.esplac.cat\/?p=31098"},"modified":"2020-10-15T17:23:09","modified_gmt":"2020-10-15T16:23:09","slug":"esplais-catalans-sadhereix-al-manifest-de-lorganitzacio-de-dones-kurdes-kongra-star-contra-la-invasio-turca-de-siria","status":"publish","type":"post","link":"https:\/\/www.esplac.cat\/es\/esplais-catalans-sadhereix-al-manifest-de-lorganitzacio-de-dones-kurdes-kongra-star-contra-la-invasio-turca-de-siria\/","title":{"rendered":"Esplais Catalans s&#8217;adhereix al manifest de l\u2019organitzaci\u00f3 de dones kurdes &#8216;Kongra Star&#8217; contra la invasi\u00f3 turca de S\u00edria"},"content":{"rendered":"<p>Queda aprovat el posicionament per l&#8217;adhesi\u00f3 d&#8217;Esplais Catalans a la campanya de l&#8217;organitzaci\u00f3 de dones kurdes \u00abKonga Star\u00bb contra la invasi\u00f3 del Nord i l&#8217;Est de S\u00edria. Podeu llegir el manifest a continuaci\u00f3:<\/p>\n<p style=\"text-align: center;\"><em><strong>Declaraci\u00f3 de dones<\/strong><\/em><\/p>\n<p style=\"text-align: center;\"><em><strong>Fi de la guerra d&#8217;ocupaci\u00f3 de Turquia contra el Nord i l&#8217;Est de S\u00edria ja!<\/strong><\/em><\/p>\n<p><em>El dia 9 d&#8217;Octubre de 2019, l&#8217;Estat turc va comen\u00e7ar la seva guerra d&#8217;invasi\u00f3 i ocupaci\u00f3 al territori del Nord de S\u00edria. L&#8217;ex\u00e8rcit turc ha anat atacant les principals ciutats i assentaments que existeixen al llarg de la frontera amb atacs aeris i bombardejos. Segons les xifres publicades per \u201cKurdish Red Crescent\u201d, durant els primers cinc dies d&#8217;atacs han mort, com a m\u00ednim, 46 civils i 139 m\u00e9s n&#8217;han resultat ferits, inclosos dones i nens. Actualment, l&#8217;ex\u00e8rcit turc juntament amb l&#8217;anomenat \u201cEx\u00e8rcit Nacional Siri\u00e0\u201d, format per mercenaris de diferents grups terroristes, intenten continuar envaint el terreny. Al mateix temps, c\u00e8l\u00b7lules dorments de l&#8217;ISIS han comen\u00e7at nous atacs al Nord de S\u00edria. Les forces de les SDF, YPJ YPG que van alliberar el Nord i l&#8217;Est de S\u00edria del regim terrorista IS, ara estan dedicant les seves vides a protegir les persones de noves ocupacions i massacres. Les dones que van alliberar a milers de persones de l&#8217;esclavitud sota l&#8217;IS ara son bombardejades per un ex\u00e8rcit de l&#8217;OTAN.<\/em><\/p>\n<p><em>La vida de milions de persones de les diferents comunitats \u00e8tniques i religioses que conviuen en aquesta regi\u00f3 estan sota amena\u00e7a. Deu mil fam\u00edlies han sigut despla\u00e7ades. A m\u00e9s de les poblacions habitades principalment per kurds i \u00e0rabs, els barris cristians tamb\u00e9 han sigut espec\u00edficament atacats. \u00c9s obvi que aquests atacs es duen a terme amb l&#8217;objectiu de fer una neteja \u00e8tnica i un canvi demogr\u00e0fic. L&#8217;ocupaci\u00f3 turca i els crims de guerra a Afrin han estat permesos per la comunitat internacional des del gener de 2018 fins l&#8217;actualitat. Per tant, Turquia s&#8217;esfor\u00e7a per expandir el seu territori i imposar el seu govern a d&#8217;altres regions del Nord i Est de S\u00edria, violant el dret internacional i la sobirania de S\u00edria. Al mateix temps, Turquia negligeix la voluntat dels pobles de la regi\u00f3 que han estat convivint pac\u00edficament sota un autogovern democr\u00e0tic.<\/em><\/p>\n<p><em>Els atacs de Turquia estan dirigits contra les fites aconseguides per la revoluci\u00f3 de les dones a Rojava, la qual ha sigut una font d&#8217;inspiraci\u00f3 per les dones de tot el m\u00f3n. Elles, que han sigut la avantguarda en la construcci\u00f3 d&#8217;un model alternatiu de societat democr\u00e0tica i ecologista basada en l&#8217;alliberament de les dones, s\u00f3n ara el blanc de grups assassins gihadistes. La copresidenta del Partit del Futur de S\u00edria, Hevrin Xelef, va ser assassinada en una emboscada el dia 12 d&#8217;Octubre quan es dirigia a visitar les persones ferides despla\u00e7ades a la regi\u00f3 de Til Temir. Tot i els vuit anys de guerra continuada a S\u00edria, les regions de l&#8217;administraci\u00f3 aut\u00f2noma del Nord i l&#8217;Est de S\u00edria, han aconseguit garantir les necessitats humanes i els\u00a0 drets democr\u00e0tics per a totes les persones en aquesta regi\u00f3. Centenars de milers de refugiats de guerra de diferents regions de S\u00edria van trobar refugi all\u00e0, sense cap recolzament destacable per part de l&#8217;ONU, essent benvinguts, protegits i recolzats per les estructures de l&#8217;administraci\u00f3 aut\u00f2noma.<\/em><\/p>\n<p><em>Si b\u00e9 el govern d&#8217;Erdogan va anunciar obertament aquesta guerra i els seus plans d&#8217;ocupaci\u00f3, la comunitat internacional, incl\u00f2s l&#8217;organisme de l&#8217;ONU, no ha pres cap mesura per evitar que aix\u00f2 passi. A m\u00e9s, pot\u00e8ncies hegem\u00f2niques com R\u00fassia i els Estats Units van encoratjar l&#8217;agressi\u00f3 de Turquia. Els genocidis de l&#8217;Imperi Otom\u00e0 contra els armenis i siris el 1915 i les massacres contra els kurds a Dersim, Halebje, Nussaybin, Cizire, Afrin&#8230; encara estan a les nostres ments. Avui, un altre cop, els crims contra la humanitat s&#8217;han preparat i dut a terme obertament, ja que el c\u00e0lcul dels beneficis de la guerra val m\u00e9s que les lleis internacionals, els drets humans i els valors. <\/em><\/p>\n<p><em>Les dones a Rojava sempre han sostingut: \u201cHem definit la Revoluci\u00f3 de les dones amb els nostres sacrificis. Vam liderar la nostra lluita en nom de totes les dones del m\u00f3n\u201d. La guerra de Turquia contra elles i contra els pobles del Nord i l&#8217;Est de S\u00edria \u00e9s una agressi\u00f3 i una guerra contra totes nosaltres: apunta directament a les fites i els valors de les nostres lluites pels drets, la llibertat i la just\u00edcia de les dones arreu. Amb la campanya internacional Women Defend Rojava, ens unim contra el feixisme, l&#8217;ocupaci\u00f3 i el patriarcat. Aixequem les nostres veus pel reconeixement de l&#8217;autoadministraci\u00f3 aut\u00f2noma al Nord i l&#8217;Est de S\u00edria i per la pau i la just\u00edcia.<\/em><\/p>\n<ul>\n<li><em>Per evitar nous genocidis i feminicidis al segle XXI, instem a l&#8217;UNSC, a tots els organismes<\/em><br \/>\n<em>rellevants de la comunitat internacional i als governs a prendre mesures urgents per:<\/em><\/li>\n<li><em>Aturar la invasi\u00f3 i ocupacio de Turquia al Nord i l&#8217;Est de S\u00edria immediatament.<\/em><\/li>\n<li><em>Establir una zona d&#8217;exclusi\u00f3 aeria per la protecci\u00f3 de la vida de les persones al Nord i l&#8217;Est de S\u00edria.<\/em><\/li>\n<li><em>Prevenir m\u00e9s crims de guerra i neteja \u00e8tnica per part de les forces de l&#8217;ex\u00e8rcit turc, ISIS, El Nusra i altres grups terroristes, gihadistes.<\/em><\/li>\n<li><em>Portar tots els crims de guerra i als criminals de guerra davant la just\u00edcia.<\/em><\/li>\n<li><em>Aturar el comer\u00e7 d&#8217;armes amb Turquia.<\/em><\/li>\n<li><em>Implementar sancions pol\u00edtiques i econ\u00f2miques contra Turquia.<\/em><\/li>\n<li><em>Recon\u00e8ixer l&#8217;administraci\u00f3 aut\u00f2noma i democr\u00e0tica del poble del Nord i l&#8217;Est de S\u00edria.<\/em><\/li>\n<li><em>Prendre mesures immediatament per una soluci\u00f3 pol\u00edtica de la crisis a S\u00edria amb la representaci\u00f3 i la participaci\u00f3 de representants de dones i persones de totes les diferents comunitats nacionals, culturals i religioses a S\u00edria.<\/em><\/li>\n<\/ul>\n<p>&nbsp;<\/p>\n<p>Pots llegir el posicionament de Kongra Star en pdf <a href=\"https:\/\/www.esplac.cat\/wp-content\/uploads\/2020\/02\/Adhesions-a-declaracio\u0301-Kongra-Star.pdf\" target=\"_blank\" rel=\"noopener noreferrer\"><span style=\"color: #ff9900;\">aqu\u00ed<\/span> <\/a>i un altre document del col\u00b7lectiu feminista i de solidaritat internacionalista Azad\u00ee Jin amb idees per poder solidaritzar-se <span style=\"color: #ff9900;\"><a style=\"color: #ff9900;\" href=\"https:\/\/www.esplac.cat\/wp-content\/uploads\/2020\/02\/WOMENDENEFROJAVA_que\u0300podemfer.pdf\" target=\"_blank\" rel=\"noopener noreferrer\">aqu\u00ed.<\/a><\/span><\/p>\n<p>#WomenDefendRojava<\/p>\n<p>&nbsp;<\/p>\n<p><em>** Tots els esplais han pogut votar a favor, en blanc o en contra del text proposat. L\u2019acord per aprovar el posicionament ha estat pres per majoria absoluta (m\u00e9s vots a favor que la suma dels vots en contra i en blanc) i ha estat necessari, com a m\u00ednim, el vot del 20% del total dels esplais).<\/em><\/p>\n","protected":false},"excerpt":{"rendered":"<p>Queda aprovat el posicionament per l&#8217;adhesi\u00f3 d&#8217;Esplais Catalans a la [&hellip;]<\/p>\n","protected":false},"author":3,"featured_media":31100,"comment_status":"closed","ping_status":"open","sticky":false,"template":"","format":"standard","meta":{"om_disable_all_campaigns":false,"_monsterinsights_skip_tracking":false,"_monsterinsights_sitenote_active":false,"_monsterinsights_sitenote_note":"","_monsterinsights_sitenote_category":0,"_uf_show_specific_survey":0,"_uf_disable_surveys":false,"footnotes":""},"categories":[1127],"tags":[464,391,109,1290,170,1289,1291],"class_list":["post-31098","post","type-post","status-publish","format-standard","has-post-thumbnail","hentry","category-comunicats-posicionaments","tag-dones","tag-feminisme","tag-internacionalisme","tag-kongra-star","tag-manifest","tag-rojava","tag-siria"],"yoast_head":"<!-- This site is optimized with the Yoast SEO plugin v27.4 - https:\/\/yoast.com\/product\/yoast-seo-wordpress\/ -->\n<title>Esplais Catalans s&#039;adhereix al manifest de l\u2019organitzaci\u00f3 de dones kurdes &#039;Kongra Star&#039; contra la invasi\u00f3 turca de S\u00edria - Esplac<\/title>\n<meta name=\"robots\" content=\"index, follow, max-snippet:-1, max-image-preview:large, max-video-preview:-1\" \/>\n<link rel=\"canonical\" href=\"https:\/\/www.esplac.cat\/esplais-catalans-sadhereix-al-manifest-de-lorganitzacio-de-dones-kurdes-kongra-star-contra-la-invasio-turca-de-siria\/\" \/>\n<meta property=\"og:locale\" content=\"es_ES\" \/>\n<meta property=\"og:type\" content=\"article\" \/>\n<meta property=\"og:title\" content=\"Esplais Catalans s&#039;adhereix al manifest de l\u2019organitzaci\u00f3 de dones kurdes &#039;Kongra Star&#039; contra la invasi\u00f3 turca de S\u00edria - Esplac\" \/>\n<meta property=\"og:description\" content=\"Queda aprovat el posicionament per l&#8217;adhesi\u00f3 d&#8217;Esplais Catalans a la [&hellip;]\" \/>\n<meta property=\"og:url\" content=\"https:\/\/www.esplac.cat\/esplais-catalans-sadhereix-al-manifest-de-lorganitzacio-de-dones-kurdes-kongra-star-contra-la-invasio-turca-de-siria\/\" \/>\n<meta property=\"og:site_name\" content=\"Esplac\" \/>\n<meta property=\"article:published_time\" content=\"2019-11-15T11:53:00+00:00\" \/>\n<meta property=\"article:modified_time\" content=\"2020-10-15T16:23:09+00:00\" \/>\n<meta property=\"og:image\" content=\"https:\/\/www.esplac.cat\/wp-content\/uploads\/2020\/02\/rojava.jpg\" \/>\n\t<meta property=\"og:image:width\" content=\"1694\" \/>\n\t<meta property=\"og:image:height\" content=\"700\" \/>\n\t<meta property=\"og:image:type\" content=\"image\/jpeg\" \/>\n<meta name=\"author\" content=\"Comunicaci\u00f3 Esplac\" \/>\n<meta name=\"twitter:card\" content=\"summary_large_image\" \/>\n<meta name=\"twitter:label1\" content=\"Escrito por\" \/>\n\t<meta name=\"twitter:data1\" content=\"Comunicaci\u00f3 Esplac\" \/>\n\t<meta name=\"twitter:label2\" content=\"Tiempo de lectura\" \/>\n\t<meta name=\"twitter:data2\" content=\"5 minutos\" \/>\n<script type=\"application\/ld+json\" class=\"yoast-schema-graph\">{\"@context\":\"https:\\\/\\\/schema.org\",\"@graph\":[{\"@type\":\"Article\",\"@id\":\"https:\\\/\\\/www.esplac.cat\\\/esplais-catalans-sadhereix-al-manifest-de-lorganitzacio-de-dones-kurdes-kongra-star-contra-la-invasio-turca-de-siria\\\/#article\",\"isPartOf\":{\"@id\":\"https:\\\/\\\/www.esplac.cat\\\/esplais-catalans-sadhereix-al-manifest-de-lorganitzacio-de-dones-kurdes-kongra-star-contra-la-invasio-turca-de-siria\\\/\"},\"author\":{\"name\":\"Comunicaci\u00f3 Esplac\",\"@id\":\"https:\\\/\\\/www.esplac.cat\\\/#\\\/schema\\\/person\\\/908383cf240be18b68f8855d0583faca\"},\"headline\":\"Esplais Catalans s&#8217;adhereix al manifest de l\u2019organitzaci\u00f3 de dones kurdes &#8216;Kongra Star&#8217; contra la invasi\u00f3 turca de S\u00edria\",\"datePublished\":\"2019-11-15T11:53:00+00:00\",\"dateModified\":\"2020-10-15T16:23:09+00:00\",\"mainEntityOfPage\":{\"@id\":\"https:\\\/\\\/www.esplac.cat\\\/esplais-catalans-sadhereix-al-manifest-de-lorganitzacio-de-dones-kurdes-kongra-star-contra-la-invasio-turca-de-siria\\\/\"},\"wordCount\":1145,\"publisher\":{\"@id\":\"https:\\\/\\\/www.esplac.cat\\\/#organization\"},\"image\":{\"@id\":\"https:\\\/\\\/www.esplac.cat\\\/esplais-catalans-sadhereix-al-manifest-de-lorganitzacio-de-dones-kurdes-kongra-star-contra-la-invasio-turca-de-siria\\\/#primaryimage\"},\"thumbnailUrl\":\"https:\\\/\\\/www.esplac.cat\\\/wp-content\\\/uploads\\\/2020\\\/02\\\/rojava.jpg\",\"keywords\":[\"dones\",\"feminisme\",\"internacionalisme\",\"Kongra Star\",\"manifest\",\"Rojava\",\"S\u00edria\"],\"articleSection\":[\"Comunicats i posicionaments\"],\"inLanguage\":\"es\"},{\"@type\":\"WebPage\",\"@id\":\"https:\\\/\\\/www.esplac.cat\\\/esplais-catalans-sadhereix-al-manifest-de-lorganitzacio-de-dones-kurdes-kongra-star-contra-la-invasio-turca-de-siria\\\/\",\"url\":\"https:\\\/\\\/www.esplac.cat\\\/esplais-catalans-sadhereix-al-manifest-de-lorganitzacio-de-dones-kurdes-kongra-star-contra-la-invasio-turca-de-siria\\\/\",\"name\":\"Esplais Catalans s'adhereix al manifest de l\u2019organitzaci\u00f3 de dones kurdes 'Kongra Star' contra la invasi\u00f3 turca de S\u00edria - Esplac\",\"isPartOf\":{\"@id\":\"https:\\\/\\\/www.esplac.cat\\\/#website\"},\"primaryImageOfPage\":{\"@id\":\"https:\\\/\\\/www.esplac.cat\\\/esplais-catalans-sadhereix-al-manifest-de-lorganitzacio-de-dones-kurdes-kongra-star-contra-la-invasio-turca-de-siria\\\/#primaryimage\"},\"image\":{\"@id\":\"https:\\\/\\\/www.esplac.cat\\\/esplais-catalans-sadhereix-al-manifest-de-lorganitzacio-de-dones-kurdes-kongra-star-contra-la-invasio-turca-de-siria\\\/#primaryimage\"},\"thumbnailUrl\":\"https:\\\/\\\/www.esplac.cat\\\/wp-content\\\/uploads\\\/2020\\\/02\\\/rojava.jpg\",\"datePublished\":\"2019-11-15T11:53:00+00:00\",\"dateModified\":\"2020-10-15T16:23:09+00:00\",\"breadcrumb\":{\"@id\":\"https:\\\/\\\/www.esplac.cat\\\/esplais-catalans-sadhereix-al-manifest-de-lorganitzacio-de-dones-kurdes-kongra-star-contra-la-invasio-turca-de-siria\\\/#breadcrumb\"},\"inLanguage\":\"es\",\"potentialAction\":[{\"@type\":\"ReadAction\",\"target\":[\"https:\\\/\\\/www.esplac.cat\\\/esplais-catalans-sadhereix-al-manifest-de-lorganitzacio-de-dones-kurdes-kongra-star-contra-la-invasio-turca-de-siria\\\/\"]}]},{\"@type\":\"ImageObject\",\"inLanguage\":\"es\",\"@id\":\"https:\\\/\\\/www.esplac.cat\\\/esplais-catalans-sadhereix-al-manifest-de-lorganitzacio-de-dones-kurdes-kongra-star-contra-la-invasio-turca-de-siria\\\/#primaryimage\",\"url\":\"https:\\\/\\\/www.esplac.cat\\\/wp-content\\\/uploads\\\/2020\\\/02\\\/rojava.jpg\",\"contentUrl\":\"https:\\\/\\\/www.esplac.cat\\\/wp-content\\\/uploads\\\/2020\\\/02\\\/rojava.jpg\",\"width\":1694,\"height\":700},{\"@type\":\"BreadcrumbList\",\"@id\":\"https:\\\/\\\/www.esplac.cat\\\/esplais-catalans-sadhereix-al-manifest-de-lorganitzacio-de-dones-kurdes-kongra-star-contra-la-invasio-turca-de-siria\\\/#breadcrumb\",\"itemListElement\":[{\"@type\":\"ListItem\",\"position\":1,\"name\":\"Inici\",\"item\":\"https:\\\/\\\/www.esplac.cat\\\/es\\\/\"},{\"@type\":\"ListItem\",\"position\":2,\"name\":\"Esplais Catalans s&#8217;adhereix al manifest de l\u2019organitzaci\u00f3 de dones kurdes &#8216;Kongra Star&#8217; contra la invasi\u00f3 turca de S\u00edria\"}]},{\"@type\":\"WebSite\",\"@id\":\"https:\\\/\\\/www.esplac.cat\\\/#website\",\"url\":\"https:\\\/\\\/www.esplac.cat\\\/\",\"name\":\"Esplac\",\"description\":\"Esplais Catalans\",\"publisher\":{\"@id\":\"https:\\\/\\\/www.esplac.cat\\\/#organization\"},\"potentialAction\":[{\"@type\":\"SearchAction\",\"target\":{\"@type\":\"EntryPoint\",\"urlTemplate\":\"https:\\\/\\\/www.esplac.cat\\\/?s={search_term_string}\"},\"query-input\":{\"@type\":\"PropertyValueSpecification\",\"valueRequired\":true,\"valueName\":\"search_term_string\"}}],\"inLanguage\":\"es\"},{\"@type\":\"Organization\",\"@id\":\"https:\\\/\\\/www.esplac.cat\\\/#organization\",\"name\":\"Esplac\",\"url\":\"https:\\\/\\\/www.esplac.cat\\\/\",\"logo\":{\"@type\":\"ImageObject\",\"inLanguage\":\"es\",\"@id\":\"https:\\\/\\\/www.esplac.cat\\\/#\\\/schema\\\/logo\\\/image\\\/\",\"url\":\"https:\\\/\\\/www.esplac.cat\\\/wp-content\\\/uploads\\\/2019\\\/08\\\/logox2.png\",\"contentUrl\":\"https:\\\/\\\/www.esplac.cat\\\/wp-content\\\/uploads\\\/2019\\\/08\\\/logox2.png\",\"width\":600,\"height\":295,\"caption\":\"Esplac\"},\"image\":{\"@id\":\"https:\\\/\\\/www.esplac.cat\\\/#\\\/schema\\\/logo\\\/image\\\/\"}},{\"@type\":\"Person\",\"@id\":\"https:\\\/\\\/www.esplac.cat\\\/#\\\/schema\\\/person\\\/908383cf240be18b68f8855d0583faca\",\"name\":\"Comunicaci\u00f3 Esplac\",\"image\":{\"@type\":\"ImageObject\",\"inLanguage\":\"es\",\"@id\":\"https:\\\/\\\/secure.gravatar.com\\\/avatar\\\/7a4cf8feb412a76ea4a740ca02d95b06b2907b5a6c648c2dd0a1082a093c3141?s=96&d=mm&r=g\",\"url\":\"https:\\\/\\\/secure.gravatar.com\\\/avatar\\\/7a4cf8feb412a76ea4a740ca02d95b06b2907b5a6c648c2dd0a1082a093c3141?s=96&d=mm&r=g\",\"contentUrl\":\"https:\\\/\\\/secure.gravatar.com\\\/avatar\\\/7a4cf8feb412a76ea4a740ca02d95b06b2907b5a6c648c2dd0a1082a093c3141?s=96&d=mm&r=g\",\"caption\":\"Comunicaci\u00f3 Esplac\"}}]}<\/script>\n<!-- \/ Yoast SEO plugin. -->","yoast_head_json":{"title":"Esplais Catalans s'adhereix al manifest de l\u2019organitzaci\u00f3 de dones kurdes 'Kongra Star' contra la invasi\u00f3 turca de S\u00edria - Esplac","robots":{"index":"index","follow":"follow","max-snippet":"max-snippet:-1","max-image-preview":"max-image-preview:large","max-video-preview":"max-video-preview:-1"},"canonical":"https:\/\/www.esplac.cat\/esplais-catalans-sadhereix-al-manifest-de-lorganitzacio-de-dones-kurdes-kongra-star-contra-la-invasio-turca-de-siria\/","og_locale":"es_ES","og_type":"article","og_title":"Esplais Catalans s'adhereix al manifest de l\u2019organitzaci\u00f3 de dones kurdes 'Kongra Star' contra la invasi\u00f3 turca de S\u00edria - Esplac","og_description":"Queda aprovat el posicionament per l&#8217;adhesi\u00f3 d&#8217;Esplais Catalans a la [&hellip;]","og_url":"https:\/\/www.esplac.cat\/esplais-catalans-sadhereix-al-manifest-de-lorganitzacio-de-dones-kurdes-kongra-star-contra-la-invasio-turca-de-siria\/","og_site_name":"Esplac","article_published_time":"2019-11-15T11:53:00+00:00","article_modified_time":"2020-10-15T16:23:09+00:00","og_image":[{"width":1694,"height":700,"url":"https:\/\/www.esplac.cat\/wp-content\/uploads\/2020\/02\/rojava.jpg","type":"image\/jpeg"}],"author":"Comunicaci\u00f3 Esplac","twitter_card":"summary_large_image","twitter_misc":{"Escrito por":"Comunicaci\u00f3 Esplac","Tiempo de lectura":"5 minutos"},"schema":{"@context":"https:\/\/schema.org","@graph":[{"@type":"Article","@id":"https:\/\/www.esplac.cat\/esplais-catalans-sadhereix-al-manifest-de-lorganitzacio-de-dones-kurdes-kongra-star-contra-la-invasio-turca-de-siria\/#article","isPartOf":{"@id":"https:\/\/www.esplac.cat\/esplais-catalans-sadhereix-al-manifest-de-lorganitzacio-de-dones-kurdes-kongra-star-contra-la-invasio-turca-de-siria\/"},"author":{"name":"Comunicaci\u00f3 Esplac","@id":"https:\/\/www.esplac.cat\/#\/schema\/person\/908383cf240be18b68f8855d0583faca"},"headline":"Esplais Catalans s&#8217;adhereix al manifest de l\u2019organitzaci\u00f3 de dones kurdes &#8216;Kongra Star&#8217; contra la invasi\u00f3 turca de S\u00edria","datePublished":"2019-11-15T11:53:00+00:00","dateModified":"2020-10-15T16:23:09+00:00","mainEntityOfPage":{"@id":"https:\/\/www.esplac.cat\/esplais-catalans-sadhereix-al-manifest-de-lorganitzacio-de-dones-kurdes-kongra-star-contra-la-invasio-turca-de-siria\/"},"wordCount":1145,"publisher":{"@id":"https:\/\/www.esplac.cat\/#organization"},"image":{"@id":"https:\/\/www.esplac.cat\/esplais-catalans-sadhereix-al-manifest-de-lorganitzacio-de-dones-kurdes-kongra-star-contra-la-invasio-turca-de-siria\/#primaryimage"},"thumbnailUrl":"https:\/\/www.esplac.cat\/wp-content\/uploads\/2020\/02\/rojava.jpg","keywords":["dones","feminisme","internacionalisme","Kongra Star","manifest","Rojava","S\u00edria"],"articleSection":["Comunicats i posicionaments"],"inLanguage":"es"},{"@type":"WebPage","@id":"https:\/\/www.esplac.cat\/esplais-catalans-sadhereix-al-manifest-de-lorganitzacio-de-dones-kurdes-kongra-star-contra-la-invasio-turca-de-siria\/","url":"https:\/\/www.esplac.cat\/esplais-catalans-sadhereix-al-manifest-de-lorganitzacio-de-dones-kurdes-kongra-star-contra-la-invasio-turca-de-siria\/","name":"Esplais Catalans s'adhereix al manifest de l\u2019organitzaci\u00f3 de dones kurdes 'Kongra Star' contra la invasi\u00f3 turca de S\u00edria - Esplac","isPartOf":{"@id":"https:\/\/www.esplac.cat\/#website"},"primaryImageOfPage":{"@id":"https:\/\/www.esplac.cat\/esplais-catalans-sadhereix-al-manifest-de-lorganitzacio-de-dones-kurdes-kongra-star-contra-la-invasio-turca-de-siria\/#primaryimage"},"image":{"@id":"https:\/\/www.esplac.cat\/esplais-catalans-sadhereix-al-manifest-de-lorganitzacio-de-dones-kurdes-kongra-star-contra-la-invasio-turca-de-siria\/#primaryimage"},"thumbnailUrl":"https:\/\/www.esplac.cat\/wp-content\/uploads\/2020\/02\/rojava.jpg","datePublished":"2019-11-15T11:53:00+00:00","dateModified":"2020-10-15T16:23:09+00:00","breadcrumb":{"@id":"https:\/\/www.esplac.cat\/esplais-catalans-sadhereix-al-manifest-de-lorganitzacio-de-dones-kurdes-kongra-star-contra-la-invasio-turca-de-siria\/#breadcrumb"},"inLanguage":"es","potentialAction":[{"@type":"ReadAction","target":["https:\/\/www.esplac.cat\/esplais-catalans-sadhereix-al-manifest-de-lorganitzacio-de-dones-kurdes-kongra-star-contra-la-invasio-turca-de-siria\/"]}]},{"@type":"ImageObject","inLanguage":"es","@id":"https:\/\/www.esplac.cat\/esplais-catalans-sadhereix-al-manifest-de-lorganitzacio-de-dones-kurdes-kongra-star-contra-la-invasio-turca-de-siria\/#primaryimage","url":"https:\/\/www.esplac.cat\/wp-content\/uploads\/2020\/02\/rojava.jpg","contentUrl":"https:\/\/www.esplac.cat\/wp-content\/uploads\/2020\/02\/rojava.jpg","width":1694,"height":700},{"@type":"BreadcrumbList","@id":"https:\/\/www.esplac.cat\/esplais-catalans-sadhereix-al-manifest-de-lorganitzacio-de-dones-kurdes-kongra-star-contra-la-invasio-turca-de-siria\/#breadcrumb","itemListElement":[{"@type":"ListItem","position":1,"name":"Inici","item":"https:\/\/www.esplac.cat\/es\/"},{"@type":"ListItem","position":2,"name":"Esplais Catalans s&#8217;adhereix al manifest de l\u2019organitzaci\u00f3 de dones kurdes &#8216;Kongra Star&#8217; contra la invasi\u00f3 turca de S\u00edria"}]},{"@type":"WebSite","@id":"https:\/\/www.esplac.cat\/#website","url":"https:\/\/www.esplac.cat\/","name":"Esplac","description":"Esplais Catalans","publisher":{"@id":"https:\/\/www.esplac.cat\/#organization"},"potentialAction":[{"@type":"SearchAction","target":{"@type":"EntryPoint","urlTemplate":"https:\/\/www.esplac.cat\/?s={search_term_string}"},"query-input":{"@type":"PropertyValueSpecification","valueRequired":true,"valueName":"search_term_string"}}],"inLanguage":"es"},{"@type":"Organization","@id":"https:\/\/www.esplac.cat\/#organization","name":"Esplac","url":"https:\/\/www.esplac.cat\/","logo":{"@type":"ImageObject","inLanguage":"es","@id":"https:\/\/www.esplac.cat\/#\/schema\/logo\/image\/","url":"https:\/\/www.esplac.cat\/wp-content\/uploads\/2019\/08\/logox2.png","contentUrl":"https:\/\/www.esplac.cat\/wp-content\/uploads\/2019\/08\/logox2.png","width":600,"height":295,"caption":"Esplac"},"image":{"@id":"https:\/\/www.esplac.cat\/#\/schema\/logo\/image\/"}},{"@type":"Person","@id":"https:\/\/www.esplac.cat\/#\/schema\/person\/908383cf240be18b68f8855d0583faca","name":"Comunicaci\u00f3 Esplac","image":{"@type":"ImageObject","inLanguage":"es","@id":"https:\/\/secure.gravatar.com\/avatar\/7a4cf8feb412a76ea4a740ca02d95b06b2907b5a6c648c2dd0a1082a093c3141?s=96&d=mm&r=g","url":"https:\/\/secure.gravatar.com\/avatar\/7a4cf8feb412a76ea4a740ca02d95b06b2907b5a6c648c2dd0a1082a093c3141?s=96&d=mm&r=g","contentUrl":"https:\/\/secure.gravatar.com\/avatar\/7a4cf8feb412a76ea4a740ca02d95b06b2907b5a6c648c2dd0a1082a093c3141?s=96&d=mm&r=g","caption":"Comunicaci\u00f3 Esplac"}}]}},"_links":{"self":[{"href":"https:\/\/www.esplac.cat\/es\/wp-json\/wp\/v2\/posts\/31098","targetHints":{"allow":["GET"]}}],"collection":[{"href":"https:\/\/www.esplac.cat\/es\/wp-json\/wp\/v2\/posts"}],"about":[{"href":"https:\/\/www.esplac.cat\/es\/wp-json\/wp\/v2\/types\/post"}],"author":[{"embeddable":true,"href":"https:\/\/www.esplac.cat\/es\/wp-json\/wp\/v2\/users\/3"}],"replies":[{"embeddable":true,"href":"https:\/\/www.esplac.cat\/es\/wp-json\/wp\/v2\/comments?post=31098"}],"version-history":[{"count":0,"href":"https:\/\/www.esplac.cat\/es\/wp-json\/wp\/v2\/posts\/31098\/revisions"}],"wp:featuredmedia":[{"embeddable":true,"href":"https:\/\/www.esplac.cat\/es\/wp-json\/wp\/v2\/media\/31100"}],"wp:attachment":[{"href":"https:\/\/www.esplac.cat\/es\/wp-json\/wp\/v2\/media?parent=31098"}],"wp:term":[{"taxonomy":"category","embeddable":true,"href":"https:\/\/www.esplac.cat\/es\/wp-json\/wp\/v2\/categories?post=31098"},{"taxonomy":"post_tag","embeddable":true,"href":"https:\/\/www.esplac.cat\/es\/wp-json\/wp\/v2\/tags?post=31098"}],"curies":[{"name":"wp","href":"https:\/\/api.w.org\/{rel}","templated":true}]}}