{"id":31132,"date":"2020-03-02T14:02:47","date_gmt":"2020-03-02T13:02:47","guid":{"rendered":"https:\/\/www.esplac.cat\/?p=31132"},"modified":"2020-10-15T17:22:58","modified_gmt":"2020-10-15T16:22:58","slug":"400-infants-joves-trobada-sector-valles-occidental","status":"publish","type":"post","link":"https:\/\/www.esplac.cat\/es\/400-infants-joves-trobada-sector-valles-occidental\/","title":{"rendered":"400 infants i joves a la Trobada General del Sector Vall\u00e8s Occidental!"},"content":{"rendered":"<h6><strong>El passat cap de setmana del 29 de febrer i l\u20191 de mar\u00e7 el Sector Vall\u00e8s Occidental va celebrar la seva Trobada General de Sector amb gaireb\u00e9 400 participants.<\/strong><\/h6>\n<p>El Sector Vall\u00e8s Occidental es va reunir aquest passat cap de setmana a Terrassa, amb 9 dels 11 esplais que formen el sector: Bonaire (Terrassa), Farfalla (Terrassa), La Fera (Terrassa), Clupi (Cerdanyola), Eixam (Rub\u00ed), Gatzara (Castellbisbal), La Flama (Sant Quirze), Pica-Roca (Sant Cugat) i Sarau (Sant Cugat).<\/p>\n<p><strong>Totes les formacions van girar entorn la tem\u00e0tica de les emocions:<\/strong> com expressar-les i quina \u00e9s la relaci\u00f3 que tenen aquestes amb altres aspectes com el g\u00e8nere, la interculturalitat o la pol\u00edtica. Les monitores i monitors les van dinamitzar al Centre C\u00edvic Avel\u00b7l\u00ed Estrenjer.<\/p>\n<p>Dissabte, la trobada va comen\u00e7ar amb activitats separades per grups d&#8217;edat: petits, mitjans, grans i joves. Tots ells van realitzar diferents din\u00e0miques de coneixen\u00e7a. A la tarda, el centre d\u2019inter\u00e8s va guiar les participants cap al m\u00f3n de les emocions. Diumenge, es va fer una activitat conjunta amb tots els infants, adolescents i joves assistents, que va culminar en un gran dinar col\u00b7lectiu.<\/p>\n<p>La trobada de l\u2019any passat es va celebrar a Cerdanyola del Vall\u00e8s i enguany Terrassa ha sigut la ciutat escollida. La tria d\u2019aquesta localitat no ha estat a l\u2019atzar: els esplais tenen la voluntat de <strong>visibilitzar la seva tasca volunt\u00e0ria a la ciutat<\/strong>\u00a0i al\u00e7ar la veu enfront la davallada de les ajudes rebudes els darrers anys, degut a que la seva activitat \u00e9s setmanal i no di\u00e0ria. Reivindiquen que la tasca d\u2019aquests esplais \u00e9s diferent a la de les entitats de lleure di\u00e0ries, per\u00f2 que t\u00e9 el mateix valor i \u00e9s igual d\u2019important pels infants i joves de la ciutat.<\/p>\n<p>&nbsp;<\/p>\n\n\t\t<style type=\"text\/css\">\n\t\t\t#gallery-1 {\n\t\t\t\tmargin: auto;\n\t\t\t}\n\t\t\t#gallery-1 .gallery-item {\n\t\t\t\tfloat: left;\n\t\t\t\tmargin-top: 10px;\n\t\t\t\ttext-align: center;\n\t\t\t\twidth: 50%;\n\t\t\t}\n\t\t\t#gallery-1 img {\n\t\t\t\tborder: 2px solid #cfcfcf;\n\t\t\t}\n\t\t\t#gallery-1 .gallery-caption {\n\t\t\t\tmargin-left: 0;\n\t\t\t}\n\t\t\t\/* see gallery_shortcode() in wp-includes\/media.php *\/\n\t\t<\/style>\n\t\t<div id='gallery-1' class='gallery galleryid-31132 gallery-columns-2 gallery-size-large'><dl class='gallery-item'>\n\t\t\t<dt class='gallery-icon landscape'>\n\t\t\t\t<a data-rel=\"iLightbox[postimages]\" data-title=\"jjjl\" data-caption=\"\" href='https:\/\/www.esplac.cat\/es\/jjjl-2\/'><img decoding=\"async\" width=\"1024\" height=\"768\" src=\"https:\/\/www.esplac.cat\/wp-content\/uploads\/2020\/03\/jjjl-1024x768.jpeg\" class=\"attachment-large size-large\" alt=\"\" srcset=\"https:\/\/www.esplac.cat\/wp-content\/uploads\/2020\/03\/jjjl-200x150.jpeg 200w, https:\/\/www.esplac.cat\/wp-content\/uploads\/2020\/03\/jjjl-300x225.jpeg 300w, https:\/\/www.esplac.cat\/wp-content\/uploads\/2020\/03\/jjjl-400x300.jpeg 400w, https:\/\/www.esplac.cat\/wp-content\/uploads\/2020\/03\/jjjl-600x450.jpeg 600w, https:\/\/www.esplac.cat\/wp-content\/uploads\/2020\/03\/jjjl-768x576.jpeg 768w, https:\/\/www.esplac.cat\/wp-content\/uploads\/2020\/03\/jjjl-800x600.jpeg 800w, https:\/\/www.esplac.cat\/wp-content\/uploads\/2020\/03\/jjjl-1024x768.jpeg 1024w, https:\/\/www.esplac.cat\/wp-content\/uploads\/2020\/03\/jjjl-1200x900.jpeg 1200w, https:\/\/www.esplac.cat\/wp-content\/uploads\/2020\/03\/jjjl-1536x1152.jpeg 1536w, https:\/\/www.esplac.cat\/wp-content\/uploads\/2020\/03\/jjjl.jpeg 1600w\" sizes=\"(max-width: 1024px) 100vw, 1024px\" \/><\/a>\n\t\t\t<\/dt><\/dl><dl class='gallery-item'>\n\t\t\t<dt class='gallery-icon landscape'>\n\t\t\t\t<a data-rel=\"iLightbox[postimages]\" data-title=\"jjj\" data-caption=\"\" href='https:\/\/www.esplac.cat\/es\/jjj-2\/'><img decoding=\"async\" width=\"1024\" height=\"768\" src=\"https:\/\/www.esplac.cat\/wp-content\/uploads\/2020\/03\/jjj-1024x768.jpeg\" class=\"attachment-large size-large\" alt=\"\" srcset=\"https:\/\/www.esplac.cat\/wp-content\/uploads\/2020\/03\/jjj-200x150.jpeg 200w, https:\/\/www.esplac.cat\/wp-content\/uploads\/2020\/03\/jjj-300x225.jpeg 300w, https:\/\/www.esplac.cat\/wp-content\/uploads\/2020\/03\/jjj-400x300.jpeg 400w, https:\/\/www.esplac.cat\/wp-content\/uploads\/2020\/03\/jjj-600x450.jpeg 600w, https:\/\/www.esplac.cat\/wp-content\/uploads\/2020\/03\/jjj-768x576.jpeg 768w, https:\/\/www.esplac.cat\/wp-content\/uploads\/2020\/03\/jjj-800x600.jpeg 800w, https:\/\/www.esplac.cat\/wp-content\/uploads\/2020\/03\/jjj-1024x768.jpeg 1024w, https:\/\/www.esplac.cat\/wp-content\/uploads\/2020\/03\/jjj-1200x900.jpeg 1200w, https:\/\/www.esplac.cat\/wp-content\/uploads\/2020\/03\/jjj-1536x1152.jpeg 1536w, https:\/\/www.esplac.cat\/wp-content\/uploads\/2020\/03\/jjj.jpeg 1600w\" sizes=\"(max-width: 1024px) 100vw, 1024px\" \/><\/a>\n\t\t\t<\/dt><\/dl><br style=\"clear: both\" \/><dl class='gallery-item'>\n\t\t\t<dt class='gallery-icon landscape'>\n\t\t\t\t<a data-rel=\"iLightbox[postimages]\" data-title=\"42152\" data-caption=\"\" href='https:\/\/www.esplac.cat\/es\/42152-2\/'><img decoding=\"async\" width=\"1024\" height=\"767\" src=\"https:\/\/www.esplac.cat\/wp-content\/uploads\/2020\/03\/42152-1024x767.jpg\" class=\"attachment-large size-large\" alt=\"\" srcset=\"https:\/\/www.esplac.cat\/wp-content\/uploads\/2020\/03\/42152-200x150.jpg 200w, https:\/\/www.esplac.cat\/wp-content\/uploads\/2020\/03\/42152-300x225.jpg 300w, https:\/\/www.esplac.cat\/wp-content\/uploads\/2020\/03\/42152-400x300.jpg 400w, https:\/\/www.esplac.cat\/wp-content\/uploads\/2020\/03\/42152-600x450.jpg 600w, https:\/\/www.esplac.cat\/wp-content\/uploads\/2020\/03\/42152-768x575.jpg 768w, https:\/\/www.esplac.cat\/wp-content\/uploads\/2020\/03\/42152-800x599.jpg 800w, https:\/\/www.esplac.cat\/wp-content\/uploads\/2020\/03\/42152-1024x767.jpg 1024w, https:\/\/www.esplac.cat\/wp-content\/uploads\/2020\/03\/42152-1200x899.jpg 1200w, https:\/\/www.esplac.cat\/wp-content\/uploads\/2020\/03\/42152.jpg 1276w\" sizes=\"(max-width: 1024px) 100vw, 1024px\" \/><\/a>\n\t\t\t<\/dt><\/dl><dl class='gallery-item'>\n\t\t\t<dt class='gallery-icon landscape'>\n\t\t\t\t<a data-rel=\"iLightbox[postimages]\" data-title=\"WhatsApp Image 2020-03-01 at 21.17.30\" data-caption=\"\" href='https:\/\/www.esplac.cat\/es\/whatsapp-image-2020-03-01-at-21-17-30-2\/'><img decoding=\"async\" width=\"1024\" height=\"768\" src=\"https:\/\/www.esplac.cat\/wp-content\/uploads\/2020\/03\/WhatsApp-Image-2020-03-01-at-21.17.30-1024x768.jpeg\" class=\"attachment-large size-large\" alt=\"\" srcset=\"https:\/\/www.esplac.cat\/wp-content\/uploads\/2020\/03\/WhatsApp-Image-2020-03-01-at-21.17.30-200x150.jpeg 200w, https:\/\/www.esplac.cat\/wp-content\/uploads\/2020\/03\/WhatsApp-Image-2020-03-01-at-21.17.30-300x225.jpeg 300w, https:\/\/www.esplac.cat\/wp-content\/uploads\/2020\/03\/WhatsApp-Image-2020-03-01-at-21.17.30-400x300.jpeg 400w, https:\/\/www.esplac.cat\/wp-content\/uploads\/2020\/03\/WhatsApp-Image-2020-03-01-at-21.17.30-600x450.jpeg 600w, https:\/\/www.esplac.cat\/wp-content\/uploads\/2020\/03\/WhatsApp-Image-2020-03-01-at-21.17.30-768x576.jpeg 768w, https:\/\/www.esplac.cat\/wp-content\/uploads\/2020\/03\/WhatsApp-Image-2020-03-01-at-21.17.30-800x600.jpeg 800w, https:\/\/www.esplac.cat\/wp-content\/uploads\/2020\/03\/WhatsApp-Image-2020-03-01-at-21.17.30-1024x768.jpeg 1024w, https:\/\/www.esplac.cat\/wp-content\/uploads\/2020\/03\/WhatsApp-Image-2020-03-01-at-21.17.30-1200x900.jpeg 1200w, https:\/\/www.esplac.cat\/wp-content\/uploads\/2020\/03\/WhatsApp-Image-2020-03-01-at-21.17.30-1536x1152.jpeg 1536w, https:\/\/www.esplac.cat\/wp-content\/uploads\/2020\/03\/WhatsApp-Image-2020-03-01-at-21.17.30.jpeg 1600w\" sizes=\"(max-width: 1024px) 100vw, 1024px\" \/><\/a>\n\t\t\t<\/dt><\/dl><br style=\"clear: both\" \/>\n\t\t<\/div>\n\n<p>&nbsp;<\/p>\n<p>&nbsp;<\/p>\n<p>Diferents mitjans de la comarca s&#8217;han fet ress\u00f2 de la trobada com el <a href=\"http:\/\/www.diarideterrassa.es\/terrassa\/2020\/03\/02\/trobada-desplais-parc-vallparadis\/133433.html\" target=\"_blank\" rel=\"noopener noreferrer\"><span style=\"color: #ff9900;\">Diari de Terrassa<\/span>,<\/a> la R\u00e0dio digital de Terrassa o el <span style=\"color: #ff9900;\"><a style=\"color: #ff9900;\" href=\"https:\/\/terrassadigital.cat\/mes-de-300-infants-i-joves-passen-el-cap-de-setmana-a-terrassa-en-una-trobada-per-reivindicar-els-esplais\/\" target=\"_blank\" rel=\"noopener noreferrer\">Canal Terrassa<\/a><\/span> amb aquest v\u00eddeo:<\/p>\n<div class=\"fusion-video fusion-youtube fusion-aligncenter\" style=\"--awb-max-width:600px;--awb-max-height:360px;--awb-width:100%;\"><div class=\"video-shortcode\"><div class=\"fluid-width-video-wrapper\" style=\"padding-top:60%;\" ><iframe class=\"fusion-hidden\" data-privacy-type=\"youtube\" src=\"\" title=\"YouTube video player 1\" data-privacy-src=\"https:\/\/www.youtube.com\/embed\/l2xb2zpMnyE?wmode=transparent&autoplay=0\" width=\"600\" height=\"360\" allowfullscreen allow=\"autoplay; fullscreen\"><\/iframe><div class=\"fusion-privacy-placeholder\" style=\"width:600px; height:360px;\" data-privacy-type=\"youtube\"><div class=\"fusion-privacy-placeholder-content\"><div class=\"fusion-privacy-label\">For privacy reasons YouTube needs your permission to be loaded. For more details, please see our <a class=\"privacy-policy-link\" href=\"https:\/\/www.esplac.cat\/avis-legal\/\" rel=\"privacy-policy\">Av\u00eds Legal<\/a>.<\/div><a href=\"\" data-privacy-type=\"youtube\" class=\"fusion-button button-default fusion-button-default-size button fusion-privacy-consent\">I Accept<\/a><\/div><\/div><\/div><\/div><\/div>\n<p>&nbsp;<\/p>\n<p>&nbsp;<\/p>\n","protected":false},"excerpt":{"rendered":"<p>El passat cap de setmana del 29 de febrer i [&hellip;]<\/p>\n","protected":false},"author":3,"featured_media":31151,"comment_status":"closed","ping_status":"open","sticky":false,"template":"","format":"standard","meta":{"om_disable_all_campaigns":false,"_monsterinsights_skip_tracking":false,"_monsterinsights_sitenote_active":false,"_monsterinsights_sitenote_note":"","_monsterinsights_sitenote_category":0,"_uf_show_specific_survey":0,"_uf_disable_surveys":false,"footnotes":""},"categories":[1118],"tags":[415,1020,860],"class_list":["post-31132","post","type-post","status-publish","format-standard","has-post-thumbnail","hentry","category-sector-valles-occidental-activitats-sectors","tag-educacio-emocional","tag-terrassa","tag-trobada-general-de-sector"],"yoast_head":"<!-- This site is optimized with the Yoast SEO plugin v27.5 - https:\/\/yoast.com\/product\/yoast-seo-wordpress\/ -->\n<title>400 infants i joves a la Trobada General del Sector Vall\u00e8s Occidental! - Esplac<\/title>\n<meta name=\"robots\" content=\"index, follow, max-snippet:-1, max-image-preview:large, max-video-preview:-1\" \/>\n<link rel=\"canonical\" href=\"https:\/\/www.esplac.cat\/400-infants-joves-trobada-sector-valles-occidental\/\" \/>\n<meta property=\"og:locale\" content=\"es_ES\" \/>\n<meta property=\"og:type\" content=\"article\" \/>\n<meta property=\"og:title\" content=\"400 infants i joves a la Trobada General del Sector Vall\u00e8s Occidental! - Esplac\" \/>\n<meta property=\"og:description\" content=\"El passat cap de setmana del 29 de febrer i [&hellip;]\" \/>\n<meta property=\"og:url\" content=\"https:\/\/www.esplac.cat\/400-infants-joves-trobada-sector-valles-occidental\/\" \/>\n<meta property=\"og:site_name\" content=\"Esplac\" \/>\n<meta property=\"article:published_time\" content=\"2020-03-02T13:02:47+00:00\" \/>\n<meta property=\"article:modified_time\" content=\"2020-10-15T16:22:58+00:00\" \/>\n<meta property=\"og:image\" content=\"https:\/\/www.esplac.cat\/wp-content\/uploads\/2020\/03\/portadaVALLOCC.jpg\" \/>\n\t<meta property=\"og:image:width\" content=\"1694\" \/>\n\t<meta property=\"og:image:height\" content=\"700\" \/>\n\t<meta property=\"og:image:type\" content=\"image\/jpeg\" \/>\n<meta name=\"author\" content=\"Comunicaci\u00f3 Esplac\" \/>\n<meta name=\"twitter:card\" content=\"summary_large_image\" \/>\n<meta name=\"twitter:label1\" content=\"Escrito por\" \/>\n\t<meta name=\"twitter:data1\" content=\"Comunicaci\u00f3 Esplac\" \/>\n\t<meta name=\"twitter:label2\" content=\"Tiempo de lectura\" \/>\n\t<meta name=\"twitter:data2\" content=\"2 minutos\" \/>\n<script type=\"application\/ld+json\" class=\"yoast-schema-graph\">{\"@context\":\"https:\\\/\\\/schema.org\",\"@graph\":[{\"@type\":\"Article\",\"@id\":\"https:\\\/\\\/www.esplac.cat\\\/400-infants-joves-trobada-sector-valles-occidental\\\/#article\",\"isPartOf\":{\"@id\":\"https:\\\/\\\/www.esplac.cat\\\/400-infants-joves-trobada-sector-valles-occidental\\\/\"},\"author\":{\"name\":\"Comunicaci\u00f3 Esplac\",\"@id\":\"https:\\\/\\\/www.esplac.cat\\\/#\\\/schema\\\/person\\\/908383cf240be18b68f8855d0583faca\"},\"headline\":\"400 infants i joves a la Trobada General del Sector Vall\u00e8s Occidental!\",\"datePublished\":\"2020-03-02T13:02:47+00:00\",\"dateModified\":\"2020-10-15T16:22:58+00:00\",\"mainEntityOfPage\":{\"@id\":\"https:\\\/\\\/www.esplac.cat\\\/400-infants-joves-trobada-sector-valles-occidental\\\/\"},\"wordCount\":396,\"publisher\":{\"@id\":\"https:\\\/\\\/www.esplac.cat\\\/#organization\"},\"image\":{\"@id\":\"https:\\\/\\\/www.esplac.cat\\\/400-infants-joves-trobada-sector-valles-occidental\\\/#primaryimage\"},\"thumbnailUrl\":\"https:\\\/\\\/www.esplac.cat\\\/wp-content\\\/uploads\\\/2020\\\/03\\\/portadaVALLOCC.jpg\",\"keywords\":[\"educaci\u00f3 emocional\",\"terrassa\",\"trobada general de sector\"],\"articleSection\":[\"Sector Vall\u00e8s Occidental\"],\"inLanguage\":\"es\"},{\"@type\":\"WebPage\",\"@id\":\"https:\\\/\\\/www.esplac.cat\\\/400-infants-joves-trobada-sector-valles-occidental\\\/\",\"url\":\"https:\\\/\\\/www.esplac.cat\\\/400-infants-joves-trobada-sector-valles-occidental\\\/\",\"name\":\"400 infants i joves a la Trobada General del Sector Vall\u00e8s Occidental! - Esplac\",\"isPartOf\":{\"@id\":\"https:\\\/\\\/www.esplac.cat\\\/#website\"},\"primaryImageOfPage\":{\"@id\":\"https:\\\/\\\/www.esplac.cat\\\/400-infants-joves-trobada-sector-valles-occidental\\\/#primaryimage\"},\"image\":{\"@id\":\"https:\\\/\\\/www.esplac.cat\\\/400-infants-joves-trobada-sector-valles-occidental\\\/#primaryimage\"},\"thumbnailUrl\":\"https:\\\/\\\/www.esplac.cat\\\/wp-content\\\/uploads\\\/2020\\\/03\\\/portadaVALLOCC.jpg\",\"datePublished\":\"2020-03-02T13:02:47+00:00\",\"dateModified\":\"2020-10-15T16:22:58+00:00\",\"breadcrumb\":{\"@id\":\"https:\\\/\\\/www.esplac.cat\\\/400-infants-joves-trobada-sector-valles-occidental\\\/#breadcrumb\"},\"inLanguage\":\"es\",\"potentialAction\":[{\"@type\":\"ReadAction\",\"target\":[\"https:\\\/\\\/www.esplac.cat\\\/400-infants-joves-trobada-sector-valles-occidental\\\/\"]}]},{\"@type\":\"ImageObject\",\"inLanguage\":\"es\",\"@id\":\"https:\\\/\\\/www.esplac.cat\\\/400-infants-joves-trobada-sector-valles-occidental\\\/#primaryimage\",\"url\":\"https:\\\/\\\/www.esplac.cat\\\/wp-content\\\/uploads\\\/2020\\\/03\\\/portadaVALLOCC.jpg\",\"contentUrl\":\"https:\\\/\\\/www.esplac.cat\\\/wp-content\\\/uploads\\\/2020\\\/03\\\/portadaVALLOCC.jpg\",\"width\":1694,\"height\":700},{\"@type\":\"BreadcrumbList\",\"@id\":\"https:\\\/\\\/www.esplac.cat\\\/400-infants-joves-trobada-sector-valles-occidental\\\/#breadcrumb\",\"itemListElement\":[{\"@type\":\"ListItem\",\"position\":1,\"name\":\"Inici\",\"item\":\"https:\\\/\\\/www.esplac.cat\\\/es\\\/\"},{\"@type\":\"ListItem\",\"position\":2,\"name\":\"400 infants i joves a la Trobada General del Sector Vall\u00e8s Occidental!\"}]},{\"@type\":\"WebSite\",\"@id\":\"https:\\\/\\\/www.esplac.cat\\\/#website\",\"url\":\"https:\\\/\\\/www.esplac.cat\\\/\",\"name\":\"Esplac\",\"description\":\"Esplais Catalans\",\"publisher\":{\"@id\":\"https:\\\/\\\/www.esplac.cat\\\/#organization\"},\"potentialAction\":[{\"@type\":\"SearchAction\",\"target\":{\"@type\":\"EntryPoint\",\"urlTemplate\":\"https:\\\/\\\/www.esplac.cat\\\/?s={search_term_string}\"},\"query-input\":{\"@type\":\"PropertyValueSpecification\",\"valueRequired\":true,\"valueName\":\"search_term_string\"}}],\"inLanguage\":\"es\"},{\"@type\":\"Organization\",\"@id\":\"https:\\\/\\\/www.esplac.cat\\\/#organization\",\"name\":\"Esplac\",\"url\":\"https:\\\/\\\/www.esplac.cat\\\/\",\"logo\":{\"@type\":\"ImageObject\",\"inLanguage\":\"es\",\"@id\":\"https:\\\/\\\/www.esplac.cat\\\/#\\\/schema\\\/logo\\\/image\\\/\",\"url\":\"https:\\\/\\\/www.esplac.cat\\\/wp-content\\\/uploads\\\/2019\\\/08\\\/logox2.png\",\"contentUrl\":\"https:\\\/\\\/www.esplac.cat\\\/wp-content\\\/uploads\\\/2019\\\/08\\\/logox2.png\",\"width\":600,\"height\":295,\"caption\":\"Esplac\"},\"image\":{\"@id\":\"https:\\\/\\\/www.esplac.cat\\\/#\\\/schema\\\/logo\\\/image\\\/\"}},{\"@type\":\"Person\",\"@id\":\"https:\\\/\\\/www.esplac.cat\\\/#\\\/schema\\\/person\\\/908383cf240be18b68f8855d0583faca\",\"name\":\"Comunicaci\u00f3 Esplac\",\"image\":{\"@type\":\"ImageObject\",\"inLanguage\":\"es\",\"@id\":\"https:\\\/\\\/secure.gravatar.com\\\/avatar\\\/7a4cf8feb412a76ea4a740ca02d95b06b2907b5a6c648c2dd0a1082a093c3141?s=96&d=mm&r=g\",\"url\":\"https:\\\/\\\/secure.gravatar.com\\\/avatar\\\/7a4cf8feb412a76ea4a740ca02d95b06b2907b5a6c648c2dd0a1082a093c3141?s=96&d=mm&r=g\",\"contentUrl\":\"https:\\\/\\\/secure.gravatar.com\\\/avatar\\\/7a4cf8feb412a76ea4a740ca02d95b06b2907b5a6c648c2dd0a1082a093c3141?s=96&d=mm&r=g\",\"caption\":\"Comunicaci\u00f3 Esplac\"}}]}<\/script>\n<!-- \/ Yoast SEO plugin. -->","yoast_head_json":{"title":"400 infants i joves a la Trobada General del Sector Vall\u00e8s Occidental! - Esplac","robots":{"index":"index","follow":"follow","max-snippet":"max-snippet:-1","max-image-preview":"max-image-preview:large","max-video-preview":"max-video-preview:-1"},"canonical":"https:\/\/www.esplac.cat\/400-infants-joves-trobada-sector-valles-occidental\/","og_locale":"es_ES","og_type":"article","og_title":"400 infants i joves a la Trobada General del Sector Vall\u00e8s Occidental! - Esplac","og_description":"El passat cap de setmana del 29 de febrer i [&hellip;]","og_url":"https:\/\/www.esplac.cat\/400-infants-joves-trobada-sector-valles-occidental\/","og_site_name":"Esplac","article_published_time":"2020-03-02T13:02:47+00:00","article_modified_time":"2020-10-15T16:22:58+00:00","og_image":[{"width":1694,"height":700,"url":"https:\/\/www.esplac.cat\/wp-content\/uploads\/2020\/03\/portadaVALLOCC.jpg","type":"image\/jpeg"}],"author":"Comunicaci\u00f3 Esplac","twitter_card":"summary_large_image","twitter_misc":{"Escrito por":"Comunicaci\u00f3 Esplac","Tiempo de lectura":"2 minutos"},"schema":{"@context":"https:\/\/schema.org","@graph":[{"@type":"Article","@id":"https:\/\/www.esplac.cat\/400-infants-joves-trobada-sector-valles-occidental\/#article","isPartOf":{"@id":"https:\/\/www.esplac.cat\/400-infants-joves-trobada-sector-valles-occidental\/"},"author":{"name":"Comunicaci\u00f3 Esplac","@id":"https:\/\/www.esplac.cat\/#\/schema\/person\/908383cf240be18b68f8855d0583faca"},"headline":"400 infants i joves a la Trobada General del Sector Vall\u00e8s Occidental!","datePublished":"2020-03-02T13:02:47+00:00","dateModified":"2020-10-15T16:22:58+00:00","mainEntityOfPage":{"@id":"https:\/\/www.esplac.cat\/400-infants-joves-trobada-sector-valles-occidental\/"},"wordCount":396,"publisher":{"@id":"https:\/\/www.esplac.cat\/#organization"},"image":{"@id":"https:\/\/www.esplac.cat\/400-infants-joves-trobada-sector-valles-occidental\/#primaryimage"},"thumbnailUrl":"https:\/\/www.esplac.cat\/wp-content\/uploads\/2020\/03\/portadaVALLOCC.jpg","keywords":["educaci\u00f3 emocional","terrassa","trobada general de sector"],"articleSection":["Sector Vall\u00e8s Occidental"],"inLanguage":"es"},{"@type":"WebPage","@id":"https:\/\/www.esplac.cat\/400-infants-joves-trobada-sector-valles-occidental\/","url":"https:\/\/www.esplac.cat\/400-infants-joves-trobada-sector-valles-occidental\/","name":"400 infants i joves a la Trobada General del Sector Vall\u00e8s Occidental! - Esplac","isPartOf":{"@id":"https:\/\/www.esplac.cat\/#website"},"primaryImageOfPage":{"@id":"https:\/\/www.esplac.cat\/400-infants-joves-trobada-sector-valles-occidental\/#primaryimage"},"image":{"@id":"https:\/\/www.esplac.cat\/400-infants-joves-trobada-sector-valles-occidental\/#primaryimage"},"thumbnailUrl":"https:\/\/www.esplac.cat\/wp-content\/uploads\/2020\/03\/portadaVALLOCC.jpg","datePublished":"2020-03-02T13:02:47+00:00","dateModified":"2020-10-15T16:22:58+00:00","breadcrumb":{"@id":"https:\/\/www.esplac.cat\/400-infants-joves-trobada-sector-valles-occidental\/#breadcrumb"},"inLanguage":"es","potentialAction":[{"@type":"ReadAction","target":["https:\/\/www.esplac.cat\/400-infants-joves-trobada-sector-valles-occidental\/"]}]},{"@type":"ImageObject","inLanguage":"es","@id":"https:\/\/www.esplac.cat\/400-infants-joves-trobada-sector-valles-occidental\/#primaryimage","url":"https:\/\/www.esplac.cat\/wp-content\/uploads\/2020\/03\/portadaVALLOCC.jpg","contentUrl":"https:\/\/www.esplac.cat\/wp-content\/uploads\/2020\/03\/portadaVALLOCC.jpg","width":1694,"height":700},{"@type":"BreadcrumbList","@id":"https:\/\/www.esplac.cat\/400-infants-joves-trobada-sector-valles-occidental\/#breadcrumb","itemListElement":[{"@type":"ListItem","position":1,"name":"Inici","item":"https:\/\/www.esplac.cat\/es\/"},{"@type":"ListItem","position":2,"name":"400 infants i joves a la Trobada General del Sector Vall\u00e8s Occidental!"}]},{"@type":"WebSite","@id":"https:\/\/www.esplac.cat\/#website","url":"https:\/\/www.esplac.cat\/","name":"Esplac","description":"Esplais Catalans","publisher":{"@id":"https:\/\/www.esplac.cat\/#organization"},"potentialAction":[{"@type":"SearchAction","target":{"@type":"EntryPoint","urlTemplate":"https:\/\/www.esplac.cat\/?s={search_term_string}"},"query-input":{"@type":"PropertyValueSpecification","valueRequired":true,"valueName":"search_term_string"}}],"inLanguage":"es"},{"@type":"Organization","@id":"https:\/\/www.esplac.cat\/#organization","name":"Esplac","url":"https:\/\/www.esplac.cat\/","logo":{"@type":"ImageObject","inLanguage":"es","@id":"https:\/\/www.esplac.cat\/#\/schema\/logo\/image\/","url":"https:\/\/www.esplac.cat\/wp-content\/uploads\/2019\/08\/logox2.png","contentUrl":"https:\/\/www.esplac.cat\/wp-content\/uploads\/2019\/08\/logox2.png","width":600,"height":295,"caption":"Esplac"},"image":{"@id":"https:\/\/www.esplac.cat\/#\/schema\/logo\/image\/"}},{"@type":"Person","@id":"https:\/\/www.esplac.cat\/#\/schema\/person\/908383cf240be18b68f8855d0583faca","name":"Comunicaci\u00f3 Esplac","image":{"@type":"ImageObject","inLanguage":"es","@id":"https:\/\/secure.gravatar.com\/avatar\/7a4cf8feb412a76ea4a740ca02d95b06b2907b5a6c648c2dd0a1082a093c3141?s=96&d=mm&r=g","url":"https:\/\/secure.gravatar.com\/avatar\/7a4cf8feb412a76ea4a740ca02d95b06b2907b5a6c648c2dd0a1082a093c3141?s=96&d=mm&r=g","contentUrl":"https:\/\/secure.gravatar.com\/avatar\/7a4cf8feb412a76ea4a740ca02d95b06b2907b5a6c648c2dd0a1082a093c3141?s=96&d=mm&r=g","caption":"Comunicaci\u00f3 Esplac"}}]}},"_links":{"self":[{"href":"https:\/\/www.esplac.cat\/es\/wp-json\/wp\/v2\/posts\/31132","targetHints":{"allow":["GET"]}}],"collection":[{"href":"https:\/\/www.esplac.cat\/es\/wp-json\/wp\/v2\/posts"}],"about":[{"href":"https:\/\/www.esplac.cat\/es\/wp-json\/wp\/v2\/types\/post"}],"author":[{"embeddable":true,"href":"https:\/\/www.esplac.cat\/es\/wp-json\/wp\/v2\/users\/3"}],"replies":[{"embeddable":true,"href":"https:\/\/www.esplac.cat\/es\/wp-json\/wp\/v2\/comments?post=31132"}],"version-history":[{"count":0,"href":"https:\/\/www.esplac.cat\/es\/wp-json\/wp\/v2\/posts\/31132\/revisions"}],"wp:featuredmedia":[{"embeddable":true,"href":"https:\/\/www.esplac.cat\/es\/wp-json\/wp\/v2\/media\/31151"}],"wp:attachment":[{"href":"https:\/\/www.esplac.cat\/es\/wp-json\/wp\/v2\/media?parent=31132"}],"wp:term":[{"taxonomy":"category","embeddable":true,"href":"https:\/\/www.esplac.cat\/es\/wp-json\/wp\/v2\/categories?post=31132"},{"taxonomy":"post_tag","embeddable":true,"href":"https:\/\/www.esplac.cat\/es\/wp-json\/wp\/v2\/tags?post=31132"}],"curies":[{"name":"wp","href":"https:\/\/api.w.org\/{rel}","templated":true}]}}