{"id":31307,"date":"2020-03-12T13:34:18","date_gmt":"2020-03-12T12:34:18","guid":{"rendered":"https:\/\/www.esplac.cat\/?p=31307"},"modified":"2020-10-15T17:22:57","modified_gmt":"2020-10-15T16:22:57","slug":"covid19-afectacio-esplais","status":"publish","type":"post","link":"https:\/\/www.esplac.cat\/es\/covid19-afectacio-esplais\/","title":{"rendered":"Informacions sobre l&#8217;afectaci\u00f3 directa de les mesures de contenci\u00f3 del COVID-19 als esplais"},"content":{"rendered":"<h6><strong>Benvolguts esplais, o<\/strong><span style=\"font-weight: 400;\"><strong>bim aquesta p\u00e0gina, on anirem actualitzant tota la informaci\u00f3 que rebem en relaci\u00f3 a la situaci\u00f3 actual de les mesures de contenci\u00f3 del COVID-19 i la seva afectaci\u00f3 sobre l\u2019activitat dels esplais i d\u2019Esplac.<\/strong> <\/span><\/h6>\n<p><span style=\"font-weight: 400;\">Com us hem informat aquest mat\u00ed, avui (12 de mar\u00e7 de 2020) hem assistit a una reuni\u00f3 amb la Generalitat de Catalunya en qu\u00e8 ens han informat de les mesures que es prendran en relaci\u00f3 a la <strong>contenci\u00f3 del COVID-19 i la seva afectaci\u00f3 sobre l\u2019activitat dels esplais i d\u2019Esplac<\/strong>. La informaci\u00f3 que ens han donat amplia i concreta la que ja han fet p\u00fablica aquest mat\u00ed. \u00c9s per aix\u00f2 que tot seguit us detallem les accions previstes i les recomanacions que fem des d\u2019Esplac:<\/span><\/p>\n<p><span style=\"font-weight: 400;\">Pel que fa als <strong>esplais<\/strong>:<\/span><\/p>\n<ol>\n<li style=\"font-weight: 400;\"><span style=\"font-weight: 400;\">Ens han informat que aquesta tarda o dem\u00e0 es publicar\u00e0 una ordre per la qual <strong>es posposa tota l&#8217;activitat dels esplais des d&#8217;avui i fins al dia 30<\/strong>. Per tant no es podr\u00e0 fer activitat ordin\u00e0ria d&#8217;esplai ni excursions durant els propers tres caps de setmana.<\/span><\/li>\n<li style=\"font-weight: 400;\"><span style=\"font-weight: 400;\">Ens ha comunicat que aquesta ordre pot ser prorrogable i que <strong>\u00e9s probable que acabi tenint afectaci\u00f3 sobre les activitats de primavera<\/strong>. En aquest sentit, hem demanat que es concreti tan aviat com sigui possible aquesta mesura. Des d&#8217;Esplac us recomanem que, <strong>sense deixar de preparar les activitats, posposeu totes les accions que puguin suposar un cost irreversible en cas que les activitats no es puguin fer<\/strong>. Aquestes accions poden incloure compres d\u2019alguns materials o reserves de serveis.<\/span><\/li>\n<li style=\"font-weight: 400;\"><span style=\"font-weight: 400;\">Per a la realitzaci\u00f3 de <strong>reunions<\/strong> de l&#8217;esplai us recordem que la Generalitat ha marcat que <strong>nom\u00e9s es pot ocupar un ter\u00e7 de l&#8217;aforament dels espais.<\/strong> Us animem a seguir aquesta indicaci\u00f3 posposant totes aquelles reunions no imprescindibles i realitzant les trobades que siguin possibles a trav\u00e9s de mitjans telem\u00e0tics.<\/span><\/li>\n<li style=\"font-weight: 400;\"><span style=\"font-weight: 400;\">Si heu hagut de cancel\u00b7lar alguna activitat per la qual s&#8217;hagu\u00e9s fet una reserva o pagat una bestreta, la Generalitat ens ha dit que est\u00e0 consultant si es pot recuperar o no. Tan bon punt ho sapiguem us facilitarem la informaci\u00f3.<\/span><\/li>\n<\/ol>\n<p><span style=\"font-weight: 400;\">Pel que fa als <strong>sectors<\/strong>:<\/span><\/p>\n<ol>\n<li style=\"font-weight: 400;\"><span style=\"font-weight: 400;\">Seguint les recomanacions i indicacions, <strong>queden anul\u00b7lades les activitats de monis i infants que hi hagu\u00e9s programades dins del per\u00edode que va d&#8217;avui al 30 de mar\u00e7.<\/strong> Igual que en el cas de les activitats de l&#8217;esplai, aquesta mesura es pot allargar en funci\u00f3 de la informaci\u00f3 que se&#8217;ns faci arribar des de les administracions. Els EGS us informaran sobre com es decideix si aquestes s&#8217;anul\u00b7len o es posposen i, en cas que es posposin, en quines dates tindran lloc.<\/span><\/li>\n<li style=\"font-weight: 400;\"><span style=\"font-weight: 400;\">Pel que fa a la resta de reunions del sector, els EGS us informaran sobre la gesti\u00f3 que es fa. Tot i aix\u00f2, les directrius generals s\u00f3n les mateixes que les que s&#8217;haurien d&#8217;aplicar a reunions de l&#8217;esplai: posposar-se o fer-se telem\u00e0ticament, si es pot, o b\u00e9 realitzar-se en espais on nom\u00e9s s&#8217;ocupi un ter\u00e7 de l&#8217;aforament.<\/span><\/li>\n<\/ol>\n<p><span style=\"font-weight: 400;\">Pel que fa a la resta d\u2019<strong>activitat d\u2019Esplac<\/strong>:<\/span><\/p>\n<ol>\n<li style=\"font-weight: 400;\"><span style=\"font-weight: 400;\">Les diverses reunions programades s&#8217;han de tractar segons les indicacions ja esmentades: posposar-se o fer-se telem\u00e0ticament, si es pot, o b\u00e9 realitzar-se en espais on nom\u00e9s s&#8217;ocupi un ter\u00e7 de l&#8217;aforament.<\/span><\/li>\n<li style=\"font-weight: 400;\"><span style=\"font-weight: 400;\">La resta d&#8217;activitats, com l&#8217;<strong>Escola d&#8217;Esplac<\/strong>, queden posposades i tan aviat com sigui possible s\u2019informar\u00e0 de la nova data de realitzaci\u00f3.<\/span><\/li>\n<\/ol>\n<p><span style=\"font-weight: 400;\">Les oficines d\u2019Esplac segueixen obertes i <strong>ens podeu contactar en horari d\u2019oficina al 93 302 61 03, al correu electr\u00f2nic <\/strong><\/span><strong><a href=\"mailto:esplac@esplac.cat\">esplac@esplac.cat<\/a>,<\/strong><span style=\"font-weight: 400;\"><strong> o comunicant-vos amb la vostra Coordinadora de Projectes de Sector<\/strong>. Si necessiteu ajuda o teniu qualsevol dubte us animem a contactar-nos. Les diverses preguntes que pugueu tenir les farem arribar a l\u2019administraci\u00f3.<\/span><\/p>\n<p><span style=\"font-weight: 400;\">Si teniu preguntes sobre el virus: qu\u00e8 \u00e9s i quines mesures de protecci\u00f3 heu de prendre, us recomanem consultar la p\u00e0gina habilitada per la Generalitat: <\/span><span style=\"color: #f69d0b;\"><strong><a style=\"color: #f69d0b;\" href=\"http:\/\/canalsalut.gencat.cat\/ca\/salut-a-z\/c\/coronavirus-2019-ncov\/#bloc5\">canalsalut.gencat.cat<\/a><\/strong><\/span><span style=\"font-weight: 400;\">. A m\u00e9s, us animem a actuar de manera responsable, facilitant informaci\u00f3 contrastada als vostres infants i joves i evitant la propagaci\u00f3 de rumors i not\u00edcies falses!<\/span><\/p>\n<p>Per \u00faltim, volem engrescar-vos a trobar maneres alternatives de fer esplai, creant jocs en qu\u00e8 els infants puguin participar de manera virtual, fer cinef\u00f2rums des de casa o qualsevol altra din\u00e0mica que se us pugui acudir! En<a href=\"https:\/\/www.esplac.cat\/alternatives-esplai-covid19\/\"><span style=\"color: #f69d0b;\"><strong> aquesta not\u00edcia<\/strong><\/span><\/a> us proposem quatre <strong>maneres imaginatives de seguir fent esplai tot i els impediments<\/strong>!<\/p>\n<p><span style=\"font-weight: 400;\">Moltes gr\u00e0cies per la col\u00b7laboraci\u00f3 i recordeu que <strong>som #MonisImparables<\/strong>!\u00a0 \u00a0<\/span><\/p>\n<p><span style=\"font-weight: 400;\"><strong>\u00a0\u00a0<\/strong><\/span><\/p>\n<p>\u00daltima actualitzaci\u00f3 de la p\u00e0gina: dijous, 12 de mar\u00e7 a les 19 h.<\/p>\n","protected":false},"excerpt":{"rendered":"<p>Benvolguts esplais, obim aquesta p\u00e0gina, on anirem actualitzant tota la [&hellip;]<\/p>\n","protected":false},"author":3,"featured_media":31308,"comment_status":"closed","ping_status":"open","sticky":false,"template":"","format":"standard","meta":{"om_disable_all_campaigns":false,"_monsterinsights_skip_tracking":false,"_monsterinsights_sitenote_active":false,"_monsterinsights_sitenote_note":"","_monsterinsights_sitenote_category":0,"_uf_show_specific_survey":0,"_uf_disable_surveys":false,"footnotes":""},"categories":[1127,1],"tags":[1066,1297,1296,1295,337],"class_list":["post-31307","post","type-post","status-publish","format-standard","has-post-thumbnail","hentry","category-comunicats-posicionaments","category-sense-categoria","tag-activitat","tag-afectacio","tag-covid-19","tag-direccio-general-de-joventut","tag-esplais"],"yoast_head":"<!-- This site is optimized with the Yoast SEO plugin v27.4 - https:\/\/yoast.com\/product\/yoast-seo-wordpress\/ -->\n<title>Informacions sobre l&#039;afectaci\u00f3 directa de les mesures de contenci\u00f3 del COVID-19 als esplais - Esplac<\/title>\n<meta name=\"robots\" content=\"index, follow, max-snippet:-1, max-image-preview:large, max-video-preview:-1\" \/>\n<link rel=\"canonical\" href=\"https:\/\/www.esplac.cat\/covid19-afectacio-esplais\/\" \/>\n<meta property=\"og:locale\" content=\"es_ES\" \/>\n<meta property=\"og:type\" content=\"article\" \/>\n<meta property=\"og:title\" content=\"Informacions sobre l&#039;afectaci\u00f3 directa de les mesures de contenci\u00f3 del COVID-19 als esplais - Esplac\" \/>\n<meta property=\"og:description\" content=\"Benvolguts esplais, obim aquesta p\u00e0gina, on anirem actualitzant tota la [&hellip;]\" \/>\n<meta property=\"og:url\" content=\"https:\/\/www.esplac.cat\/covid19-afectacio-esplais\/\" \/>\n<meta property=\"og:site_name\" content=\"Esplac\" \/>\n<meta property=\"article:published_time\" content=\"2020-03-12T12:34:18+00:00\" \/>\n<meta property=\"article:modified_time\" content=\"2020-10-15T16:22:57+00:00\" \/>\n<meta property=\"og:image\" content=\"https:\/\/www.esplac.cat\/wp-content\/uploads\/2020\/03\/portada.jpg\" \/>\n\t<meta property=\"og:image:width\" content=\"1694\" \/>\n\t<meta property=\"og:image:height\" content=\"700\" \/>\n\t<meta property=\"og:image:type\" content=\"image\/jpeg\" \/>\n<meta name=\"author\" content=\"Comunicaci\u00f3 Esplac\" \/>\n<meta name=\"twitter:card\" content=\"summary_large_image\" \/>\n<meta name=\"twitter:label1\" content=\"Escrito por\" \/>\n\t<meta name=\"twitter:data1\" content=\"Comunicaci\u00f3 Esplac\" \/>\n\t<meta name=\"twitter:label2\" content=\"Tiempo de lectura\" \/>\n\t<meta name=\"twitter:data2\" content=\"4 minutos\" \/>\n<script type=\"application\/ld+json\" class=\"yoast-schema-graph\">{\"@context\":\"https:\\\/\\\/schema.org\",\"@graph\":[{\"@type\":\"Article\",\"@id\":\"https:\\\/\\\/www.esplac.cat\\\/covid19-afectacio-esplais\\\/#article\",\"isPartOf\":{\"@id\":\"https:\\\/\\\/www.esplac.cat\\\/covid19-afectacio-esplais\\\/\"},\"author\":{\"name\":\"Comunicaci\u00f3 Esplac\",\"@id\":\"https:\\\/\\\/www.esplac.cat\\\/#\\\/schema\\\/person\\\/908383cf240be18b68f8855d0583faca\"},\"headline\":\"Informacions sobre l&#8217;afectaci\u00f3 directa de les mesures de contenci\u00f3 del COVID-19 als esplais\",\"datePublished\":\"2020-03-12T12:34:18+00:00\",\"dateModified\":\"2020-10-15T16:22:57+00:00\",\"mainEntityOfPage\":{\"@id\":\"https:\\\/\\\/www.esplac.cat\\\/covid19-afectacio-esplais\\\/\"},\"wordCount\":793,\"publisher\":{\"@id\":\"https:\\\/\\\/www.esplac.cat\\\/#organization\"},\"image\":{\"@id\":\"https:\\\/\\\/www.esplac.cat\\\/covid19-afectacio-esplais\\\/#primaryimage\"},\"thumbnailUrl\":\"https:\\\/\\\/www.esplac.cat\\\/wp-content\\\/uploads\\\/2020\\\/03\\\/portada.jpg\",\"keywords\":[\"activitat\",\"afectaci\u00f3\",\"covid-19\",\"direcci\u00f3 general de joventut\",\"esplais\"],\"articleSection\":[\"Comunicats i posicionaments\",\"Sense categoria\"],\"inLanguage\":\"es\"},{\"@type\":\"WebPage\",\"@id\":\"https:\\\/\\\/www.esplac.cat\\\/covid19-afectacio-esplais\\\/\",\"url\":\"https:\\\/\\\/www.esplac.cat\\\/covid19-afectacio-esplais\\\/\",\"name\":\"Informacions sobre l'afectaci\u00f3 directa de les mesures de contenci\u00f3 del COVID-19 als esplais - Esplac\",\"isPartOf\":{\"@id\":\"https:\\\/\\\/www.esplac.cat\\\/#website\"},\"primaryImageOfPage\":{\"@id\":\"https:\\\/\\\/www.esplac.cat\\\/covid19-afectacio-esplais\\\/#primaryimage\"},\"image\":{\"@id\":\"https:\\\/\\\/www.esplac.cat\\\/covid19-afectacio-esplais\\\/#primaryimage\"},\"thumbnailUrl\":\"https:\\\/\\\/www.esplac.cat\\\/wp-content\\\/uploads\\\/2020\\\/03\\\/portada.jpg\",\"datePublished\":\"2020-03-12T12:34:18+00:00\",\"dateModified\":\"2020-10-15T16:22:57+00:00\",\"breadcrumb\":{\"@id\":\"https:\\\/\\\/www.esplac.cat\\\/covid19-afectacio-esplais\\\/#breadcrumb\"},\"inLanguage\":\"es\",\"potentialAction\":[{\"@type\":\"ReadAction\",\"target\":[\"https:\\\/\\\/www.esplac.cat\\\/covid19-afectacio-esplais\\\/\"]}]},{\"@type\":\"ImageObject\",\"inLanguage\":\"es\",\"@id\":\"https:\\\/\\\/www.esplac.cat\\\/covid19-afectacio-esplais\\\/#primaryimage\",\"url\":\"https:\\\/\\\/www.esplac.cat\\\/wp-content\\\/uploads\\\/2020\\\/03\\\/portada.jpg\",\"contentUrl\":\"https:\\\/\\\/www.esplac.cat\\\/wp-content\\\/uploads\\\/2020\\\/03\\\/portada.jpg\",\"width\":1694,\"height\":700},{\"@type\":\"BreadcrumbList\",\"@id\":\"https:\\\/\\\/www.esplac.cat\\\/covid19-afectacio-esplais\\\/#breadcrumb\",\"itemListElement\":[{\"@type\":\"ListItem\",\"position\":1,\"name\":\"Inici\",\"item\":\"https:\\\/\\\/www.esplac.cat\\\/es\\\/\"},{\"@type\":\"ListItem\",\"position\":2,\"name\":\"Informacions sobre l&#8217;afectaci\u00f3 directa de les mesures de contenci\u00f3 del COVID-19 als esplais\"}]},{\"@type\":\"WebSite\",\"@id\":\"https:\\\/\\\/www.esplac.cat\\\/#website\",\"url\":\"https:\\\/\\\/www.esplac.cat\\\/\",\"name\":\"Esplac\",\"description\":\"Esplais Catalans\",\"publisher\":{\"@id\":\"https:\\\/\\\/www.esplac.cat\\\/#organization\"},\"potentialAction\":[{\"@type\":\"SearchAction\",\"target\":{\"@type\":\"EntryPoint\",\"urlTemplate\":\"https:\\\/\\\/www.esplac.cat\\\/?s={search_term_string}\"},\"query-input\":{\"@type\":\"PropertyValueSpecification\",\"valueRequired\":true,\"valueName\":\"search_term_string\"}}],\"inLanguage\":\"es\"},{\"@type\":\"Organization\",\"@id\":\"https:\\\/\\\/www.esplac.cat\\\/#organization\",\"name\":\"Esplac\",\"url\":\"https:\\\/\\\/www.esplac.cat\\\/\",\"logo\":{\"@type\":\"ImageObject\",\"inLanguage\":\"es\",\"@id\":\"https:\\\/\\\/www.esplac.cat\\\/#\\\/schema\\\/logo\\\/image\\\/\",\"url\":\"https:\\\/\\\/www.esplac.cat\\\/wp-content\\\/uploads\\\/2019\\\/08\\\/logox2.png\",\"contentUrl\":\"https:\\\/\\\/www.esplac.cat\\\/wp-content\\\/uploads\\\/2019\\\/08\\\/logox2.png\",\"width\":600,\"height\":295,\"caption\":\"Esplac\"},\"image\":{\"@id\":\"https:\\\/\\\/www.esplac.cat\\\/#\\\/schema\\\/logo\\\/image\\\/\"}},{\"@type\":\"Person\",\"@id\":\"https:\\\/\\\/www.esplac.cat\\\/#\\\/schema\\\/person\\\/908383cf240be18b68f8855d0583faca\",\"name\":\"Comunicaci\u00f3 Esplac\",\"image\":{\"@type\":\"ImageObject\",\"inLanguage\":\"es\",\"@id\":\"https:\\\/\\\/secure.gravatar.com\\\/avatar\\\/7a4cf8feb412a76ea4a740ca02d95b06b2907b5a6c648c2dd0a1082a093c3141?s=96&d=mm&r=g\",\"url\":\"https:\\\/\\\/secure.gravatar.com\\\/avatar\\\/7a4cf8feb412a76ea4a740ca02d95b06b2907b5a6c648c2dd0a1082a093c3141?s=96&d=mm&r=g\",\"contentUrl\":\"https:\\\/\\\/secure.gravatar.com\\\/avatar\\\/7a4cf8feb412a76ea4a740ca02d95b06b2907b5a6c648c2dd0a1082a093c3141?s=96&d=mm&r=g\",\"caption\":\"Comunicaci\u00f3 Esplac\"}}]}<\/script>\n<!-- \/ Yoast SEO plugin. -->","yoast_head_json":{"title":"Informacions sobre l'afectaci\u00f3 directa de les mesures de contenci\u00f3 del COVID-19 als esplais - Esplac","robots":{"index":"index","follow":"follow","max-snippet":"max-snippet:-1","max-image-preview":"max-image-preview:large","max-video-preview":"max-video-preview:-1"},"canonical":"https:\/\/www.esplac.cat\/covid19-afectacio-esplais\/","og_locale":"es_ES","og_type":"article","og_title":"Informacions sobre l'afectaci\u00f3 directa de les mesures de contenci\u00f3 del COVID-19 als esplais - Esplac","og_description":"Benvolguts esplais, obim aquesta p\u00e0gina, on anirem actualitzant tota la [&hellip;]","og_url":"https:\/\/www.esplac.cat\/covid19-afectacio-esplais\/","og_site_name":"Esplac","article_published_time":"2020-03-12T12:34:18+00:00","article_modified_time":"2020-10-15T16:22:57+00:00","og_image":[{"width":1694,"height":700,"url":"https:\/\/www.esplac.cat\/wp-content\/uploads\/2020\/03\/portada.jpg","type":"image\/jpeg"}],"author":"Comunicaci\u00f3 Esplac","twitter_card":"summary_large_image","twitter_misc":{"Escrito por":"Comunicaci\u00f3 Esplac","Tiempo de lectura":"4 minutos"},"schema":{"@context":"https:\/\/schema.org","@graph":[{"@type":"Article","@id":"https:\/\/www.esplac.cat\/covid19-afectacio-esplais\/#article","isPartOf":{"@id":"https:\/\/www.esplac.cat\/covid19-afectacio-esplais\/"},"author":{"name":"Comunicaci\u00f3 Esplac","@id":"https:\/\/www.esplac.cat\/#\/schema\/person\/908383cf240be18b68f8855d0583faca"},"headline":"Informacions sobre l&#8217;afectaci\u00f3 directa de les mesures de contenci\u00f3 del COVID-19 als esplais","datePublished":"2020-03-12T12:34:18+00:00","dateModified":"2020-10-15T16:22:57+00:00","mainEntityOfPage":{"@id":"https:\/\/www.esplac.cat\/covid19-afectacio-esplais\/"},"wordCount":793,"publisher":{"@id":"https:\/\/www.esplac.cat\/#organization"},"image":{"@id":"https:\/\/www.esplac.cat\/covid19-afectacio-esplais\/#primaryimage"},"thumbnailUrl":"https:\/\/www.esplac.cat\/wp-content\/uploads\/2020\/03\/portada.jpg","keywords":["activitat","afectaci\u00f3","covid-19","direcci\u00f3 general de joventut","esplais"],"articleSection":["Comunicats i posicionaments","Sense categoria"],"inLanguage":"es"},{"@type":"WebPage","@id":"https:\/\/www.esplac.cat\/covid19-afectacio-esplais\/","url":"https:\/\/www.esplac.cat\/covid19-afectacio-esplais\/","name":"Informacions sobre l'afectaci\u00f3 directa de les mesures de contenci\u00f3 del COVID-19 als esplais - Esplac","isPartOf":{"@id":"https:\/\/www.esplac.cat\/#website"},"primaryImageOfPage":{"@id":"https:\/\/www.esplac.cat\/covid19-afectacio-esplais\/#primaryimage"},"image":{"@id":"https:\/\/www.esplac.cat\/covid19-afectacio-esplais\/#primaryimage"},"thumbnailUrl":"https:\/\/www.esplac.cat\/wp-content\/uploads\/2020\/03\/portada.jpg","datePublished":"2020-03-12T12:34:18+00:00","dateModified":"2020-10-15T16:22:57+00:00","breadcrumb":{"@id":"https:\/\/www.esplac.cat\/covid19-afectacio-esplais\/#breadcrumb"},"inLanguage":"es","potentialAction":[{"@type":"ReadAction","target":["https:\/\/www.esplac.cat\/covid19-afectacio-esplais\/"]}]},{"@type":"ImageObject","inLanguage":"es","@id":"https:\/\/www.esplac.cat\/covid19-afectacio-esplais\/#primaryimage","url":"https:\/\/www.esplac.cat\/wp-content\/uploads\/2020\/03\/portada.jpg","contentUrl":"https:\/\/www.esplac.cat\/wp-content\/uploads\/2020\/03\/portada.jpg","width":1694,"height":700},{"@type":"BreadcrumbList","@id":"https:\/\/www.esplac.cat\/covid19-afectacio-esplais\/#breadcrumb","itemListElement":[{"@type":"ListItem","position":1,"name":"Inici","item":"https:\/\/www.esplac.cat\/es\/"},{"@type":"ListItem","position":2,"name":"Informacions sobre l&#8217;afectaci\u00f3 directa de les mesures de contenci\u00f3 del COVID-19 als esplais"}]},{"@type":"WebSite","@id":"https:\/\/www.esplac.cat\/#website","url":"https:\/\/www.esplac.cat\/","name":"Esplac","description":"Esplais Catalans","publisher":{"@id":"https:\/\/www.esplac.cat\/#organization"},"potentialAction":[{"@type":"SearchAction","target":{"@type":"EntryPoint","urlTemplate":"https:\/\/www.esplac.cat\/?s={search_term_string}"},"query-input":{"@type":"PropertyValueSpecification","valueRequired":true,"valueName":"search_term_string"}}],"inLanguage":"es"},{"@type":"Organization","@id":"https:\/\/www.esplac.cat\/#organization","name":"Esplac","url":"https:\/\/www.esplac.cat\/","logo":{"@type":"ImageObject","inLanguage":"es","@id":"https:\/\/www.esplac.cat\/#\/schema\/logo\/image\/","url":"https:\/\/www.esplac.cat\/wp-content\/uploads\/2019\/08\/logox2.png","contentUrl":"https:\/\/www.esplac.cat\/wp-content\/uploads\/2019\/08\/logox2.png","width":600,"height":295,"caption":"Esplac"},"image":{"@id":"https:\/\/www.esplac.cat\/#\/schema\/logo\/image\/"}},{"@type":"Person","@id":"https:\/\/www.esplac.cat\/#\/schema\/person\/908383cf240be18b68f8855d0583faca","name":"Comunicaci\u00f3 Esplac","image":{"@type":"ImageObject","inLanguage":"es","@id":"https:\/\/secure.gravatar.com\/avatar\/7a4cf8feb412a76ea4a740ca02d95b06b2907b5a6c648c2dd0a1082a093c3141?s=96&d=mm&r=g","url":"https:\/\/secure.gravatar.com\/avatar\/7a4cf8feb412a76ea4a740ca02d95b06b2907b5a6c648c2dd0a1082a093c3141?s=96&d=mm&r=g","contentUrl":"https:\/\/secure.gravatar.com\/avatar\/7a4cf8feb412a76ea4a740ca02d95b06b2907b5a6c648c2dd0a1082a093c3141?s=96&d=mm&r=g","caption":"Comunicaci\u00f3 Esplac"}}]}},"_links":{"self":[{"href":"https:\/\/www.esplac.cat\/es\/wp-json\/wp\/v2\/posts\/31307","targetHints":{"allow":["GET"]}}],"collection":[{"href":"https:\/\/www.esplac.cat\/es\/wp-json\/wp\/v2\/posts"}],"about":[{"href":"https:\/\/www.esplac.cat\/es\/wp-json\/wp\/v2\/types\/post"}],"author":[{"embeddable":true,"href":"https:\/\/www.esplac.cat\/es\/wp-json\/wp\/v2\/users\/3"}],"replies":[{"embeddable":true,"href":"https:\/\/www.esplac.cat\/es\/wp-json\/wp\/v2\/comments?post=31307"}],"version-history":[{"count":0,"href":"https:\/\/www.esplac.cat\/es\/wp-json\/wp\/v2\/posts\/31307\/revisions"}],"wp:featuredmedia":[{"embeddable":true,"href":"https:\/\/www.esplac.cat\/es\/wp-json\/wp\/v2\/media\/31308"}],"wp:attachment":[{"href":"https:\/\/www.esplac.cat\/es\/wp-json\/wp\/v2\/media?parent=31307"}],"wp:term":[{"taxonomy":"category","embeddable":true,"href":"https:\/\/www.esplac.cat\/es\/wp-json\/wp\/v2\/categories?post=31307"},{"taxonomy":"post_tag","embeddable":true,"href":"https:\/\/www.esplac.cat\/es\/wp-json\/wp\/v2\/tags?post=31307"}],"curies":[{"name":"wp","href":"https:\/\/api.w.org\/{rel}","templated":true}]}}