{"id":31317,"date":"2020-03-12T18:39:56","date_gmt":"2020-03-12T17:39:56","guid":{"rendered":"https:\/\/www.esplac.cat\/?p=31317"},"modified":"2020-10-15T17:22:56","modified_gmt":"2020-10-15T16:22:56","slug":"alternatives-esplai-covid19","status":"publish","type":"post","link":"https:\/\/www.esplac.cat\/es\/alternatives-esplai-covid19\/","title":{"rendered":"4 idees per fer esplai, seguint les mesures de contenci\u00f3 del Covid19"},"content":{"rendered":"<h6>Us deixem un recull de din\u00e0miques per no paralitzar l&#8217;activitat de l&#8217;esplai tot i la prohibici\u00f3 de reunir-vos de manera presencial.<\/h6>\n<p><span style=\"font-weight: 400;\">Com us hem informat aquest mat\u00ed, la Generalitat de Catalunya ha publicat una ordre per la qual es posposa tota l&#8217;activitat dels esplais des d&#8217;avui i fins al dia 30. Per tant, no es podr\u00e0 fer activitat ordin\u00e0ria d&#8217;esplai ni excursions durant els propers tres caps de setmana.<\/span><\/p>\n<p><span style=\"font-weight: 400;\">No obstant, des d\u2019Esplac us animem molt fort a no paralitzar la vostra activitat educativa, tot i la dificultat que suposa no poder-vos reunir de forma presencial. \u00c9s per aix\u00f2 que <strong>us proposem diverses alternatives<\/strong> per, en cas de disposar dels mitjans t\u00e8cnics necessaris, no haver de quedar-vos el dissabte de bra\u00e7os creuats!\u00a0<\/span><\/p>\n<p><span style=\"font-weight: 400;\">1 &#8211; Inventeu-vos un <strong>Escape Room<\/strong> digital en el que els infants o joves hagin de descobrir de manera individual o conjunta (a trav\u00e9s de trucades de tel\u00e8fon, del whatsapp o via Skype) la resposta correcta. Com? A trav\u00e9s de d<\/span>iversos <strong>documents PDF encriptats<\/strong>. Simplement heu de posar una contrassenya al PDF. D&#8217;aquesta manera, per obrir el document, els infants hauran de trobar la clau resolent un exercici, fent una cerca a internet, etc. Un cop obert el document, aquest mostrar\u00e0 una nova pista per poder obrir el seg\u00fcent PDF encriptat.<\/p>\n<p><span style=\"font-weight: 400;\">2 &#8211; Realitzeu <strong>jocs per videoconfer\u00e8ncia<\/strong> (a trav\u00e9s d\u2019aplicacions o p\u00e0gines web tan conegudes com Skype o Zoom). Un exemple de jocs que encaixen perfectament amb aquesta connexi\u00f3 virtual podria ser:<\/span><\/p>\n<ul>\n<li style=\"font-weight: 400;\"><span style=\"font-weight: 400;\"><strong>El diccionari.<\/strong> Es tracta d\u2019una esp\u00e8cie de <em>D\u00edxit<\/em>, via Skype. \u00c9s ideal per treballar la imaginaci\u00f3! Cada ronda una jugadora busca una paraula molt estranya al diccionari, i demana a la resta de jugadores que inventin la definici\u00f3 d\u2019aquesta paraual. Totes envien, per missatge privat, la seva definici\u00f3 a la jugadora que ha triat la paraula inicial. Ella les llegeix totes, juntament amb la definici\u00f3 real. La resta de jugadores hauran d\u2019endevinar quina \u00e9s la definici\u00f3 del diccionari, i rebran punts si l\u2019encerten o si la descripci\u00f3 que elles han inventat \u00e9s escollida per altres.\u00a0<\/span><\/li>\n<li style=\"font-weight: 400;\"><span style=\"font-weight: 400;\"><strong>El joc de les pel\u00b7l\u00edcules.<\/strong> De ben segur que el coneixeu. Un cop totes les participants us trobeu <em>en l\u00ednia<\/em>, dividiu el grup en equips. Un els equips enviar\u00e0 un missatge amb el nom de la pel\u00b7l\u00edcula a un jugador de l\u2019equip contrari. Aquest jugador actuar\u00e0 perqu\u00e8 les seves companyes endevinin la pel\u00b7l\u00edcula que est\u00e0 interpretant.\u00a0<\/span><\/li>\n<li style=\"font-weight: 400;\"><span style=\"font-weight: 400;\"><strong>La psic\u00f2loga.<\/strong> Durant una ronda, una jugadora es converteix en psic\u00f2loga, i la resta acordaran una peculiaritat que compartiran entre s\u00ed. La psic\u00f2loga haur\u00e0 de descobrir quin \u00e9s el tret com\u00fa fent preguntes a la resta de companyes.<\/span><\/li>\n<\/ul>\n<p><span style=\"font-weight: 400;\">3- No teniu possibilitat de veure-us les unes a les altres a trav\u00e9s d\u2019una c\u00e0mera? No hi ha cap problema! Qu\u00e8 tal si feu un <strong>cinef\u00f2rum<\/strong>? Les monitores podeu escollir una pel\u00b7l\u00edcula, cercar-la <em>en l\u00ednia<\/em>, i compartir l\u2019enlla\u00e7 amb tot el grup d\u2019infants o joves. Cadasc\u00fa la mirar\u00e0 de forma simult\u00e0nia a casa seva i, al finalitzar (o en els moments que les monitores considereu important), fareu un debat (ben dinamitzat) a trav\u00e9s del Whatsapp.<\/span><\/p>\n<p>4 &#8211; <span style=\"font-weight: 400;\">I si comenceu a preparar la diada de Sant Jordi? Aprofiteu les din\u00e0miques que us va compartir el grup de treball de la revista Som Esplai aquesta \u00faltima setmana per <strong>realitzar textos<\/strong> en grup i de forma divertida! I despr\u00e9s podeu <strong>presentar-los al concurs<\/strong>! Escriure relats que despr\u00e9s presentaran a un concurs on participen tota la resta d&#8217;infants d&#8217;Esplac, de ben segur que ser\u00e0 motivador pel vostre grup! Aqu\u00ed teniu l\u2019enlla\u00e7 a les <a href=\"https:\/\/www.esplac.cat\/concurs-santjordi-2020\/\"><span style=\"color: #f69d0b;\"><strong>bases<span style=\"color: #f69d0b;\">\u00a0<\/span>del concurs<\/strong><\/span><\/a>, i aqu\u00ed a les <a href=\"https:\/\/www.esplac.cat\/wp-content\/uploads\/2020\/03\/stjordi.pdf\"><strong><span style=\"color: #f69d0b;\">din\u00e0miques<\/span><\/strong><\/a>, que podeu fer perfectament a dist\u00e0ncia!\u00a0<\/span><\/p>\n<p><span style=\"font-weight: 400;\">El vostre esplai teniu alguna altra idea? Compartiu-la amb nosaltres enviant un correu a <\/span><span style=\"color: #000000;\"><strong><a style=\"color: #000000;\" href=\"mailto:comunicacio@esplac.cat\">comunicacio@esplac.cat<\/a><\/strong><\/span><span style=\"font-weight: 400;\"><span style=\"color: #000000;\"><strong>\u00a0 <\/strong><\/span>o un missatge privat a l\u2019IG\u00a0 de l\u2019associaci\u00f3. Publicarem la vostra proposta per animar a la resta d\u2019esplais a no paralitzar la seva activitat amb els infants!\u00a0<\/span><\/p>\n<p>Molta for\u00e7a i recordeu que&#8230;som<span style=\"color: #000000;\"><strong> #MonisImparables<\/strong>!\u00a0<\/span><\/p>\n<p>&nbsp;<\/p>\n","protected":false},"excerpt":{"rendered":"<p>Us deixem un recull de din\u00e0miques per no paralitzar l&#8217;activitat [&hellip;]<\/p>\n","protected":false},"author":3,"featured_media":31318,"comment_status":"closed","ping_status":"open","sticky":false,"template":"","format":"standard","meta":{"om_disable_all_campaigns":false,"_monsterinsights_skip_tracking":false,"_monsterinsights_sitenote_active":false,"_monsterinsights_sitenote_note":"","_monsterinsights_sitenote_category":0,"_uf_show_specific_survey":0,"_uf_disable_surveys":false,"footnotes":""},"categories":[1117,1121,1],"tags":[1300,1298,1302,1003,889,1303,1301,1299],"class_list":["post-31317","post","type-post","status-publish","format-standard","has-post-thumbnail","hentry","category-activitats-esplais","category-bones-practiques-2","category-sense-categoria","tag-a-distancia","tag-alternatives","tag-covid19","tag-esplai","tag-idees","tag-monis-imparables","tag-no-presencial","tag-telematic"],"yoast_head":"<!-- This site is optimized with the Yoast SEO plugin v27.4 - https:\/\/yoast.com\/product\/yoast-seo-wordpress\/ -->\n<title>4 idees per fer esplai, seguint les mesures de contenci\u00f3 del Covid19 - Esplac<\/title>\n<meta name=\"robots\" content=\"index, follow, max-snippet:-1, max-image-preview:large, max-video-preview:-1\" \/>\n<link rel=\"canonical\" href=\"https:\/\/www.esplac.cat\/es\/alternatives-esplai-covid19\/\" \/>\n<meta property=\"og:locale\" content=\"es_ES\" \/>\n<meta property=\"og:type\" content=\"article\" \/>\n<meta property=\"og:title\" content=\"4 idees per fer esplai, seguint les mesures de contenci\u00f3 del Covid19 - Esplac\" \/>\n<meta property=\"og:description\" content=\"Us deixem un recull de din\u00e0miques per no paralitzar l&#8217;activitat [&hellip;]\" \/>\n<meta property=\"og:url\" content=\"https:\/\/www.esplac.cat\/es\/alternatives-esplai-covid19\/\" \/>\n<meta property=\"og:site_name\" content=\"Esplac\" \/>\n<meta property=\"article:published_time\" content=\"2020-03-12T17:39:56+00:00\" \/>\n<meta property=\"article:modified_time\" content=\"2020-10-15T16:22:56+00:00\" \/>\n<meta property=\"og:image\" content=\"https:\/\/www.esplac.cat\/wp-content\/uploads\/2020\/03\/idees_esplai_covid19.jpg\" \/>\n\t<meta property=\"og:image:width\" content=\"2098\" \/>\n\t<meta property=\"og:image:height\" content=\"867\" \/>\n\t<meta property=\"og:image:type\" content=\"image\/jpeg\" \/>\n<meta name=\"author\" content=\"Comunicaci\u00f3 Esplac\" \/>\n<meta name=\"twitter:card\" content=\"summary_large_image\" \/>\n<meta name=\"twitter:label1\" content=\"Escrito por\" \/>\n\t<meta name=\"twitter:data1\" content=\"Comunicaci\u00f3 Esplac\" \/>\n\t<meta name=\"twitter:label2\" content=\"Tiempo de lectura\" \/>\n\t<meta name=\"twitter:data2\" content=\"3 minutos\" \/>\n<script type=\"application\/ld+json\" class=\"yoast-schema-graph\">{\"@context\":\"https:\\\/\\\/schema.org\",\"@graph\":[{\"@type\":\"Article\",\"@id\":\"https:\\\/\\\/www.esplac.cat\\\/es\\\/alternatives-esplai-covid19\\\/#article\",\"isPartOf\":{\"@id\":\"https:\\\/\\\/www.esplac.cat\\\/es\\\/alternatives-esplai-covid19\\\/\"},\"author\":{\"name\":\"Comunicaci\u00f3 Esplac\",\"@id\":\"https:\\\/\\\/www.esplac.cat\\\/#\\\/schema\\\/person\\\/908383cf240be18b68f8855d0583faca\"},\"headline\":\"4 idees per fer esplai, seguint les mesures de contenci\u00f3 del Covid19\",\"datePublished\":\"2020-03-12T17:39:56+00:00\",\"dateModified\":\"2020-10-15T16:22:56+00:00\",\"mainEntityOfPage\":{\"@id\":\"https:\\\/\\\/www.esplac.cat\\\/es\\\/alternatives-esplai-covid19\\\/\"},\"wordCount\":715,\"publisher\":{\"@id\":\"https:\\\/\\\/www.esplac.cat\\\/#organization\"},\"image\":{\"@id\":\"https:\\\/\\\/www.esplac.cat\\\/es\\\/alternatives-esplai-covid19\\\/#primaryimage\"},\"thumbnailUrl\":\"https:\\\/\\\/www.esplac.cat\\\/wp-content\\\/uploads\\\/2020\\\/03\\\/idees_esplai_covid19.jpg\",\"keywords\":[\"A dist\u00e0ncia\",\"Alternatives\",\"Covid19\",\"esplai\",\"Idees\",\"Monis Imparables\",\"No presencial\",\"Telem\u00e0tic\"],\"articleSection\":[\"Activitats esplais\",\"Bones pr\u00e0ctiques\",\"Sense categoria\"],\"inLanguage\":\"es\"},{\"@type\":\"WebPage\",\"@id\":\"https:\\\/\\\/www.esplac.cat\\\/es\\\/alternatives-esplai-covid19\\\/\",\"url\":\"https:\\\/\\\/www.esplac.cat\\\/es\\\/alternatives-esplai-covid19\\\/\",\"name\":\"4 idees per fer esplai, seguint les mesures de contenci\u00f3 del Covid19 - Esplac\",\"isPartOf\":{\"@id\":\"https:\\\/\\\/www.esplac.cat\\\/#website\"},\"primaryImageOfPage\":{\"@id\":\"https:\\\/\\\/www.esplac.cat\\\/es\\\/alternatives-esplai-covid19\\\/#primaryimage\"},\"image\":{\"@id\":\"https:\\\/\\\/www.esplac.cat\\\/es\\\/alternatives-esplai-covid19\\\/#primaryimage\"},\"thumbnailUrl\":\"https:\\\/\\\/www.esplac.cat\\\/wp-content\\\/uploads\\\/2020\\\/03\\\/idees_esplai_covid19.jpg\",\"datePublished\":\"2020-03-12T17:39:56+00:00\",\"dateModified\":\"2020-10-15T16:22:56+00:00\",\"breadcrumb\":{\"@id\":\"https:\\\/\\\/www.esplac.cat\\\/es\\\/alternatives-esplai-covid19\\\/#breadcrumb\"},\"inLanguage\":\"es\",\"potentialAction\":[{\"@type\":\"ReadAction\",\"target\":[\"https:\\\/\\\/www.esplac.cat\\\/es\\\/alternatives-esplai-covid19\\\/\"]}]},{\"@type\":\"ImageObject\",\"inLanguage\":\"es\",\"@id\":\"https:\\\/\\\/www.esplac.cat\\\/es\\\/alternatives-esplai-covid19\\\/#primaryimage\",\"url\":\"https:\\\/\\\/www.esplac.cat\\\/wp-content\\\/uploads\\\/2020\\\/03\\\/idees_esplai_covid19.jpg\",\"contentUrl\":\"https:\\\/\\\/www.esplac.cat\\\/wp-content\\\/uploads\\\/2020\\\/03\\\/idees_esplai_covid19.jpg\",\"width\":2098,\"height\":867},{\"@type\":\"BreadcrumbList\",\"@id\":\"https:\\\/\\\/www.esplac.cat\\\/es\\\/alternatives-esplai-covid19\\\/#breadcrumb\",\"itemListElement\":[{\"@type\":\"ListItem\",\"position\":1,\"name\":\"Inici\",\"item\":\"https:\\\/\\\/www.esplac.cat\\\/es\\\/\"},{\"@type\":\"ListItem\",\"position\":2,\"name\":\"4 idees per fer esplai, seguint les mesures de contenci\u00f3 del Covid19\"}]},{\"@type\":\"WebSite\",\"@id\":\"https:\\\/\\\/www.esplac.cat\\\/#website\",\"url\":\"https:\\\/\\\/www.esplac.cat\\\/\",\"name\":\"Esplac\",\"description\":\"Esplais Catalans\",\"publisher\":{\"@id\":\"https:\\\/\\\/www.esplac.cat\\\/#organization\"},\"potentialAction\":[{\"@type\":\"SearchAction\",\"target\":{\"@type\":\"EntryPoint\",\"urlTemplate\":\"https:\\\/\\\/www.esplac.cat\\\/?s={search_term_string}\"},\"query-input\":{\"@type\":\"PropertyValueSpecification\",\"valueRequired\":true,\"valueName\":\"search_term_string\"}}],\"inLanguage\":\"es\"},{\"@type\":\"Organization\",\"@id\":\"https:\\\/\\\/www.esplac.cat\\\/#organization\",\"name\":\"Esplac\",\"url\":\"https:\\\/\\\/www.esplac.cat\\\/\",\"logo\":{\"@type\":\"ImageObject\",\"inLanguage\":\"es\",\"@id\":\"https:\\\/\\\/www.esplac.cat\\\/#\\\/schema\\\/logo\\\/image\\\/\",\"url\":\"https:\\\/\\\/www.esplac.cat\\\/wp-content\\\/uploads\\\/2019\\\/08\\\/logox2.png\",\"contentUrl\":\"https:\\\/\\\/www.esplac.cat\\\/wp-content\\\/uploads\\\/2019\\\/08\\\/logox2.png\",\"width\":600,\"height\":295,\"caption\":\"Esplac\"},\"image\":{\"@id\":\"https:\\\/\\\/www.esplac.cat\\\/#\\\/schema\\\/logo\\\/image\\\/\"}},{\"@type\":\"Person\",\"@id\":\"https:\\\/\\\/www.esplac.cat\\\/#\\\/schema\\\/person\\\/908383cf240be18b68f8855d0583faca\",\"name\":\"Comunicaci\u00f3 Esplac\",\"image\":{\"@type\":\"ImageObject\",\"inLanguage\":\"es\",\"@id\":\"https:\\\/\\\/secure.gravatar.com\\\/avatar\\\/7a4cf8feb412a76ea4a740ca02d95b06b2907b5a6c648c2dd0a1082a093c3141?s=96&d=mm&r=g\",\"url\":\"https:\\\/\\\/secure.gravatar.com\\\/avatar\\\/7a4cf8feb412a76ea4a740ca02d95b06b2907b5a6c648c2dd0a1082a093c3141?s=96&d=mm&r=g\",\"contentUrl\":\"https:\\\/\\\/secure.gravatar.com\\\/avatar\\\/7a4cf8feb412a76ea4a740ca02d95b06b2907b5a6c648c2dd0a1082a093c3141?s=96&d=mm&r=g\",\"caption\":\"Comunicaci\u00f3 Esplac\"}}]}<\/script>\n<!-- \/ Yoast SEO plugin. -->","yoast_head_json":{"title":"4 idees per fer esplai, seguint les mesures de contenci\u00f3 del Covid19 - Esplac","robots":{"index":"index","follow":"follow","max-snippet":"max-snippet:-1","max-image-preview":"max-image-preview:large","max-video-preview":"max-video-preview:-1"},"canonical":"https:\/\/www.esplac.cat\/es\/alternatives-esplai-covid19\/","og_locale":"es_ES","og_type":"article","og_title":"4 idees per fer esplai, seguint les mesures de contenci\u00f3 del Covid19 - Esplac","og_description":"Us deixem un recull de din\u00e0miques per no paralitzar l&#8217;activitat [&hellip;]","og_url":"https:\/\/www.esplac.cat\/es\/alternatives-esplai-covid19\/","og_site_name":"Esplac","article_published_time":"2020-03-12T17:39:56+00:00","article_modified_time":"2020-10-15T16:22:56+00:00","og_image":[{"width":2098,"height":867,"url":"https:\/\/www.esplac.cat\/wp-content\/uploads\/2020\/03\/idees_esplai_covid19.jpg","type":"image\/jpeg"}],"author":"Comunicaci\u00f3 Esplac","twitter_card":"summary_large_image","twitter_misc":{"Escrito por":"Comunicaci\u00f3 Esplac","Tiempo de lectura":"3 minutos"},"schema":{"@context":"https:\/\/schema.org","@graph":[{"@type":"Article","@id":"https:\/\/www.esplac.cat\/es\/alternatives-esplai-covid19\/#article","isPartOf":{"@id":"https:\/\/www.esplac.cat\/es\/alternatives-esplai-covid19\/"},"author":{"name":"Comunicaci\u00f3 Esplac","@id":"https:\/\/www.esplac.cat\/#\/schema\/person\/908383cf240be18b68f8855d0583faca"},"headline":"4 idees per fer esplai, seguint les mesures de contenci\u00f3 del Covid19","datePublished":"2020-03-12T17:39:56+00:00","dateModified":"2020-10-15T16:22:56+00:00","mainEntityOfPage":{"@id":"https:\/\/www.esplac.cat\/es\/alternatives-esplai-covid19\/"},"wordCount":715,"publisher":{"@id":"https:\/\/www.esplac.cat\/#organization"},"image":{"@id":"https:\/\/www.esplac.cat\/es\/alternatives-esplai-covid19\/#primaryimage"},"thumbnailUrl":"https:\/\/www.esplac.cat\/wp-content\/uploads\/2020\/03\/idees_esplai_covid19.jpg","keywords":["A dist\u00e0ncia","Alternatives","Covid19","esplai","Idees","Monis Imparables","No presencial","Telem\u00e0tic"],"articleSection":["Activitats esplais","Bones pr\u00e0ctiques","Sense categoria"],"inLanguage":"es"},{"@type":"WebPage","@id":"https:\/\/www.esplac.cat\/es\/alternatives-esplai-covid19\/","url":"https:\/\/www.esplac.cat\/es\/alternatives-esplai-covid19\/","name":"4 idees per fer esplai, seguint les mesures de contenci\u00f3 del Covid19 - Esplac","isPartOf":{"@id":"https:\/\/www.esplac.cat\/#website"},"primaryImageOfPage":{"@id":"https:\/\/www.esplac.cat\/es\/alternatives-esplai-covid19\/#primaryimage"},"image":{"@id":"https:\/\/www.esplac.cat\/es\/alternatives-esplai-covid19\/#primaryimage"},"thumbnailUrl":"https:\/\/www.esplac.cat\/wp-content\/uploads\/2020\/03\/idees_esplai_covid19.jpg","datePublished":"2020-03-12T17:39:56+00:00","dateModified":"2020-10-15T16:22:56+00:00","breadcrumb":{"@id":"https:\/\/www.esplac.cat\/es\/alternatives-esplai-covid19\/#breadcrumb"},"inLanguage":"es","potentialAction":[{"@type":"ReadAction","target":["https:\/\/www.esplac.cat\/es\/alternatives-esplai-covid19\/"]}]},{"@type":"ImageObject","inLanguage":"es","@id":"https:\/\/www.esplac.cat\/es\/alternatives-esplai-covid19\/#primaryimage","url":"https:\/\/www.esplac.cat\/wp-content\/uploads\/2020\/03\/idees_esplai_covid19.jpg","contentUrl":"https:\/\/www.esplac.cat\/wp-content\/uploads\/2020\/03\/idees_esplai_covid19.jpg","width":2098,"height":867},{"@type":"BreadcrumbList","@id":"https:\/\/www.esplac.cat\/es\/alternatives-esplai-covid19\/#breadcrumb","itemListElement":[{"@type":"ListItem","position":1,"name":"Inici","item":"https:\/\/www.esplac.cat\/es\/"},{"@type":"ListItem","position":2,"name":"4 idees per fer esplai, seguint les mesures de contenci\u00f3 del Covid19"}]},{"@type":"WebSite","@id":"https:\/\/www.esplac.cat\/#website","url":"https:\/\/www.esplac.cat\/","name":"Esplac","description":"Esplais Catalans","publisher":{"@id":"https:\/\/www.esplac.cat\/#organization"},"potentialAction":[{"@type":"SearchAction","target":{"@type":"EntryPoint","urlTemplate":"https:\/\/www.esplac.cat\/?s={search_term_string}"},"query-input":{"@type":"PropertyValueSpecification","valueRequired":true,"valueName":"search_term_string"}}],"inLanguage":"es"},{"@type":"Organization","@id":"https:\/\/www.esplac.cat\/#organization","name":"Esplac","url":"https:\/\/www.esplac.cat\/","logo":{"@type":"ImageObject","inLanguage":"es","@id":"https:\/\/www.esplac.cat\/#\/schema\/logo\/image\/","url":"https:\/\/www.esplac.cat\/wp-content\/uploads\/2019\/08\/logox2.png","contentUrl":"https:\/\/www.esplac.cat\/wp-content\/uploads\/2019\/08\/logox2.png","width":600,"height":295,"caption":"Esplac"},"image":{"@id":"https:\/\/www.esplac.cat\/#\/schema\/logo\/image\/"}},{"@type":"Person","@id":"https:\/\/www.esplac.cat\/#\/schema\/person\/908383cf240be18b68f8855d0583faca","name":"Comunicaci\u00f3 Esplac","image":{"@type":"ImageObject","inLanguage":"es","@id":"https:\/\/secure.gravatar.com\/avatar\/7a4cf8feb412a76ea4a740ca02d95b06b2907b5a6c648c2dd0a1082a093c3141?s=96&d=mm&r=g","url":"https:\/\/secure.gravatar.com\/avatar\/7a4cf8feb412a76ea4a740ca02d95b06b2907b5a6c648c2dd0a1082a093c3141?s=96&d=mm&r=g","contentUrl":"https:\/\/secure.gravatar.com\/avatar\/7a4cf8feb412a76ea4a740ca02d95b06b2907b5a6c648c2dd0a1082a093c3141?s=96&d=mm&r=g","caption":"Comunicaci\u00f3 Esplac"}}]}},"_links":{"self":[{"href":"https:\/\/www.esplac.cat\/es\/wp-json\/wp\/v2\/posts\/31317","targetHints":{"allow":["GET"]}}],"collection":[{"href":"https:\/\/www.esplac.cat\/es\/wp-json\/wp\/v2\/posts"}],"about":[{"href":"https:\/\/www.esplac.cat\/es\/wp-json\/wp\/v2\/types\/post"}],"author":[{"embeddable":true,"href":"https:\/\/www.esplac.cat\/es\/wp-json\/wp\/v2\/users\/3"}],"replies":[{"embeddable":true,"href":"https:\/\/www.esplac.cat\/es\/wp-json\/wp\/v2\/comments?post=31317"}],"version-history":[{"count":0,"href":"https:\/\/www.esplac.cat\/es\/wp-json\/wp\/v2\/posts\/31317\/revisions"}],"wp:featuredmedia":[{"embeddable":true,"href":"https:\/\/www.esplac.cat\/es\/wp-json\/wp\/v2\/media\/31318"}],"wp:attachment":[{"href":"https:\/\/www.esplac.cat\/es\/wp-json\/wp\/v2\/media?parent=31317"}],"wp:term":[{"taxonomy":"category","embeddable":true,"href":"https:\/\/www.esplac.cat\/es\/wp-json\/wp\/v2\/categories?post=31317"},{"taxonomy":"post_tag","embeddable":true,"href":"https:\/\/www.esplac.cat\/es\/wp-json\/wp\/v2\/tags?post=31317"}],"curies":[{"name":"wp","href":"https:\/\/api.w.org\/{rel}","templated":true}]}}