{"id":31372,"date":"2020-03-19T12:54:20","date_gmt":"2020-03-19T11:54:20","guid":{"rendered":"https:\/\/www.esplac.cat\/?p=31372"},"modified":"2020-10-15T17:22:56","modified_gmt":"2020-10-15T16:22:56","slug":"primer-dossier-activitats-projecte-infancia-esplaiada","status":"publish","type":"post","link":"https:\/\/www.esplac.cat\/es\/primer-dossier-activitats-projecte-infancia-esplaiada\/","title":{"rendered":"Primer dossier d\u2019activitats del projecte Inf\u00e0ncia i Esplaiada!"},"content":{"rendered":"<h6><strong>Surten a la llum les primeres activitats pels infants i joves de l\u2019esplai que s\u2019han preparat des del Grup de Treball del Projecte d\u2019Inf\u00e0ncia i Esplaiada. L\u2019objectiu d\u2019aquestes \u00e9s que els infants i joves dels esplais facin una an\u00e0lisi de la realitat i el seu entorn a trav\u00e9s del joc, din\u00e0miques i debats, entre altres propostes.\u00a0<\/strong><\/h6>\n<p><span style=\"font-weight: 400;\">Un dels 5 projectes aprovats a l\u2019\u00faltima AGO \u00e9s el que anomenem Inf\u00e0ncia i Esplaiada. L\u2019objectiu principal d\u2019aquest any del Projecte d\u2019Inf\u00e0ncia i Esplaiada \u00e9s potenciar que els infants esdevinguin ciutadans actius de ple dret. Aix\u00ed doncs s\u2019est\u00e0 creant un <\/span><b>proc\u00e9s participatiu que posi l\u2019infant al centre. <\/b><span style=\"font-weight: 400;\">\u00a0Aquest es basar\u00e0 en la diagnosi de l\u2019estat actual de la inf\u00e0ncia al territori, amb el posterior debat d\u2019una tem\u00e0tica escollida pels infants i la construcci\u00f3 d\u2019un posicionament que esdevindr\u00e0 en una o m\u00e9s accions amb impacte al seu entorn. El paper dels i les monitores dels esplais ser\u00e0 d\u2019acompanyament, ja que l\u2019objectiu ser\u00e0 <\/span><b>potenciar espais de presa de decisions entre infants<\/b><span style=\"font-weight: 400;\">.\u00a0<\/span><\/p>\n<p><span style=\"font-weight: 400;\">Volem culminar aquest projecte a l\u2019Esplaiada de l\u2019any 2021, ja que \u00e9s un dels espais de l\u2019entitat amb m\u00e9s ress\u00f2 social. En aquest es reivindica la tasca educativa que realitzen els esplais i \u00e9s on podem fer sentir la veu dels infants, essent una oportunitat de <\/span><b>situar l\u2019infant al centre<\/b><span style=\"font-weight: 400;\"> de les accions educatives.\u00a0<\/span><\/p>\n<p><span style=\"font-weight: 400;\">Per dur a terme aquest proc\u00e9s hem ideat diverses fases des del gener del 2020 al cap de setmana de l\u2019Esplaiada de l\u2019any 2021.\u00a0<\/span><\/p>\n<ol>\n<li style=\"font-weight: 400;\"><b>An\u00e0lisi de la Realitat d\u2019Infants i Joves: <\/b><span style=\"font-weight: 400;\">Per poder dur a terme aquesta an\u00e0lisi de l\u2019entorn i la realitat dels infants i joves, s\u2019ha creat un dossier amb un recull de diferents activitats adaptades a edats i espais (dissabtes, excursions, trobades de sector\u2026).\u00a0<\/span><\/li>\n<li style=\"font-weight: 400;\"><b>Treball i Aprofundiment i Elecci\u00f3 de la Tem\u00e0tica: <\/b><span style=\"font-weight: 400;\">A partir dels resultats i conclusions de les activitats dutes a terme pels infants i joves, sortiran unes noves activitats per treballar aquells temes que m\u00e9s hagin sortit. A m\u00e9s, tamb\u00e9 hi haur\u00e0 diverses activitats on els infants i joves hauran d\u2019acabar de posicionar-se per la tem\u00e0tica que creuen m\u00e9s interessant i\/o que els motiva.<\/span><\/li>\n<li style=\"font-weight: 400;\"><b>Desenvolupament de la tem\u00e0tica escollida: <\/b><span style=\"font-weight: 400;\">A partir del setembre del 2020 fins a l\u2019Esplaiada 2021 sortiran noves propostes d\u2019activitats i altres propostes per aprofundir en la tem\u00e0tica escollida i decidir quin ser\u00e0 el resultat esperat final.\u00a0<\/span><\/li>\n<li style=\"font-weight: 400;\"><b>Culminaci\u00f3 de les accions: <\/b><span style=\"font-weight: 400;\">Volem culminar aquest projecte a l\u2019Esplaiada 2021, ja que \u00e9s un dels espais de l\u2019entitat amb m\u00e9s ress\u00f2 social, on es reivindica la tasca educativa que realitzen els esplais i on podem fer sentir la veu dels infants, essent una oportunitat de <\/span><b>situar l\u2019infant al centre<\/b><span style=\"font-weight: 400;\"> de les accions educatives. <\/span><b>\u00a0<\/b><\/li>\n<\/ol>\n<p><span style=\"font-weight: 400;\">Aix\u00ed doncs, ara ens trobem a l\u2019inici d\u2019aquesta aventura, on <\/span><span style=\"color: #ff9900;\"><a style=\"color: #ff9900;\" href=\"https:\/\/www.esplac.cat\/wp-content\/uploads\/2020\/03\/Dossier-Infancia-esplaiada.pdf\" target=\"_blank\" rel=\"noopener noreferrer\"><b>publiquem el primer dels dossiers amb propostes d\u2019activitats per fer amb els infants i joves de l\u2019esplai!<\/b><\/a><\/span><span style=\"font-weight: 400;\"> El tipus d\u2019activitat que hi trobem \u00e9s d\u2019an\u00e0lisi de la realitat i l\u2019entorn dels infants i joves i de creaci\u00f3 de noves idees i propostes al respecte. <\/span><\/p>\n<p><span style=\"font-weight: 400;\">Podeu aprofitar les activitats del dossier si esteu organitzant el tercer trimestre o les activitats d&#8217;estiu! Tamb\u00e9, us animem a <strong>adaptar les activitats presencials<\/strong> per fer-les amb els infants i joves durant aquests dies de confinament. Dilluns afegirem en aquesta mateixa not\u00edcia algunes de les activitats adaptades per fer-les a casa, per\u00f2 us encoratgem a fer volar la vostra creativitat i fer les vostres pr\u00f2pies adaptacions!\u00a0<\/span><\/p>\n<p><em><strong>(ACTUALITZACI\u00d3 dilluns 23 de mar\u00e7): <\/strong><\/em>Aqu\u00ed podreu trobar algunes adaptacions que ha fet el Grup de Treball d&#8217;Inf\u00e0ncia i Esplaiada de les activitats del dossier!<\/p>\n<ul>\n<li><span style=\"color: #ff9900;\"><a style=\"color: #ff9900;\" href=\"https:\/\/www.esplac.cat\/wp-content\/uploads\/2020\/03\/Adaptacio_activitat_Analitzem-les-nostres-preocupacions.pdf\" target=\"_blank\" rel=\"noopener noreferrer\">Adaptaci\u00f3 1 &#8211; Analitzem les nostres preocupacions<\/a><\/span><\/li>\n<li><span style=\"color: #ff9900;\"><a style=\"color: #ff9900;\" href=\"https:\/\/www.esplac.cat\/wp-content\/uploads\/2020\/03\/Adaptacio_activitat_Com-e\u0301s-el-mo\u0301n-on-visc.pdf\" target=\"_blank\" rel=\"noopener noreferrer\">Adaptaci\u00f3 2 &#8211; Com e\u0301s el mo\u0301n on visc<\/a><\/span><\/li>\n<li><span style=\"color: #ff9900;\">Adaptaci\u00f3 3 &#8211; <a style=\"color: #ff9900;\" href=\"https:\/\/www.esplac.cat\/wp-content\/uploads\/2020\/03\/Adaptacio_activitat_Eleccions-Express.pdf\" target=\"_blank\" rel=\"noopener noreferrer\">Eleccions Express<\/a><\/span><\/li>\n<li><a href=\"https:\/\/www.esplac.cat\/wp-content\/uploads\/2020\/03\/Adaptacio_activitat_Viatgera.pdf\" target=\"_blank\" rel=\"noopener noreferrer\"><span style=\"color: #ff9900;\">Adaptaci\u00f3 4 &#8211; Viatgera<\/span><\/a><\/li>\n<\/ul>\n<p>&nbsp;<\/p>\n<p><strong>Com fem el retorn de cada una de les activitats del dossier?<\/strong><\/p>\n<p><span style=\"font-weight: 400;\">Cada grup d\u2019esplai pot recollir les respostes i conclusions de les activitats segons com l\u2019han dut a terme i com l\u2019han adaptat. El procediment general consisteix a fer un recull de v\u00eddeos o fotografies i enviar-les a Esplac, al Projecte Inf\u00e0ncia i Esplaiada. Com ho fem?\u00a0<\/span><\/p>\n<ul>\n<li style=\"font-weight: 400;\"><span style=\"font-weight: 400;\">Per Whatsapp o correu electr\u00f2nic a la coordinadora del vostre sector<\/span><\/li>\n<li style=\"font-weight: 400;\"><span style=\"font-weight: 400;\">Per Instagram a @esplaiscatalans<\/span><\/li>\n<li style=\"font-weight: 400;\"><span style=\"font-weight: 400;\">Per mail a organitzacio@esplac.cat<\/span><\/li>\n<li style=\"font-weight: 400;\"><span style=\"font-weight: 400;\">Pel Telegram de l\u2019Esplaiada (670607171)<\/span><\/li>\n<\/ul>\n<p><strong>Qu\u00e8 es fa al Grup de Treball?<\/strong><\/p>\n<p><span style=\"font-weight: 400;\">El grup de treball ser\u00e0 l&#8217;encarregat de liderar la creaci\u00f3, planificaci\u00f3 i avaluaci\u00f3 del proc\u00e9s participatiu. La seva tasca ser\u00e0 la de crear les activitats que els esplais hauran de fer durant algun dissabte, excursions i\/o trobades de sector. Necessitem, que de cada sector surtin 2 o 3 persones motivades a formar part del Grup de Treball que coordinar\u00e0 tot aquest proc\u00e9s. A m\u00e9s, a partir de la pr\u00f2xima reuni\u00f3 del grup de treball comen\u00e7arem a parlar de com volem que sigui l\u2019Esplaiada del 2021.\u00a0<\/span><\/p>\n<p><strong>Quan \u00e9s la pr\u00f2xima reuni\u00f3 del Grup de Treball?<\/strong><\/p>\n<p><span style=\"font-weight: 400;\">Ens trobarem monitores i monitors de diferents esplais a les 18.00 h! El lloc dependr\u00e0 de totes aquelles persones que estigueu interessades. Per confirmar la vostra assist\u00e8ncia podeu enviar un correu a <\/span><a href=\"mailto:organitzacio@esplac.cat\"><span style=\"font-weight: 400;\">organitzacio@esplac.cat<\/span><\/a><span style=\"font-weight: 400;\">, parlar amb la t\u00e8cnica del sector o enviar un missatge de Telegram al 670607171.\u00a0<\/span><\/p>\n<div class=\"fusion-aligncenter\"><a class=\"fusion-button button-flat fusion-button-default-size button-default fusion-button-default button-1 fusion-button-default-span fusion-button-default-type\" target=\"_blank\" rel=\"noopener noreferrer\" href=\"https:\/\/www.esplac.cat\/wp-content\/uploads\/2020\/03\/Dossier-Infancia-esplaiada.pdf\"><span class=\"fusion-button-text\">Dossier d&#8217;activitats per a l&#8217;an\u00e0lisi de la realitat dels infants i joves<\/span><\/a><\/div>\n","protected":false},"excerpt":{"rendered":"<p>Surten a la llum les primeres activitats pels infants i [&hellip;]<\/p>\n","protected":false},"author":3,"featured_media":31390,"comment_status":"closed","ping_status":"open","sticky":false,"template":"","format":"standard","meta":{"om_disable_all_campaigns":false,"_monsterinsights_skip_tracking":false,"_monsterinsights_sitenote_active":false,"_monsterinsights_sitenote_note":"","_monsterinsights_sitenote_category":0,"_uf_show_specific_survey":0,"_uf_disable_surveys":false,"footnotes":""},"categories":[1167],"tags":[299,856,166,40],"class_list":["post-31372","post","type-post","status-publish","format-standard","has-post-thumbnail","hentry","category-infancia","tag-esplaiada","tag-infancia","tag-joves","tag-participacio"],"yoast_head":"<!-- This site is optimized with the Yoast SEO plugin v27.4 - https:\/\/yoast.com\/product\/yoast-seo-wordpress\/ -->\n<title>Primer dossier d\u2019activitats del projecte Inf\u00e0ncia i Esplaiada! - Esplac<\/title>\n<meta name=\"robots\" content=\"index, follow, max-snippet:-1, max-image-preview:large, max-video-preview:-1\" \/>\n<link rel=\"canonical\" href=\"https:\/\/www.esplac.cat\/es\/primer-dossier-activitats-projecte-infancia-esplaiada\/\" \/>\n<meta property=\"og:locale\" content=\"es_ES\" \/>\n<meta property=\"og:type\" content=\"article\" \/>\n<meta property=\"og:title\" content=\"Primer dossier d\u2019activitats del projecte Inf\u00e0ncia i Esplaiada! - Esplac\" \/>\n<meta property=\"og:description\" content=\"Surten a la llum les primeres activitats pels infants i [&hellip;]\" \/>\n<meta property=\"og:url\" content=\"https:\/\/www.esplac.cat\/es\/primer-dossier-activitats-projecte-infancia-esplaiada\/\" \/>\n<meta property=\"og:site_name\" content=\"Esplac\" \/>\n<meta property=\"article:published_time\" content=\"2020-03-19T11:54:20+00:00\" \/>\n<meta property=\"article:modified_time\" content=\"2020-10-15T16:22:56+00:00\" \/>\n<meta property=\"og:image\" content=\"https:\/\/www.esplac.cat\/wp-content\/uploads\/2020\/03\/Disen\u0303o-sin-ti\u0301tulo-5.png\" \/>\n\t<meta property=\"og:image:width\" content=\"1694\" \/>\n\t<meta property=\"og:image:height\" content=\"700\" \/>\n\t<meta property=\"og:image:type\" content=\"image\/png\" \/>\n<meta name=\"author\" content=\"Comunicaci\u00f3 Esplac\" \/>\n<meta name=\"twitter:card\" content=\"summary_large_image\" \/>\n<meta name=\"twitter:label1\" content=\"Escrito por\" \/>\n\t<meta name=\"twitter:data1\" content=\"Comunicaci\u00f3 Esplac\" \/>\n\t<meta name=\"twitter:label2\" content=\"Tiempo de lectura\" \/>\n\t<meta name=\"twitter:data2\" content=\"5 minutos\" \/>\n<script type=\"application\/ld+json\" class=\"yoast-schema-graph\">{\"@context\":\"https:\\\/\\\/schema.org\",\"@graph\":[{\"@type\":\"Article\",\"@id\":\"https:\\\/\\\/www.esplac.cat\\\/es\\\/primer-dossier-activitats-projecte-infancia-esplaiada\\\/#article\",\"isPartOf\":{\"@id\":\"https:\\\/\\\/www.esplac.cat\\\/es\\\/primer-dossier-activitats-projecte-infancia-esplaiada\\\/\"},\"author\":{\"name\":\"Comunicaci\u00f3 Esplac\",\"@id\":\"https:\\\/\\\/www.esplac.cat\\\/#\\\/schema\\\/person\\\/908383cf240be18b68f8855d0583faca\"},\"headline\":\"Primer dossier d\u2019activitats del projecte Inf\u00e0ncia i Esplaiada!\",\"datePublished\":\"2020-03-19T11:54:20+00:00\",\"dateModified\":\"2020-10-15T16:22:56+00:00\",\"mainEntityOfPage\":{\"@id\":\"https:\\\/\\\/www.esplac.cat\\\/es\\\/primer-dossier-activitats-projecte-infancia-esplaiada\\\/\"},\"wordCount\":1025,\"publisher\":{\"@id\":\"https:\\\/\\\/www.esplac.cat\\\/#organization\"},\"image\":{\"@id\":\"https:\\\/\\\/www.esplac.cat\\\/es\\\/primer-dossier-activitats-projecte-infancia-esplaiada\\\/#primaryimage\"},\"thumbnailUrl\":\"https:\\\/\\\/www.esplac.cat\\\/wp-content\\\/uploads\\\/2020\\\/03\\\/Disen\u0303o-sin-ti\u0301tulo-5.png\",\"keywords\":[\"esplaiada\",\"infancia\",\"joves\",\"participaci\u00f3\"],\"articleSection\":[\"Inf\u00e0ncia i Esplaiada\"],\"inLanguage\":\"es\"},{\"@type\":\"WebPage\",\"@id\":\"https:\\\/\\\/www.esplac.cat\\\/es\\\/primer-dossier-activitats-projecte-infancia-esplaiada\\\/\",\"url\":\"https:\\\/\\\/www.esplac.cat\\\/es\\\/primer-dossier-activitats-projecte-infancia-esplaiada\\\/\",\"name\":\"Primer dossier d\u2019activitats del projecte Inf\u00e0ncia i Esplaiada! - Esplac\",\"isPartOf\":{\"@id\":\"https:\\\/\\\/www.esplac.cat\\\/#website\"},\"primaryImageOfPage\":{\"@id\":\"https:\\\/\\\/www.esplac.cat\\\/es\\\/primer-dossier-activitats-projecte-infancia-esplaiada\\\/#primaryimage\"},\"image\":{\"@id\":\"https:\\\/\\\/www.esplac.cat\\\/es\\\/primer-dossier-activitats-projecte-infancia-esplaiada\\\/#primaryimage\"},\"thumbnailUrl\":\"https:\\\/\\\/www.esplac.cat\\\/wp-content\\\/uploads\\\/2020\\\/03\\\/Disen\u0303o-sin-ti\u0301tulo-5.png\",\"datePublished\":\"2020-03-19T11:54:20+00:00\",\"dateModified\":\"2020-10-15T16:22:56+00:00\",\"breadcrumb\":{\"@id\":\"https:\\\/\\\/www.esplac.cat\\\/es\\\/primer-dossier-activitats-projecte-infancia-esplaiada\\\/#breadcrumb\"},\"inLanguage\":\"es\",\"potentialAction\":[{\"@type\":\"ReadAction\",\"target\":[\"https:\\\/\\\/www.esplac.cat\\\/es\\\/primer-dossier-activitats-projecte-infancia-esplaiada\\\/\"]}]},{\"@type\":\"ImageObject\",\"inLanguage\":\"es\",\"@id\":\"https:\\\/\\\/www.esplac.cat\\\/es\\\/primer-dossier-activitats-projecte-infancia-esplaiada\\\/#primaryimage\",\"url\":\"https:\\\/\\\/www.esplac.cat\\\/wp-content\\\/uploads\\\/2020\\\/03\\\/Disen\u0303o-sin-ti\u0301tulo-5.png\",\"contentUrl\":\"https:\\\/\\\/www.esplac.cat\\\/wp-content\\\/uploads\\\/2020\\\/03\\\/Disen\u0303o-sin-ti\u0301tulo-5.png\",\"width\":1694,\"height\":700},{\"@type\":\"BreadcrumbList\",\"@id\":\"https:\\\/\\\/www.esplac.cat\\\/es\\\/primer-dossier-activitats-projecte-infancia-esplaiada\\\/#breadcrumb\",\"itemListElement\":[{\"@type\":\"ListItem\",\"position\":1,\"name\":\"Inici\",\"item\":\"https:\\\/\\\/www.esplac.cat\\\/es\\\/\"},{\"@type\":\"ListItem\",\"position\":2,\"name\":\"Primer dossier d\u2019activitats del projecte Inf\u00e0ncia i Esplaiada!\"}]},{\"@type\":\"WebSite\",\"@id\":\"https:\\\/\\\/www.esplac.cat\\\/#website\",\"url\":\"https:\\\/\\\/www.esplac.cat\\\/\",\"name\":\"Esplac\",\"description\":\"Esplais Catalans\",\"publisher\":{\"@id\":\"https:\\\/\\\/www.esplac.cat\\\/#organization\"},\"potentialAction\":[{\"@type\":\"SearchAction\",\"target\":{\"@type\":\"EntryPoint\",\"urlTemplate\":\"https:\\\/\\\/www.esplac.cat\\\/?s={search_term_string}\"},\"query-input\":{\"@type\":\"PropertyValueSpecification\",\"valueRequired\":true,\"valueName\":\"search_term_string\"}}],\"inLanguage\":\"es\"},{\"@type\":\"Organization\",\"@id\":\"https:\\\/\\\/www.esplac.cat\\\/#organization\",\"name\":\"Esplac\",\"url\":\"https:\\\/\\\/www.esplac.cat\\\/\",\"logo\":{\"@type\":\"ImageObject\",\"inLanguage\":\"es\",\"@id\":\"https:\\\/\\\/www.esplac.cat\\\/#\\\/schema\\\/logo\\\/image\\\/\",\"url\":\"https:\\\/\\\/www.esplac.cat\\\/wp-content\\\/uploads\\\/2019\\\/08\\\/logox2.png\",\"contentUrl\":\"https:\\\/\\\/www.esplac.cat\\\/wp-content\\\/uploads\\\/2019\\\/08\\\/logox2.png\",\"width\":600,\"height\":295,\"caption\":\"Esplac\"},\"image\":{\"@id\":\"https:\\\/\\\/www.esplac.cat\\\/#\\\/schema\\\/logo\\\/image\\\/\"}},{\"@type\":\"Person\",\"@id\":\"https:\\\/\\\/www.esplac.cat\\\/#\\\/schema\\\/person\\\/908383cf240be18b68f8855d0583faca\",\"name\":\"Comunicaci\u00f3 Esplac\",\"image\":{\"@type\":\"ImageObject\",\"inLanguage\":\"es\",\"@id\":\"https:\\\/\\\/secure.gravatar.com\\\/avatar\\\/7a4cf8feb412a76ea4a740ca02d95b06b2907b5a6c648c2dd0a1082a093c3141?s=96&d=mm&r=g\",\"url\":\"https:\\\/\\\/secure.gravatar.com\\\/avatar\\\/7a4cf8feb412a76ea4a740ca02d95b06b2907b5a6c648c2dd0a1082a093c3141?s=96&d=mm&r=g\",\"contentUrl\":\"https:\\\/\\\/secure.gravatar.com\\\/avatar\\\/7a4cf8feb412a76ea4a740ca02d95b06b2907b5a6c648c2dd0a1082a093c3141?s=96&d=mm&r=g\",\"caption\":\"Comunicaci\u00f3 Esplac\"}}]}<\/script>\n<!-- \/ Yoast SEO plugin. -->","yoast_head_json":{"title":"Primer dossier d\u2019activitats del projecte Inf\u00e0ncia i Esplaiada! - Esplac","robots":{"index":"index","follow":"follow","max-snippet":"max-snippet:-1","max-image-preview":"max-image-preview:large","max-video-preview":"max-video-preview:-1"},"canonical":"https:\/\/www.esplac.cat\/es\/primer-dossier-activitats-projecte-infancia-esplaiada\/","og_locale":"es_ES","og_type":"article","og_title":"Primer dossier d\u2019activitats del projecte Inf\u00e0ncia i Esplaiada! - Esplac","og_description":"Surten a la llum les primeres activitats pels infants i [&hellip;]","og_url":"https:\/\/www.esplac.cat\/es\/primer-dossier-activitats-projecte-infancia-esplaiada\/","og_site_name":"Esplac","article_published_time":"2020-03-19T11:54:20+00:00","article_modified_time":"2020-10-15T16:22:56+00:00","og_image":[{"width":1694,"height":700,"url":"https:\/\/www.esplac.cat\/wp-content\/uploads\/2020\/03\/Disen\u0303o-sin-ti\u0301tulo-5.png","type":"image\/png"}],"author":"Comunicaci\u00f3 Esplac","twitter_card":"summary_large_image","twitter_misc":{"Escrito por":"Comunicaci\u00f3 Esplac","Tiempo de lectura":"5 minutos"},"schema":{"@context":"https:\/\/schema.org","@graph":[{"@type":"Article","@id":"https:\/\/www.esplac.cat\/es\/primer-dossier-activitats-projecte-infancia-esplaiada\/#article","isPartOf":{"@id":"https:\/\/www.esplac.cat\/es\/primer-dossier-activitats-projecte-infancia-esplaiada\/"},"author":{"name":"Comunicaci\u00f3 Esplac","@id":"https:\/\/www.esplac.cat\/#\/schema\/person\/908383cf240be18b68f8855d0583faca"},"headline":"Primer dossier d\u2019activitats del projecte Inf\u00e0ncia i Esplaiada!","datePublished":"2020-03-19T11:54:20+00:00","dateModified":"2020-10-15T16:22:56+00:00","mainEntityOfPage":{"@id":"https:\/\/www.esplac.cat\/es\/primer-dossier-activitats-projecte-infancia-esplaiada\/"},"wordCount":1025,"publisher":{"@id":"https:\/\/www.esplac.cat\/#organization"},"image":{"@id":"https:\/\/www.esplac.cat\/es\/primer-dossier-activitats-projecte-infancia-esplaiada\/#primaryimage"},"thumbnailUrl":"https:\/\/www.esplac.cat\/wp-content\/uploads\/2020\/03\/Disen\u0303o-sin-ti\u0301tulo-5.png","keywords":["esplaiada","infancia","joves","participaci\u00f3"],"articleSection":["Inf\u00e0ncia i Esplaiada"],"inLanguage":"es"},{"@type":"WebPage","@id":"https:\/\/www.esplac.cat\/es\/primer-dossier-activitats-projecte-infancia-esplaiada\/","url":"https:\/\/www.esplac.cat\/es\/primer-dossier-activitats-projecte-infancia-esplaiada\/","name":"Primer dossier d\u2019activitats del projecte Inf\u00e0ncia i Esplaiada! - Esplac","isPartOf":{"@id":"https:\/\/www.esplac.cat\/#website"},"primaryImageOfPage":{"@id":"https:\/\/www.esplac.cat\/es\/primer-dossier-activitats-projecte-infancia-esplaiada\/#primaryimage"},"image":{"@id":"https:\/\/www.esplac.cat\/es\/primer-dossier-activitats-projecte-infancia-esplaiada\/#primaryimage"},"thumbnailUrl":"https:\/\/www.esplac.cat\/wp-content\/uploads\/2020\/03\/Disen\u0303o-sin-ti\u0301tulo-5.png","datePublished":"2020-03-19T11:54:20+00:00","dateModified":"2020-10-15T16:22:56+00:00","breadcrumb":{"@id":"https:\/\/www.esplac.cat\/es\/primer-dossier-activitats-projecte-infancia-esplaiada\/#breadcrumb"},"inLanguage":"es","potentialAction":[{"@type":"ReadAction","target":["https:\/\/www.esplac.cat\/es\/primer-dossier-activitats-projecte-infancia-esplaiada\/"]}]},{"@type":"ImageObject","inLanguage":"es","@id":"https:\/\/www.esplac.cat\/es\/primer-dossier-activitats-projecte-infancia-esplaiada\/#primaryimage","url":"https:\/\/www.esplac.cat\/wp-content\/uploads\/2020\/03\/Disen\u0303o-sin-ti\u0301tulo-5.png","contentUrl":"https:\/\/www.esplac.cat\/wp-content\/uploads\/2020\/03\/Disen\u0303o-sin-ti\u0301tulo-5.png","width":1694,"height":700},{"@type":"BreadcrumbList","@id":"https:\/\/www.esplac.cat\/es\/primer-dossier-activitats-projecte-infancia-esplaiada\/#breadcrumb","itemListElement":[{"@type":"ListItem","position":1,"name":"Inici","item":"https:\/\/www.esplac.cat\/es\/"},{"@type":"ListItem","position":2,"name":"Primer dossier d\u2019activitats del projecte Inf\u00e0ncia i Esplaiada!"}]},{"@type":"WebSite","@id":"https:\/\/www.esplac.cat\/#website","url":"https:\/\/www.esplac.cat\/","name":"Esplac","description":"Esplais Catalans","publisher":{"@id":"https:\/\/www.esplac.cat\/#organization"},"potentialAction":[{"@type":"SearchAction","target":{"@type":"EntryPoint","urlTemplate":"https:\/\/www.esplac.cat\/?s={search_term_string}"},"query-input":{"@type":"PropertyValueSpecification","valueRequired":true,"valueName":"search_term_string"}}],"inLanguage":"es"},{"@type":"Organization","@id":"https:\/\/www.esplac.cat\/#organization","name":"Esplac","url":"https:\/\/www.esplac.cat\/","logo":{"@type":"ImageObject","inLanguage":"es","@id":"https:\/\/www.esplac.cat\/#\/schema\/logo\/image\/","url":"https:\/\/www.esplac.cat\/wp-content\/uploads\/2019\/08\/logox2.png","contentUrl":"https:\/\/www.esplac.cat\/wp-content\/uploads\/2019\/08\/logox2.png","width":600,"height":295,"caption":"Esplac"},"image":{"@id":"https:\/\/www.esplac.cat\/#\/schema\/logo\/image\/"}},{"@type":"Person","@id":"https:\/\/www.esplac.cat\/#\/schema\/person\/908383cf240be18b68f8855d0583faca","name":"Comunicaci\u00f3 Esplac","image":{"@type":"ImageObject","inLanguage":"es","@id":"https:\/\/secure.gravatar.com\/avatar\/7a4cf8feb412a76ea4a740ca02d95b06b2907b5a6c648c2dd0a1082a093c3141?s=96&d=mm&r=g","url":"https:\/\/secure.gravatar.com\/avatar\/7a4cf8feb412a76ea4a740ca02d95b06b2907b5a6c648c2dd0a1082a093c3141?s=96&d=mm&r=g","contentUrl":"https:\/\/secure.gravatar.com\/avatar\/7a4cf8feb412a76ea4a740ca02d95b06b2907b5a6c648c2dd0a1082a093c3141?s=96&d=mm&r=g","caption":"Comunicaci\u00f3 Esplac"}}]}},"_links":{"self":[{"href":"https:\/\/www.esplac.cat\/es\/wp-json\/wp\/v2\/posts\/31372","targetHints":{"allow":["GET"]}}],"collection":[{"href":"https:\/\/www.esplac.cat\/es\/wp-json\/wp\/v2\/posts"}],"about":[{"href":"https:\/\/www.esplac.cat\/es\/wp-json\/wp\/v2\/types\/post"}],"author":[{"embeddable":true,"href":"https:\/\/www.esplac.cat\/es\/wp-json\/wp\/v2\/users\/3"}],"replies":[{"embeddable":true,"href":"https:\/\/www.esplac.cat\/es\/wp-json\/wp\/v2\/comments?post=31372"}],"version-history":[{"count":0,"href":"https:\/\/www.esplac.cat\/es\/wp-json\/wp\/v2\/posts\/31372\/revisions"}],"wp:featuredmedia":[{"embeddable":true,"href":"https:\/\/www.esplac.cat\/es\/wp-json\/wp\/v2\/media\/31390"}],"wp:attachment":[{"href":"https:\/\/www.esplac.cat\/es\/wp-json\/wp\/v2\/media?parent=31372"}],"wp:term":[{"taxonomy":"category","embeddable":true,"href":"https:\/\/www.esplac.cat\/es\/wp-json\/wp\/v2\/categories?post=31372"},{"taxonomy":"post_tag","embeddable":true,"href":"https:\/\/www.esplac.cat\/es\/wp-json\/wp\/v2\/tags?post=31372"}],"curies":[{"name":"wp","href":"https:\/\/api.w.org\/{rel}","templated":true}]}}