{"id":31442,"date":"2020-11-03T09:00:06","date_gmt":"2020-11-03T08:00:06","guid":{"rendered":"https:\/\/www.esplac.cat\/?p=31442"},"modified":"2020-11-03T11:47:18","modified_gmt":"2020-11-03T10:47:18","slug":"jornades-interculturalitat","status":"publish","type":"post","link":"https:\/\/www.esplac.cat\/es\/jornades-interculturalitat\/","title":{"rendered":"1es Jornades d\u2019Interculturalitat: com participem conjuntament amb entitats diverses?"},"content":{"rendered":"<div class=\"fusion-fullwidth fullwidth-box fusion-builder-row-1 nonhundred-percent-fullwidth non-hundred-percent-height-scrolling\" style=\"--awb-border-radius-top-left:0px;--awb-border-radius-top-right:0px;--awb-border-radius-bottom-right:0px;--awb-border-radius-bottom-left:0px;--awb-flex-wrap:wrap;\" ><div class=\"fusion-builder-row fusion-row\"><div class=\"fusion-layout-column fusion_builder_column fusion-builder-column-0 fusion_builder_column_1_1 1_1 fusion-one-full fusion-column-first fusion-column-last\" style=\"--awb-bg-size:cover;--awb-margin-bottom:0px;\"><div class=\"fusion-column-wrapper fusion-flex-column-wrapper-legacy\"><div class=\"fusion-text fusion-text-1\"><h6><strong>\u201cCom participem conjuntament amb entitats diverses?\u201d Aquest \u00e9s el t\u00edtol d\u2019enguany de les Jornades d\u2019Interculturalitat, que tindr\u00e0n lloc el dia 7 de novembre de forma telem\u00e0tica, organitzades conjuntament per <a href=\"http:\/\/espai.casaldejoves.org\/casalsdejoves\/\"><span style=\"color: #ff9900;\">Casals de Joves<\/span><\/a>, l\u2019<span style=\"color: #ff9900;\"><a style=\"color: #ff9900;\" href=\"http:\/\/www.escolaelsol.org\/es\/index.htm\">Escola lliure el Sol<\/a><\/span>, <a href=\"https:\/\/www.ferrerguardia.org\/es\/\"><span style=\"color: #ff9900;\">Fundaci\u00f3 Ferrer i Gu\u00e0rdia<\/span><\/a> i <span style=\"color: #ff9900;\"><a style=\"color: #ff9900;\" href=\"https:\/\/www.esplac.cat\/\">Esplais Catalans<\/a><\/span>.<\/strong><\/h6>\n<p><span style=\"font-weight: 400;\">Arriba la primera edici\u00f3 de les Jornades d&#8217;Interculturalitat! Aquesta primera edici\u00f3 estava organitzada per poder celebrar-se a l&#8217;espai juvenil La Casa Groga (Fort Pienc, Barcelona), per\u00f2 finalment es realitzar\u00e0 de forma telem\u00e0ticament a causa de la situaci\u00f3 actual de la Covid-19 i les noves restriccions.\u00a0 La trobada formativa tindr\u00e0 un format de mat\u00ed, amb una pon\u00e8ncia inicial sobre <\/span><b>participaci\u00f3 i interculturalitat <\/b><span style=\"font-weight: 400;\">a c\u00e0rrec de Basha Changuerra, impulsora de la cooperativa Afrofem Koop.\u00a0<\/span><\/p>\n<p><span style=\"font-weight: 400;\">Tot seguit, les participants podran assistir a les quatre experi\u00e8ncies de participaci\u00f3 amb joves:<\/span><\/p>\n<ul>\n<li><b>La Tregua:<\/b><span style=\"font-weight: 400;\"> associaci\u00f3 de l&#8217;Economia Social i Solid\u00e0ria per la formaci\u00f3 i socialitzaci\u00f3 intercultural cr\u00edtica, feminista i antiracista.<\/span><\/li>\n<li><b>Joves Referents: <\/b>\u00abJoves Referents per la diversitat, la interculturalitat i la prevenci\u00f3 de viol\u00e8ncies\u00bb \u00e9s un programa del Centre d&#8217;Estudis Africans que t\u00e9 com a objectiu fomentar la participaci\u00f3 activa de persones joves afectades pel racisme o l\u2019estigma d\u2019origen en els \u00e0mbits de l\u2019educaci\u00f3 i la intervenci\u00f3 social<\/li>\n<li><b>Cat\u00e0rsia: <\/b>associaci\u00f3 de joves asi\u00e0ticdescendents de Catalunya<\/li>\n<li><b>Fundaci\u00f3 Bayt Al Thaqafa: <\/b>fundaci\u00f3 sense \u00e0nim de lucre per facilitar la integraci\u00f3 social, cultural, c\u00edvica i pol\u00edtica dels i les inmigrants arabomusulmanes<\/li>\n<\/ul>\n<p><span style=\"font-weight: 400;\">Per \u00faltim, a l\u2019acabar les jornades es presentar\u00e0 la <strong>Guia Tra\u00e7ant Vincles<\/strong>, que inclou el <\/span>Mapa d\u2019Entitats realitzat conjuntament per les quatre associacions organitzadores amb una<span style=\"font-weight: 400;\">\u00a0<\/span>Guia de Treball en Xarxa<span style=\"font-weight: 400;\"> i un mapa en l\u00ednia on hi constaran totes les entitats que treballen en inclusi\u00f3 i diversitat.<\/span><\/p>\n<p><strong>HORARI DE LES JORNADES<\/strong><\/p>\n<div class=\"gmail_default\">10:00 &#8211; 10:15\u00a0 Presentaci\u00f3 i obertura.<\/div>\n<div class=\"gmail_default\">10:15 &#8211; 11:15 Pon\u00e8ncia inicial de la Basha Changuerra.<\/div>\n<div class=\"gmail_default\">11:30 &#8211; 13:00 Pon\u00e8ncies de les experi\u00e8ncies (Cat\u00e0rsia, Bayt Al-Thaqafa, Joves referents i La Tregua).<\/div>\n<div>13:00 &#8211; 13:15 Tancament i presentaci\u00f3 de la Guia Tra\u00e7ant Vincles.<\/div>\n<p><span style=\"color: #ffffff;\">.<br \/>\n<\/span><strong>INSCRIPCIONS<\/strong><\/p>\n<p>Aix\u00ed doncs, les inscripcions tornen a estar obertes! Les trobareu a trav\u00e9s del seg\u00fcent enlla\u00e7:<\/p>\n<div class=\"fusion-button-wrapper\"><a class=\"fusion-button button-flat fusion-button-default-size button-default fusion-button-default button-1 fusion-button-default-span fusion-button-default-type\" target=\"_blank\" rel=\"noopener noreferrer\" href=\"http:\/\/www.escolaelsol.org\/oferta-formativa\/caps836\/20-jornades-d-interculturalitat.htm\"><span class=\"fusion-button-text\">INSCRIPCIONS<\/span><\/a><\/div>\n<p><b>\u00a0<\/b><\/p>\n<p>I, a continuaci\u00f3, us presentem el cartell:<\/p>\n<p><img decoding=\"async\" class=\"wp-image-33151 alignleft\" src=\"https:\/\/www.esplac.cat\/wp-content\/uploads\/2020\/11\/WhatsApp-Image-2020-11-03-at-11.26.30.jpeg\" alt=\"\" width=\"290\" height=\"411\" srcset=\"https:\/\/www.esplac.cat\/wp-content\/uploads\/2020\/11\/WhatsApp-Image-2020-11-03-at-11.26.30-200x283.jpeg 200w, https:\/\/www.esplac.cat\/wp-content\/uploads\/2020\/11\/WhatsApp-Image-2020-11-03-at-11.26.30-212x300.jpeg 212w, https:\/\/www.esplac.cat\/wp-content\/uploads\/2020\/11\/WhatsApp-Image-2020-11-03-at-11.26.30-400x566.jpeg 400w, https:\/\/www.esplac.cat\/wp-content\/uploads\/2020\/11\/WhatsApp-Image-2020-11-03-at-11.26.30-600x849.jpeg 600w, https:\/\/www.esplac.cat\/wp-content\/uploads\/2020\/11\/WhatsApp-Image-2020-11-03-at-11.26.30-724x1024.jpeg 724w, https:\/\/www.esplac.cat\/wp-content\/uploads\/2020\/11\/WhatsApp-Image-2020-11-03-at-11.26.30-768x1086.jpeg 768w, https:\/\/www.esplac.cat\/wp-content\/uploads\/2020\/11\/WhatsApp-Image-2020-11-03-at-11.26.30-800x1132.jpeg 800w, https:\/\/www.esplac.cat\/wp-content\/uploads\/2020\/11\/WhatsApp-Image-2020-11-03-at-11.26.30-1086x1536.jpeg 1086w, https:\/\/www.esplac.cat\/wp-content\/uploads\/2020\/11\/WhatsApp-Image-2020-11-03-at-11.26.30.jpeg 1131w\" sizes=\"(max-width: 290px) 100vw, 290px\" \/><\/p>\n<p><img decoding=\"async\" class=\"wp-image-33155 alignleft\" src=\"https:\/\/www.esplac.cat\/wp-content\/uploads\/2020\/11\/WhatsApp-Image-2020-11-03-at-11.37.17.jpeg\" alt=\"\" width=\"276\" height=\"391\" srcset=\"https:\/\/www.esplac.cat\/wp-content\/uploads\/2020\/11\/WhatsApp-Image-2020-11-03-at-11.37.17-200x283.jpeg 200w, https:\/\/www.esplac.cat\/wp-content\/uploads\/2020\/11\/WhatsApp-Image-2020-11-03-at-11.37.17-212x300.jpeg 212w, https:\/\/www.esplac.cat\/wp-content\/uploads\/2020\/11\/WhatsApp-Image-2020-11-03-at-11.37.17-400x566.jpeg 400w, https:\/\/www.esplac.cat\/wp-content\/uploads\/2020\/11\/WhatsApp-Image-2020-11-03-at-11.37.17-600x849.jpeg 600w, https:\/\/www.esplac.cat\/wp-content\/uploads\/2020\/11\/WhatsApp-Image-2020-11-03-at-11.37.17-724x1024.jpeg 724w, https:\/\/www.esplac.cat\/wp-content\/uploads\/2020\/11\/WhatsApp-Image-2020-11-03-at-11.37.17-768x1086.jpeg 768w, https:\/\/www.esplac.cat\/wp-content\/uploads\/2020\/11\/WhatsApp-Image-2020-11-03-at-11.37.17-800x1132.jpeg 800w, https:\/\/www.esplac.cat\/wp-content\/uploads\/2020\/11\/WhatsApp-Image-2020-11-03-at-11.37.17-1086x1536.jpeg 1086w, https:\/\/www.esplac.cat\/wp-content\/uploads\/2020\/11\/WhatsApp-Image-2020-11-03-at-11.37.17.jpeg 1131w\" sizes=\"(max-width: 276px) 100vw, 276px\" \/><\/p>\n<\/div><div class=\"fusion-clearfix\"><\/div><\/div><\/div><\/div><\/div>\n","protected":false},"excerpt":{"rendered":"","protected":false},"author":3,"featured_media":31444,"comment_status":"closed","ping_status":"open","sticky":false,"template":"","format":"standard","meta":{"om_disable_all_campaigns":false,"_monsterinsights_skip_tracking":false,"_monsterinsights_sitenote_active":false,"_monsterinsights_sitenote_note":"","_monsterinsights_sitenote_category":0,"_uf_show_specific_survey":0,"_uf_disable_surveys":false,"footnotes":""},"categories":[1166],"tags":[],"class_list":["post-31442","post","type-post","status-publish","format-standard","has-post-thumbnail","hentry","category-inclusio-i-diversitat"],"yoast_head":"<!-- This site is optimized with the Yoast SEO plugin v27.5 - https:\/\/yoast.com\/product\/yoast-seo-wordpress\/ -->\n<title>Jornades d&#039;Interculturalitat 2020 - Esplac, Esplais Catalans<\/title>\n<meta name=\"description\" content=\"\u201cCom participem conjuntament amb entitats diverses?\u201d Les Jornades d\u2019Interculturalitat tindr\u00e0n lloc el dia 7 de novembre telem\u00e0ticament.\" \/>\n<meta name=\"robots\" content=\"index, follow, max-snippet:-1, max-image-preview:large, max-video-preview:-1\" \/>\n<link rel=\"canonical\" href=\"https:\/\/www.esplac.cat\/en\/jornades-interculturalitat\/\" \/>\n<meta property=\"og:locale\" content=\"es_ES\" \/>\n<meta property=\"og:type\" content=\"article\" \/>\n<meta property=\"og:title\" content=\"Jornades d&#039;Interculturalitat 2020 - Esplac, Esplais Catalans\" \/>\n<meta property=\"og:description\" content=\"\u201cCom participem conjuntament amb entitats diverses?\u201d Les Jornades d\u2019Interculturalitat tindr\u00e0n lloc el dia 7 de novembre telem\u00e0ticament.\" \/>\n<meta property=\"og:url\" content=\"https:\/\/www.esplac.cat\/en\/jornades-interculturalitat\/\" \/>\n<meta property=\"og:site_name\" content=\"Esplac\" \/>\n<meta property=\"article:published_time\" content=\"2020-11-03T08:00:06+00:00\" \/>\n<meta property=\"article:modified_time\" content=\"2020-11-03T10:47:18+00:00\" \/>\n<meta property=\"og:image\" content=\"https:\/\/www.esplac.cat\/wp-content\/uploads\/2020\/03\/Disen\u0303o-sin-ti\u0301tulo-6.png\" \/>\n\t<meta property=\"og:image:width\" content=\"1694\" \/>\n\t<meta property=\"og:image:height\" content=\"700\" \/>\n\t<meta property=\"og:image:type\" content=\"image\/png\" \/>\n<meta name=\"author\" content=\"Comunicaci\u00f3 Esplac\" \/>\n<meta name=\"twitter:card\" content=\"summary_large_image\" \/>\n<meta name=\"twitter:image\" content=\"https:\/\/www.esplac.cat\/wp-content\/uploads\/2020\/03\/Disen\u0303o-sin-ti\u0301tulo-6.png\" \/>\n<meta name=\"twitter:label1\" content=\"Escrito por\" \/>\n\t<meta name=\"twitter:data1\" content=\"Comunicaci\u00f3 Esplac\" \/>\n\t<meta name=\"twitter:label2\" content=\"Tiempo de lectura\" \/>\n\t<meta name=\"twitter:data2\" content=\"3 minutos\" \/>\n<script type=\"application\/ld+json\" class=\"yoast-schema-graph\">{\"@context\":\"https:\\\/\\\/schema.org\",\"@graph\":[{\"@type\":\"Article\",\"@id\":\"https:\\\/\\\/www.esplac.cat\\\/en\\\/jornades-interculturalitat\\\/#article\",\"isPartOf\":{\"@id\":\"https:\\\/\\\/www.esplac.cat\\\/en\\\/jornades-interculturalitat\\\/\"},\"author\":{\"name\":\"Comunicaci\u00f3 Esplac\",\"@id\":\"https:\\\/\\\/www.esplac.cat\\\/#\\\/schema\\\/person\\\/908383cf240be18b68f8855d0583faca\"},\"headline\":\"1es Jornades d\u2019Interculturalitat: com participem conjuntament amb entitats diverses?\",\"datePublished\":\"2020-11-03T08:00:06+00:00\",\"dateModified\":\"2020-11-03T10:47:18+00:00\",\"mainEntityOfPage\":{\"@id\":\"https:\\\/\\\/www.esplac.cat\\\/en\\\/jornades-interculturalitat\\\/\"},\"wordCount\":656,\"publisher\":{\"@id\":\"https:\\\/\\\/www.esplac.cat\\\/#organization\"},\"image\":{\"@id\":\"https:\\\/\\\/www.esplac.cat\\\/en\\\/jornades-interculturalitat\\\/#primaryimage\"},\"thumbnailUrl\":\"https:\\\/\\\/www.esplac.cat\\\/wp-content\\\/uploads\\\/2020\\\/03\\\/Disen\u0303o-sin-ti\u0301tulo-6.png\",\"articleSection\":[\"Inclusi\u00f3 i diversitat\"],\"inLanguage\":\"es\"},{\"@type\":\"WebPage\",\"@id\":\"https:\\\/\\\/www.esplac.cat\\\/en\\\/jornades-interculturalitat\\\/\",\"url\":\"https:\\\/\\\/www.esplac.cat\\\/en\\\/jornades-interculturalitat\\\/\",\"name\":\"Jornades d'Interculturalitat 2020 - Esplac, Esplais Catalans\",\"isPartOf\":{\"@id\":\"https:\\\/\\\/www.esplac.cat\\\/#website\"},\"primaryImageOfPage\":{\"@id\":\"https:\\\/\\\/www.esplac.cat\\\/en\\\/jornades-interculturalitat\\\/#primaryimage\"},\"image\":{\"@id\":\"https:\\\/\\\/www.esplac.cat\\\/en\\\/jornades-interculturalitat\\\/#primaryimage\"},\"thumbnailUrl\":\"https:\\\/\\\/www.esplac.cat\\\/wp-content\\\/uploads\\\/2020\\\/03\\\/Disen\u0303o-sin-ti\u0301tulo-6.png\",\"datePublished\":\"2020-11-03T08:00:06+00:00\",\"dateModified\":\"2020-11-03T10:47:18+00:00\",\"description\":\"\u201cCom participem conjuntament amb entitats diverses?\u201d Les Jornades d\u2019Interculturalitat tindr\u00e0n lloc el dia 7 de novembre telem\u00e0ticament.\",\"breadcrumb\":{\"@id\":\"https:\\\/\\\/www.esplac.cat\\\/en\\\/jornades-interculturalitat\\\/#breadcrumb\"},\"inLanguage\":\"es\",\"potentialAction\":[{\"@type\":\"ReadAction\",\"target\":[\"https:\\\/\\\/www.esplac.cat\\\/en\\\/jornades-interculturalitat\\\/\"]}]},{\"@type\":\"ImageObject\",\"inLanguage\":\"es\",\"@id\":\"https:\\\/\\\/www.esplac.cat\\\/en\\\/jornades-interculturalitat\\\/#primaryimage\",\"url\":\"https:\\\/\\\/www.esplac.cat\\\/wp-content\\\/uploads\\\/2020\\\/03\\\/Disen\u0303o-sin-ti\u0301tulo-6.png\",\"contentUrl\":\"https:\\\/\\\/www.esplac.cat\\\/wp-content\\\/uploads\\\/2020\\\/03\\\/Disen\u0303o-sin-ti\u0301tulo-6.png\",\"width\":1694,\"height\":700,\"caption\":\"Jornades Interculturalitat\"},{\"@type\":\"BreadcrumbList\",\"@id\":\"https:\\\/\\\/www.esplac.cat\\\/en\\\/jornades-interculturalitat\\\/#breadcrumb\",\"itemListElement\":[{\"@type\":\"ListItem\",\"position\":1,\"name\":\"Inici\",\"item\":\"https:\\\/\\\/www.esplac.cat\\\/es\\\/\"},{\"@type\":\"ListItem\",\"position\":2,\"name\":\"1es Jornades d\u2019Interculturalitat: com participem conjuntament amb entitats diverses?\"}]},{\"@type\":\"WebSite\",\"@id\":\"https:\\\/\\\/www.esplac.cat\\\/#website\",\"url\":\"https:\\\/\\\/www.esplac.cat\\\/\",\"name\":\"Esplac\",\"description\":\"Esplais Catalans\",\"publisher\":{\"@id\":\"https:\\\/\\\/www.esplac.cat\\\/#organization\"},\"potentialAction\":[{\"@type\":\"SearchAction\",\"target\":{\"@type\":\"EntryPoint\",\"urlTemplate\":\"https:\\\/\\\/www.esplac.cat\\\/?s={search_term_string}\"},\"query-input\":{\"@type\":\"PropertyValueSpecification\",\"valueRequired\":true,\"valueName\":\"search_term_string\"}}],\"inLanguage\":\"es\"},{\"@type\":\"Organization\",\"@id\":\"https:\\\/\\\/www.esplac.cat\\\/#organization\",\"name\":\"Esplac\",\"url\":\"https:\\\/\\\/www.esplac.cat\\\/\",\"logo\":{\"@type\":\"ImageObject\",\"inLanguage\":\"es\",\"@id\":\"https:\\\/\\\/www.esplac.cat\\\/#\\\/schema\\\/logo\\\/image\\\/\",\"url\":\"https:\\\/\\\/www.esplac.cat\\\/wp-content\\\/uploads\\\/2019\\\/08\\\/logox2.png\",\"contentUrl\":\"https:\\\/\\\/www.esplac.cat\\\/wp-content\\\/uploads\\\/2019\\\/08\\\/logox2.png\",\"width\":600,\"height\":295,\"caption\":\"Esplac\"},\"image\":{\"@id\":\"https:\\\/\\\/www.esplac.cat\\\/#\\\/schema\\\/logo\\\/image\\\/\"}},{\"@type\":\"Person\",\"@id\":\"https:\\\/\\\/www.esplac.cat\\\/#\\\/schema\\\/person\\\/908383cf240be18b68f8855d0583faca\",\"name\":\"Comunicaci\u00f3 Esplac\",\"image\":{\"@type\":\"ImageObject\",\"inLanguage\":\"es\",\"@id\":\"https:\\\/\\\/secure.gravatar.com\\\/avatar\\\/7a4cf8feb412a76ea4a740ca02d95b06b2907b5a6c648c2dd0a1082a093c3141?s=96&d=mm&r=g\",\"url\":\"https:\\\/\\\/secure.gravatar.com\\\/avatar\\\/7a4cf8feb412a76ea4a740ca02d95b06b2907b5a6c648c2dd0a1082a093c3141?s=96&d=mm&r=g\",\"contentUrl\":\"https:\\\/\\\/secure.gravatar.com\\\/avatar\\\/7a4cf8feb412a76ea4a740ca02d95b06b2907b5a6c648c2dd0a1082a093c3141?s=96&d=mm&r=g\",\"caption\":\"Comunicaci\u00f3 Esplac\"}}]}<\/script>\n<!-- \/ Yoast SEO plugin. -->","yoast_head_json":{"title":"Jornades d'Interculturalitat 2020 - Esplac, Esplais Catalans","description":"\u201cCom participem conjuntament amb entitats diverses?\u201d Les Jornades d\u2019Interculturalitat tindr\u00e0n lloc el dia 7 de novembre telem\u00e0ticament.","robots":{"index":"index","follow":"follow","max-snippet":"max-snippet:-1","max-image-preview":"max-image-preview:large","max-video-preview":"max-video-preview:-1"},"canonical":"https:\/\/www.esplac.cat\/en\/jornades-interculturalitat\/","og_locale":"es_ES","og_type":"article","og_title":"Jornades d'Interculturalitat 2020 - Esplac, Esplais Catalans","og_description":"\u201cCom participem conjuntament amb entitats diverses?\u201d Les Jornades d\u2019Interculturalitat tindr\u00e0n lloc el dia 7 de novembre telem\u00e0ticament.","og_url":"https:\/\/www.esplac.cat\/en\/jornades-interculturalitat\/","og_site_name":"Esplac","article_published_time":"2020-11-03T08:00:06+00:00","article_modified_time":"2020-11-03T10:47:18+00:00","og_image":[{"width":1694,"height":700,"url":"https:\/\/www.esplac.cat\/wp-content\/uploads\/2020\/03\/Disen\u0303o-sin-ti\u0301tulo-6.png","type":"image\/png"}],"author":"Comunicaci\u00f3 Esplac","twitter_card":"summary_large_image","twitter_image":"https:\/\/www.esplac.cat\/wp-content\/uploads\/2020\/03\/Disen\u0303o-sin-ti\u0301tulo-6.png","twitter_misc":{"Escrito por":"Comunicaci\u00f3 Esplac","Tiempo de lectura":"3 minutos"},"schema":{"@context":"https:\/\/schema.org","@graph":[{"@type":"Article","@id":"https:\/\/www.esplac.cat\/en\/jornades-interculturalitat\/#article","isPartOf":{"@id":"https:\/\/www.esplac.cat\/en\/jornades-interculturalitat\/"},"author":{"name":"Comunicaci\u00f3 Esplac","@id":"https:\/\/www.esplac.cat\/#\/schema\/person\/908383cf240be18b68f8855d0583faca"},"headline":"1es Jornades d\u2019Interculturalitat: com participem conjuntament amb entitats diverses?","datePublished":"2020-11-03T08:00:06+00:00","dateModified":"2020-11-03T10:47:18+00:00","mainEntityOfPage":{"@id":"https:\/\/www.esplac.cat\/en\/jornades-interculturalitat\/"},"wordCount":656,"publisher":{"@id":"https:\/\/www.esplac.cat\/#organization"},"image":{"@id":"https:\/\/www.esplac.cat\/en\/jornades-interculturalitat\/#primaryimage"},"thumbnailUrl":"https:\/\/www.esplac.cat\/wp-content\/uploads\/2020\/03\/Disen\u0303o-sin-ti\u0301tulo-6.png","articleSection":["Inclusi\u00f3 i diversitat"],"inLanguage":"es"},{"@type":"WebPage","@id":"https:\/\/www.esplac.cat\/en\/jornades-interculturalitat\/","url":"https:\/\/www.esplac.cat\/en\/jornades-interculturalitat\/","name":"Jornades d'Interculturalitat 2020 - Esplac, Esplais Catalans","isPartOf":{"@id":"https:\/\/www.esplac.cat\/#website"},"primaryImageOfPage":{"@id":"https:\/\/www.esplac.cat\/en\/jornades-interculturalitat\/#primaryimage"},"image":{"@id":"https:\/\/www.esplac.cat\/en\/jornades-interculturalitat\/#primaryimage"},"thumbnailUrl":"https:\/\/www.esplac.cat\/wp-content\/uploads\/2020\/03\/Disen\u0303o-sin-ti\u0301tulo-6.png","datePublished":"2020-11-03T08:00:06+00:00","dateModified":"2020-11-03T10:47:18+00:00","description":"\u201cCom participem conjuntament amb entitats diverses?\u201d Les Jornades d\u2019Interculturalitat tindr\u00e0n lloc el dia 7 de novembre telem\u00e0ticament.","breadcrumb":{"@id":"https:\/\/www.esplac.cat\/en\/jornades-interculturalitat\/#breadcrumb"},"inLanguage":"es","potentialAction":[{"@type":"ReadAction","target":["https:\/\/www.esplac.cat\/en\/jornades-interculturalitat\/"]}]},{"@type":"ImageObject","inLanguage":"es","@id":"https:\/\/www.esplac.cat\/en\/jornades-interculturalitat\/#primaryimage","url":"https:\/\/www.esplac.cat\/wp-content\/uploads\/2020\/03\/Disen\u0303o-sin-ti\u0301tulo-6.png","contentUrl":"https:\/\/www.esplac.cat\/wp-content\/uploads\/2020\/03\/Disen\u0303o-sin-ti\u0301tulo-6.png","width":1694,"height":700,"caption":"Jornades Interculturalitat"},{"@type":"BreadcrumbList","@id":"https:\/\/www.esplac.cat\/en\/jornades-interculturalitat\/#breadcrumb","itemListElement":[{"@type":"ListItem","position":1,"name":"Inici","item":"https:\/\/www.esplac.cat\/es\/"},{"@type":"ListItem","position":2,"name":"1es Jornades d\u2019Interculturalitat: com participem conjuntament amb entitats diverses?"}]},{"@type":"WebSite","@id":"https:\/\/www.esplac.cat\/#website","url":"https:\/\/www.esplac.cat\/","name":"Esplac","description":"Esplais Catalans","publisher":{"@id":"https:\/\/www.esplac.cat\/#organization"},"potentialAction":[{"@type":"SearchAction","target":{"@type":"EntryPoint","urlTemplate":"https:\/\/www.esplac.cat\/?s={search_term_string}"},"query-input":{"@type":"PropertyValueSpecification","valueRequired":true,"valueName":"search_term_string"}}],"inLanguage":"es"},{"@type":"Organization","@id":"https:\/\/www.esplac.cat\/#organization","name":"Esplac","url":"https:\/\/www.esplac.cat\/","logo":{"@type":"ImageObject","inLanguage":"es","@id":"https:\/\/www.esplac.cat\/#\/schema\/logo\/image\/","url":"https:\/\/www.esplac.cat\/wp-content\/uploads\/2019\/08\/logox2.png","contentUrl":"https:\/\/www.esplac.cat\/wp-content\/uploads\/2019\/08\/logox2.png","width":600,"height":295,"caption":"Esplac"},"image":{"@id":"https:\/\/www.esplac.cat\/#\/schema\/logo\/image\/"}},{"@type":"Person","@id":"https:\/\/www.esplac.cat\/#\/schema\/person\/908383cf240be18b68f8855d0583faca","name":"Comunicaci\u00f3 Esplac","image":{"@type":"ImageObject","inLanguage":"es","@id":"https:\/\/secure.gravatar.com\/avatar\/7a4cf8feb412a76ea4a740ca02d95b06b2907b5a6c648c2dd0a1082a093c3141?s=96&d=mm&r=g","url":"https:\/\/secure.gravatar.com\/avatar\/7a4cf8feb412a76ea4a740ca02d95b06b2907b5a6c648c2dd0a1082a093c3141?s=96&d=mm&r=g","contentUrl":"https:\/\/secure.gravatar.com\/avatar\/7a4cf8feb412a76ea4a740ca02d95b06b2907b5a6c648c2dd0a1082a093c3141?s=96&d=mm&r=g","caption":"Comunicaci\u00f3 Esplac"}}]}},"_links":{"self":[{"href":"https:\/\/www.esplac.cat\/es\/wp-json\/wp\/v2\/posts\/31442","targetHints":{"allow":["GET"]}}],"collection":[{"href":"https:\/\/www.esplac.cat\/es\/wp-json\/wp\/v2\/posts"}],"about":[{"href":"https:\/\/www.esplac.cat\/es\/wp-json\/wp\/v2\/types\/post"}],"author":[{"embeddable":true,"href":"https:\/\/www.esplac.cat\/es\/wp-json\/wp\/v2\/users\/3"}],"replies":[{"embeddable":true,"href":"https:\/\/www.esplac.cat\/es\/wp-json\/wp\/v2\/comments?post=31442"}],"version-history":[{"count":0,"href":"https:\/\/www.esplac.cat\/es\/wp-json\/wp\/v2\/posts\/31442\/revisions"}],"wp:featuredmedia":[{"embeddable":true,"href":"https:\/\/www.esplac.cat\/es\/wp-json\/wp\/v2\/media\/31444"}],"wp:attachment":[{"href":"https:\/\/www.esplac.cat\/es\/wp-json\/wp\/v2\/media?parent=31442"}],"wp:term":[{"taxonomy":"category","embeddable":true,"href":"https:\/\/www.esplac.cat\/es\/wp-json\/wp\/v2\/categories?post=31442"},{"taxonomy":"post_tag","embeddable":true,"href":"https:\/\/www.esplac.cat\/es\/wp-json\/wp\/v2\/tags?post=31442"}],"curies":[{"name":"wp","href":"https:\/\/api.w.org\/{rel}","templated":true}]}}