{"id":31597,"date":"2020-04-16T09:20:35","date_gmt":"2020-04-16T08:20:35","guid":{"rendered":"https:\/\/www.esplac.cat\/?p=31597"},"modified":"2020-10-15T17:22:54","modified_gmt":"2020-10-15T16:22:54","slug":"els-infants-sempre-al-centre","status":"publish","type":"post","link":"https:\/\/www.esplac.cat\/es\/els-infants-sempre-al-centre\/","title":{"rendered":"Els infants sempre al centre!"},"content":{"rendered":"<h6><strong>Queda aprovat el posicionament \u00abEls infants sempre al centre\u00bb.<\/strong><\/h6>\n<p><b>E<\/b><b>ls infants sempre al centre!<\/b><\/p>\n<p><span style=\"font-weight: 400;\">Actualment estem vivint una situaci\u00f3 complexa, nova i incerta que ens ha agafat a totes desprevingudes. Cada dia veiem com des dels governs i les institucions es prenen decisions per fer front a la pand\u00e8mia que afecten directament a les nostres vides i les dels esplais. La gran majoria d\u2019aquestes decisions afecta molt especialment als infants i joves i des d\u2019Esplais Catalans creiem que no se\u2019ls t\u00e9 prou en compte en la gesti\u00f3 d\u2019aquesta epid\u00e8mia.\u00a0<\/span><\/p>\n<p><span style=\"font-weight: 400;\">Esplais Catalans fa anys que treballem per una societat en qu\u00e8 la inf\u00e0ncia estigui al centre. Entenem que les decisions s\u2019han de prendre amb una visi\u00f3 posada des de les necessitats de la inf\u00e0ncia i no nom\u00e9s des de la visi\u00f3 adultoc\u00e8ntrica.\u00a0<\/span><\/p>\n<p><span style=\"font-weight: 400;\">Aquestes setmanes observem amb sorpresa com es parla de treballadores, d\u2019animals de companyia o d\u2019estudiants per\u00f2 ben poques vegades d\u2019inf\u00e0ncia. I, quan es parla d\u2019infants, gaireb\u00e9 sempre es fa com a membres d\u2019un sistema educatiu, no des d\u2019una mirada hol\u00edstica de les seves necessitats i drets. En s\u00f3n exemples la falta d\u2019intimitat que poden estar vivint algunes joves, la impossibilitat de garantir que tots els infants tinguin un espai segur, les conseq\u00fc\u00e8ncies que pot tenir el confinament en el seu desenvolupament, la c\u00e0rrega de feina escolar&#8230;\u00a0<\/span><\/p>\n<p><span style=\"font-weight: 400;\">A m\u00e9s, aquests dies tamb\u00e9 hem sentit a parlar dels infants com a grans transmissors de la COVID-19 m\u00e9s que com a persones. Des d\u2019Esplais Catalans reivindiquem que els infants s\u00f3n persones amb tots els drets i, per tant, les seves necessitats i especificitats han de ser tingudes en compte com la de tots els altres col\u00b7lectius.\u00a0<\/span><\/p>\n<p><span style=\"font-weight: 400;\">Per aix\u00f2 demanem que des dels c\u00e0rrecs pol\u00edtics i les pol\u00edtiques que s\u2019han aplicat aquests dies i que s\u2019aniran desenvolupant els propers es revisin tamb\u00e9 des d\u2019una perspectiva de la inf\u00e0ncia i no nom\u00e9s des de les necessitats i visi\u00f3 dels adults.\u00a0<\/span><\/p>\n<p>&nbsp;<\/p>\n<p>Pots trobar el posicionament en PDF<span style=\"color: #ff9900;\"><a style=\"color: #ff9900;\" href=\"https:\/\/www.esplac.cat\/wp-content\/uploads\/2020\/04\/Posicionament-Infants-cempre-al-centre.pdf\" target=\"_blank\" rel=\"noopener noreferrer\"> aqu\u00ed.<\/a><\/span><\/p>\n","protected":false},"excerpt":{"rendered":"<p>Queda aprovat el posicionament \u00abEls infants sempre al centre\u00bb. Els [&hellip;]<\/p>\n","protected":false},"author":3,"featured_media":31602,"comment_status":"closed","ping_status":"open","sticky":false,"template":"","format":"standard","meta":{"om_disable_all_campaigns":false,"_monsterinsights_skip_tracking":false,"_monsterinsights_sitenote_active":false,"_monsterinsights_sitenote_note":"","_monsterinsights_sitenote_category":0,"_uf_show_specific_survey":0,"_uf_disable_surveys":false,"footnotes":""},"categories":[1127],"tags":[1304,1296,45,856,1307],"class_list":["post-31597","post","type-post","status-publish","format-standard","has-post-thumbnail","hentry","category-comunicats-posicionaments","tag-coronavirus","tag-covid-19","tag-drets-dels-infants","tag-infancia","tag-pandemia"],"yoast_head":"<!-- This site is optimized with the Yoast SEO plugin v27.5 - https:\/\/yoast.com\/product\/yoast-seo-wordpress\/ -->\n<title>Els infants sempre al centre! - Esplac<\/title>\n<meta name=\"robots\" content=\"index, follow, max-snippet:-1, max-image-preview:large, max-video-preview:-1\" \/>\n<link rel=\"canonical\" href=\"https:\/\/www.esplac.cat\/els-infants-sempre-al-centre\/\" \/>\n<meta property=\"og:locale\" content=\"es_ES\" \/>\n<meta property=\"og:type\" content=\"article\" \/>\n<meta property=\"og:title\" content=\"Els infants sempre al centre! - Esplac\" \/>\n<meta property=\"og:description\" content=\"Queda aprovat el posicionament \u00abEls infants sempre al centre\u00bb. Els [&hellip;]\" \/>\n<meta property=\"og:url\" content=\"https:\/\/www.esplac.cat\/els-infants-sempre-al-centre\/\" \/>\n<meta property=\"og:site_name\" content=\"Esplac\" \/>\n<meta property=\"article:published_time\" content=\"2020-04-16T08:20:35+00:00\" \/>\n<meta property=\"article:modified_time\" content=\"2020-10-15T16:22:54+00:00\" \/>\n<meta property=\"og:image\" content=\"https:\/\/www.esplac.cat\/wp-content\/uploads\/2020\/04\/Disen\u0303o-sin-ti\u0301tulo-1.jpg\" \/>\n\t<meta property=\"og:image:width\" content=\"1697\" \/>\n\t<meta property=\"og:image:height\" content=\"700\" \/>\n\t<meta property=\"og:image:type\" content=\"image\/jpeg\" \/>\n<meta name=\"author\" content=\"Comunicaci\u00f3 Esplac\" \/>\n<meta name=\"twitter:card\" content=\"summary_large_image\" \/>\n<meta name=\"twitter:label1\" content=\"Escrito por\" \/>\n\t<meta name=\"twitter:data1\" content=\"Comunicaci\u00f3 Esplac\" \/>\n\t<meta name=\"twitter:label2\" content=\"Tiempo de lectura\" \/>\n\t<meta name=\"twitter:data2\" content=\"2 minutos\" \/>\n<script type=\"application\/ld+json\" class=\"yoast-schema-graph\">{\"@context\":\"https:\\\/\\\/schema.org\",\"@graph\":[{\"@type\":\"Article\",\"@id\":\"https:\\\/\\\/www.esplac.cat\\\/els-infants-sempre-al-centre\\\/#article\",\"isPartOf\":{\"@id\":\"https:\\\/\\\/www.esplac.cat\\\/els-infants-sempre-al-centre\\\/\"},\"author\":{\"name\":\"Comunicaci\u00f3 Esplac\",\"@id\":\"https:\\\/\\\/www.esplac.cat\\\/#\\\/schema\\\/person\\\/908383cf240be18b68f8855d0583faca\"},\"headline\":\"Els infants sempre al centre!\",\"datePublished\":\"2020-04-16T08:20:35+00:00\",\"dateModified\":\"2020-10-15T16:22:54+00:00\",\"mainEntityOfPage\":{\"@id\":\"https:\\\/\\\/www.esplac.cat\\\/els-infants-sempre-al-centre\\\/\"},\"wordCount\":366,\"publisher\":{\"@id\":\"https:\\\/\\\/www.esplac.cat\\\/#organization\"},\"image\":{\"@id\":\"https:\\\/\\\/www.esplac.cat\\\/els-infants-sempre-al-centre\\\/#primaryimage\"},\"thumbnailUrl\":\"https:\\\/\\\/www.esplac.cat\\\/wp-content\\\/uploads\\\/2020\\\/04\\\/Disen\u0303o-sin-ti\u0301tulo-1.jpg\",\"keywords\":[\"Coronavirus\",\"covid-19\",\"drets dels infants\",\"infancia\",\"Pand\u00e8mia\"],\"articleSection\":[\"Comunicats i posicionaments\"],\"inLanguage\":\"es\"},{\"@type\":\"WebPage\",\"@id\":\"https:\\\/\\\/www.esplac.cat\\\/els-infants-sempre-al-centre\\\/\",\"url\":\"https:\\\/\\\/www.esplac.cat\\\/els-infants-sempre-al-centre\\\/\",\"name\":\"Els infants sempre al centre! - Esplac\",\"isPartOf\":{\"@id\":\"https:\\\/\\\/www.esplac.cat\\\/#website\"},\"primaryImageOfPage\":{\"@id\":\"https:\\\/\\\/www.esplac.cat\\\/els-infants-sempre-al-centre\\\/#primaryimage\"},\"image\":{\"@id\":\"https:\\\/\\\/www.esplac.cat\\\/els-infants-sempre-al-centre\\\/#primaryimage\"},\"thumbnailUrl\":\"https:\\\/\\\/www.esplac.cat\\\/wp-content\\\/uploads\\\/2020\\\/04\\\/Disen\u0303o-sin-ti\u0301tulo-1.jpg\",\"datePublished\":\"2020-04-16T08:20:35+00:00\",\"dateModified\":\"2020-10-15T16:22:54+00:00\",\"breadcrumb\":{\"@id\":\"https:\\\/\\\/www.esplac.cat\\\/els-infants-sempre-al-centre\\\/#breadcrumb\"},\"inLanguage\":\"es\",\"potentialAction\":[{\"@type\":\"ReadAction\",\"target\":[\"https:\\\/\\\/www.esplac.cat\\\/els-infants-sempre-al-centre\\\/\"]}]},{\"@type\":\"ImageObject\",\"inLanguage\":\"es\",\"@id\":\"https:\\\/\\\/www.esplac.cat\\\/els-infants-sempre-al-centre\\\/#primaryimage\",\"url\":\"https:\\\/\\\/www.esplac.cat\\\/wp-content\\\/uploads\\\/2020\\\/04\\\/Disen\u0303o-sin-ti\u0301tulo-1.jpg\",\"contentUrl\":\"https:\\\/\\\/www.esplac.cat\\\/wp-content\\\/uploads\\\/2020\\\/04\\\/Disen\u0303o-sin-ti\u0301tulo-1.jpg\",\"width\":1697,\"height\":700},{\"@type\":\"BreadcrumbList\",\"@id\":\"https:\\\/\\\/www.esplac.cat\\\/els-infants-sempre-al-centre\\\/#breadcrumb\",\"itemListElement\":[{\"@type\":\"ListItem\",\"position\":1,\"name\":\"Inici\",\"item\":\"https:\\\/\\\/www.esplac.cat\\\/es\\\/\"},{\"@type\":\"ListItem\",\"position\":2,\"name\":\"Els infants sempre al centre!\"}]},{\"@type\":\"WebSite\",\"@id\":\"https:\\\/\\\/www.esplac.cat\\\/#website\",\"url\":\"https:\\\/\\\/www.esplac.cat\\\/\",\"name\":\"Esplac\",\"description\":\"Esplais Catalans\",\"publisher\":{\"@id\":\"https:\\\/\\\/www.esplac.cat\\\/#organization\"},\"potentialAction\":[{\"@type\":\"SearchAction\",\"target\":{\"@type\":\"EntryPoint\",\"urlTemplate\":\"https:\\\/\\\/www.esplac.cat\\\/?s={search_term_string}\"},\"query-input\":{\"@type\":\"PropertyValueSpecification\",\"valueRequired\":true,\"valueName\":\"search_term_string\"}}],\"inLanguage\":\"es\"},{\"@type\":\"Organization\",\"@id\":\"https:\\\/\\\/www.esplac.cat\\\/#organization\",\"name\":\"Esplac\",\"url\":\"https:\\\/\\\/www.esplac.cat\\\/\",\"logo\":{\"@type\":\"ImageObject\",\"inLanguage\":\"es\",\"@id\":\"https:\\\/\\\/www.esplac.cat\\\/#\\\/schema\\\/logo\\\/image\\\/\",\"url\":\"https:\\\/\\\/www.esplac.cat\\\/wp-content\\\/uploads\\\/2019\\\/08\\\/logox2.png\",\"contentUrl\":\"https:\\\/\\\/www.esplac.cat\\\/wp-content\\\/uploads\\\/2019\\\/08\\\/logox2.png\",\"width\":600,\"height\":295,\"caption\":\"Esplac\"},\"image\":{\"@id\":\"https:\\\/\\\/www.esplac.cat\\\/#\\\/schema\\\/logo\\\/image\\\/\"}},{\"@type\":\"Person\",\"@id\":\"https:\\\/\\\/www.esplac.cat\\\/#\\\/schema\\\/person\\\/908383cf240be18b68f8855d0583faca\",\"name\":\"Comunicaci\u00f3 Esplac\",\"image\":{\"@type\":\"ImageObject\",\"inLanguage\":\"es\",\"@id\":\"https:\\\/\\\/secure.gravatar.com\\\/avatar\\\/7a4cf8feb412a76ea4a740ca02d95b06b2907b5a6c648c2dd0a1082a093c3141?s=96&d=mm&r=g\",\"url\":\"https:\\\/\\\/secure.gravatar.com\\\/avatar\\\/7a4cf8feb412a76ea4a740ca02d95b06b2907b5a6c648c2dd0a1082a093c3141?s=96&d=mm&r=g\",\"contentUrl\":\"https:\\\/\\\/secure.gravatar.com\\\/avatar\\\/7a4cf8feb412a76ea4a740ca02d95b06b2907b5a6c648c2dd0a1082a093c3141?s=96&d=mm&r=g\",\"caption\":\"Comunicaci\u00f3 Esplac\"}}]}<\/script>\n<!-- \/ Yoast SEO plugin. -->","yoast_head_json":{"title":"Els infants sempre al centre! - Esplac","robots":{"index":"index","follow":"follow","max-snippet":"max-snippet:-1","max-image-preview":"max-image-preview:large","max-video-preview":"max-video-preview:-1"},"canonical":"https:\/\/www.esplac.cat\/els-infants-sempre-al-centre\/","og_locale":"es_ES","og_type":"article","og_title":"Els infants sempre al centre! - Esplac","og_description":"Queda aprovat el posicionament \u00abEls infants sempre al centre\u00bb. Els [&hellip;]","og_url":"https:\/\/www.esplac.cat\/els-infants-sempre-al-centre\/","og_site_name":"Esplac","article_published_time":"2020-04-16T08:20:35+00:00","article_modified_time":"2020-10-15T16:22:54+00:00","og_image":[{"width":1697,"height":700,"url":"https:\/\/www.esplac.cat\/wp-content\/uploads\/2020\/04\/Disen\u0303o-sin-ti\u0301tulo-1.jpg","type":"image\/jpeg"}],"author":"Comunicaci\u00f3 Esplac","twitter_card":"summary_large_image","twitter_misc":{"Escrito por":"Comunicaci\u00f3 Esplac","Tiempo de lectura":"2 minutos"},"schema":{"@context":"https:\/\/schema.org","@graph":[{"@type":"Article","@id":"https:\/\/www.esplac.cat\/els-infants-sempre-al-centre\/#article","isPartOf":{"@id":"https:\/\/www.esplac.cat\/els-infants-sempre-al-centre\/"},"author":{"name":"Comunicaci\u00f3 Esplac","@id":"https:\/\/www.esplac.cat\/#\/schema\/person\/908383cf240be18b68f8855d0583faca"},"headline":"Els infants sempre al centre!","datePublished":"2020-04-16T08:20:35+00:00","dateModified":"2020-10-15T16:22:54+00:00","mainEntityOfPage":{"@id":"https:\/\/www.esplac.cat\/els-infants-sempre-al-centre\/"},"wordCount":366,"publisher":{"@id":"https:\/\/www.esplac.cat\/#organization"},"image":{"@id":"https:\/\/www.esplac.cat\/els-infants-sempre-al-centre\/#primaryimage"},"thumbnailUrl":"https:\/\/www.esplac.cat\/wp-content\/uploads\/2020\/04\/Disen\u0303o-sin-ti\u0301tulo-1.jpg","keywords":["Coronavirus","covid-19","drets dels infants","infancia","Pand\u00e8mia"],"articleSection":["Comunicats i posicionaments"],"inLanguage":"es"},{"@type":"WebPage","@id":"https:\/\/www.esplac.cat\/els-infants-sempre-al-centre\/","url":"https:\/\/www.esplac.cat\/els-infants-sempre-al-centre\/","name":"Els infants sempre al centre! - Esplac","isPartOf":{"@id":"https:\/\/www.esplac.cat\/#website"},"primaryImageOfPage":{"@id":"https:\/\/www.esplac.cat\/els-infants-sempre-al-centre\/#primaryimage"},"image":{"@id":"https:\/\/www.esplac.cat\/els-infants-sempre-al-centre\/#primaryimage"},"thumbnailUrl":"https:\/\/www.esplac.cat\/wp-content\/uploads\/2020\/04\/Disen\u0303o-sin-ti\u0301tulo-1.jpg","datePublished":"2020-04-16T08:20:35+00:00","dateModified":"2020-10-15T16:22:54+00:00","breadcrumb":{"@id":"https:\/\/www.esplac.cat\/els-infants-sempre-al-centre\/#breadcrumb"},"inLanguage":"es","potentialAction":[{"@type":"ReadAction","target":["https:\/\/www.esplac.cat\/els-infants-sempre-al-centre\/"]}]},{"@type":"ImageObject","inLanguage":"es","@id":"https:\/\/www.esplac.cat\/els-infants-sempre-al-centre\/#primaryimage","url":"https:\/\/www.esplac.cat\/wp-content\/uploads\/2020\/04\/Disen\u0303o-sin-ti\u0301tulo-1.jpg","contentUrl":"https:\/\/www.esplac.cat\/wp-content\/uploads\/2020\/04\/Disen\u0303o-sin-ti\u0301tulo-1.jpg","width":1697,"height":700},{"@type":"BreadcrumbList","@id":"https:\/\/www.esplac.cat\/els-infants-sempre-al-centre\/#breadcrumb","itemListElement":[{"@type":"ListItem","position":1,"name":"Inici","item":"https:\/\/www.esplac.cat\/es\/"},{"@type":"ListItem","position":2,"name":"Els infants sempre al centre!"}]},{"@type":"WebSite","@id":"https:\/\/www.esplac.cat\/#website","url":"https:\/\/www.esplac.cat\/","name":"Esplac","description":"Esplais Catalans","publisher":{"@id":"https:\/\/www.esplac.cat\/#organization"},"potentialAction":[{"@type":"SearchAction","target":{"@type":"EntryPoint","urlTemplate":"https:\/\/www.esplac.cat\/?s={search_term_string}"},"query-input":{"@type":"PropertyValueSpecification","valueRequired":true,"valueName":"search_term_string"}}],"inLanguage":"es"},{"@type":"Organization","@id":"https:\/\/www.esplac.cat\/#organization","name":"Esplac","url":"https:\/\/www.esplac.cat\/","logo":{"@type":"ImageObject","inLanguage":"es","@id":"https:\/\/www.esplac.cat\/#\/schema\/logo\/image\/","url":"https:\/\/www.esplac.cat\/wp-content\/uploads\/2019\/08\/logox2.png","contentUrl":"https:\/\/www.esplac.cat\/wp-content\/uploads\/2019\/08\/logox2.png","width":600,"height":295,"caption":"Esplac"},"image":{"@id":"https:\/\/www.esplac.cat\/#\/schema\/logo\/image\/"}},{"@type":"Person","@id":"https:\/\/www.esplac.cat\/#\/schema\/person\/908383cf240be18b68f8855d0583faca","name":"Comunicaci\u00f3 Esplac","image":{"@type":"ImageObject","inLanguage":"es","@id":"https:\/\/secure.gravatar.com\/avatar\/7a4cf8feb412a76ea4a740ca02d95b06b2907b5a6c648c2dd0a1082a093c3141?s=96&d=mm&r=g","url":"https:\/\/secure.gravatar.com\/avatar\/7a4cf8feb412a76ea4a740ca02d95b06b2907b5a6c648c2dd0a1082a093c3141?s=96&d=mm&r=g","contentUrl":"https:\/\/secure.gravatar.com\/avatar\/7a4cf8feb412a76ea4a740ca02d95b06b2907b5a6c648c2dd0a1082a093c3141?s=96&d=mm&r=g","caption":"Comunicaci\u00f3 Esplac"}}]}},"_links":{"self":[{"href":"https:\/\/www.esplac.cat\/es\/wp-json\/wp\/v2\/posts\/31597","targetHints":{"allow":["GET"]}}],"collection":[{"href":"https:\/\/www.esplac.cat\/es\/wp-json\/wp\/v2\/posts"}],"about":[{"href":"https:\/\/www.esplac.cat\/es\/wp-json\/wp\/v2\/types\/post"}],"author":[{"embeddable":true,"href":"https:\/\/www.esplac.cat\/es\/wp-json\/wp\/v2\/users\/3"}],"replies":[{"embeddable":true,"href":"https:\/\/www.esplac.cat\/es\/wp-json\/wp\/v2\/comments?post=31597"}],"version-history":[{"count":0,"href":"https:\/\/www.esplac.cat\/es\/wp-json\/wp\/v2\/posts\/31597\/revisions"}],"wp:featuredmedia":[{"embeddable":true,"href":"https:\/\/www.esplac.cat\/es\/wp-json\/wp\/v2\/media\/31602"}],"wp:attachment":[{"href":"https:\/\/www.esplac.cat\/es\/wp-json\/wp\/v2\/media?parent=31597"}],"wp:term":[{"taxonomy":"category","embeddable":true,"href":"https:\/\/www.esplac.cat\/es\/wp-json\/wp\/v2\/categories?post=31597"},{"taxonomy":"post_tag","embeddable":true,"href":"https:\/\/www.esplac.cat\/es\/wp-json\/wp\/v2\/tags?post=31597"}],"curies":[{"name":"wp","href":"https:\/\/api.w.org\/{rel}","templated":true}]}}