{"id":31693,"date":"2020-04-28T12:35:15","date_gmt":"2020-04-28T11:35:15","guid":{"rendered":"https:\/\/www.esplac.cat\/?p=31693"},"modified":"2020-10-15T17:22:52","modified_gmt":"2020-10-15T16:22:52","slug":"obres-guanyadores-2a-edicio-concurs-relats-revista-som-esplai","status":"publish","type":"post","link":"https:\/\/www.esplac.cat\/es\/obres-guanyadores-2a-edicio-concurs-relats-revista-som-esplai\/","title":{"rendered":"Ja tenim obres guanyadores de la 2a edici\u00f3 del Concurs de Relats de la revista Som Esplai!"},"content":{"rendered":"\r\n<h6><strong>Ja sabem quines s\u00f3n les obres guanyadores de la segona\u00a0edici\u00f3 del Concurs de Relats de la revista Som Esplai!<\/strong><\/h6>\r\n\r\n\r\n\r\n<p>Enguany, ha tingut lloc la segona edici\u00f3 del Concurs de Relats de la revista Som Esplai. Ha estat un plaer llegir tots els relats que heu enviat. Fam\u00edlies, monitores, joves, infants, esplais sencers&#8230; gr\u00e0cies per participar!<\/p>\r\n\r\n\r\n\r\n<p>Com ja sabeu, el jurat l\u2019hem conformat les persones que participem del Grup de Treball de la revista Som Esplai, i que hem realitzat les nostres valoracions en base als pseud\u00f2nims de les obres, desconeixent-ne el nom real de les seves autores.<\/p>\r\n\r\n\r\n\r\n<p><span style=\"color: #000000;\">A continuaci\u00f3, expliquem quins s\u00f3n els premis en funci\u00f3 de la classificaci\u00f3: \r\n\r\n<\/span><\/p>\r\n<ul class=\"wp-block-list\">\r\n<li><span style=\"color: #000000;\">Tots els premiats ser\u00e0n publicats a la<span style=\"color: #ff9900;\"> <a style=\"color: #ff9900;\" href=\"http:\/\/www.somesplai.cat\" target=\"_blank\" rel=\"noopener noreferrer\"><strong>revista Som Esplai<\/strong><\/a> <\/span>i se&#8217;ls hi enviar\u00e0 un diploma<\/span><\/li>\r\n<li><span style=\"color: #000000;\">El segons premis d&#8217;ambdues categories rebran, cadascuna, un xec regal de l\u2019Abacus per valor de 20 euros per l&#8217;esplai.<\/span><\/li>\r\n<li><span style=\"color: #000000;\">Els primer premis, d&#8217;ambdues categories, rebran un xec regal de l\u2019Abacus del valor de 40 euros per l&#8217;esplai.<\/span><\/li>\r\n<\/ul>\r\n<p><span style=\"color: #000000;\"><b>I, per fi, les obres guanyadores a la categoria de fam\u00edlies han estat&#8230; (podeu fer clic nom de les guanyadores per llegir el relat)<\/b><\/span><span style=\"color: #993366;\">\r\n\r\n<\/span><\/p>\r\n<ul class=\"wp-block-list\">\r\n<li><strong>3r premi: <span style=\"color: #ff9900;\"><a style=\"color: #ff9900;\" href=\"https:\/\/www.somesplai.cat\/index.php\/familia-adell-3r-premi\/\" target=\"_blank\" rel=\"noopener noreferrer\">Fam\u00edlia Adell<\/a><\/span><\/strong> de l&#8217;esplai Xiroc per \u00abEls problemes de la Bina\u00bb de la G\u00e9unaba Adell i \u00abPoema de Sant Jordi Coronat\u00bb de la Aisha Adell.<\/li>\r\n<li><strong>2n premi: <span style=\"color: #ff9900;\"><a style=\"color: #ff9900;\" href=\"https:\/\/www.somesplai.cat\/index.php\/on-son-els-monstres-familia-rebullida-2n-premi\/\" target=\"_blank\" rel=\"noopener noreferrer\">Fam\u00edlia Rebuillda<\/a> <\/span><\/strong>de l&#8217;esplai Farfalla per \u00abOn s\u00f3n els monstres?\u00bb\u00a0<\/li>\r\n<li><strong>I&#8230; el 1r premi \u00e9s per:<\/strong> <span style=\"color: #ff9900;\"><a style=\"color: #ff9900;\" href=\"https:\/\/www.somesplai.cat\/index.php\/la-nova-llegenda-de-sant-jordi-familia-trabalon-perez-1r-premi\/\" target=\"_blank\" rel=\"noopener noreferrer\"><strong>Fam\u00edlia Trabal\u00f3n P\u00e9rez<\/strong><\/a><\/span> de l&#8217;esplai Torxa per \u00abLa nova llegenda de Sant Jordi\u00bb de la Greta i el Trist\u00e1n!<\/li>\r\n<\/ul>\r\n<p>A la categoria per esplais, els premiats han estat&#8230;<\/p>\r\n<ul>\r\n<li><strong>3r premi:<\/strong> Hi ha hagut un empat t\u00e8cnic entre 3 esplais!!\r\n<ul>\r\n<li><a href=\"https:\/\/www.somesplai.cat\/index.php\/esplai-ara-mateix-3r-premi\/\" target=\"_blank\" rel=\"noopener noreferrer\"><span style=\"color: #ff9900;\"><strong>Esplai Ara Mateix<\/strong> <\/span><\/a>amb \u00abL&#8217;altell i les joguines\u00bb de la Dina.<\/li>\r\n<li><span style=\"color: #ff9900;\"><a style=\"color: #ff9900;\" href=\"https:\/\/www.somesplai.cat\/index.php\/grup-joves-esplai-guitxi-gutxi-3r-premi\/\" target=\"_blank\" rel=\"noopener noreferrer\"><strong>Esplai G\u00fcitxi-G\u00fcitxi<\/strong> <\/a><\/span>amb \u00abHist\u00f2ria confinada\u00bb del Grup de Joves de l&#8217;esplai.<\/li>\r\n<li><span style=\"color: #ff9900;\"><a style=\"color: #ff9900;\" href=\"https:\/\/www.somesplai.cat\/index.php\/esplai-farfalla-3r-premi\/\" target=\"_blank\" rel=\"noopener noreferrer\"><strong>Esplai Farfalla<\/strong><\/a><\/span> amb \u00abBallarem\u00bb de la Judith, \u00abMi peque\u00f1o diario\u00bb de la Maria i \u00abEl senyor fantasmal\u00bb de l&#8217;\u00c8ric.<\/li>\r\n<\/ul>\r\n<\/li>\r\n<li><span style=\"color: #ff9900;\"><span style=\"color: #000000;\"><strong>2n premi:<\/strong><\/span> <a style=\"color: #ff9900;\" href=\"https:\/\/www.somesplai.cat\/index.php\/esplai-el-refugi-2n-premi\/\" target=\"_blank\" rel=\"noopener noreferrer\"><strong>L&#8217;Esplai El Refugi<\/strong> <\/a><\/span>per \u00abBoig per tu\u00bb de l&#8217;Emma i \u00abLluna, com jo\u00bb de la N\u00faria!<\/li>\r\n<li><span style=\"color: #ff9900;\"><strong><span style=\"color: #000000;\">I, en primera posici\u00f3&#8230;<\/span>\u00a0<span style=\"color: #ff9900;\"><a style=\"color: #ff9900;\" href=\"https:\/\/www.somesplai.cat\/index.php\/esplai-el-creixent-1r-premi\/\" target=\"_blank\" rel=\"noopener noreferrer\">L&#8217;Esplai El Creixent<\/a><\/span><\/strong><\/span> amb el \u00abRecull de poemes de Sant Jordi\u00bb de l&#8217;Abril, el Lluc, la Txell, el Marc i el Biel!<\/li>\r\n<\/ul>\r\n<p>Felicitats a tothom! Ha sigut molt dif\u00edcil escollir obres guanyadores, sou magn\u00edfiques escriptores i escriptors!<\/p>\r\n<p>I a tu, t\u2019agrada escriure? Doncs ja saps que pots formar part del Grup de Treball de la revista Som Esplai! Escriu-nos un correu a comunicacio@esplac.cat si est\u00e0s interessada o interessat, i t&#8217;informarem de tot!<\/p>\r\n<p>Esperem que h\u00e0giu tingut una diada de la cultura plena d&#8217;escriptura i amor!<\/p>\r\n","protected":false},"excerpt":{"rendered":"<p>Ja sabem quines s\u00f3n les obres guanyadores de la segona\u00a0edici\u00f3 [&hellip;]<\/p>\n","protected":false},"author":3,"featured_media":31697,"comment_status":"closed","ping_status":"open","sticky":false,"template":"","format":"standard","meta":{"om_disable_all_campaigns":false,"_monsterinsights_skip_tracking":false,"_monsterinsights_sitenote_active":false,"_monsterinsights_sitenote_note":"","_monsterinsights_sitenote_category":0,"_uf_show_specific_survey":0,"_uf_disable_surveys":false,"footnotes":""},"categories":[1126],"tags":[18],"class_list":["post-31693","post","type-post","status-publish","format-standard","has-post-thumbnail","hentry","category-lapiqueta","tag-sant-jordi"],"yoast_head":"<!-- This site is optimized with the Yoast SEO plugin v27.4 - https:\/\/yoast.com\/product\/yoast-seo-wordpress\/ -->\n<title>Ja tenim obres guanyadores de la 2a edici\u00f3 del Concurs de Relats de la revista Som Esplai! - Esplac<\/title>\n<meta name=\"robots\" content=\"index, follow, max-snippet:-1, max-image-preview:large, max-video-preview:-1\" \/>\n<link rel=\"canonical\" href=\"https:\/\/www.esplac.cat\/obres-guanyadores-2a-edicio-concurs-relats-revista-som-esplai\/\" \/>\n<meta property=\"og:locale\" content=\"es_ES\" \/>\n<meta property=\"og:type\" content=\"article\" \/>\n<meta property=\"og:title\" content=\"Ja tenim obres guanyadores de la 2a edici\u00f3 del Concurs de Relats de la revista Som Esplai! - Esplac\" \/>\n<meta property=\"og:description\" content=\"Ja sabem quines s\u00f3n les obres guanyadores de la segona\u00a0edici\u00f3 [&hellip;]\" \/>\n<meta property=\"og:url\" content=\"https:\/\/www.esplac.cat\/obres-guanyadores-2a-edicio-concurs-relats-revista-som-esplai\/\" \/>\n<meta property=\"og:site_name\" content=\"Esplac\" \/>\n<meta property=\"article:published_time\" content=\"2020-04-28T11:35:15+00:00\" \/>\n<meta property=\"article:modified_time\" content=\"2020-10-15T16:22:52+00:00\" \/>\n<meta property=\"og:image\" content=\"https:\/\/www.esplac.cat\/wp-content\/uploads\/2020\/04\/ELS-PREMIS.png\" \/>\n\t<meta property=\"og:image:width\" content=\"1694\" \/>\n\t<meta property=\"og:image:height\" content=\"700\" \/>\n\t<meta property=\"og:image:type\" content=\"image\/png\" \/>\n<meta name=\"author\" content=\"Comunicaci\u00f3 Esplac\" \/>\n<meta name=\"twitter:card\" content=\"summary_large_image\" \/>\n<meta name=\"twitter:label1\" content=\"Escrito por\" \/>\n\t<meta name=\"twitter:data1\" content=\"Comunicaci\u00f3 Esplac\" \/>\n\t<meta name=\"twitter:label2\" content=\"Tiempo de lectura\" \/>\n\t<meta name=\"twitter:data2\" content=\"2 minutos\" \/>\n<script type=\"application\/ld+json\" class=\"yoast-schema-graph\">{\"@context\":\"https:\\\/\\\/schema.org\",\"@graph\":[{\"@type\":\"Article\",\"@id\":\"https:\\\/\\\/www.esplac.cat\\\/obres-guanyadores-2a-edicio-concurs-relats-revista-som-esplai\\\/#article\",\"isPartOf\":{\"@id\":\"https:\\\/\\\/www.esplac.cat\\\/obres-guanyadores-2a-edicio-concurs-relats-revista-som-esplai\\\/\"},\"author\":{\"name\":\"Comunicaci\u00f3 Esplac\",\"@id\":\"https:\\\/\\\/www.esplac.cat\\\/#\\\/schema\\\/person\\\/908383cf240be18b68f8855d0583faca\"},\"headline\":\"Ja tenim obres guanyadores de la 2a edici\u00f3 del Concurs de Relats de la revista Som Esplai!\",\"datePublished\":\"2020-04-28T11:35:15+00:00\",\"dateModified\":\"2020-10-15T16:22:52+00:00\",\"mainEntityOfPage\":{\"@id\":\"https:\\\/\\\/www.esplac.cat\\\/obres-guanyadores-2a-edicio-concurs-relats-revista-som-esplai\\\/\"},\"wordCount\":481,\"publisher\":{\"@id\":\"https:\\\/\\\/www.esplac.cat\\\/#organization\"},\"image\":{\"@id\":\"https:\\\/\\\/www.esplac.cat\\\/obres-guanyadores-2a-edicio-concurs-relats-revista-som-esplai\\\/#primaryimage\"},\"thumbnailUrl\":\"https:\\\/\\\/www.esplac.cat\\\/wp-content\\\/uploads\\\/2020\\\/04\\\/ELS-PREMIS.png\",\"keywords\":[\"Sant Jordi\"],\"articleSection\":[\"La Piqueta\"],\"inLanguage\":\"es\"},{\"@type\":\"WebPage\",\"@id\":\"https:\\\/\\\/www.esplac.cat\\\/obres-guanyadores-2a-edicio-concurs-relats-revista-som-esplai\\\/\",\"url\":\"https:\\\/\\\/www.esplac.cat\\\/obres-guanyadores-2a-edicio-concurs-relats-revista-som-esplai\\\/\",\"name\":\"Ja tenim obres guanyadores de la 2a edici\u00f3 del Concurs de Relats de la revista Som Esplai! - Esplac\",\"isPartOf\":{\"@id\":\"https:\\\/\\\/www.esplac.cat\\\/#website\"},\"primaryImageOfPage\":{\"@id\":\"https:\\\/\\\/www.esplac.cat\\\/obres-guanyadores-2a-edicio-concurs-relats-revista-som-esplai\\\/#primaryimage\"},\"image\":{\"@id\":\"https:\\\/\\\/www.esplac.cat\\\/obres-guanyadores-2a-edicio-concurs-relats-revista-som-esplai\\\/#primaryimage\"},\"thumbnailUrl\":\"https:\\\/\\\/www.esplac.cat\\\/wp-content\\\/uploads\\\/2020\\\/04\\\/ELS-PREMIS.png\",\"datePublished\":\"2020-04-28T11:35:15+00:00\",\"dateModified\":\"2020-10-15T16:22:52+00:00\",\"breadcrumb\":{\"@id\":\"https:\\\/\\\/www.esplac.cat\\\/obres-guanyadores-2a-edicio-concurs-relats-revista-som-esplai\\\/#breadcrumb\"},\"inLanguage\":\"es\",\"potentialAction\":[{\"@type\":\"ReadAction\",\"target\":[\"https:\\\/\\\/www.esplac.cat\\\/obres-guanyadores-2a-edicio-concurs-relats-revista-som-esplai\\\/\"]}]},{\"@type\":\"ImageObject\",\"inLanguage\":\"es\",\"@id\":\"https:\\\/\\\/www.esplac.cat\\\/obres-guanyadores-2a-edicio-concurs-relats-revista-som-esplai\\\/#primaryimage\",\"url\":\"https:\\\/\\\/www.esplac.cat\\\/wp-content\\\/uploads\\\/2020\\\/04\\\/ELS-PREMIS.png\",\"contentUrl\":\"https:\\\/\\\/www.esplac.cat\\\/wp-content\\\/uploads\\\/2020\\\/04\\\/ELS-PREMIS.png\",\"width\":1694,\"height\":700},{\"@type\":\"BreadcrumbList\",\"@id\":\"https:\\\/\\\/www.esplac.cat\\\/obres-guanyadores-2a-edicio-concurs-relats-revista-som-esplai\\\/#breadcrumb\",\"itemListElement\":[{\"@type\":\"ListItem\",\"position\":1,\"name\":\"Inici\",\"item\":\"https:\\\/\\\/www.esplac.cat\\\/es\\\/\"},{\"@type\":\"ListItem\",\"position\":2,\"name\":\"Ja tenim obres guanyadores de la 2a edici\u00f3 del Concurs de Relats de la revista Som Esplai!\"}]},{\"@type\":\"WebSite\",\"@id\":\"https:\\\/\\\/www.esplac.cat\\\/#website\",\"url\":\"https:\\\/\\\/www.esplac.cat\\\/\",\"name\":\"Esplac\",\"description\":\"Esplais Catalans\",\"publisher\":{\"@id\":\"https:\\\/\\\/www.esplac.cat\\\/#organization\"},\"potentialAction\":[{\"@type\":\"SearchAction\",\"target\":{\"@type\":\"EntryPoint\",\"urlTemplate\":\"https:\\\/\\\/www.esplac.cat\\\/?s={search_term_string}\"},\"query-input\":{\"@type\":\"PropertyValueSpecification\",\"valueRequired\":true,\"valueName\":\"search_term_string\"}}],\"inLanguage\":\"es\"},{\"@type\":\"Organization\",\"@id\":\"https:\\\/\\\/www.esplac.cat\\\/#organization\",\"name\":\"Esplac\",\"url\":\"https:\\\/\\\/www.esplac.cat\\\/\",\"logo\":{\"@type\":\"ImageObject\",\"inLanguage\":\"es\",\"@id\":\"https:\\\/\\\/www.esplac.cat\\\/#\\\/schema\\\/logo\\\/image\\\/\",\"url\":\"https:\\\/\\\/www.esplac.cat\\\/wp-content\\\/uploads\\\/2019\\\/08\\\/logox2.png\",\"contentUrl\":\"https:\\\/\\\/www.esplac.cat\\\/wp-content\\\/uploads\\\/2019\\\/08\\\/logox2.png\",\"width\":600,\"height\":295,\"caption\":\"Esplac\"},\"image\":{\"@id\":\"https:\\\/\\\/www.esplac.cat\\\/#\\\/schema\\\/logo\\\/image\\\/\"}},{\"@type\":\"Person\",\"@id\":\"https:\\\/\\\/www.esplac.cat\\\/#\\\/schema\\\/person\\\/908383cf240be18b68f8855d0583faca\",\"name\":\"Comunicaci\u00f3 Esplac\",\"image\":{\"@type\":\"ImageObject\",\"inLanguage\":\"es\",\"@id\":\"https:\\\/\\\/secure.gravatar.com\\\/avatar\\\/7a4cf8feb412a76ea4a740ca02d95b06b2907b5a6c648c2dd0a1082a093c3141?s=96&d=mm&r=g\",\"url\":\"https:\\\/\\\/secure.gravatar.com\\\/avatar\\\/7a4cf8feb412a76ea4a740ca02d95b06b2907b5a6c648c2dd0a1082a093c3141?s=96&d=mm&r=g\",\"contentUrl\":\"https:\\\/\\\/secure.gravatar.com\\\/avatar\\\/7a4cf8feb412a76ea4a740ca02d95b06b2907b5a6c648c2dd0a1082a093c3141?s=96&d=mm&r=g\",\"caption\":\"Comunicaci\u00f3 Esplac\"}}]}<\/script>\n<!-- \/ Yoast SEO plugin. -->","yoast_head_json":{"title":"Ja tenim obres guanyadores de la 2a edici\u00f3 del Concurs de Relats de la revista Som Esplai! - Esplac","robots":{"index":"index","follow":"follow","max-snippet":"max-snippet:-1","max-image-preview":"max-image-preview:large","max-video-preview":"max-video-preview:-1"},"canonical":"https:\/\/www.esplac.cat\/obres-guanyadores-2a-edicio-concurs-relats-revista-som-esplai\/","og_locale":"es_ES","og_type":"article","og_title":"Ja tenim obres guanyadores de la 2a edici\u00f3 del Concurs de Relats de la revista Som Esplai! - Esplac","og_description":"Ja sabem quines s\u00f3n les obres guanyadores de la segona\u00a0edici\u00f3 [&hellip;]","og_url":"https:\/\/www.esplac.cat\/obres-guanyadores-2a-edicio-concurs-relats-revista-som-esplai\/","og_site_name":"Esplac","article_published_time":"2020-04-28T11:35:15+00:00","article_modified_time":"2020-10-15T16:22:52+00:00","og_image":[{"width":1694,"height":700,"url":"https:\/\/www.esplac.cat\/wp-content\/uploads\/2020\/04\/ELS-PREMIS.png","type":"image\/png"}],"author":"Comunicaci\u00f3 Esplac","twitter_card":"summary_large_image","twitter_misc":{"Escrito por":"Comunicaci\u00f3 Esplac","Tiempo de lectura":"2 minutos"},"schema":{"@context":"https:\/\/schema.org","@graph":[{"@type":"Article","@id":"https:\/\/www.esplac.cat\/obres-guanyadores-2a-edicio-concurs-relats-revista-som-esplai\/#article","isPartOf":{"@id":"https:\/\/www.esplac.cat\/obres-guanyadores-2a-edicio-concurs-relats-revista-som-esplai\/"},"author":{"name":"Comunicaci\u00f3 Esplac","@id":"https:\/\/www.esplac.cat\/#\/schema\/person\/908383cf240be18b68f8855d0583faca"},"headline":"Ja tenim obres guanyadores de la 2a edici\u00f3 del Concurs de Relats de la revista Som Esplai!","datePublished":"2020-04-28T11:35:15+00:00","dateModified":"2020-10-15T16:22:52+00:00","mainEntityOfPage":{"@id":"https:\/\/www.esplac.cat\/obres-guanyadores-2a-edicio-concurs-relats-revista-som-esplai\/"},"wordCount":481,"publisher":{"@id":"https:\/\/www.esplac.cat\/#organization"},"image":{"@id":"https:\/\/www.esplac.cat\/obres-guanyadores-2a-edicio-concurs-relats-revista-som-esplai\/#primaryimage"},"thumbnailUrl":"https:\/\/www.esplac.cat\/wp-content\/uploads\/2020\/04\/ELS-PREMIS.png","keywords":["Sant Jordi"],"articleSection":["La Piqueta"],"inLanguage":"es"},{"@type":"WebPage","@id":"https:\/\/www.esplac.cat\/obres-guanyadores-2a-edicio-concurs-relats-revista-som-esplai\/","url":"https:\/\/www.esplac.cat\/obres-guanyadores-2a-edicio-concurs-relats-revista-som-esplai\/","name":"Ja tenim obres guanyadores de la 2a edici\u00f3 del Concurs de Relats de la revista Som Esplai! - Esplac","isPartOf":{"@id":"https:\/\/www.esplac.cat\/#website"},"primaryImageOfPage":{"@id":"https:\/\/www.esplac.cat\/obres-guanyadores-2a-edicio-concurs-relats-revista-som-esplai\/#primaryimage"},"image":{"@id":"https:\/\/www.esplac.cat\/obres-guanyadores-2a-edicio-concurs-relats-revista-som-esplai\/#primaryimage"},"thumbnailUrl":"https:\/\/www.esplac.cat\/wp-content\/uploads\/2020\/04\/ELS-PREMIS.png","datePublished":"2020-04-28T11:35:15+00:00","dateModified":"2020-10-15T16:22:52+00:00","breadcrumb":{"@id":"https:\/\/www.esplac.cat\/obres-guanyadores-2a-edicio-concurs-relats-revista-som-esplai\/#breadcrumb"},"inLanguage":"es","potentialAction":[{"@type":"ReadAction","target":["https:\/\/www.esplac.cat\/obres-guanyadores-2a-edicio-concurs-relats-revista-som-esplai\/"]}]},{"@type":"ImageObject","inLanguage":"es","@id":"https:\/\/www.esplac.cat\/obres-guanyadores-2a-edicio-concurs-relats-revista-som-esplai\/#primaryimage","url":"https:\/\/www.esplac.cat\/wp-content\/uploads\/2020\/04\/ELS-PREMIS.png","contentUrl":"https:\/\/www.esplac.cat\/wp-content\/uploads\/2020\/04\/ELS-PREMIS.png","width":1694,"height":700},{"@type":"BreadcrumbList","@id":"https:\/\/www.esplac.cat\/obres-guanyadores-2a-edicio-concurs-relats-revista-som-esplai\/#breadcrumb","itemListElement":[{"@type":"ListItem","position":1,"name":"Inici","item":"https:\/\/www.esplac.cat\/es\/"},{"@type":"ListItem","position":2,"name":"Ja tenim obres guanyadores de la 2a edici\u00f3 del Concurs de Relats de la revista Som Esplai!"}]},{"@type":"WebSite","@id":"https:\/\/www.esplac.cat\/#website","url":"https:\/\/www.esplac.cat\/","name":"Esplac","description":"Esplais Catalans","publisher":{"@id":"https:\/\/www.esplac.cat\/#organization"},"potentialAction":[{"@type":"SearchAction","target":{"@type":"EntryPoint","urlTemplate":"https:\/\/www.esplac.cat\/?s={search_term_string}"},"query-input":{"@type":"PropertyValueSpecification","valueRequired":true,"valueName":"search_term_string"}}],"inLanguage":"es"},{"@type":"Organization","@id":"https:\/\/www.esplac.cat\/#organization","name":"Esplac","url":"https:\/\/www.esplac.cat\/","logo":{"@type":"ImageObject","inLanguage":"es","@id":"https:\/\/www.esplac.cat\/#\/schema\/logo\/image\/","url":"https:\/\/www.esplac.cat\/wp-content\/uploads\/2019\/08\/logox2.png","contentUrl":"https:\/\/www.esplac.cat\/wp-content\/uploads\/2019\/08\/logox2.png","width":600,"height":295,"caption":"Esplac"},"image":{"@id":"https:\/\/www.esplac.cat\/#\/schema\/logo\/image\/"}},{"@type":"Person","@id":"https:\/\/www.esplac.cat\/#\/schema\/person\/908383cf240be18b68f8855d0583faca","name":"Comunicaci\u00f3 Esplac","image":{"@type":"ImageObject","inLanguage":"es","@id":"https:\/\/secure.gravatar.com\/avatar\/7a4cf8feb412a76ea4a740ca02d95b06b2907b5a6c648c2dd0a1082a093c3141?s=96&d=mm&r=g","url":"https:\/\/secure.gravatar.com\/avatar\/7a4cf8feb412a76ea4a740ca02d95b06b2907b5a6c648c2dd0a1082a093c3141?s=96&d=mm&r=g","contentUrl":"https:\/\/secure.gravatar.com\/avatar\/7a4cf8feb412a76ea4a740ca02d95b06b2907b5a6c648c2dd0a1082a093c3141?s=96&d=mm&r=g","caption":"Comunicaci\u00f3 Esplac"}}]}},"_links":{"self":[{"href":"https:\/\/www.esplac.cat\/es\/wp-json\/wp\/v2\/posts\/31693","targetHints":{"allow":["GET"]}}],"collection":[{"href":"https:\/\/www.esplac.cat\/es\/wp-json\/wp\/v2\/posts"}],"about":[{"href":"https:\/\/www.esplac.cat\/es\/wp-json\/wp\/v2\/types\/post"}],"author":[{"embeddable":true,"href":"https:\/\/www.esplac.cat\/es\/wp-json\/wp\/v2\/users\/3"}],"replies":[{"embeddable":true,"href":"https:\/\/www.esplac.cat\/es\/wp-json\/wp\/v2\/comments?post=31693"}],"version-history":[{"count":0,"href":"https:\/\/www.esplac.cat\/es\/wp-json\/wp\/v2\/posts\/31693\/revisions"}],"wp:featuredmedia":[{"embeddable":true,"href":"https:\/\/www.esplac.cat\/es\/wp-json\/wp\/v2\/media\/31697"}],"wp:attachment":[{"href":"https:\/\/www.esplac.cat\/es\/wp-json\/wp\/v2\/media?parent=31693"}],"wp:term":[{"taxonomy":"category","embeddable":true,"href":"https:\/\/www.esplac.cat\/es\/wp-json\/wp\/v2\/categories?post=31693"},{"taxonomy":"post_tag","embeddable":true,"href":"https:\/\/www.esplac.cat\/es\/wp-json\/wp\/v2\/tags?post=31693"}],"curies":[{"name":"wp","href":"https:\/\/api.w.org\/{rel}","templated":true}]}}