{"id":31760,"date":"2020-04-30T11:27:32","date_gmt":"2020-04-30T10:27:32","guid":{"rendered":"https:\/\/www.esplac.cat\/?p=31760"},"modified":"2020-10-15T17:22:52","modified_gmt":"2020-10-15T16:22:52","slug":"resist-the-global-climate-divide-orientacio-virtual","status":"publish","type":"post","link":"https:\/\/www.esplac.cat\/es\/resist-the-global-climate-divide-orientacio-virtual\/","title":{"rendered":"Resist! The Global Climate Divide: Orientaci\u00f3 virtual en projectes i accions clim\u00e0tiques"},"content":{"rendered":"<h6><b>\u00abResist! The Global Climate Divide: Virtual Mentoring on Climate Projects and Actions\u00bb, \u00e9s una nova oportunitat internacional de l&#8217;IFM-SEI per participar com a orientadors o com a participants en uns seminaris sobre la lluita contra la crisi clim\u00e0tica.\u00a0<\/b><\/h6>\n<p><b>Crida per leaders\/mentors:<\/b><\/p>\n<p><span style=\"font-weight: 400;\">El projecte \u00ab<\/span><b>Resist! The Global Climate Divide\u00bb <\/b><span style=\"font-weight: 400;\">pret\u00e9n mobilitzar a una generaci\u00f3 de joves activistes pel canvi clim\u00e0tic per ser ambaixadores d\u2019un enfocament sist\u00e8mic i interseccional de l\u2019emerg\u00e8ncia global clim\u00e0tica que estem vivint. Entre el febrer i la formaci\u00f3 a Praga pel canvi clim\u00e0tic (encara no se saben dates) l\u2019equip ha decidit <\/span><b>acompanyar i parlar amb les i els joves de les entitats membres per iniciar i con\u00e8ixer els seus propis projectes<\/b><span style=\"font-weight: 400;\"> o campanyes relacionades amb la crisi clim\u00e0tica.<\/span><\/p>\n<p><span style=\"font-weight: 400;\">Ara fan una crida a persones volunt\u00e0ries amb un cert coneixement al voltant de la crisi clim\u00e0tica i amb coneixements de gesti\u00f3 de projectes, interessades en unir-<\/span>se<b> a l\u2019equip de mentoria.<\/b><span style=\"font-weight: 400;\"> Tenint en compte la situaci\u00f3 actual, no podem concretar el nivell del comprom\u00eds que aquesta posici\u00f3 requerir\u00e0, per\u00f2 principalment consisteix a donar suport i orientaci\u00f3 a joves per organitzar petits projectes o campanyes. <\/span><b>Si us interessa unir-vos a l\u2019equip i voleu m\u00e9s informaci\u00f3, si us plau, envieu un correu dient qui sou i el vostre inter\u00e8s a\u00a0 <\/b><a href=\"mailto:resist@ifm-sei.org\"><b>resist@ifm-sei.org<\/b><\/a><b> i a internacional@esplac.cat<\/b><\/p>\n<p>&nbsp;<\/p>\n<p><b>Crida per participants\/mentees:\u00a0<\/b><\/p>\n<p><span style=\"font-weight: 400;\">Atenci\u00f3 a totes les joves que vulguin lluitar contra la crisi clim\u00e0tica! Us preocupa com ser\u00e0 el nostre futur i com ser\u00e0 el m\u00f3n? Esteu enfadades i en desacord en el fet que les accions d\u2019uns quants estiguin posant en perill la resta de la humanitat i la vida? Voleu fer alguna cosa per lluitar contra aquest sistema?<\/span><\/p>\n<p><span style=\"font-weight: 400;\">L\u2019IFM-SEI, est\u00e0 llan\u00e7ant una proposta de mentoria per a joves activistes d\u2019arreu del m\u00f3n que estiguin preparades per lluitar contra la crisi clim\u00e0tica! Hi ha un equip de persones volunt\u00e0ries treballant anualment amb el projecte <\/span><i><span style=\"font-weight: 400;\">Resisteix! la divisi\u00f3 clim\u00e0tica global<\/span><\/i><span style=\"font-weight: 400;\">, amb el suport de l\u2019European Youth Foundation. Si esteu <\/span><b>interessades a participar<\/b> <b>dels seminaris internacionals i d\u2019intercanviar experi\u00e8ncies<\/b><span style=\"font-weight: 400;\"> al voltant de les vostres inquietuds i interessos, envieu un <\/span><b>correu a resist@ifm-sei.org amb un parell de frases presentant-vos i descrivint el vostre inter\u00e8s o idees!\u00a0<\/b><\/p>\n<p>Si teniu qualsevol pregunta, no dubteu en enviar un correu a internacional@esplac.cat!<\/p>\n<p>&nbsp;<\/p>\n","protected":false},"excerpt":{"rendered":"<p>\u00abResist! The Global Climate Divide: Virtual Mentoring on Climate Projects [&hellip;]<\/p>\n","protected":false},"author":3,"featured_media":31761,"comment_status":"closed","ping_status":"open","sticky":false,"template":"","format":"standard","meta":{"om_disable_all_campaigns":false,"_monsterinsights_skip_tracking":false,"_monsterinsights_sitenote_active":false,"_monsterinsights_sitenote_note":"","_monsterinsights_sitenote_category":0,"_uf_show_specific_survey":0,"_uf_disable_surveys":false,"footnotes":""},"categories":[1112],"tags":[],"class_list":["post-31760","post","type-post","status-publish","format-standard","has-post-thumbnail","hentry","category-esplac-al-mon"],"yoast_head":"<!-- This site is optimized with the Yoast SEO plugin v27.5 - https:\/\/yoast.com\/product\/yoast-seo-wordpress\/ -->\n<title>Resist! The Global Climate Divide: Orientaci\u00f3 virtual en projectes i accions clim\u00e0tiques - Esplac<\/title>\n<meta name=\"robots\" content=\"index, follow, max-snippet:-1, max-image-preview:large, max-video-preview:-1\" \/>\n<link rel=\"canonical\" href=\"https:\/\/www.esplac.cat\/resist-the-global-climate-divide-orientacio-virtual\/\" \/>\n<meta property=\"og:locale\" content=\"es_ES\" \/>\n<meta property=\"og:type\" content=\"article\" \/>\n<meta property=\"og:title\" content=\"Resist! The Global Climate Divide: Orientaci\u00f3 virtual en projectes i accions clim\u00e0tiques - Esplac\" \/>\n<meta property=\"og:description\" content=\"\u00abResist! The Global Climate Divide: Virtual Mentoring on Climate Projects [&hellip;]\" \/>\n<meta property=\"og:url\" content=\"https:\/\/www.esplac.cat\/resist-the-global-climate-divide-orientacio-virtual\/\" \/>\n<meta property=\"og:site_name\" content=\"Esplac\" \/>\n<meta property=\"article:published_time\" content=\"2020-04-30T10:27:32+00:00\" \/>\n<meta property=\"article:modified_time\" content=\"2020-10-15T16:22:52+00:00\" \/>\n<meta property=\"og:image\" content=\"https:\/\/www.esplac.cat\/wp-content\/uploads\/2020\/04\/Disen\u0303o-sin-ti\u0301tulo.jpg\" \/>\n\t<meta property=\"og:image:width\" content=\"1694\" \/>\n\t<meta property=\"og:image:height\" content=\"700\" \/>\n\t<meta property=\"og:image:type\" content=\"image\/jpeg\" \/>\n<meta name=\"author\" content=\"Comunicaci\u00f3 Esplac\" \/>\n<meta name=\"twitter:card\" content=\"summary_large_image\" \/>\n<meta name=\"twitter:label1\" content=\"Escrito por\" \/>\n\t<meta name=\"twitter:data1\" content=\"Comunicaci\u00f3 Esplac\" \/>\n\t<meta name=\"twitter:label2\" content=\"Tiempo de lectura\" \/>\n\t<meta name=\"twitter:data2\" content=\"2 minutos\" \/>\n<script type=\"application\/ld+json\" class=\"yoast-schema-graph\">{\"@context\":\"https:\\\/\\\/schema.org\",\"@graph\":[{\"@type\":\"Article\",\"@id\":\"https:\\\/\\\/www.esplac.cat\\\/resist-the-global-climate-divide-orientacio-virtual\\\/#article\",\"isPartOf\":{\"@id\":\"https:\\\/\\\/www.esplac.cat\\\/resist-the-global-climate-divide-orientacio-virtual\\\/\"},\"author\":{\"name\":\"Comunicaci\u00f3 Esplac\",\"@id\":\"https:\\\/\\\/www.esplac.cat\\\/#\\\/schema\\\/person\\\/908383cf240be18b68f8855d0583faca\"},\"headline\":\"Resist! The Global Climate Divide: Orientaci\u00f3 virtual en projectes i accions clim\u00e0tiques\",\"datePublished\":\"2020-04-30T10:27:32+00:00\",\"dateModified\":\"2020-10-15T16:22:52+00:00\",\"mainEntityOfPage\":{\"@id\":\"https:\\\/\\\/www.esplac.cat\\\/resist-the-global-climate-divide-orientacio-virtual\\\/\"},\"wordCount\":428,\"publisher\":{\"@id\":\"https:\\\/\\\/www.esplac.cat\\\/#organization\"},\"image\":{\"@id\":\"https:\\\/\\\/www.esplac.cat\\\/resist-the-global-climate-divide-orientacio-virtual\\\/#primaryimage\"},\"thumbnailUrl\":\"https:\\\/\\\/www.esplac.cat\\\/wp-content\\\/uploads\\\/2020\\\/04\\\/Disen\u0303o-sin-ti\u0301tulo.jpg\",\"articleSection\":[\"Esplac al m\u00f3n\"],\"inLanguage\":\"es\"},{\"@type\":\"WebPage\",\"@id\":\"https:\\\/\\\/www.esplac.cat\\\/resist-the-global-climate-divide-orientacio-virtual\\\/\",\"url\":\"https:\\\/\\\/www.esplac.cat\\\/resist-the-global-climate-divide-orientacio-virtual\\\/\",\"name\":\"Resist! The Global Climate Divide: Orientaci\u00f3 virtual en projectes i accions clim\u00e0tiques - Esplac\",\"isPartOf\":{\"@id\":\"https:\\\/\\\/www.esplac.cat\\\/#website\"},\"primaryImageOfPage\":{\"@id\":\"https:\\\/\\\/www.esplac.cat\\\/resist-the-global-climate-divide-orientacio-virtual\\\/#primaryimage\"},\"image\":{\"@id\":\"https:\\\/\\\/www.esplac.cat\\\/resist-the-global-climate-divide-orientacio-virtual\\\/#primaryimage\"},\"thumbnailUrl\":\"https:\\\/\\\/www.esplac.cat\\\/wp-content\\\/uploads\\\/2020\\\/04\\\/Disen\u0303o-sin-ti\u0301tulo.jpg\",\"datePublished\":\"2020-04-30T10:27:32+00:00\",\"dateModified\":\"2020-10-15T16:22:52+00:00\",\"breadcrumb\":{\"@id\":\"https:\\\/\\\/www.esplac.cat\\\/resist-the-global-climate-divide-orientacio-virtual\\\/#breadcrumb\"},\"inLanguage\":\"es\",\"potentialAction\":[{\"@type\":\"ReadAction\",\"target\":[\"https:\\\/\\\/www.esplac.cat\\\/resist-the-global-climate-divide-orientacio-virtual\\\/\"]}]},{\"@type\":\"ImageObject\",\"inLanguage\":\"es\",\"@id\":\"https:\\\/\\\/www.esplac.cat\\\/resist-the-global-climate-divide-orientacio-virtual\\\/#primaryimage\",\"url\":\"https:\\\/\\\/www.esplac.cat\\\/wp-content\\\/uploads\\\/2020\\\/04\\\/Disen\u0303o-sin-ti\u0301tulo.jpg\",\"contentUrl\":\"https:\\\/\\\/www.esplac.cat\\\/wp-content\\\/uploads\\\/2020\\\/04\\\/Disen\u0303o-sin-ti\u0301tulo.jpg\",\"width\":1694,\"height\":700},{\"@type\":\"BreadcrumbList\",\"@id\":\"https:\\\/\\\/www.esplac.cat\\\/resist-the-global-climate-divide-orientacio-virtual\\\/#breadcrumb\",\"itemListElement\":[{\"@type\":\"ListItem\",\"position\":1,\"name\":\"Inici\",\"item\":\"https:\\\/\\\/www.esplac.cat\\\/es\\\/\"},{\"@type\":\"ListItem\",\"position\":2,\"name\":\"Resist! The Global Climate Divide: Orientaci\u00f3 virtual en projectes i accions clim\u00e0tiques\"}]},{\"@type\":\"WebSite\",\"@id\":\"https:\\\/\\\/www.esplac.cat\\\/#website\",\"url\":\"https:\\\/\\\/www.esplac.cat\\\/\",\"name\":\"Esplac\",\"description\":\"Esplais Catalans\",\"publisher\":{\"@id\":\"https:\\\/\\\/www.esplac.cat\\\/#organization\"},\"potentialAction\":[{\"@type\":\"SearchAction\",\"target\":{\"@type\":\"EntryPoint\",\"urlTemplate\":\"https:\\\/\\\/www.esplac.cat\\\/?s={search_term_string}\"},\"query-input\":{\"@type\":\"PropertyValueSpecification\",\"valueRequired\":true,\"valueName\":\"search_term_string\"}}],\"inLanguage\":\"es\"},{\"@type\":\"Organization\",\"@id\":\"https:\\\/\\\/www.esplac.cat\\\/#organization\",\"name\":\"Esplac\",\"url\":\"https:\\\/\\\/www.esplac.cat\\\/\",\"logo\":{\"@type\":\"ImageObject\",\"inLanguage\":\"es\",\"@id\":\"https:\\\/\\\/www.esplac.cat\\\/#\\\/schema\\\/logo\\\/image\\\/\",\"url\":\"https:\\\/\\\/www.esplac.cat\\\/wp-content\\\/uploads\\\/2019\\\/08\\\/logox2.png\",\"contentUrl\":\"https:\\\/\\\/www.esplac.cat\\\/wp-content\\\/uploads\\\/2019\\\/08\\\/logox2.png\",\"width\":600,\"height\":295,\"caption\":\"Esplac\"},\"image\":{\"@id\":\"https:\\\/\\\/www.esplac.cat\\\/#\\\/schema\\\/logo\\\/image\\\/\"}},{\"@type\":\"Person\",\"@id\":\"https:\\\/\\\/www.esplac.cat\\\/#\\\/schema\\\/person\\\/908383cf240be18b68f8855d0583faca\",\"name\":\"Comunicaci\u00f3 Esplac\",\"image\":{\"@type\":\"ImageObject\",\"inLanguage\":\"es\",\"@id\":\"https:\\\/\\\/secure.gravatar.com\\\/avatar\\\/7a4cf8feb412a76ea4a740ca02d95b06b2907b5a6c648c2dd0a1082a093c3141?s=96&d=mm&r=g\",\"url\":\"https:\\\/\\\/secure.gravatar.com\\\/avatar\\\/7a4cf8feb412a76ea4a740ca02d95b06b2907b5a6c648c2dd0a1082a093c3141?s=96&d=mm&r=g\",\"contentUrl\":\"https:\\\/\\\/secure.gravatar.com\\\/avatar\\\/7a4cf8feb412a76ea4a740ca02d95b06b2907b5a6c648c2dd0a1082a093c3141?s=96&d=mm&r=g\",\"caption\":\"Comunicaci\u00f3 Esplac\"}}]}<\/script>\n<!-- \/ Yoast SEO plugin. -->","yoast_head_json":{"title":"Resist! The Global Climate Divide: Orientaci\u00f3 virtual en projectes i accions clim\u00e0tiques - Esplac","robots":{"index":"index","follow":"follow","max-snippet":"max-snippet:-1","max-image-preview":"max-image-preview:large","max-video-preview":"max-video-preview:-1"},"canonical":"https:\/\/www.esplac.cat\/resist-the-global-climate-divide-orientacio-virtual\/","og_locale":"es_ES","og_type":"article","og_title":"Resist! The Global Climate Divide: Orientaci\u00f3 virtual en projectes i accions clim\u00e0tiques - Esplac","og_description":"\u00abResist! The Global Climate Divide: Virtual Mentoring on Climate Projects [&hellip;]","og_url":"https:\/\/www.esplac.cat\/resist-the-global-climate-divide-orientacio-virtual\/","og_site_name":"Esplac","article_published_time":"2020-04-30T10:27:32+00:00","article_modified_time":"2020-10-15T16:22:52+00:00","og_image":[{"width":1694,"height":700,"url":"https:\/\/www.esplac.cat\/wp-content\/uploads\/2020\/04\/Disen\u0303o-sin-ti\u0301tulo.jpg","type":"image\/jpeg"}],"author":"Comunicaci\u00f3 Esplac","twitter_card":"summary_large_image","twitter_misc":{"Escrito por":"Comunicaci\u00f3 Esplac","Tiempo de lectura":"2 minutos"},"schema":{"@context":"https:\/\/schema.org","@graph":[{"@type":"Article","@id":"https:\/\/www.esplac.cat\/resist-the-global-climate-divide-orientacio-virtual\/#article","isPartOf":{"@id":"https:\/\/www.esplac.cat\/resist-the-global-climate-divide-orientacio-virtual\/"},"author":{"name":"Comunicaci\u00f3 Esplac","@id":"https:\/\/www.esplac.cat\/#\/schema\/person\/908383cf240be18b68f8855d0583faca"},"headline":"Resist! The Global Climate Divide: Orientaci\u00f3 virtual en projectes i accions clim\u00e0tiques","datePublished":"2020-04-30T10:27:32+00:00","dateModified":"2020-10-15T16:22:52+00:00","mainEntityOfPage":{"@id":"https:\/\/www.esplac.cat\/resist-the-global-climate-divide-orientacio-virtual\/"},"wordCount":428,"publisher":{"@id":"https:\/\/www.esplac.cat\/#organization"},"image":{"@id":"https:\/\/www.esplac.cat\/resist-the-global-climate-divide-orientacio-virtual\/#primaryimage"},"thumbnailUrl":"https:\/\/www.esplac.cat\/wp-content\/uploads\/2020\/04\/Disen\u0303o-sin-ti\u0301tulo.jpg","articleSection":["Esplac al m\u00f3n"],"inLanguage":"es"},{"@type":"WebPage","@id":"https:\/\/www.esplac.cat\/resist-the-global-climate-divide-orientacio-virtual\/","url":"https:\/\/www.esplac.cat\/resist-the-global-climate-divide-orientacio-virtual\/","name":"Resist! The Global Climate Divide: Orientaci\u00f3 virtual en projectes i accions clim\u00e0tiques - Esplac","isPartOf":{"@id":"https:\/\/www.esplac.cat\/#website"},"primaryImageOfPage":{"@id":"https:\/\/www.esplac.cat\/resist-the-global-climate-divide-orientacio-virtual\/#primaryimage"},"image":{"@id":"https:\/\/www.esplac.cat\/resist-the-global-climate-divide-orientacio-virtual\/#primaryimage"},"thumbnailUrl":"https:\/\/www.esplac.cat\/wp-content\/uploads\/2020\/04\/Disen\u0303o-sin-ti\u0301tulo.jpg","datePublished":"2020-04-30T10:27:32+00:00","dateModified":"2020-10-15T16:22:52+00:00","breadcrumb":{"@id":"https:\/\/www.esplac.cat\/resist-the-global-climate-divide-orientacio-virtual\/#breadcrumb"},"inLanguage":"es","potentialAction":[{"@type":"ReadAction","target":["https:\/\/www.esplac.cat\/resist-the-global-climate-divide-orientacio-virtual\/"]}]},{"@type":"ImageObject","inLanguage":"es","@id":"https:\/\/www.esplac.cat\/resist-the-global-climate-divide-orientacio-virtual\/#primaryimage","url":"https:\/\/www.esplac.cat\/wp-content\/uploads\/2020\/04\/Disen\u0303o-sin-ti\u0301tulo.jpg","contentUrl":"https:\/\/www.esplac.cat\/wp-content\/uploads\/2020\/04\/Disen\u0303o-sin-ti\u0301tulo.jpg","width":1694,"height":700},{"@type":"BreadcrumbList","@id":"https:\/\/www.esplac.cat\/resist-the-global-climate-divide-orientacio-virtual\/#breadcrumb","itemListElement":[{"@type":"ListItem","position":1,"name":"Inici","item":"https:\/\/www.esplac.cat\/es\/"},{"@type":"ListItem","position":2,"name":"Resist! The Global Climate Divide: Orientaci\u00f3 virtual en projectes i accions clim\u00e0tiques"}]},{"@type":"WebSite","@id":"https:\/\/www.esplac.cat\/#website","url":"https:\/\/www.esplac.cat\/","name":"Esplac","description":"Esplais Catalans","publisher":{"@id":"https:\/\/www.esplac.cat\/#organization"},"potentialAction":[{"@type":"SearchAction","target":{"@type":"EntryPoint","urlTemplate":"https:\/\/www.esplac.cat\/?s={search_term_string}"},"query-input":{"@type":"PropertyValueSpecification","valueRequired":true,"valueName":"search_term_string"}}],"inLanguage":"es"},{"@type":"Organization","@id":"https:\/\/www.esplac.cat\/#organization","name":"Esplac","url":"https:\/\/www.esplac.cat\/","logo":{"@type":"ImageObject","inLanguage":"es","@id":"https:\/\/www.esplac.cat\/#\/schema\/logo\/image\/","url":"https:\/\/www.esplac.cat\/wp-content\/uploads\/2019\/08\/logox2.png","contentUrl":"https:\/\/www.esplac.cat\/wp-content\/uploads\/2019\/08\/logox2.png","width":600,"height":295,"caption":"Esplac"},"image":{"@id":"https:\/\/www.esplac.cat\/#\/schema\/logo\/image\/"}},{"@type":"Person","@id":"https:\/\/www.esplac.cat\/#\/schema\/person\/908383cf240be18b68f8855d0583faca","name":"Comunicaci\u00f3 Esplac","image":{"@type":"ImageObject","inLanguage":"es","@id":"https:\/\/secure.gravatar.com\/avatar\/7a4cf8feb412a76ea4a740ca02d95b06b2907b5a6c648c2dd0a1082a093c3141?s=96&d=mm&r=g","url":"https:\/\/secure.gravatar.com\/avatar\/7a4cf8feb412a76ea4a740ca02d95b06b2907b5a6c648c2dd0a1082a093c3141?s=96&d=mm&r=g","contentUrl":"https:\/\/secure.gravatar.com\/avatar\/7a4cf8feb412a76ea4a740ca02d95b06b2907b5a6c648c2dd0a1082a093c3141?s=96&d=mm&r=g","caption":"Comunicaci\u00f3 Esplac"}}]}},"_links":{"self":[{"href":"https:\/\/www.esplac.cat\/es\/wp-json\/wp\/v2\/posts\/31760","targetHints":{"allow":["GET"]}}],"collection":[{"href":"https:\/\/www.esplac.cat\/es\/wp-json\/wp\/v2\/posts"}],"about":[{"href":"https:\/\/www.esplac.cat\/es\/wp-json\/wp\/v2\/types\/post"}],"author":[{"embeddable":true,"href":"https:\/\/www.esplac.cat\/es\/wp-json\/wp\/v2\/users\/3"}],"replies":[{"embeddable":true,"href":"https:\/\/www.esplac.cat\/es\/wp-json\/wp\/v2\/comments?post=31760"}],"version-history":[{"count":0,"href":"https:\/\/www.esplac.cat\/es\/wp-json\/wp\/v2\/posts\/31760\/revisions"}],"wp:featuredmedia":[{"embeddable":true,"href":"https:\/\/www.esplac.cat\/es\/wp-json\/wp\/v2\/media\/31761"}],"wp:attachment":[{"href":"https:\/\/www.esplac.cat\/es\/wp-json\/wp\/v2\/media?parent=31760"}],"wp:term":[{"taxonomy":"category","embeddable":true,"href":"https:\/\/www.esplac.cat\/es\/wp-json\/wp\/v2\/categories?post=31760"},{"taxonomy":"post_tag","embeddable":true,"href":"https:\/\/www.esplac.cat\/es\/wp-json\/wp\/v2\/tags?post=31760"}],"curies":[{"name":"wp","href":"https:\/\/api.w.org\/{rel}","templated":true}]}}