{"id":31871,"date":"2020-05-14T11:46:55","date_gmt":"2020-05-14T10:46:55","guid":{"rendered":"https:\/\/www.esplac.cat\/?p=31871"},"modified":"2020-10-15T17:22:51","modified_gmt":"2020-10-15T16:22:51","slug":"nova-oportunitat-internacional-manque-chile","status":"publish","type":"post","link":"https:\/\/www.esplac.cat\/es\/nova-oportunitat-internacional-manque-chile\/","title":{"rendered":"Nova oportunitat internacional amb l&#8217;entitat Manque Chile!"},"content":{"rendered":"<h6><strong>Nou projecte internacional entre dues entitats de l&#8217;IFM-SEI! Participeu a un intercanvi d&#8217;experi\u00e8ncies entre Esplais Catalans i Manque Chile!<\/strong><\/h6>\n<p><span style=\"font-weight: 400;\">L\u2019IFM-SEI \u00e9s un moviment global que reuneix infants i joves d\u2019\u00c0frica, \u00c0sia, Europa, Am\u00e8rica Llatina i Orient Mitj\u00e0 que actua com a plataforma paraig\u00fces de 44 organitzacions nacionals que treballen en una varietat d\u2019entorns en tot el m\u00f3n, promovent l\u2019internacionalisme, la solidaritat, l\u2019amistat, els drets dels infants, l\u2019atenci\u00f3 al medi ambient, etc. Dues d\u2019aquestes entitats s\u00f3n <\/span><b>Esplais Catalans<\/b><span style=\"font-weight: 400;\">, a Catalunya i <\/span><b>Manque Chile<\/b><span style=\"font-weight: 400;\">, a Xile.<\/span><\/p>\n<p><span style=\"font-weight: 400;\">Un dels principals objectius de l\u2019internacionalisme \u00e9s fomentar els vincles, les relacions, el treball i la solidaritat entre entitats de diferents pa\u00efsos del m\u00f3n. El treball en xarxa permet fomentar i cr\u00e9ixer en valors com la cooperaci\u00f3, la democr\u00e0cia, la igualtat de g\u00e8nere, la democr\u00e0cia i la just\u00edcia social global.\u00a0<\/span><\/p>\n<p><span style=\"font-weight: 400;\">Els programes i projectes que podem realitzar normalment s\u00f3n d\u2019abast nacional o regional, de manera que resulta m\u00e9s complicat organitzar projectes i activitats entre entitats que es <\/span><b>troben lluny geogr\u00e0ficament<\/b><span style=\"font-weight: 400;\">. Aquesta situaci\u00f3 ens anima a buscar alternatives innovadores que ens permetin igualment con\u00e8ixer, aprendre i relacionar-nos amb altres organitzacions juvenils del m\u00f3n.<\/span><\/p>\n<p><span style=\"font-weight: 400;\">Aquest inter\u00e8s mutu que comparteixen les dues entitats (Manque Chile i Esplac) s\u2019ha concretat en aquest <\/span><b>nou projecte que us presentem.<\/b><span style=\"font-weight: 400;\"> Aquest projecte pret\u00e9n que els infants i joves de les dues entitats respectives puguin intercanviar experi\u00e8ncies, con\u00e8ixer llocs, noves realitats culturals, aprendre, comunicar-se entre elles i compartir, en definitiva, una part del seu treball i participaci\u00f3 en l&#8217;educaci\u00f3 no formal.\u00a0<\/span><\/p>\n<p><b>En qu\u00e8 consisteix el projecte?<\/b><\/p>\n<p><span style=\"font-weight: 400;\">La primera fase del projecte consisteix a <\/span><b>posar en contacte infants i joves de les dues entitats (de 5 a 18 anys) a trav\u00e9s de les xarxes socials i de plataformes virtuals. <\/b><span style=\"font-weight: 400;\">La idea \u00e9s animar a un grup o a diferents grups de cada entitat perqu\u00e8 es comuniquin amb\u00a0 infants i joves de l&#8217;altra entitat. Cada infant o jove participant d&#8217;Esplac ser\u00e0 persona <\/span><b>ambaixadora <\/b><span style=\"font-weight: 400;\">i es comunicar\u00e0 amb una altra de Xile. Les persones ambaixadores seran qui acabaran decidint <\/span><b>com volen comunicar-se <\/b><span style=\"font-weight: 400;\">(enviant-se v\u00eddeos, escrivint publicacions, intercanvi d\u2019escrits, etc.) i <\/span><b>de qu\u00e8 volen parlar.<\/b><span style=\"font-weight: 400;\"> Volem que siguin elles mateixes qui decideixin qu\u00e8 volen compartir i explicar (on viuen, la seva entitat, algun menjar, an\u00e8cdotes, actes culturals, etc.).\u00a0<\/span><\/p>\n<p><span style=\"font-weight: 400;\">Per a aix\u00f2, ser\u00e0 necessari <\/span><b>l&#8217;acompanyament de les monitores i monitors de cada grup.<\/b><span style=\"font-weight: 400;\"> L\u2019equip de monitores facilitar\u00e0 la comunicaci\u00f3 entre les persones ambaixadores i tamb\u00e9 vetllar\u00e0 per la protecci\u00f3 de dades, temes t\u00e8cnics, etc. amb el suport d\u2019Esplac.<\/span><\/p>\n<p><span style=\"font-weight: 400;\">Si la primera fase t\u00e9 continu\u00eftat i \u00e8xit, volem construir un<\/span><b> intercanvi d&#8217;experi\u00e8ncies entre les dues entitats <\/b><span style=\"font-weight: 400;\">que impliqui con\u00e8ixer m\u00e9s a fons l\u2019estructura, el funcionament dels grups, la comunitat, l\u2019entorn, la metodologia i el treball pedag\u00f2gic de cada entitat..<\/span><\/p>\n<p><span style=\"font-weight: 400;\">A llarg termini, ens encantaria poder tamb\u00e9 organitzar projectes internacionals presencials que permetin unir encara m\u00e9s a les dues entitats.\u00a0<\/span><\/p>\n<p><span style=\"font-weight: 400;\">Dit aix\u00f2, <\/span><b>convidem a tots els esplais i els seus infants i joves a unir-se al projecte i a con\u00e8ixer infants i joves de l&#8217;entitat Manque Chile!<\/b><\/p>\n<p><span style=\"font-weight: 400;\">Si voleu participar, no dubteu en enviar un correu a <\/span><a href=\"mailto:internacional@esplac.cat\"><span style=\"font-weight: 400;\">internacional@esplac.cat<\/span><\/a><\/p>\n","protected":false},"excerpt":{"rendered":"<p>Nou projecte internacional entre dues entitats de l&#8217;IFM-SEI! Participeu a [&hellip;]<\/p>\n","protected":false},"author":3,"featured_media":31873,"comment_status":"closed","ping_status":"open","sticky":false,"template":"","format":"standard","meta":{"om_disable_all_campaigns":false,"_monsterinsights_skip_tracking":false,"_monsterinsights_sitenote_active":false,"_monsterinsights_sitenote_note":"","_monsterinsights_sitenote_category":0,"_uf_show_specific_survey":0,"_uf_disable_surveys":false,"footnotes":""},"categories":[1112],"tags":[59,109,1310],"class_list":["post-31871","post","type-post","status-publish","format-standard","has-post-thumbnail","hentry","category-esplac-al-mon","tag-ifm-sei","tag-internacionalisme","tag-xile"],"yoast_head":"<!-- This site is optimized with the Yoast SEO plugin v27.5 - https:\/\/yoast.com\/product\/yoast-seo-wordpress\/ -->\n<title>Nova oportunitat internacional amb l&#039;entitat Manque Chile! - Esplac<\/title>\n<meta name=\"robots\" content=\"index, follow, max-snippet:-1, max-image-preview:large, max-video-preview:-1\" \/>\n<link rel=\"canonical\" href=\"https:\/\/www.esplac.cat\/en\/nova-oportunitat-internacional-manque-chile\/\" \/>\n<meta property=\"og:locale\" content=\"es_ES\" \/>\n<meta property=\"og:type\" content=\"article\" \/>\n<meta property=\"og:title\" content=\"Nova oportunitat internacional amb l&#039;entitat Manque Chile! - Esplac\" \/>\n<meta property=\"og:description\" content=\"Nou projecte internacional entre dues entitats de l&#8217;IFM-SEI! Participeu a [&hellip;]\" \/>\n<meta property=\"og:url\" content=\"https:\/\/www.esplac.cat\/en\/nova-oportunitat-internacional-manque-chile\/\" \/>\n<meta property=\"og:site_name\" content=\"Esplac\" \/>\n<meta property=\"article:published_time\" content=\"2020-05-14T10:46:55+00:00\" \/>\n<meta property=\"article:modified_time\" content=\"2020-10-15T16:22:51+00:00\" \/>\n<meta property=\"og:image\" content=\"https:\/\/www.esplac.cat\/wp-content\/uploads\/2020\/05\/portades-3.jpg\" \/>\n\t<meta property=\"og:image:width\" content=\"1694\" \/>\n\t<meta property=\"og:image:height\" content=\"700\" \/>\n\t<meta property=\"og:image:type\" content=\"image\/jpeg\" \/>\n<meta name=\"author\" content=\"Comunicaci\u00f3 Esplac\" \/>\n<meta name=\"twitter:card\" content=\"summary_large_image\" \/>\n<meta name=\"twitter:label1\" content=\"Escrito por\" \/>\n\t<meta name=\"twitter:data1\" content=\"Comunicaci\u00f3 Esplac\" \/>\n\t<meta name=\"twitter:label2\" content=\"Tiempo de lectura\" \/>\n\t<meta name=\"twitter:data2\" content=\"3 minutos\" \/>\n<script type=\"application\/ld+json\" class=\"yoast-schema-graph\">{\"@context\":\"https:\\\/\\\/schema.org\",\"@graph\":[{\"@type\":\"Article\",\"@id\":\"https:\\\/\\\/www.esplac.cat\\\/en\\\/nova-oportunitat-internacional-manque-chile\\\/#article\",\"isPartOf\":{\"@id\":\"https:\\\/\\\/www.esplac.cat\\\/en\\\/nova-oportunitat-internacional-manque-chile\\\/\"},\"author\":{\"name\":\"Comunicaci\u00f3 Esplac\",\"@id\":\"https:\\\/\\\/www.esplac.cat\\\/#\\\/schema\\\/person\\\/908383cf240be18b68f8855d0583faca\"},\"headline\":\"Nova oportunitat internacional amb l&#8217;entitat Manque Chile!\",\"datePublished\":\"2020-05-14T10:46:55+00:00\",\"dateModified\":\"2020-10-15T16:22:51+00:00\",\"mainEntityOfPage\":{\"@id\":\"https:\\\/\\\/www.esplac.cat\\\/en\\\/nova-oportunitat-internacional-manque-chile\\\/\"},\"wordCount\":569,\"publisher\":{\"@id\":\"https:\\\/\\\/www.esplac.cat\\\/#organization\"},\"image\":{\"@id\":\"https:\\\/\\\/www.esplac.cat\\\/en\\\/nova-oportunitat-internacional-manque-chile\\\/#primaryimage\"},\"thumbnailUrl\":\"https:\\\/\\\/www.esplac.cat\\\/wp-content\\\/uploads\\\/2020\\\/05\\\/portades-3.jpg\",\"keywords\":[\"IFM-SEI\",\"internacionalisme\",\"Xile\"],\"articleSection\":[\"Esplac al m\u00f3n\"],\"inLanguage\":\"es\"},{\"@type\":\"WebPage\",\"@id\":\"https:\\\/\\\/www.esplac.cat\\\/en\\\/nova-oportunitat-internacional-manque-chile\\\/\",\"url\":\"https:\\\/\\\/www.esplac.cat\\\/en\\\/nova-oportunitat-internacional-manque-chile\\\/\",\"name\":\"Nova oportunitat internacional amb l'entitat Manque Chile! - Esplac\",\"isPartOf\":{\"@id\":\"https:\\\/\\\/www.esplac.cat\\\/#website\"},\"primaryImageOfPage\":{\"@id\":\"https:\\\/\\\/www.esplac.cat\\\/en\\\/nova-oportunitat-internacional-manque-chile\\\/#primaryimage\"},\"image\":{\"@id\":\"https:\\\/\\\/www.esplac.cat\\\/en\\\/nova-oportunitat-internacional-manque-chile\\\/#primaryimage\"},\"thumbnailUrl\":\"https:\\\/\\\/www.esplac.cat\\\/wp-content\\\/uploads\\\/2020\\\/05\\\/portades-3.jpg\",\"datePublished\":\"2020-05-14T10:46:55+00:00\",\"dateModified\":\"2020-10-15T16:22:51+00:00\",\"breadcrumb\":{\"@id\":\"https:\\\/\\\/www.esplac.cat\\\/en\\\/nova-oportunitat-internacional-manque-chile\\\/#breadcrumb\"},\"inLanguage\":\"es\",\"potentialAction\":[{\"@type\":\"ReadAction\",\"target\":[\"https:\\\/\\\/www.esplac.cat\\\/en\\\/nova-oportunitat-internacional-manque-chile\\\/\"]}]},{\"@type\":\"ImageObject\",\"inLanguage\":\"es\",\"@id\":\"https:\\\/\\\/www.esplac.cat\\\/en\\\/nova-oportunitat-internacional-manque-chile\\\/#primaryimage\",\"url\":\"https:\\\/\\\/www.esplac.cat\\\/wp-content\\\/uploads\\\/2020\\\/05\\\/portades-3.jpg\",\"contentUrl\":\"https:\\\/\\\/www.esplac.cat\\\/wp-content\\\/uploads\\\/2020\\\/05\\\/portades-3.jpg\",\"width\":1694,\"height\":700},{\"@type\":\"BreadcrumbList\",\"@id\":\"https:\\\/\\\/www.esplac.cat\\\/en\\\/nova-oportunitat-internacional-manque-chile\\\/#breadcrumb\",\"itemListElement\":[{\"@type\":\"ListItem\",\"position\":1,\"name\":\"Inici\",\"item\":\"https:\\\/\\\/www.esplac.cat\\\/es\\\/\"},{\"@type\":\"ListItem\",\"position\":2,\"name\":\"Nova oportunitat internacional amb l&#8217;entitat Manque Chile!\"}]},{\"@type\":\"WebSite\",\"@id\":\"https:\\\/\\\/www.esplac.cat\\\/#website\",\"url\":\"https:\\\/\\\/www.esplac.cat\\\/\",\"name\":\"Esplac\",\"description\":\"Esplais Catalans\",\"publisher\":{\"@id\":\"https:\\\/\\\/www.esplac.cat\\\/#organization\"},\"potentialAction\":[{\"@type\":\"SearchAction\",\"target\":{\"@type\":\"EntryPoint\",\"urlTemplate\":\"https:\\\/\\\/www.esplac.cat\\\/?s={search_term_string}\"},\"query-input\":{\"@type\":\"PropertyValueSpecification\",\"valueRequired\":true,\"valueName\":\"search_term_string\"}}],\"inLanguage\":\"es\"},{\"@type\":\"Organization\",\"@id\":\"https:\\\/\\\/www.esplac.cat\\\/#organization\",\"name\":\"Esplac\",\"url\":\"https:\\\/\\\/www.esplac.cat\\\/\",\"logo\":{\"@type\":\"ImageObject\",\"inLanguage\":\"es\",\"@id\":\"https:\\\/\\\/www.esplac.cat\\\/#\\\/schema\\\/logo\\\/image\\\/\",\"url\":\"https:\\\/\\\/www.esplac.cat\\\/wp-content\\\/uploads\\\/2019\\\/08\\\/logox2.png\",\"contentUrl\":\"https:\\\/\\\/www.esplac.cat\\\/wp-content\\\/uploads\\\/2019\\\/08\\\/logox2.png\",\"width\":600,\"height\":295,\"caption\":\"Esplac\"},\"image\":{\"@id\":\"https:\\\/\\\/www.esplac.cat\\\/#\\\/schema\\\/logo\\\/image\\\/\"}},{\"@type\":\"Person\",\"@id\":\"https:\\\/\\\/www.esplac.cat\\\/#\\\/schema\\\/person\\\/908383cf240be18b68f8855d0583faca\",\"name\":\"Comunicaci\u00f3 Esplac\",\"image\":{\"@type\":\"ImageObject\",\"inLanguage\":\"es\",\"@id\":\"https:\\\/\\\/secure.gravatar.com\\\/avatar\\\/7a4cf8feb412a76ea4a740ca02d95b06b2907b5a6c648c2dd0a1082a093c3141?s=96&d=mm&r=g\",\"url\":\"https:\\\/\\\/secure.gravatar.com\\\/avatar\\\/7a4cf8feb412a76ea4a740ca02d95b06b2907b5a6c648c2dd0a1082a093c3141?s=96&d=mm&r=g\",\"contentUrl\":\"https:\\\/\\\/secure.gravatar.com\\\/avatar\\\/7a4cf8feb412a76ea4a740ca02d95b06b2907b5a6c648c2dd0a1082a093c3141?s=96&d=mm&r=g\",\"caption\":\"Comunicaci\u00f3 Esplac\"}}]}<\/script>\n<!-- \/ Yoast SEO plugin. -->","yoast_head_json":{"title":"Nova oportunitat internacional amb l'entitat Manque Chile! - Esplac","robots":{"index":"index","follow":"follow","max-snippet":"max-snippet:-1","max-image-preview":"max-image-preview:large","max-video-preview":"max-video-preview:-1"},"canonical":"https:\/\/www.esplac.cat\/en\/nova-oportunitat-internacional-manque-chile\/","og_locale":"es_ES","og_type":"article","og_title":"Nova oportunitat internacional amb l'entitat Manque Chile! - Esplac","og_description":"Nou projecte internacional entre dues entitats de l&#8217;IFM-SEI! Participeu a [&hellip;]","og_url":"https:\/\/www.esplac.cat\/en\/nova-oportunitat-internacional-manque-chile\/","og_site_name":"Esplac","article_published_time":"2020-05-14T10:46:55+00:00","article_modified_time":"2020-10-15T16:22:51+00:00","og_image":[{"width":1694,"height":700,"url":"https:\/\/www.esplac.cat\/wp-content\/uploads\/2020\/05\/portades-3.jpg","type":"image\/jpeg"}],"author":"Comunicaci\u00f3 Esplac","twitter_card":"summary_large_image","twitter_misc":{"Escrito por":"Comunicaci\u00f3 Esplac","Tiempo de lectura":"3 minutos"},"schema":{"@context":"https:\/\/schema.org","@graph":[{"@type":"Article","@id":"https:\/\/www.esplac.cat\/en\/nova-oportunitat-internacional-manque-chile\/#article","isPartOf":{"@id":"https:\/\/www.esplac.cat\/en\/nova-oportunitat-internacional-manque-chile\/"},"author":{"name":"Comunicaci\u00f3 Esplac","@id":"https:\/\/www.esplac.cat\/#\/schema\/person\/908383cf240be18b68f8855d0583faca"},"headline":"Nova oportunitat internacional amb l&#8217;entitat Manque Chile!","datePublished":"2020-05-14T10:46:55+00:00","dateModified":"2020-10-15T16:22:51+00:00","mainEntityOfPage":{"@id":"https:\/\/www.esplac.cat\/en\/nova-oportunitat-internacional-manque-chile\/"},"wordCount":569,"publisher":{"@id":"https:\/\/www.esplac.cat\/#organization"},"image":{"@id":"https:\/\/www.esplac.cat\/en\/nova-oportunitat-internacional-manque-chile\/#primaryimage"},"thumbnailUrl":"https:\/\/www.esplac.cat\/wp-content\/uploads\/2020\/05\/portades-3.jpg","keywords":["IFM-SEI","internacionalisme","Xile"],"articleSection":["Esplac al m\u00f3n"],"inLanguage":"es"},{"@type":"WebPage","@id":"https:\/\/www.esplac.cat\/en\/nova-oportunitat-internacional-manque-chile\/","url":"https:\/\/www.esplac.cat\/en\/nova-oportunitat-internacional-manque-chile\/","name":"Nova oportunitat internacional amb l'entitat Manque Chile! - Esplac","isPartOf":{"@id":"https:\/\/www.esplac.cat\/#website"},"primaryImageOfPage":{"@id":"https:\/\/www.esplac.cat\/en\/nova-oportunitat-internacional-manque-chile\/#primaryimage"},"image":{"@id":"https:\/\/www.esplac.cat\/en\/nova-oportunitat-internacional-manque-chile\/#primaryimage"},"thumbnailUrl":"https:\/\/www.esplac.cat\/wp-content\/uploads\/2020\/05\/portades-3.jpg","datePublished":"2020-05-14T10:46:55+00:00","dateModified":"2020-10-15T16:22:51+00:00","breadcrumb":{"@id":"https:\/\/www.esplac.cat\/en\/nova-oportunitat-internacional-manque-chile\/#breadcrumb"},"inLanguage":"es","potentialAction":[{"@type":"ReadAction","target":["https:\/\/www.esplac.cat\/en\/nova-oportunitat-internacional-manque-chile\/"]}]},{"@type":"ImageObject","inLanguage":"es","@id":"https:\/\/www.esplac.cat\/en\/nova-oportunitat-internacional-manque-chile\/#primaryimage","url":"https:\/\/www.esplac.cat\/wp-content\/uploads\/2020\/05\/portades-3.jpg","contentUrl":"https:\/\/www.esplac.cat\/wp-content\/uploads\/2020\/05\/portades-3.jpg","width":1694,"height":700},{"@type":"BreadcrumbList","@id":"https:\/\/www.esplac.cat\/en\/nova-oportunitat-internacional-manque-chile\/#breadcrumb","itemListElement":[{"@type":"ListItem","position":1,"name":"Inici","item":"https:\/\/www.esplac.cat\/es\/"},{"@type":"ListItem","position":2,"name":"Nova oportunitat internacional amb l&#8217;entitat Manque Chile!"}]},{"@type":"WebSite","@id":"https:\/\/www.esplac.cat\/#website","url":"https:\/\/www.esplac.cat\/","name":"Esplac","description":"Esplais Catalans","publisher":{"@id":"https:\/\/www.esplac.cat\/#organization"},"potentialAction":[{"@type":"SearchAction","target":{"@type":"EntryPoint","urlTemplate":"https:\/\/www.esplac.cat\/?s={search_term_string}"},"query-input":{"@type":"PropertyValueSpecification","valueRequired":true,"valueName":"search_term_string"}}],"inLanguage":"es"},{"@type":"Organization","@id":"https:\/\/www.esplac.cat\/#organization","name":"Esplac","url":"https:\/\/www.esplac.cat\/","logo":{"@type":"ImageObject","inLanguage":"es","@id":"https:\/\/www.esplac.cat\/#\/schema\/logo\/image\/","url":"https:\/\/www.esplac.cat\/wp-content\/uploads\/2019\/08\/logox2.png","contentUrl":"https:\/\/www.esplac.cat\/wp-content\/uploads\/2019\/08\/logox2.png","width":600,"height":295,"caption":"Esplac"},"image":{"@id":"https:\/\/www.esplac.cat\/#\/schema\/logo\/image\/"}},{"@type":"Person","@id":"https:\/\/www.esplac.cat\/#\/schema\/person\/908383cf240be18b68f8855d0583faca","name":"Comunicaci\u00f3 Esplac","image":{"@type":"ImageObject","inLanguage":"es","@id":"https:\/\/secure.gravatar.com\/avatar\/7a4cf8feb412a76ea4a740ca02d95b06b2907b5a6c648c2dd0a1082a093c3141?s=96&d=mm&r=g","url":"https:\/\/secure.gravatar.com\/avatar\/7a4cf8feb412a76ea4a740ca02d95b06b2907b5a6c648c2dd0a1082a093c3141?s=96&d=mm&r=g","contentUrl":"https:\/\/secure.gravatar.com\/avatar\/7a4cf8feb412a76ea4a740ca02d95b06b2907b5a6c648c2dd0a1082a093c3141?s=96&d=mm&r=g","caption":"Comunicaci\u00f3 Esplac"}}]}},"_links":{"self":[{"href":"https:\/\/www.esplac.cat\/es\/wp-json\/wp\/v2\/posts\/31871","targetHints":{"allow":["GET"]}}],"collection":[{"href":"https:\/\/www.esplac.cat\/es\/wp-json\/wp\/v2\/posts"}],"about":[{"href":"https:\/\/www.esplac.cat\/es\/wp-json\/wp\/v2\/types\/post"}],"author":[{"embeddable":true,"href":"https:\/\/www.esplac.cat\/es\/wp-json\/wp\/v2\/users\/3"}],"replies":[{"embeddable":true,"href":"https:\/\/www.esplac.cat\/es\/wp-json\/wp\/v2\/comments?post=31871"}],"version-history":[{"count":0,"href":"https:\/\/www.esplac.cat\/es\/wp-json\/wp\/v2\/posts\/31871\/revisions"}],"wp:featuredmedia":[{"embeddable":true,"href":"https:\/\/www.esplac.cat\/es\/wp-json\/wp\/v2\/media\/31873"}],"wp:attachment":[{"href":"https:\/\/www.esplac.cat\/es\/wp-json\/wp\/v2\/media?parent=31871"}],"wp:term":[{"taxonomy":"category","embeddable":true,"href":"https:\/\/www.esplac.cat\/es\/wp-json\/wp\/v2\/categories?post=31871"},{"taxonomy":"post_tag","embeddable":true,"href":"https:\/\/www.esplac.cat\/es\/wp-json\/wp\/v2\/tags?post=31871"}],"curies":[{"name":"wp","href":"https:\/\/api.w.org\/{rel}","templated":true}]}}