{"id":32095,"date":"2020-07-09T12:48:22","date_gmt":"2020-07-09T11:48:22","guid":{"rendered":"https:\/\/www.esplac.cat\/?p=32095"},"modified":"2020-10-15T17:22:48","modified_gmt":"2020-10-15T16:22:48","slug":"participa-en-el-projecte-women-empowerment","status":"publish","type":"post","link":"https:\/\/www.esplac.cat\/es\/participa-en-el-projecte-women-empowerment\/","title":{"rendered":"Participa en el projecte Women Empowerment 2020-2021"},"content":{"rendered":"<h6><strong>El Consell d\u2019Europa busca persones joves interessades en interseccionalitat i igualtat de g\u00e8nere.<\/strong><\/h6>\n<p><span style=\"font-weight: 400;\">El <\/span><a href=\"https:\/\/www.coe.int\/en\/web\/north-south-centre\"><span style=\"font-weight: 400;\">Centre Nord-Sud<\/span><\/a><span style=\"font-weight: 400;\"> del Consell d\u2019Europa busca persones expertes en el marc del projecte \u201c<\/span><b>Promoure la diversitat i la igualtat<\/b><span style=\"font-weight: 400;\">\u201d dins del programa <\/span><b>Women Empowerment pel per\u00edode 2020-2021.<\/b><\/p>\n<p><span style=\"font-weight: 400;\">La convocat\u00f2ria pret\u00e9n crear un grup de joves que abordi el tema de la <\/span><b>discriminaci\u00f3 interseccional a la qual<\/b><span style=\"font-weight: 400;\"> s\u2019enfronten les dones i les nenes a Orient Mitj\u00e0, Europa i \u00c0frica.\u00a0<\/span><\/p>\n<p><span style=\"font-weight: 400;\">Mitjan\u00e7ant una din\u00e0mica de cooperaci\u00f3 i intercanvi d\u2019idees i solucions innovadores, el grup contribuir\u00e0 a <\/span><b>desenvolupar una estrat\u00e8gia i unes accions de sensibilitzaci\u00f3<\/b><span style=\"font-weight: 400;\"> dirigides a canviar actituds, normes i comportaments.<\/span><\/p>\n<p><b>La durada del projecte \u00e9s del setembre del 2020 al novembre 2021<\/b><span style=\"font-weight: 400;\">. Durant tot aquest per\u00edode es realitzaran formacions, focus groups, sessions interactives, redacci\u00f3 de documents, trobades presencials, etc. Pots veure <\/span><a href=\"https:\/\/rm.coe.int\/1call-we-experts-core-group-final\/16809ed788\"><span style=\"font-weight: 400;\">aqu\u00ed<\/span><\/a><span style=\"font-weight: 400;\"> el calendari de totes les activitats (punt 6, timeline).\u00a0<\/span><\/p>\n<p><span style=\"font-weight: 400;\">Les activitats seran en l\u00ednia fins al <\/span><b>mar\u00e7 del 2021 que es faran de forma presencial.\u00a0<\/b><\/p>\n<p><span style=\"font-weight: 400;\">Quins requisits demanen?<\/span><\/p>\n<ul>\n<li style=\"font-weight: 400;\"><span style=\"font-weight: 400;\">Tenir menys de 35 anys<\/span><\/li>\n<li style=\"font-weight: 400;\"><span style=\"font-weight: 400;\">Bon domini de l\u2019angl\u00e8s (llegit i parlat)<\/span><\/li>\n<li style=\"font-weight: 400;\"><span style=\"font-weight: 400;\">Compet\u00e8ncies per escriure reports, bona comunicaci\u00f3, etc.\u00a0<\/span><\/li>\n<\/ul>\n<p><span style=\"font-weight: 400;\">Qu\u00e8 s\u2019ha de fer per participar en el proc\u00e9s de selecci\u00f3?<\/span><\/p>\n<p><span style=\"font-weight: 400;\">Enviar a nswomennetwork@coe.int els seg\u00fcents documents:\u00a0<\/span><\/p>\n<ul>\n<li><span style=\"font-weight: 400;\">El teu CV<\/span><\/li>\n<li><span style=\"font-weight: 400;\">Carta de motivaci\u00f3 fent refer\u00e8ncia a les <\/span><a href=\"https:\/\/rm.coe.int\/1call-we-experts-core-group-final\/16809ed788\"><span style=\"font-weight: 400;\">8 \u00e0rees de la convocat\u00f2ria (punt 2)\u00a0<\/span><\/a><\/li>\n<li><span style=\"font-weight: 400;\">Certificats, enlla\u00e7os o informaci\u00f3 sobre la teva experi\u00e8ncia en les \u00e0rees claus del projecte.\u00a0<\/span><\/li>\n<li><span style=\"font-weight: 400;\">Contactes de refer\u00e8ncia (<\/span><b>Esplac i l\u2019IFM-SEI us d\u00f3na suport si voleu presentar la candidatura).\u00a0<\/b><\/li>\n<\/ul>\n<p><span style=\"font-weight: 400;\">Si vols presentar-te, no dubtis en informar a <\/span><a href=\"mailto:internacional@esplac.cat\"><span style=\"font-weight: 400;\">internacional@esplac.cat<\/span><\/a><span style=\"font-weight: 400;\"> per rebre suport en presentar la candidatura!<\/span><\/p>\n<p><span style=\"font-weight: 400;\">Deadline per presentar els documents: <\/span><b>23 de juliol del 2020<\/b><\/p>\n<p><span style=\"font-weight: 400;\">Si vols saber-ne m\u00e9s clica visita la p\u00e0gina de la <\/span><a href=\"https:\/\/www.coe.int\/en\/web\/north-south-centre\/newsroom\/-\/asset_publisher\/AtheQYwOmkWU\/content\/call-for-young-experts-on-intersectionality-gender-equality?inheritRedirect=false&amp;redirect=https%3A%2F%2Fwww.coe.int%2Fen%2Fweb%2Fnorth-south-centre%2Fnewsroom%3Fp_p_id%3D101_INSTANCE_AtheQYwOmkWU%26p_p_lifecycle%3D0%26p_p_state%3Dnormal%26p_p_mode%3Dview%26p_p_col_id%3Dcolumn-4%26p_p_col_count%3D1\"><span style=\"font-weight: 400;\">not\u00edcia oficial.\u00a0<\/span><\/a><\/p>\n<p>&nbsp;<\/p>\n<p><span style=\"font-weight: 400;\">\u00c0nims i molta sort!!!<\/span><\/p>\n","protected":false},"excerpt":{"rendered":"<p>El Consell d\u2019Europa busca persones joves interessades en interseccionalitat i [&hellip;]<\/p>\n","protected":false},"author":3,"featured_media":32098,"comment_status":"closed","ping_status":"open","sticky":false,"template":"","format":"standard","meta":{"om_disable_all_campaigns":false,"_monsterinsights_skip_tracking":false,"_monsterinsights_sitenote_active":false,"_monsterinsights_sitenote_note":"","_monsterinsights_sitenote_category":0,"_uf_show_specific_survey":0,"_uf_disable_surveys":false,"footnotes":""},"categories":[1112],"tags":[391,109,134,1314],"class_list":["post-32095","post","type-post","status-publish","format-standard","has-post-thumbnail","hentry","category-esplac-al-mon","tag-feminisme","tag-internacionalisme","tag-transformacio-social","tag-women"],"yoast_head":"<!-- This site is optimized with the Yoast SEO plugin v27.5 - https:\/\/yoast.com\/product\/yoast-seo-wordpress\/ -->\n<title>Participa en el projecte Women Empowerment 2020-2021 - Esplac<\/title>\n<meta name=\"description\" content=\"El Consell d\u2019Europa busca persones joves expertes en diversitat i igualtat de g\u00e8nere per formar part del projecte Women Empowerment pel per\u00edode 2020-2021\" \/>\n<meta name=\"robots\" content=\"index, follow, max-snippet:-1, max-image-preview:large, max-video-preview:-1\" \/>\n<link rel=\"canonical\" href=\"https:\/\/www.esplac.cat\/participa-en-el-projecte-women-empowerment\/\" \/>\n<meta property=\"og:locale\" content=\"es_ES\" \/>\n<meta property=\"og:type\" content=\"article\" \/>\n<meta property=\"og:title\" content=\"Participa en el projecte Women Empowerment 2020-2021 - Esplac\" \/>\n<meta property=\"og:description\" content=\"El Consell d\u2019Europa busca persones joves expertes en diversitat i igualtat de g\u00e8nere per formar part del projecte Women Empowerment pel per\u00edode 2020-2021\" \/>\n<meta property=\"og:url\" content=\"https:\/\/www.esplac.cat\/participa-en-el-projecte-women-empowerment\/\" \/>\n<meta property=\"og:site_name\" content=\"Esplac\" \/>\n<meta property=\"article:published_time\" content=\"2020-07-09T11:48:22+00:00\" \/>\n<meta property=\"article:modified_time\" content=\"2020-10-15T16:22:48+00:00\" \/>\n<meta property=\"og:image\" content=\"https:\/\/www.esplac.cat\/wp-content\/uploads\/2020\/07\/portades-web.jpg\" \/>\n\t<meta property=\"og:image:width\" content=\"1697\" \/>\n\t<meta property=\"og:image:height\" content=\"700\" \/>\n\t<meta property=\"og:image:type\" content=\"image\/jpeg\" \/>\n<meta name=\"author\" content=\"Comunicaci\u00f3 Esplac\" \/>\n<meta name=\"twitter:card\" content=\"summary_large_image\" \/>\n<meta name=\"twitter:label1\" content=\"Escrito por\" \/>\n\t<meta name=\"twitter:data1\" content=\"Comunicaci\u00f3 Esplac\" \/>\n\t<meta name=\"twitter:label2\" content=\"Tiempo de lectura\" \/>\n\t<meta name=\"twitter:data2\" content=\"2 minutos\" \/>\n<script type=\"application\/ld+json\" class=\"yoast-schema-graph\">{\"@context\":\"https:\\\/\\\/schema.org\",\"@graph\":[{\"@type\":\"Article\",\"@id\":\"https:\\\/\\\/www.esplac.cat\\\/participa-en-el-projecte-women-empowerment\\\/#article\",\"isPartOf\":{\"@id\":\"https:\\\/\\\/www.esplac.cat\\\/participa-en-el-projecte-women-empowerment\\\/\"},\"author\":{\"name\":\"Comunicaci\u00f3 Esplac\",\"@id\":\"https:\\\/\\\/www.esplac.cat\\\/#\\\/schema\\\/person\\\/908383cf240be18b68f8855d0583faca\"},\"headline\":\"Participa en el projecte Women Empowerment 2020-2021\",\"datePublished\":\"2020-07-09T11:48:22+00:00\",\"dateModified\":\"2020-10-15T16:22:48+00:00\",\"mainEntityOfPage\":{\"@id\":\"https:\\\/\\\/www.esplac.cat\\\/participa-en-el-projecte-women-empowerment\\\/\"},\"wordCount\":317,\"publisher\":{\"@id\":\"https:\\\/\\\/www.esplac.cat\\\/#organization\"},\"image\":{\"@id\":\"https:\\\/\\\/www.esplac.cat\\\/participa-en-el-projecte-women-empowerment\\\/#primaryimage\"},\"thumbnailUrl\":\"https:\\\/\\\/www.esplac.cat\\\/wp-content\\\/uploads\\\/2020\\\/07\\\/portades-web.jpg\",\"keywords\":[\"feminisme\",\"internacionalisme\",\"transformaci\u00f3 social\",\"women\"],\"articleSection\":[\"Esplac al m\u00f3n\"],\"inLanguage\":\"es\"},{\"@type\":\"WebPage\",\"@id\":\"https:\\\/\\\/www.esplac.cat\\\/participa-en-el-projecte-women-empowerment\\\/\",\"url\":\"https:\\\/\\\/www.esplac.cat\\\/participa-en-el-projecte-women-empowerment\\\/\",\"name\":\"Participa en el projecte Women Empowerment 2020-2021 - Esplac\",\"isPartOf\":{\"@id\":\"https:\\\/\\\/www.esplac.cat\\\/#website\"},\"primaryImageOfPage\":{\"@id\":\"https:\\\/\\\/www.esplac.cat\\\/participa-en-el-projecte-women-empowerment\\\/#primaryimage\"},\"image\":{\"@id\":\"https:\\\/\\\/www.esplac.cat\\\/participa-en-el-projecte-women-empowerment\\\/#primaryimage\"},\"thumbnailUrl\":\"https:\\\/\\\/www.esplac.cat\\\/wp-content\\\/uploads\\\/2020\\\/07\\\/portades-web.jpg\",\"datePublished\":\"2020-07-09T11:48:22+00:00\",\"dateModified\":\"2020-10-15T16:22:48+00:00\",\"description\":\"El Consell d\u2019Europa busca persones joves expertes en diversitat i igualtat de g\u00e8nere per formar part del projecte Women Empowerment pel per\u00edode 2020-2021\",\"breadcrumb\":{\"@id\":\"https:\\\/\\\/www.esplac.cat\\\/participa-en-el-projecte-women-empowerment\\\/#breadcrumb\"},\"inLanguage\":\"es\",\"potentialAction\":[{\"@type\":\"ReadAction\",\"target\":[\"https:\\\/\\\/www.esplac.cat\\\/participa-en-el-projecte-women-empowerment\\\/\"]}]},{\"@type\":\"ImageObject\",\"inLanguage\":\"es\",\"@id\":\"https:\\\/\\\/www.esplac.cat\\\/participa-en-el-projecte-women-empowerment\\\/#primaryimage\",\"url\":\"https:\\\/\\\/www.esplac.cat\\\/wp-content\\\/uploads\\\/2020\\\/07\\\/portades-web.jpg\",\"contentUrl\":\"https:\\\/\\\/www.esplac.cat\\\/wp-content\\\/uploads\\\/2020\\\/07\\\/portades-web.jpg\",\"width\":1697,\"height\":700,\"caption\":\"igualtat de g\u00e8nere\"},{\"@type\":\"BreadcrumbList\",\"@id\":\"https:\\\/\\\/www.esplac.cat\\\/participa-en-el-projecte-women-empowerment\\\/#breadcrumb\",\"itemListElement\":[{\"@type\":\"ListItem\",\"position\":1,\"name\":\"Inici\",\"item\":\"https:\\\/\\\/www.esplac.cat\\\/es\\\/\"},{\"@type\":\"ListItem\",\"position\":2,\"name\":\"Participa en el projecte Women Empowerment 2020-2021\"}]},{\"@type\":\"WebSite\",\"@id\":\"https:\\\/\\\/www.esplac.cat\\\/#website\",\"url\":\"https:\\\/\\\/www.esplac.cat\\\/\",\"name\":\"Esplac\",\"description\":\"Esplais Catalans\",\"publisher\":{\"@id\":\"https:\\\/\\\/www.esplac.cat\\\/#organization\"},\"potentialAction\":[{\"@type\":\"SearchAction\",\"target\":{\"@type\":\"EntryPoint\",\"urlTemplate\":\"https:\\\/\\\/www.esplac.cat\\\/?s={search_term_string}\"},\"query-input\":{\"@type\":\"PropertyValueSpecification\",\"valueRequired\":true,\"valueName\":\"search_term_string\"}}],\"inLanguage\":\"es\"},{\"@type\":\"Organization\",\"@id\":\"https:\\\/\\\/www.esplac.cat\\\/#organization\",\"name\":\"Esplac\",\"url\":\"https:\\\/\\\/www.esplac.cat\\\/\",\"logo\":{\"@type\":\"ImageObject\",\"inLanguage\":\"es\",\"@id\":\"https:\\\/\\\/www.esplac.cat\\\/#\\\/schema\\\/logo\\\/image\\\/\",\"url\":\"https:\\\/\\\/www.esplac.cat\\\/wp-content\\\/uploads\\\/2019\\\/08\\\/logox2.png\",\"contentUrl\":\"https:\\\/\\\/www.esplac.cat\\\/wp-content\\\/uploads\\\/2019\\\/08\\\/logox2.png\",\"width\":600,\"height\":295,\"caption\":\"Esplac\"},\"image\":{\"@id\":\"https:\\\/\\\/www.esplac.cat\\\/#\\\/schema\\\/logo\\\/image\\\/\"}},{\"@type\":\"Person\",\"@id\":\"https:\\\/\\\/www.esplac.cat\\\/#\\\/schema\\\/person\\\/908383cf240be18b68f8855d0583faca\",\"name\":\"Comunicaci\u00f3 Esplac\",\"image\":{\"@type\":\"ImageObject\",\"inLanguage\":\"es\",\"@id\":\"https:\\\/\\\/secure.gravatar.com\\\/avatar\\\/7a4cf8feb412a76ea4a740ca02d95b06b2907b5a6c648c2dd0a1082a093c3141?s=96&d=mm&r=g\",\"url\":\"https:\\\/\\\/secure.gravatar.com\\\/avatar\\\/7a4cf8feb412a76ea4a740ca02d95b06b2907b5a6c648c2dd0a1082a093c3141?s=96&d=mm&r=g\",\"contentUrl\":\"https:\\\/\\\/secure.gravatar.com\\\/avatar\\\/7a4cf8feb412a76ea4a740ca02d95b06b2907b5a6c648c2dd0a1082a093c3141?s=96&d=mm&r=g\",\"caption\":\"Comunicaci\u00f3 Esplac\"}}]}<\/script>\n<!-- \/ Yoast SEO plugin. -->","yoast_head_json":{"title":"Participa en el projecte Women Empowerment 2020-2021 - Esplac","description":"El Consell d\u2019Europa busca persones joves expertes en diversitat i igualtat de g\u00e8nere per formar part del projecte Women Empowerment pel per\u00edode 2020-2021","robots":{"index":"index","follow":"follow","max-snippet":"max-snippet:-1","max-image-preview":"max-image-preview:large","max-video-preview":"max-video-preview:-1"},"canonical":"https:\/\/www.esplac.cat\/participa-en-el-projecte-women-empowerment\/","og_locale":"es_ES","og_type":"article","og_title":"Participa en el projecte Women Empowerment 2020-2021 - Esplac","og_description":"El Consell d\u2019Europa busca persones joves expertes en diversitat i igualtat de g\u00e8nere per formar part del projecte Women Empowerment pel per\u00edode 2020-2021","og_url":"https:\/\/www.esplac.cat\/participa-en-el-projecte-women-empowerment\/","og_site_name":"Esplac","article_published_time":"2020-07-09T11:48:22+00:00","article_modified_time":"2020-10-15T16:22:48+00:00","og_image":[{"width":1697,"height":700,"url":"https:\/\/www.esplac.cat\/wp-content\/uploads\/2020\/07\/portades-web.jpg","type":"image\/jpeg"}],"author":"Comunicaci\u00f3 Esplac","twitter_card":"summary_large_image","twitter_misc":{"Escrito por":"Comunicaci\u00f3 Esplac","Tiempo de lectura":"2 minutos"},"schema":{"@context":"https:\/\/schema.org","@graph":[{"@type":"Article","@id":"https:\/\/www.esplac.cat\/participa-en-el-projecte-women-empowerment\/#article","isPartOf":{"@id":"https:\/\/www.esplac.cat\/participa-en-el-projecte-women-empowerment\/"},"author":{"name":"Comunicaci\u00f3 Esplac","@id":"https:\/\/www.esplac.cat\/#\/schema\/person\/908383cf240be18b68f8855d0583faca"},"headline":"Participa en el projecte Women Empowerment 2020-2021","datePublished":"2020-07-09T11:48:22+00:00","dateModified":"2020-10-15T16:22:48+00:00","mainEntityOfPage":{"@id":"https:\/\/www.esplac.cat\/participa-en-el-projecte-women-empowerment\/"},"wordCount":317,"publisher":{"@id":"https:\/\/www.esplac.cat\/#organization"},"image":{"@id":"https:\/\/www.esplac.cat\/participa-en-el-projecte-women-empowerment\/#primaryimage"},"thumbnailUrl":"https:\/\/www.esplac.cat\/wp-content\/uploads\/2020\/07\/portades-web.jpg","keywords":["feminisme","internacionalisme","transformaci\u00f3 social","women"],"articleSection":["Esplac al m\u00f3n"],"inLanguage":"es"},{"@type":"WebPage","@id":"https:\/\/www.esplac.cat\/participa-en-el-projecte-women-empowerment\/","url":"https:\/\/www.esplac.cat\/participa-en-el-projecte-women-empowerment\/","name":"Participa en el projecte Women Empowerment 2020-2021 - Esplac","isPartOf":{"@id":"https:\/\/www.esplac.cat\/#website"},"primaryImageOfPage":{"@id":"https:\/\/www.esplac.cat\/participa-en-el-projecte-women-empowerment\/#primaryimage"},"image":{"@id":"https:\/\/www.esplac.cat\/participa-en-el-projecte-women-empowerment\/#primaryimage"},"thumbnailUrl":"https:\/\/www.esplac.cat\/wp-content\/uploads\/2020\/07\/portades-web.jpg","datePublished":"2020-07-09T11:48:22+00:00","dateModified":"2020-10-15T16:22:48+00:00","description":"El Consell d\u2019Europa busca persones joves expertes en diversitat i igualtat de g\u00e8nere per formar part del projecte Women Empowerment pel per\u00edode 2020-2021","breadcrumb":{"@id":"https:\/\/www.esplac.cat\/participa-en-el-projecte-women-empowerment\/#breadcrumb"},"inLanguage":"es","potentialAction":[{"@type":"ReadAction","target":["https:\/\/www.esplac.cat\/participa-en-el-projecte-women-empowerment\/"]}]},{"@type":"ImageObject","inLanguage":"es","@id":"https:\/\/www.esplac.cat\/participa-en-el-projecte-women-empowerment\/#primaryimage","url":"https:\/\/www.esplac.cat\/wp-content\/uploads\/2020\/07\/portades-web.jpg","contentUrl":"https:\/\/www.esplac.cat\/wp-content\/uploads\/2020\/07\/portades-web.jpg","width":1697,"height":700,"caption":"igualtat de g\u00e8nere"},{"@type":"BreadcrumbList","@id":"https:\/\/www.esplac.cat\/participa-en-el-projecte-women-empowerment\/#breadcrumb","itemListElement":[{"@type":"ListItem","position":1,"name":"Inici","item":"https:\/\/www.esplac.cat\/es\/"},{"@type":"ListItem","position":2,"name":"Participa en el projecte Women Empowerment 2020-2021"}]},{"@type":"WebSite","@id":"https:\/\/www.esplac.cat\/#website","url":"https:\/\/www.esplac.cat\/","name":"Esplac","description":"Esplais Catalans","publisher":{"@id":"https:\/\/www.esplac.cat\/#organization"},"potentialAction":[{"@type":"SearchAction","target":{"@type":"EntryPoint","urlTemplate":"https:\/\/www.esplac.cat\/?s={search_term_string}"},"query-input":{"@type":"PropertyValueSpecification","valueRequired":true,"valueName":"search_term_string"}}],"inLanguage":"es"},{"@type":"Organization","@id":"https:\/\/www.esplac.cat\/#organization","name":"Esplac","url":"https:\/\/www.esplac.cat\/","logo":{"@type":"ImageObject","inLanguage":"es","@id":"https:\/\/www.esplac.cat\/#\/schema\/logo\/image\/","url":"https:\/\/www.esplac.cat\/wp-content\/uploads\/2019\/08\/logox2.png","contentUrl":"https:\/\/www.esplac.cat\/wp-content\/uploads\/2019\/08\/logox2.png","width":600,"height":295,"caption":"Esplac"},"image":{"@id":"https:\/\/www.esplac.cat\/#\/schema\/logo\/image\/"}},{"@type":"Person","@id":"https:\/\/www.esplac.cat\/#\/schema\/person\/908383cf240be18b68f8855d0583faca","name":"Comunicaci\u00f3 Esplac","image":{"@type":"ImageObject","inLanguage":"es","@id":"https:\/\/secure.gravatar.com\/avatar\/7a4cf8feb412a76ea4a740ca02d95b06b2907b5a6c648c2dd0a1082a093c3141?s=96&d=mm&r=g","url":"https:\/\/secure.gravatar.com\/avatar\/7a4cf8feb412a76ea4a740ca02d95b06b2907b5a6c648c2dd0a1082a093c3141?s=96&d=mm&r=g","contentUrl":"https:\/\/secure.gravatar.com\/avatar\/7a4cf8feb412a76ea4a740ca02d95b06b2907b5a6c648c2dd0a1082a093c3141?s=96&d=mm&r=g","caption":"Comunicaci\u00f3 Esplac"}}]}},"_links":{"self":[{"href":"https:\/\/www.esplac.cat\/es\/wp-json\/wp\/v2\/posts\/32095","targetHints":{"allow":["GET"]}}],"collection":[{"href":"https:\/\/www.esplac.cat\/es\/wp-json\/wp\/v2\/posts"}],"about":[{"href":"https:\/\/www.esplac.cat\/es\/wp-json\/wp\/v2\/types\/post"}],"author":[{"embeddable":true,"href":"https:\/\/www.esplac.cat\/es\/wp-json\/wp\/v2\/users\/3"}],"replies":[{"embeddable":true,"href":"https:\/\/www.esplac.cat\/es\/wp-json\/wp\/v2\/comments?post=32095"}],"version-history":[{"count":0,"href":"https:\/\/www.esplac.cat\/es\/wp-json\/wp\/v2\/posts\/32095\/revisions"}],"wp:featuredmedia":[{"embeddable":true,"href":"https:\/\/www.esplac.cat\/es\/wp-json\/wp\/v2\/media\/32098"}],"wp:attachment":[{"href":"https:\/\/www.esplac.cat\/es\/wp-json\/wp\/v2\/media?parent=32095"}],"wp:term":[{"taxonomy":"category","embeddable":true,"href":"https:\/\/www.esplac.cat\/es\/wp-json\/wp\/v2\/categories?post=32095"},{"taxonomy":"post_tag","embeddable":true,"href":"https:\/\/www.esplac.cat\/es\/wp-json\/wp\/v2\/tags?post=32095"}],"curies":[{"name":"wp","href":"https:\/\/api.w.org\/{rel}","templated":true}]}}