{"id":32135,"date":"2020-07-14T09:41:47","date_gmt":"2020-07-14T08:41:47","guid":{"rendered":"https:\/\/www.esplac.cat\/?p=32135"},"modified":"2020-10-15T17:22:48","modified_gmt":"2020-10-15T16:22:48","slug":"conferencia-internacional-joves-suecia-2020","status":"publish","type":"post","link":"https:\/\/www.esplac.cat\/es\/conferencia-internacional-joves-suecia-2020\/","title":{"rendered":"Segona Confer\u00e8ncia Internacional de Joves a Su\u00e8cia"},"content":{"rendered":"<h6><b>Segona Conferencia Internacional de Joves Anual del projecte IYTT-International Youth Think Tank.<\/b><\/h6>\n<p><span style=\"font-weight: 400;\">Davant la situaci\u00f3 actual de la Covid-19 i la crisi social i econ\u00f2mica en la qual ens trobem, i tamb\u00e9 els nous requeriments relacionats amb la situaci\u00f3, estem m\u00e9s conven\u00e7udes que mai que les <\/span><b>persones joves volem aportar idees i motivacions inspiradores.<\/b><\/p>\n<p><span style=\"font-weight: 400;\">Des d&#8217;aquesta perspectiva, el prop\u00f2sit del projecte <span style=\"color: #ff9900;\">I<\/span><\/span><span style=\"color: #ff9900;\"><a style=\"color: #ff9900;\" href=\"https:\/\/iythinktank.com\/\"><span style=\"font-weight: 400;\">YTT-International Youth Think Tank<\/span><\/a><\/span><span style=\"font-weight: 400;\"> (Confer\u00e8ncia Internacional Youth Think Tank) t\u00e9 la intenci\u00f3 de promoure un moviment democr\u00e0tic i din\u00e0mic entre les persones joves de 18 a 24 anys.<\/span><\/p>\n<p><span style=\"font-weight: 400;\">Aquest any se celebrar\u00e0 la segona confer\u00e8ncia anual del projecte a Gothenburg (Su\u00e8cia) i l&#8217;objectiu general de la confer\u00e8ncia \u00e9s <\/span><b>defensar una societat democr\u00e0tica, cohesionada i oberta.<\/b><\/p>\n<p><span style=\"font-weight: 400;\">La confer\u00e8ncia anual de l\u2019any passat va donar lloc a 10 propostes per una societat m\u00e9s sostenible i oberta. <\/span><span style=\"font-weight: 400;\">Un dels aspectes discutits ha estat el de <\/span><b>dissenyar formes sostenibles de viatge a les confer\u00e8ncies. <\/b><span style=\"font-weight: 400;\">\u00c9s per aix\u00f2 que en aquesta segona confer\u00e8ncia es tindr\u00e0 en compte noves combinacions de transport i de viatge a Gothernburg. Un dels objectius \u00e9s promoure formes que disminueixin les emissions de CO2 i alhora tamb\u00e9 reduir les hores dedicades a viatjar.<\/span><\/p>\n<h6><strong>En qu\u00e8 consisteix aquesta II Confer\u00e8ncia?<\/strong><\/h6>\n<ul>\n<li style=\"font-weight: 400;\"><b>25 persones<\/b><span style=\"font-weight: 400;\"> joves de tota Europa<\/span><\/li>\n<li style=\"font-weight: 400;\"><b>Lloc: <\/b><span style=\"font-weight: 400;\">Gothenburg, Su\u00e8cia<\/span><\/li>\n<li style=\"font-weight: 400;\"><b>Durada:<\/b><span style=\"font-weight: 400;\"> quatre dies. Del 16 al 19 de novembre del 2020.\u00a0<\/span><\/li>\n<li style=\"font-weight: 400;\"><b>Despeses de viatge cobertes<\/b><span style=\"font-weight: 400;\"> (intentant apostar pel viatge sostenible) i <strong>d<\/strong><\/span><b>espeses d\u2019allotjament i menjar cobertes.\u00a0<\/b><\/li>\n<li style=\"font-weight: 400;\"><b>Qu\u00e8 es far\u00e0?<\/b><span style=\"font-weight: 400;\">\u00a0 Tallers, discussions sobre les vostres hist\u00f2ries de vida, experi\u00e8ncies, visions i anhels de futur. Finalment es realitzar\u00e0 una declaraci\u00f3 final conjunta en la qual es presentaran les idees per una societat m\u00e9s democr\u00e0tica i oberta de 15 minuts.\u00a0<\/span><\/li>\n<\/ul>\n<h6><strong>Inscripcions<\/strong><\/h6>\n<ul>\n<li style=\"font-weight: 400;\"><span style=\"font-weight: 400;\">Es fan en l\u00ednia. Cal registrar-se a <span style=\"text-decoration: underline;\"><span style=\"color: #ff9900; text-decoration: underline;\"><a style=\"color: #ff9900; text-decoration: underline;\" href=\"http:\/\/iythinktank.com\" target=\"_blank\" rel=\"noopener noreferrer\"><strong>iythinktank.com<\/strong><\/a><\/span><\/span> i enviar una presentaci\u00f3 personal explicant\u00a0 per qu\u00e8 hauries de ser escollit o escollida.\u00a0<\/span><\/li>\n<li style=\"font-weight: 400;\"><span style=\"font-weight: 400;\">Data l\u00edmit: <\/span><b>12 d\u2019agost del 2020<\/b><\/li>\n<\/ul>\n<p><span style=\"font-weight: 400;\">Si vols presentar-te, no dubtis en informar a <\/span><a href=\"http:\/\/esplac.cat\/internacional\"><span style=\"font-weight: 400;\">internacional@esplac.cat<\/span><\/a><span style=\"font-weight: 400;\"> per rebre suport en presentar la candidatura. La idea \u00e9s que la persona que participi representi tamb\u00e9 a l\u2019<span style=\"text-decoration: underline;\"><span style=\"color: #ff9900; text-decoration: underline;\"><a style=\"color: #ff9900; text-decoration: underline;\" href=\"http:\/\/ifm-sei.org\/\" target=\"_blank\" rel=\"noopener noreferrer\">IFM-SEI.<\/a><\/span><\/span><\/span><\/p>\n<p><span style=\"font-weight: 400;\">M\u00e9s informaci\u00f3 al web del projecte <span style=\"color: #ff9900;\"><span style=\"text-decoration: underline;\"><a style=\"color: #ff9900; text-decoration: underline;\" href=\"https:\/\/iythinktank.com\/2020\/06\/12\/sustainable-movements-for-an-open-society\/\" target=\"_blank\" rel=\"noopener noreferrer\">Youth Think Tank<\/a><\/span><span style=\"color: #000000;\"> i tamb\u00e9 pots descarregar un<\/span>\u00a0<\/span><\/span><span style=\"text-decoration: underline;\"><span style=\"color: #ff9900;\"><a style=\"color: #ff9900; text-decoration: underline;\" href=\"https:\/\/www.esplac.cat\/wp-content\/uploads\/2020\/07\/20-0570_Conference_Call_2020.pdf\">PDF amb m\u00e9s informaci\u00f3 aqu\u00ed.<\/a><\/span><\/span><\/p>\n","protected":false},"excerpt":{"rendered":"<p>Segona Conferencia Internacional de Joves Anual del projecte IYTT-International Youth [&hellip;]<\/p>\n","protected":false},"author":3,"featured_media":32157,"comment_status":"closed","ping_status":"open","sticky":false,"template":"","format":"standard","meta":{"om_disable_all_campaigns":false,"_monsterinsights_skip_tracking":false,"_monsterinsights_sitenote_active":false,"_monsterinsights_sitenote_note":"","_monsterinsights_sitenote_category":0,"_uf_show_specific_survey":0,"_uf_disable_surveys":false,"footnotes":""},"categories":[1112],"tags":[1316,555,109,166],"class_list":["post-32135","post","type-post","status-publish","format-standard","has-post-thumbnail","hentry","category-esplac-al-mon","tag-democracia","tag-internacional","tag-internacionalisme","tag-joves"],"yoast_head":"<!-- This site is optimized with the Yoast SEO plugin v27.5 - https:\/\/yoast.com\/product\/yoast-seo-wordpress\/ -->\n<title>Confer\u00e8ncia Internacional de joves Youth Think Tank a Su\u00e8cia<\/title>\n<meta name=\"description\" content=\"Arriba la segona Confer\u00e8ncia Internacional de Joves Anual del projecte IYTT-International Youth Think Tank a Su\u00e8cia. Vols formar-ne part?\" \/>\n<meta name=\"robots\" content=\"index, follow, max-snippet:-1, max-image-preview:large, max-video-preview:-1\" \/>\n<link rel=\"canonical\" href=\"https:\/\/www.esplac.cat\/conferencia-internacional-joves-suecia-2020\/\" \/>\n<meta property=\"og:locale\" content=\"es_ES\" \/>\n<meta property=\"og:type\" content=\"article\" \/>\n<meta property=\"og:title\" content=\"Confer\u00e8ncia Internacional de joves Youth Think Tank a Su\u00e8cia\" \/>\n<meta property=\"og:description\" content=\"Arriba la segona Confer\u00e8ncia Internacional de Joves Anual del projecte IYTT-International Youth Think Tank a Su\u00e8cia. Vols formar-ne part?\" \/>\n<meta property=\"og:url\" content=\"https:\/\/www.esplac.cat\/conferencia-internacional-joves-suecia-2020\/\" \/>\n<meta property=\"og:site_name\" content=\"Esplac\" \/>\n<meta property=\"article:published_time\" content=\"2020-07-14T08:41:47+00:00\" \/>\n<meta property=\"article:modified_time\" content=\"2020-10-15T16:22:48+00:00\" \/>\n<meta property=\"og:image\" content=\"https:\/\/www.esplac.cat\/wp-content\/uploads\/2020\/07\/portades-web-1-1.jpg\" \/>\n\t<meta property=\"og:image:width\" content=\"1697\" \/>\n\t<meta property=\"og:image:height\" content=\"700\" \/>\n\t<meta property=\"og:image:type\" content=\"image\/jpeg\" \/>\n<meta name=\"author\" content=\"Comunicaci\u00f3 Esplac\" \/>\n<meta name=\"twitter:card\" content=\"summary_large_image\" \/>\n<meta name=\"twitter:label1\" content=\"Escrito por\" \/>\n\t<meta name=\"twitter:data1\" content=\"Comunicaci\u00f3 Esplac\" \/>\n\t<meta name=\"twitter:label2\" content=\"Tiempo de lectura\" \/>\n\t<meta name=\"twitter:data2\" content=\"2 minutos\" \/>\n<script type=\"application\/ld+json\" class=\"yoast-schema-graph\">{\"@context\":\"https:\\\/\\\/schema.org\",\"@graph\":[{\"@type\":\"Article\",\"@id\":\"https:\\\/\\\/www.esplac.cat\\\/conferencia-internacional-joves-suecia-2020\\\/#article\",\"isPartOf\":{\"@id\":\"https:\\\/\\\/www.esplac.cat\\\/conferencia-internacional-joves-suecia-2020\\\/\"},\"author\":{\"name\":\"Comunicaci\u00f3 Esplac\",\"@id\":\"https:\\\/\\\/www.esplac.cat\\\/#\\\/schema\\\/person\\\/908383cf240be18b68f8855d0583faca\"},\"headline\":\"Segona Confer\u00e8ncia Internacional de Joves a Su\u00e8cia\",\"datePublished\":\"2020-07-14T08:41:47+00:00\",\"dateModified\":\"2020-10-15T16:22:48+00:00\",\"mainEntityOfPage\":{\"@id\":\"https:\\\/\\\/www.esplac.cat\\\/conferencia-internacional-joves-suecia-2020\\\/\"},\"wordCount\":386,\"publisher\":{\"@id\":\"https:\\\/\\\/www.esplac.cat\\\/#organization\"},\"image\":{\"@id\":\"https:\\\/\\\/www.esplac.cat\\\/conferencia-internacional-joves-suecia-2020\\\/#primaryimage\"},\"thumbnailUrl\":\"https:\\\/\\\/www.esplac.cat\\\/wp-content\\\/uploads\\\/2020\\\/07\\\/portades-web-1-1.jpg\",\"keywords\":[\"democr\u00e0cia\",\"internacional\",\"internacionalisme\",\"joves\"],\"articleSection\":[\"Esplac al m\u00f3n\"],\"inLanguage\":\"es\"},{\"@type\":\"WebPage\",\"@id\":\"https:\\\/\\\/www.esplac.cat\\\/conferencia-internacional-joves-suecia-2020\\\/\",\"url\":\"https:\\\/\\\/www.esplac.cat\\\/conferencia-internacional-joves-suecia-2020\\\/\",\"name\":\"Confer\u00e8ncia Internacional de joves Youth Think Tank a Su\u00e8cia\",\"isPartOf\":{\"@id\":\"https:\\\/\\\/www.esplac.cat\\\/#website\"},\"primaryImageOfPage\":{\"@id\":\"https:\\\/\\\/www.esplac.cat\\\/conferencia-internacional-joves-suecia-2020\\\/#primaryimage\"},\"image\":{\"@id\":\"https:\\\/\\\/www.esplac.cat\\\/conferencia-internacional-joves-suecia-2020\\\/#primaryimage\"},\"thumbnailUrl\":\"https:\\\/\\\/www.esplac.cat\\\/wp-content\\\/uploads\\\/2020\\\/07\\\/portades-web-1-1.jpg\",\"datePublished\":\"2020-07-14T08:41:47+00:00\",\"dateModified\":\"2020-10-15T16:22:48+00:00\",\"description\":\"Arriba la segona Confer\u00e8ncia Internacional de Joves Anual del projecte IYTT-International Youth Think Tank a Su\u00e8cia. Vols formar-ne part?\",\"breadcrumb\":{\"@id\":\"https:\\\/\\\/www.esplac.cat\\\/conferencia-internacional-joves-suecia-2020\\\/#breadcrumb\"},\"inLanguage\":\"es\",\"potentialAction\":[{\"@type\":\"ReadAction\",\"target\":[\"https:\\\/\\\/www.esplac.cat\\\/conferencia-internacional-joves-suecia-2020\\\/\"]}]},{\"@type\":\"ImageObject\",\"inLanguage\":\"es\",\"@id\":\"https:\\\/\\\/www.esplac.cat\\\/conferencia-internacional-joves-suecia-2020\\\/#primaryimage\",\"url\":\"https:\\\/\\\/www.esplac.cat\\\/wp-content\\\/uploads\\\/2020\\\/07\\\/portades-web-1-1.jpg\",\"contentUrl\":\"https:\\\/\\\/www.esplac.cat\\\/wp-content\\\/uploads\\\/2020\\\/07\\\/portades-web-1-1.jpg\",\"width\":1697,\"height\":700},{\"@type\":\"BreadcrumbList\",\"@id\":\"https:\\\/\\\/www.esplac.cat\\\/conferencia-internacional-joves-suecia-2020\\\/#breadcrumb\",\"itemListElement\":[{\"@type\":\"ListItem\",\"position\":1,\"name\":\"Inici\",\"item\":\"https:\\\/\\\/www.esplac.cat\\\/es\\\/\"},{\"@type\":\"ListItem\",\"position\":2,\"name\":\"Segona Confer\u00e8ncia Internacional de Joves a Su\u00e8cia\"}]},{\"@type\":\"WebSite\",\"@id\":\"https:\\\/\\\/www.esplac.cat\\\/#website\",\"url\":\"https:\\\/\\\/www.esplac.cat\\\/\",\"name\":\"Esplac\",\"description\":\"Esplais Catalans\",\"publisher\":{\"@id\":\"https:\\\/\\\/www.esplac.cat\\\/#organization\"},\"potentialAction\":[{\"@type\":\"SearchAction\",\"target\":{\"@type\":\"EntryPoint\",\"urlTemplate\":\"https:\\\/\\\/www.esplac.cat\\\/?s={search_term_string}\"},\"query-input\":{\"@type\":\"PropertyValueSpecification\",\"valueRequired\":true,\"valueName\":\"search_term_string\"}}],\"inLanguage\":\"es\"},{\"@type\":\"Organization\",\"@id\":\"https:\\\/\\\/www.esplac.cat\\\/#organization\",\"name\":\"Esplac\",\"url\":\"https:\\\/\\\/www.esplac.cat\\\/\",\"logo\":{\"@type\":\"ImageObject\",\"inLanguage\":\"es\",\"@id\":\"https:\\\/\\\/www.esplac.cat\\\/#\\\/schema\\\/logo\\\/image\\\/\",\"url\":\"https:\\\/\\\/www.esplac.cat\\\/wp-content\\\/uploads\\\/2019\\\/08\\\/logox2.png\",\"contentUrl\":\"https:\\\/\\\/www.esplac.cat\\\/wp-content\\\/uploads\\\/2019\\\/08\\\/logox2.png\",\"width\":600,\"height\":295,\"caption\":\"Esplac\"},\"image\":{\"@id\":\"https:\\\/\\\/www.esplac.cat\\\/#\\\/schema\\\/logo\\\/image\\\/\"}},{\"@type\":\"Person\",\"@id\":\"https:\\\/\\\/www.esplac.cat\\\/#\\\/schema\\\/person\\\/908383cf240be18b68f8855d0583faca\",\"name\":\"Comunicaci\u00f3 Esplac\",\"image\":{\"@type\":\"ImageObject\",\"inLanguage\":\"es\",\"@id\":\"https:\\\/\\\/secure.gravatar.com\\\/avatar\\\/7a4cf8feb412a76ea4a740ca02d95b06b2907b5a6c648c2dd0a1082a093c3141?s=96&d=mm&r=g\",\"url\":\"https:\\\/\\\/secure.gravatar.com\\\/avatar\\\/7a4cf8feb412a76ea4a740ca02d95b06b2907b5a6c648c2dd0a1082a093c3141?s=96&d=mm&r=g\",\"contentUrl\":\"https:\\\/\\\/secure.gravatar.com\\\/avatar\\\/7a4cf8feb412a76ea4a740ca02d95b06b2907b5a6c648c2dd0a1082a093c3141?s=96&d=mm&r=g\",\"caption\":\"Comunicaci\u00f3 Esplac\"}}]}<\/script>\n<!-- \/ Yoast SEO plugin. -->","yoast_head_json":{"title":"Confer\u00e8ncia Internacional de joves Youth Think Tank a Su\u00e8cia","description":"Arriba la segona Confer\u00e8ncia Internacional de Joves Anual del projecte IYTT-International Youth Think Tank a Su\u00e8cia. Vols formar-ne part?","robots":{"index":"index","follow":"follow","max-snippet":"max-snippet:-1","max-image-preview":"max-image-preview:large","max-video-preview":"max-video-preview:-1"},"canonical":"https:\/\/www.esplac.cat\/conferencia-internacional-joves-suecia-2020\/","og_locale":"es_ES","og_type":"article","og_title":"Confer\u00e8ncia Internacional de joves Youth Think Tank a Su\u00e8cia","og_description":"Arriba la segona Confer\u00e8ncia Internacional de Joves Anual del projecte IYTT-International Youth Think Tank a Su\u00e8cia. Vols formar-ne part?","og_url":"https:\/\/www.esplac.cat\/conferencia-internacional-joves-suecia-2020\/","og_site_name":"Esplac","article_published_time":"2020-07-14T08:41:47+00:00","article_modified_time":"2020-10-15T16:22:48+00:00","og_image":[{"width":1697,"height":700,"url":"https:\/\/www.esplac.cat\/wp-content\/uploads\/2020\/07\/portades-web-1-1.jpg","type":"image\/jpeg"}],"author":"Comunicaci\u00f3 Esplac","twitter_card":"summary_large_image","twitter_misc":{"Escrito por":"Comunicaci\u00f3 Esplac","Tiempo de lectura":"2 minutos"},"schema":{"@context":"https:\/\/schema.org","@graph":[{"@type":"Article","@id":"https:\/\/www.esplac.cat\/conferencia-internacional-joves-suecia-2020\/#article","isPartOf":{"@id":"https:\/\/www.esplac.cat\/conferencia-internacional-joves-suecia-2020\/"},"author":{"name":"Comunicaci\u00f3 Esplac","@id":"https:\/\/www.esplac.cat\/#\/schema\/person\/908383cf240be18b68f8855d0583faca"},"headline":"Segona Confer\u00e8ncia Internacional de Joves a Su\u00e8cia","datePublished":"2020-07-14T08:41:47+00:00","dateModified":"2020-10-15T16:22:48+00:00","mainEntityOfPage":{"@id":"https:\/\/www.esplac.cat\/conferencia-internacional-joves-suecia-2020\/"},"wordCount":386,"publisher":{"@id":"https:\/\/www.esplac.cat\/#organization"},"image":{"@id":"https:\/\/www.esplac.cat\/conferencia-internacional-joves-suecia-2020\/#primaryimage"},"thumbnailUrl":"https:\/\/www.esplac.cat\/wp-content\/uploads\/2020\/07\/portades-web-1-1.jpg","keywords":["democr\u00e0cia","internacional","internacionalisme","joves"],"articleSection":["Esplac al m\u00f3n"],"inLanguage":"es"},{"@type":"WebPage","@id":"https:\/\/www.esplac.cat\/conferencia-internacional-joves-suecia-2020\/","url":"https:\/\/www.esplac.cat\/conferencia-internacional-joves-suecia-2020\/","name":"Confer\u00e8ncia Internacional de joves Youth Think Tank a Su\u00e8cia","isPartOf":{"@id":"https:\/\/www.esplac.cat\/#website"},"primaryImageOfPage":{"@id":"https:\/\/www.esplac.cat\/conferencia-internacional-joves-suecia-2020\/#primaryimage"},"image":{"@id":"https:\/\/www.esplac.cat\/conferencia-internacional-joves-suecia-2020\/#primaryimage"},"thumbnailUrl":"https:\/\/www.esplac.cat\/wp-content\/uploads\/2020\/07\/portades-web-1-1.jpg","datePublished":"2020-07-14T08:41:47+00:00","dateModified":"2020-10-15T16:22:48+00:00","description":"Arriba la segona Confer\u00e8ncia Internacional de Joves Anual del projecte IYTT-International Youth Think Tank a Su\u00e8cia. Vols formar-ne part?","breadcrumb":{"@id":"https:\/\/www.esplac.cat\/conferencia-internacional-joves-suecia-2020\/#breadcrumb"},"inLanguage":"es","potentialAction":[{"@type":"ReadAction","target":["https:\/\/www.esplac.cat\/conferencia-internacional-joves-suecia-2020\/"]}]},{"@type":"ImageObject","inLanguage":"es","@id":"https:\/\/www.esplac.cat\/conferencia-internacional-joves-suecia-2020\/#primaryimage","url":"https:\/\/www.esplac.cat\/wp-content\/uploads\/2020\/07\/portades-web-1-1.jpg","contentUrl":"https:\/\/www.esplac.cat\/wp-content\/uploads\/2020\/07\/portades-web-1-1.jpg","width":1697,"height":700},{"@type":"BreadcrumbList","@id":"https:\/\/www.esplac.cat\/conferencia-internacional-joves-suecia-2020\/#breadcrumb","itemListElement":[{"@type":"ListItem","position":1,"name":"Inici","item":"https:\/\/www.esplac.cat\/es\/"},{"@type":"ListItem","position":2,"name":"Segona Confer\u00e8ncia Internacional de Joves a Su\u00e8cia"}]},{"@type":"WebSite","@id":"https:\/\/www.esplac.cat\/#website","url":"https:\/\/www.esplac.cat\/","name":"Esplac","description":"Esplais Catalans","publisher":{"@id":"https:\/\/www.esplac.cat\/#organization"},"potentialAction":[{"@type":"SearchAction","target":{"@type":"EntryPoint","urlTemplate":"https:\/\/www.esplac.cat\/?s={search_term_string}"},"query-input":{"@type":"PropertyValueSpecification","valueRequired":true,"valueName":"search_term_string"}}],"inLanguage":"es"},{"@type":"Organization","@id":"https:\/\/www.esplac.cat\/#organization","name":"Esplac","url":"https:\/\/www.esplac.cat\/","logo":{"@type":"ImageObject","inLanguage":"es","@id":"https:\/\/www.esplac.cat\/#\/schema\/logo\/image\/","url":"https:\/\/www.esplac.cat\/wp-content\/uploads\/2019\/08\/logox2.png","contentUrl":"https:\/\/www.esplac.cat\/wp-content\/uploads\/2019\/08\/logox2.png","width":600,"height":295,"caption":"Esplac"},"image":{"@id":"https:\/\/www.esplac.cat\/#\/schema\/logo\/image\/"}},{"@type":"Person","@id":"https:\/\/www.esplac.cat\/#\/schema\/person\/908383cf240be18b68f8855d0583faca","name":"Comunicaci\u00f3 Esplac","image":{"@type":"ImageObject","inLanguage":"es","@id":"https:\/\/secure.gravatar.com\/avatar\/7a4cf8feb412a76ea4a740ca02d95b06b2907b5a6c648c2dd0a1082a093c3141?s=96&d=mm&r=g","url":"https:\/\/secure.gravatar.com\/avatar\/7a4cf8feb412a76ea4a740ca02d95b06b2907b5a6c648c2dd0a1082a093c3141?s=96&d=mm&r=g","contentUrl":"https:\/\/secure.gravatar.com\/avatar\/7a4cf8feb412a76ea4a740ca02d95b06b2907b5a6c648c2dd0a1082a093c3141?s=96&d=mm&r=g","caption":"Comunicaci\u00f3 Esplac"}}]}},"_links":{"self":[{"href":"https:\/\/www.esplac.cat\/es\/wp-json\/wp\/v2\/posts\/32135","targetHints":{"allow":["GET"]}}],"collection":[{"href":"https:\/\/www.esplac.cat\/es\/wp-json\/wp\/v2\/posts"}],"about":[{"href":"https:\/\/www.esplac.cat\/es\/wp-json\/wp\/v2\/types\/post"}],"author":[{"embeddable":true,"href":"https:\/\/www.esplac.cat\/es\/wp-json\/wp\/v2\/users\/3"}],"replies":[{"embeddable":true,"href":"https:\/\/www.esplac.cat\/es\/wp-json\/wp\/v2\/comments?post=32135"}],"version-history":[{"count":0,"href":"https:\/\/www.esplac.cat\/es\/wp-json\/wp\/v2\/posts\/32135\/revisions"}],"wp:featuredmedia":[{"embeddable":true,"href":"https:\/\/www.esplac.cat\/es\/wp-json\/wp\/v2\/media\/32157"}],"wp:attachment":[{"href":"https:\/\/www.esplac.cat\/es\/wp-json\/wp\/v2\/media?parent=32135"}],"wp:term":[{"taxonomy":"category","embeddable":true,"href":"https:\/\/www.esplac.cat\/es\/wp-json\/wp\/v2\/categories?post=32135"},{"taxonomy":"post_tag","embeddable":true,"href":"https:\/\/www.esplac.cat\/es\/wp-json\/wp\/v2\/tags?post=32135"}],"curies":[{"name":"wp","href":"https:\/\/api.w.org\/{rel}","templated":true}]}}