{"id":32255,"date":"2020-08-27T11:25:39","date_gmt":"2020-08-27T10:25:39","guid":{"rendered":"https:\/\/www.esplac.cat\/?p=32255"},"modified":"2020-10-15T17:22:47","modified_gmt":"2020-10-15T16:22:47","slug":"internacionalisme-justicia-global","status":"publish","type":"post","link":"https:\/\/www.esplac.cat\/es\/internacionalisme-justicia-global\/","title":{"rendered":"Per parlar d\u2019internacionalisme hem de parlar tamb\u00e9 de just\u00edcia global"},"content":{"rendered":"<p><strong>27\/08\/2020<\/strong><\/p>\n<p>Autoria: <strong>\u00c0rea Internacional d&#8217;Esplac<\/strong><\/p>\n<hr \/>\n<p><span style=\"font-weight: 400;\">Des de l\u2019\u00e0rea <a href=\"http:\/\/www.esplac.cat\/internacional\" target=\"_blank\" rel=\"noopener noreferrer\">internacional<\/a> d\u2019Esplac fomentem la <\/span><b>capacitat de mirar cap enfora, de treballar en xarxa i de compartir experi\u00e8ncies<\/b><span style=\"font-weight: 400;\"> per tal d\u2019entendre el nostre context quotidi\u00e0 i transformar-lo, tot desenvolupant una consci\u00e8ncia de responsabilitat mundial compartida.<\/span><\/p>\n<p><span style=\"font-weight: 400;\">Fa molts anys que les monitores i els joves d\u2019Esplac fem activitats internacionals i tenim contacte amb altres entitats d\u2019arreu del m\u00f3n. En els \u00faltims tres anys (2017, 2018, 2019) m\u00e9s de 56 monitores i m\u00e9s de 22 esplais han fet activitats internacionals. D\u2019aqu\u00ed en sorgeix un valu\u00f3s <\/span><b>intercanvi d\u2019experi\u00e8ncies i un aprenentatge individual i col\u00b7lectiu que afavoreix l\u2019educaci\u00f3 en el lleure amb perspectiva internacional i intercultural<\/b><span style=\"font-weight: 400;\">. Per\u00f2 l\u2019internacionalisme va m\u00e9s enll\u00e0 d\u2019aquesta idea d\u2019intercanvi i, des de fa temps, l\u2019Espai de Coordinaci\u00f3 Internacional d\u2019Esplac busca aprofundir en la seva l\u00ednia de treball i en el seu discurs.<\/span><\/p>\n<p><span style=\"font-weight: 400;\">Entenem que l\u2019internacionalisme va directament relacionat amb el <\/span><b>medi ambient <\/b><span style=\"font-weight: 400;\">(el tipus de turisme que fem quan fem activitats internacionals, la nostra petjada ecol\u00f2gica&#8230;), amb la <\/span><a href=\"https:\/\/justiciaglobal.cat\/\"><b>just\u00edcia global<\/b><\/a><span style=\"font-weight: 400;\">, amb la <\/span><b>mobilitat<\/b><span style=\"font-weight: 400;\"> i el <\/span><b>racisme institucional<\/b><span style=\"font-weight: 400;\"> que opera a les fronteres, amb els <\/span><b>privilegis occidentals<\/b><span style=\"font-weight: 400;\">, etc. I, alhora, creiem que no podem parlar d\u2019internacionalisme sense parlar de <\/span><b>feminisme<\/b><span style=\"font-weight: 400;\"> i de <\/span><b>solidaritat entre pobles<\/b><span style=\"font-weight: 400;\">. Ara b\u00e9, per articular un discurs coherent amb els nostres valors i des d\u2019una <\/span><b>perspectiva interseccional<\/b><span style=\"font-weight: 400;\">, hem de prendre consci\u00e8ncia i ser cr\u00edtiques amb l\u2019etnocentrisme i en concret l\u2019eurocentrisme que impera a la nostra quotidianitat.<\/span><\/p>\n<p><span style=\"font-weight: 400;\">L\u2019<\/span><b>etnocentrisme<\/b><span style=\"font-weight: 400;\">, que \u00e9s la percepci\u00f3 que la cultura d\u2019un mateix i l\u2019estil de vida d\u2019una \u00e9s superior al d\u2019altres cultures, est\u00e0 arrelat a les nostres construccions culturals\u00a0 i afavoreix, per exemple, que atribu\u00efm caracter\u00edstiques concretes a les cultures de pensament no Occidental com \u201cprimitives\u201d, \u201carcaiques\u201d, etc. (Gonz\u00e1lez, 1989).\u00a0 Aquestes percepcions influeixen en defensa de l\u2019estil de vida considerat com a \u201cpropi\u201d i tamb\u00e9 en les restriccions que posem a l\u2019entrada de nous individus al nostre grup social, com per exemple, les persones migrades. No \u00e9s d\u2019estranyar, per tant, que la tend\u00e8ncia d\u2019aquests \u00faltims anys de la pol\u00edtica europea en mat\u00e8ria d\u2019asil i refugi hagi estat marcada per pol\u00edtiques d\u2019externalitzaci\u00f3 de fronteres de la Uni\u00f3 Europea i de retorn, dificultant encara m\u00e9s les vies legals i segures per sol\u00b7licitar asil i protecci\u00f3 i criminalitzant al col\u00b7lectiu (Informe Cear, 2019).\u00a0<\/span><\/p>\n<p><span style=\"font-weight: 400;\">El <\/span><b>dret a la mobilitat<\/b><span style=\"font-weight: 400;\"> i tot el que comporta (dificultat per obtenir visats, viol\u00e8ncia a les fronteres, dificultat per obtenir el perm\u00eds de resid\u00e8ncia, etc.) no \u00e9s igual per a tothom. Hem de poder con\u00e8ixer, reflexionar i discutir sobre aquesta complexitat per poder entendre com es configuren les pol\u00edtiques internacionals de mobilitat i de solidaritat.\u00a0<\/span><\/p>\n<p>L\u2019internacionalisme a Esplac \u00e9s una oportunitat per treballar a favor dels Drets Humans, sobretot aquells que sovint s\u00f3n violats en els processos migratoris i de mobilitat, i tamb\u00e9 un espai idoni per <b>reflexionar al voltant de les causes estructurals que provoquen la pobresa, la desigualtat i la injust\u00edcia social global.<\/b><\/p>\n<p><span style=\"font-weight: 400;\">\u00c9s per tot aix\u00f2 que volem que l\u2019<\/span><b>internacionalisme<\/b><span style=\"font-weight: 400;\">, un dels valors d\u2019Esplac, estigui present de forma m\u00e9s transversal en tots els projectes d\u2019Esplac, tot afavorint una reflexi\u00f3 cr\u00edtica amb una mirada internacional \u00e0mplia.\u00a0<\/span><\/p>\n<p><span style=\"font-weight: 400;\">Finalment, us volem animar a ser <\/span><b>part\u00edcips d\u2019aquest proc\u00e9s, <\/b><span style=\"font-weight: 400;\">en qu\u00e8 pensarem accions per poder fer m\u00e9s<\/span><b> incid\u00e8ncia pol\u00edtica, m\u00e9s consci\u00e8ncia i m\u00e9s formaci\u00f3<\/b><span style=\"font-weight: 400;\"> que ens sigui \u00fatil quan marxem a fer activitats internacionals o quan rebem a persones d&#8217;altres entitats d\u2019arreu del m\u00f3n, aix\u00ed com a l\u2019hora de <\/span><b>reflexionar i educar per la just\u00edcia global als nostres esplais<\/b><span style=\"font-weight: 400;\">.<\/span><\/p>\n<p><span style=\"font-weight: 400;\">Us animen a dir la vostra responent les preguntes dels stories d\u2019Instagram sobre internacional (estigueu atentes!) o escrivint a <\/span><b>internacional@esplac.cat<\/b><span style=\"font-weight: 400;\"> amb les vostres idees o opini\u00f3. I, \u00e9s clar, tamb\u00e9 participant al grup de l\u2019Espai de Coordinaci\u00f3 Internacional, ara mateix format per 6 monitores de diversos esplais, on constru\u00efm i desenvolupem plegades el <\/span><b>projecte de l\u2019<a href=\"http:\/\/esplac.cat\/internacional\" target=\"_blank\" rel=\"noopener noreferrer\">\u00c0rea internacional d\u2019Esplac<\/a><\/b><span style=\"font-weight: 400;\">!<\/span><\/p>\n","protected":false},"excerpt":{"rendered":"<p>27\/08\/2020 Autoria: \u00c0rea Internacional d&#8217;Esplac Des de l\u2019\u00e0rea internacional d\u2019Esplac [&hellip;]<\/p>\n","protected":false},"author":3,"featured_media":32266,"comment_status":"closed","ping_status":"open","sticky":false,"template":"","format":"standard","meta":{"om_disable_all_campaigns":false,"_monsterinsights_skip_tracking":false,"_monsterinsights_sitenote_active":false,"_monsterinsights_sitenote_note":"","_monsterinsights_sitenote_category":0,"_uf_show_specific_survey":0,"_uf_disable_surveys":false,"footnotes":""},"categories":[1168],"tags":[952,555,109,1317],"class_list":["post-32255","post","type-post","status-publish","format-standard","has-post-thumbnail","hentry","category-creuant_mirades","tag-esplac-al-mon","tag-internacional","tag-internacionalisme","tag-justicia-global"],"yoast_head":"<!-- This site is optimized with the Yoast SEO plugin v27.5 - https:\/\/yoast.com\/product\/yoast-seo-wordpress\/ -->\n<title>Per parlar d\u2019internacionalisme hem de parlar tamb\u00e9 de just\u00edcia global - Esplac<\/title>\n<meta name=\"description\" content=\"L\u2019internacionalisme va m\u00e9s enll\u00e0 de la idea d\u2019intercanvi i l\u2019Espai de Coordinaci\u00f3 Internacional d&#039;Esplac busca aprofundir en la l\u00ednia de treball i discurs\" \/>\n<meta name=\"robots\" content=\"index, follow, max-snippet:-1, max-image-preview:large, max-video-preview:-1\" \/>\n<link rel=\"canonical\" href=\"https:\/\/www.esplac.cat\/es\/internacionalisme-justicia-global\/\" \/>\n<meta property=\"og:locale\" content=\"es_ES\" \/>\n<meta property=\"og:type\" content=\"article\" \/>\n<meta property=\"og:title\" content=\"Per parlar d\u2019internacionalisme hem de parlar tamb\u00e9 de just\u00edcia global - Esplac\" \/>\n<meta property=\"og:description\" content=\"L\u2019internacionalisme va m\u00e9s enll\u00e0 de la idea d\u2019intercanvi i l\u2019Espai de Coordinaci\u00f3 Internacional d&#039;Esplac busca aprofundir en la l\u00ednia de treball i discurs\" \/>\n<meta property=\"og:url\" content=\"https:\/\/www.esplac.cat\/es\/internacionalisme-justicia-global\/\" \/>\n<meta property=\"og:site_name\" content=\"Esplac\" \/>\n<meta property=\"article:published_time\" content=\"2020-08-27T10:25:39+00:00\" \/>\n<meta property=\"article:modified_time\" content=\"2020-10-15T16:22:47+00:00\" \/>\n<meta property=\"og:image\" content=\"https:\/\/www.esplac.cat\/wp-content\/uploads\/2020\/08\/portades-web-2.jpg\" \/>\n\t<meta property=\"og:image:width\" content=\"1697\" \/>\n\t<meta property=\"og:image:height\" content=\"700\" \/>\n\t<meta property=\"og:image:type\" content=\"image\/jpeg\" \/>\n<meta name=\"author\" content=\"Comunicaci\u00f3 Esplac\" \/>\n<meta name=\"twitter:card\" content=\"summary_large_image\" \/>\n<meta name=\"twitter:label1\" content=\"Escrito por\" \/>\n\t<meta name=\"twitter:data1\" content=\"Comunicaci\u00f3 Esplac\" \/>\n\t<meta name=\"twitter:label2\" content=\"Tiempo de lectura\" \/>\n\t<meta name=\"twitter:data2\" content=\"4 minutos\" \/>\n<script type=\"application\/ld+json\" class=\"yoast-schema-graph\">{\"@context\":\"https:\\\/\\\/schema.org\",\"@graph\":[{\"@type\":\"Article\",\"@id\":\"https:\\\/\\\/www.esplac.cat\\\/es\\\/internacionalisme-justicia-global\\\/#article\",\"isPartOf\":{\"@id\":\"https:\\\/\\\/www.esplac.cat\\\/es\\\/internacionalisme-justicia-global\\\/\"},\"author\":{\"name\":\"Comunicaci\u00f3 Esplac\",\"@id\":\"https:\\\/\\\/www.esplac.cat\\\/#\\\/schema\\\/person\\\/908383cf240be18b68f8855d0583faca\"},\"headline\":\"Per parlar d\u2019internacionalisme hem de parlar tamb\u00e9 de just\u00edcia global\",\"datePublished\":\"2020-08-27T10:25:39+00:00\",\"dateModified\":\"2020-10-15T16:22:47+00:00\",\"mainEntityOfPage\":{\"@id\":\"https:\\\/\\\/www.esplac.cat\\\/es\\\/internacionalisme-justicia-global\\\/\"},\"wordCount\":722,\"publisher\":{\"@id\":\"https:\\\/\\\/www.esplac.cat\\\/#organization\"},\"image\":{\"@id\":\"https:\\\/\\\/www.esplac.cat\\\/es\\\/internacionalisme-justicia-global\\\/#primaryimage\"},\"thumbnailUrl\":\"https:\\\/\\\/www.esplac.cat\\\/wp-content\\\/uploads\\\/2020\\\/08\\\/portades-web-2.jpg\",\"keywords\":[\"Esplac al Mon\",\"internacional\",\"internacionalisme\",\"Just\u00edcia global\"],\"articleSection\":[\"Creuant mirades\"],\"inLanguage\":\"es\"},{\"@type\":\"WebPage\",\"@id\":\"https:\\\/\\\/www.esplac.cat\\\/es\\\/internacionalisme-justicia-global\\\/\",\"url\":\"https:\\\/\\\/www.esplac.cat\\\/es\\\/internacionalisme-justicia-global\\\/\",\"name\":\"Per parlar d\u2019internacionalisme hem de parlar tamb\u00e9 de just\u00edcia global - Esplac\",\"isPartOf\":{\"@id\":\"https:\\\/\\\/www.esplac.cat\\\/#website\"},\"primaryImageOfPage\":{\"@id\":\"https:\\\/\\\/www.esplac.cat\\\/es\\\/internacionalisme-justicia-global\\\/#primaryimage\"},\"image\":{\"@id\":\"https:\\\/\\\/www.esplac.cat\\\/es\\\/internacionalisme-justicia-global\\\/#primaryimage\"},\"thumbnailUrl\":\"https:\\\/\\\/www.esplac.cat\\\/wp-content\\\/uploads\\\/2020\\\/08\\\/portades-web-2.jpg\",\"datePublished\":\"2020-08-27T10:25:39+00:00\",\"dateModified\":\"2020-10-15T16:22:47+00:00\",\"description\":\"L\u2019internacionalisme va m\u00e9s enll\u00e0 de la idea d\u2019intercanvi i l\u2019Espai de Coordinaci\u00f3 Internacional d'Esplac busca aprofundir en la l\u00ednia de treball i discurs\",\"breadcrumb\":{\"@id\":\"https:\\\/\\\/www.esplac.cat\\\/es\\\/internacionalisme-justicia-global\\\/#breadcrumb\"},\"inLanguage\":\"es\",\"potentialAction\":[{\"@type\":\"ReadAction\",\"target\":[\"https:\\\/\\\/www.esplac.cat\\\/es\\\/internacionalisme-justicia-global\\\/\"]}]},{\"@type\":\"ImageObject\",\"inLanguage\":\"es\",\"@id\":\"https:\\\/\\\/www.esplac.cat\\\/es\\\/internacionalisme-justicia-global\\\/#primaryimage\",\"url\":\"https:\\\/\\\/www.esplac.cat\\\/wp-content\\\/uploads\\\/2020\\\/08\\\/portades-web-2.jpg\",\"contentUrl\":\"https:\\\/\\\/www.esplac.cat\\\/wp-content\\\/uploads\\\/2020\\\/08\\\/portades-web-2.jpg\",\"width\":1697,\"height\":700,\"caption\":\"internacionalisme\"},{\"@type\":\"BreadcrumbList\",\"@id\":\"https:\\\/\\\/www.esplac.cat\\\/es\\\/internacionalisme-justicia-global\\\/#breadcrumb\",\"itemListElement\":[{\"@type\":\"ListItem\",\"position\":1,\"name\":\"Inici\",\"item\":\"https:\\\/\\\/www.esplac.cat\\\/es\\\/\"},{\"@type\":\"ListItem\",\"position\":2,\"name\":\"Per parlar d\u2019internacionalisme hem de parlar tamb\u00e9 de just\u00edcia global\"}]},{\"@type\":\"WebSite\",\"@id\":\"https:\\\/\\\/www.esplac.cat\\\/#website\",\"url\":\"https:\\\/\\\/www.esplac.cat\\\/\",\"name\":\"Esplac\",\"description\":\"Esplais Catalans\",\"publisher\":{\"@id\":\"https:\\\/\\\/www.esplac.cat\\\/#organization\"},\"potentialAction\":[{\"@type\":\"SearchAction\",\"target\":{\"@type\":\"EntryPoint\",\"urlTemplate\":\"https:\\\/\\\/www.esplac.cat\\\/?s={search_term_string}\"},\"query-input\":{\"@type\":\"PropertyValueSpecification\",\"valueRequired\":true,\"valueName\":\"search_term_string\"}}],\"inLanguage\":\"es\"},{\"@type\":\"Organization\",\"@id\":\"https:\\\/\\\/www.esplac.cat\\\/#organization\",\"name\":\"Esplac\",\"url\":\"https:\\\/\\\/www.esplac.cat\\\/\",\"logo\":{\"@type\":\"ImageObject\",\"inLanguage\":\"es\",\"@id\":\"https:\\\/\\\/www.esplac.cat\\\/#\\\/schema\\\/logo\\\/image\\\/\",\"url\":\"https:\\\/\\\/www.esplac.cat\\\/wp-content\\\/uploads\\\/2019\\\/08\\\/logox2.png\",\"contentUrl\":\"https:\\\/\\\/www.esplac.cat\\\/wp-content\\\/uploads\\\/2019\\\/08\\\/logox2.png\",\"width\":600,\"height\":295,\"caption\":\"Esplac\"},\"image\":{\"@id\":\"https:\\\/\\\/www.esplac.cat\\\/#\\\/schema\\\/logo\\\/image\\\/\"}},{\"@type\":\"Person\",\"@id\":\"https:\\\/\\\/www.esplac.cat\\\/#\\\/schema\\\/person\\\/908383cf240be18b68f8855d0583faca\",\"name\":\"Comunicaci\u00f3 Esplac\",\"image\":{\"@type\":\"ImageObject\",\"inLanguage\":\"es\",\"@id\":\"https:\\\/\\\/secure.gravatar.com\\\/avatar\\\/7a4cf8feb412a76ea4a740ca02d95b06b2907b5a6c648c2dd0a1082a093c3141?s=96&d=mm&r=g\",\"url\":\"https:\\\/\\\/secure.gravatar.com\\\/avatar\\\/7a4cf8feb412a76ea4a740ca02d95b06b2907b5a6c648c2dd0a1082a093c3141?s=96&d=mm&r=g\",\"contentUrl\":\"https:\\\/\\\/secure.gravatar.com\\\/avatar\\\/7a4cf8feb412a76ea4a740ca02d95b06b2907b5a6c648c2dd0a1082a093c3141?s=96&d=mm&r=g\",\"caption\":\"Comunicaci\u00f3 Esplac\"}}]}<\/script>\n<!-- \/ Yoast SEO plugin. -->","yoast_head_json":{"title":"Per parlar d\u2019internacionalisme hem de parlar tamb\u00e9 de just\u00edcia global - Esplac","description":"L\u2019internacionalisme va m\u00e9s enll\u00e0 de la idea d\u2019intercanvi i l\u2019Espai de Coordinaci\u00f3 Internacional d'Esplac busca aprofundir en la l\u00ednia de treball i discurs","robots":{"index":"index","follow":"follow","max-snippet":"max-snippet:-1","max-image-preview":"max-image-preview:large","max-video-preview":"max-video-preview:-1"},"canonical":"https:\/\/www.esplac.cat\/es\/internacionalisme-justicia-global\/","og_locale":"es_ES","og_type":"article","og_title":"Per parlar d\u2019internacionalisme hem de parlar tamb\u00e9 de just\u00edcia global - Esplac","og_description":"L\u2019internacionalisme va m\u00e9s enll\u00e0 de la idea d\u2019intercanvi i l\u2019Espai de Coordinaci\u00f3 Internacional d'Esplac busca aprofundir en la l\u00ednia de treball i discurs","og_url":"https:\/\/www.esplac.cat\/es\/internacionalisme-justicia-global\/","og_site_name":"Esplac","article_published_time":"2020-08-27T10:25:39+00:00","article_modified_time":"2020-10-15T16:22:47+00:00","og_image":[{"width":1697,"height":700,"url":"https:\/\/www.esplac.cat\/wp-content\/uploads\/2020\/08\/portades-web-2.jpg","type":"image\/jpeg"}],"author":"Comunicaci\u00f3 Esplac","twitter_card":"summary_large_image","twitter_misc":{"Escrito por":"Comunicaci\u00f3 Esplac","Tiempo de lectura":"4 minutos"},"schema":{"@context":"https:\/\/schema.org","@graph":[{"@type":"Article","@id":"https:\/\/www.esplac.cat\/es\/internacionalisme-justicia-global\/#article","isPartOf":{"@id":"https:\/\/www.esplac.cat\/es\/internacionalisme-justicia-global\/"},"author":{"name":"Comunicaci\u00f3 Esplac","@id":"https:\/\/www.esplac.cat\/#\/schema\/person\/908383cf240be18b68f8855d0583faca"},"headline":"Per parlar d\u2019internacionalisme hem de parlar tamb\u00e9 de just\u00edcia global","datePublished":"2020-08-27T10:25:39+00:00","dateModified":"2020-10-15T16:22:47+00:00","mainEntityOfPage":{"@id":"https:\/\/www.esplac.cat\/es\/internacionalisme-justicia-global\/"},"wordCount":722,"publisher":{"@id":"https:\/\/www.esplac.cat\/#organization"},"image":{"@id":"https:\/\/www.esplac.cat\/es\/internacionalisme-justicia-global\/#primaryimage"},"thumbnailUrl":"https:\/\/www.esplac.cat\/wp-content\/uploads\/2020\/08\/portades-web-2.jpg","keywords":["Esplac al Mon","internacional","internacionalisme","Just\u00edcia global"],"articleSection":["Creuant mirades"],"inLanguage":"es"},{"@type":"WebPage","@id":"https:\/\/www.esplac.cat\/es\/internacionalisme-justicia-global\/","url":"https:\/\/www.esplac.cat\/es\/internacionalisme-justicia-global\/","name":"Per parlar d\u2019internacionalisme hem de parlar tamb\u00e9 de just\u00edcia global - Esplac","isPartOf":{"@id":"https:\/\/www.esplac.cat\/#website"},"primaryImageOfPage":{"@id":"https:\/\/www.esplac.cat\/es\/internacionalisme-justicia-global\/#primaryimage"},"image":{"@id":"https:\/\/www.esplac.cat\/es\/internacionalisme-justicia-global\/#primaryimage"},"thumbnailUrl":"https:\/\/www.esplac.cat\/wp-content\/uploads\/2020\/08\/portades-web-2.jpg","datePublished":"2020-08-27T10:25:39+00:00","dateModified":"2020-10-15T16:22:47+00:00","description":"L\u2019internacionalisme va m\u00e9s enll\u00e0 de la idea d\u2019intercanvi i l\u2019Espai de Coordinaci\u00f3 Internacional d'Esplac busca aprofundir en la l\u00ednia de treball i discurs","breadcrumb":{"@id":"https:\/\/www.esplac.cat\/es\/internacionalisme-justicia-global\/#breadcrumb"},"inLanguage":"es","potentialAction":[{"@type":"ReadAction","target":["https:\/\/www.esplac.cat\/es\/internacionalisme-justicia-global\/"]}]},{"@type":"ImageObject","inLanguage":"es","@id":"https:\/\/www.esplac.cat\/es\/internacionalisme-justicia-global\/#primaryimage","url":"https:\/\/www.esplac.cat\/wp-content\/uploads\/2020\/08\/portades-web-2.jpg","contentUrl":"https:\/\/www.esplac.cat\/wp-content\/uploads\/2020\/08\/portades-web-2.jpg","width":1697,"height":700,"caption":"internacionalisme"},{"@type":"BreadcrumbList","@id":"https:\/\/www.esplac.cat\/es\/internacionalisme-justicia-global\/#breadcrumb","itemListElement":[{"@type":"ListItem","position":1,"name":"Inici","item":"https:\/\/www.esplac.cat\/es\/"},{"@type":"ListItem","position":2,"name":"Per parlar d\u2019internacionalisme hem de parlar tamb\u00e9 de just\u00edcia global"}]},{"@type":"WebSite","@id":"https:\/\/www.esplac.cat\/#website","url":"https:\/\/www.esplac.cat\/","name":"Esplac","description":"Esplais Catalans","publisher":{"@id":"https:\/\/www.esplac.cat\/#organization"},"potentialAction":[{"@type":"SearchAction","target":{"@type":"EntryPoint","urlTemplate":"https:\/\/www.esplac.cat\/?s={search_term_string}"},"query-input":{"@type":"PropertyValueSpecification","valueRequired":true,"valueName":"search_term_string"}}],"inLanguage":"es"},{"@type":"Organization","@id":"https:\/\/www.esplac.cat\/#organization","name":"Esplac","url":"https:\/\/www.esplac.cat\/","logo":{"@type":"ImageObject","inLanguage":"es","@id":"https:\/\/www.esplac.cat\/#\/schema\/logo\/image\/","url":"https:\/\/www.esplac.cat\/wp-content\/uploads\/2019\/08\/logox2.png","contentUrl":"https:\/\/www.esplac.cat\/wp-content\/uploads\/2019\/08\/logox2.png","width":600,"height":295,"caption":"Esplac"},"image":{"@id":"https:\/\/www.esplac.cat\/#\/schema\/logo\/image\/"}},{"@type":"Person","@id":"https:\/\/www.esplac.cat\/#\/schema\/person\/908383cf240be18b68f8855d0583faca","name":"Comunicaci\u00f3 Esplac","image":{"@type":"ImageObject","inLanguage":"es","@id":"https:\/\/secure.gravatar.com\/avatar\/7a4cf8feb412a76ea4a740ca02d95b06b2907b5a6c648c2dd0a1082a093c3141?s=96&d=mm&r=g","url":"https:\/\/secure.gravatar.com\/avatar\/7a4cf8feb412a76ea4a740ca02d95b06b2907b5a6c648c2dd0a1082a093c3141?s=96&d=mm&r=g","contentUrl":"https:\/\/secure.gravatar.com\/avatar\/7a4cf8feb412a76ea4a740ca02d95b06b2907b5a6c648c2dd0a1082a093c3141?s=96&d=mm&r=g","caption":"Comunicaci\u00f3 Esplac"}}]}},"_links":{"self":[{"href":"https:\/\/www.esplac.cat\/es\/wp-json\/wp\/v2\/posts\/32255","targetHints":{"allow":["GET"]}}],"collection":[{"href":"https:\/\/www.esplac.cat\/es\/wp-json\/wp\/v2\/posts"}],"about":[{"href":"https:\/\/www.esplac.cat\/es\/wp-json\/wp\/v2\/types\/post"}],"author":[{"embeddable":true,"href":"https:\/\/www.esplac.cat\/es\/wp-json\/wp\/v2\/users\/3"}],"replies":[{"embeddable":true,"href":"https:\/\/www.esplac.cat\/es\/wp-json\/wp\/v2\/comments?post=32255"}],"version-history":[{"count":0,"href":"https:\/\/www.esplac.cat\/es\/wp-json\/wp\/v2\/posts\/32255\/revisions"}],"wp:featuredmedia":[{"embeddable":true,"href":"https:\/\/www.esplac.cat\/es\/wp-json\/wp\/v2\/media\/32266"}],"wp:attachment":[{"href":"https:\/\/www.esplac.cat\/es\/wp-json\/wp\/v2\/media?parent=32255"}],"wp:term":[{"taxonomy":"category","embeddable":true,"href":"https:\/\/www.esplac.cat\/es\/wp-json\/wp\/v2\/categories?post=32255"},{"taxonomy":"post_tag","embeddable":true,"href":"https:\/\/www.esplac.cat\/es\/wp-json\/wp\/v2\/tags?post=32255"}],"curies":[{"name":"wp","href":"https:\/\/api.w.org\/{rel}","templated":true}]}}