{"id":32270,"date":"2020-09-14T12:36:18","date_gmt":"2020-09-14T11:36:18","guid":{"rendered":"https:\/\/www.esplac.cat\/?p=32270"},"modified":"2020-10-15T17:22:46","modified_gmt":"2020-10-15T16:22:46","slug":"estiu-mes-atipic","status":"publish","type":"post","link":"https:\/\/www.esplac.cat\/es\/estiu-mes-atipic\/","title":{"rendered":"Un estiu d\u2019all\u00f2 m\u00e9s at\u00edpic"},"content":{"rendered":"<h6><b>Iniciem un nou curs amb l\u2019energia renovada: fem balan\u00e7 d\u2019un estiu diferent per\u00f2 que ens ha deixat, a totes aquelles qui hem pogut participar de les activitats dels esplais, un regust molt dol\u00e7 a la boca!\u00a0<\/b><\/h6>\n<p><span style=\"font-weight: 400;\">Des de l\u2019inici de la pand\u00e8mia, la prioritat dels <a href=\"https:\/\/www.esplac.cat\/sectors-geografics\/\" target=\"_blank\" rel=\"noopener noreferrer\">esplais d\u2019Esplac<\/a> sempre ha estat <\/span><b>seguir fent l\u2019activitat d\u2019una manera segura<\/b><span style=\"font-weight: 400;\">, buscant que l\u2019afectaci\u00f3 de les noves mesures tingu\u00e9s el menor impacte possible en la qualitat pedag\u00f2gica de les din\u00e0miques preparades. La f\u00f3rmula m\u00e9s escollida per la majoria dels esplais perqu\u00e8 aix\u00f2 hagi estat possible ha estat fer <\/span><b>menys dies de sortida<\/b><span style=\"font-weight: 400;\">\u00a0i <\/span><b>adaptar la tipologia de l\u2019activitat a les possibilitats de cada grup.<\/b><span style=\"font-weight: 400;\"> Aquells esplais que no han vist possible, en el seu cas, adaptar-se als nous protocols, han hagut de cancel\u00b7lar les col\u00f2nies o campaments que havien organitzat.\u00a0<\/span><\/p>\n<p><span style=\"font-weight: 400;\">Hem fet un petit sondeig entre els esplais que s\u00ed que han dut a terme campaments, col\u00f2nies o casals, per con\u00e8ixer quins han estat els reptes m\u00e9s grans als quals s\u2019han enfrontat, i aquestes han estat les seves respostes:<\/span><\/p>\n<ul>\n<li style=\"font-weight: 400;\"><span style=\"font-weight: 400;\">A<\/span><span style=\"font-weight: 400;\">daptar aquelles din\u00e0miques en les que hi havia molt de contacte i fer en petits grups algunes activitats que estaven planejades per fer amb un nombre m\u00e9s gran de persones.<\/span><\/li>\n<li style=\"font-weight: 400;\"><span style=\"font-weight: 400;\">Crear de nou un clima de confian\u00e7a entre el grup d\u2019infants, ja que el caliu que s\u2019havia creat a l\u2019inici de curs s\u2019havia refredat molt a causa del confinament.\u00a0<\/span><\/li>\n<li style=\"font-weight: 400;\"><span style=\"font-weight: 400;\">Al fer campaments o col\u00f2nies separats per grups d\u2019edat, s\u2019ha notat que aquesta interacci\u00f3 ha desaparegut i s\u2019ha perdut un espai de conviv\u00e8ncia i cohesi\u00f3 molt bonic al que estan acostumades.\u00a0<\/span><\/li>\n<li style=\"font-weight: 400;\"><span style=\"font-weight: 400;\">Si b\u00e9 \u00e9s cert que als esplais sempre tenen molt present l\u2019educaci\u00f3 emocional, en les activitats d\u2019estiu d\u2019enguany ho han tingut m\u00e9s present que m<\/span><span style=\"font-weight: 400;\">ai. Algunes monitores han hagut de formar-se per aprendre a gestionar millor l&#8217;impacte que els \u00faltims mesos de confinament ha pogut generar sobre la salut mental d&#8217;infants i joves.<\/span><\/li>\n<\/ul>\n<p><span style=\"font-weight: 400;\">Tot repte ve acompanyat d\u2019un bon aprenentatge. \u00c9s per aix\u00f2 que quan hem preguntat als esplais quins han estat els aprenentatges m\u00e9s grans que han fet aquest estiu, i que els agradaria mantenir al llarg del temps, un cop superada la pand\u00e8mia. Han estat els seg\u00fcents:\u00a0\u00a0<\/span><\/p>\n<ul>\n<li style=\"font-weight: 400;\"><span style=\"font-weight: 400;\">Han comprovat que \u00e9s possible<\/span><b> tenir m\u00e9s present la higiene<\/b><span style=\"font-weight: 400;\"> en el dia a dia de les activitats d\u2019estiu. Molts esplais volen mantenir la freq\u00fc\u00e8ncia en el rentat de mans per intentar evitar les t\u00edpiques \u201cpasses\u201d de gastroenteritis tan habituals als campaments i col\u00f2nies.\u00a0<\/span><\/li>\n<li style=\"font-weight: 400;\"><span style=\"font-weight: 400;\">Han vist com d\u2019essencial \u00e9s <\/span><b>una bona relaci\u00f3, fluida i propera amb les fam\u00edlies.<\/b><span style=\"font-weight: 400;\"> Tenir uns canals de comunicaci\u00f3 clars i eficients amb elles els ha perm\u00e8s prendre les decisions sobre les activitats d\u2019estiu de manera conjunta.\u00a0<\/span><\/li>\n<li style=\"font-weight: 400;\"><span style=\"font-weight: 400;\">Han quedat gratament sorpresos amb l\u2019alt grau d\u2019<\/span><b>autonomia i responsabilitat <\/b><span style=\"font-weight: 400;\">que han mostrat els infants al llarg d\u2019aquests dies.\u00a0<\/span><\/li>\n<li style=\"font-weight: 400;\"><span style=\"font-weight: 400;\">S\u2019han adonat de la <\/span><b>import\u00e0ncia de disposar de locals dignes<\/b><span style=\"font-weight: 400;\"> per poder realitzar la tasca de l\u2019esplai. Cal que els ajuntaments garanteixin que cada esplai disposa d\u2019un local propi que compleixi amb la normativa de ventilaci\u00f3, higi\u00e8ne i grand\u00e0ria.<\/span><\/li>\n<li style=\"font-weight: 400;\"><span style=\"font-weight: 400;\">Pensaven que era impossible un esplai no presencial, i ho han fet. Pensaven que eren impossibles uns campaments o col\u00f2nies sense contacte f\u00edsic i amb mascareta, i ho han fet. Aix\u00f2 vol dir que <\/span><b>han desconstru\u00eft la seva pr\u00f2pia idea d\u2019all\u00f2 que \u00e9s l\u2019esplai i quins s\u00f3n els seus trets irrenunciables<\/b><span style=\"font-weight: 400;\">. A partir d\u2019aqu\u00ed toca reflexionar sobre, m\u00e9s enll\u00e0 d\u2019aquesta pand\u00e8mia i un cop passada la crisi, com poden mantenir oberta aquesta mirada cap a noves formes de fer i de ser, amb la finalitat de ser espais m\u00e9s inclusius amb la diversitat.\u00a0<\/span><\/li>\n<\/ul>\n<p><span style=\"font-weight: 400;\">La conclusi\u00f3 \u00e9s que les monitores que han realitzat activitats d\u2019estiu ho valoren d\u2019una manera molt i molt positiva, i malgrat els canvis, grans i petites s\u2019ho han passat d\u2019all\u00f2 m\u00e9s b\u00e9.<\/span><\/p>\n<p><span style=\"font-weight: 400;\">Aquest curs entrant, els esplais d\u2019Esplac se senten motivats a seguir realitzant l\u2019activitat ordin\u00e0ria adaptant-se a les mesures de la Covid-19. Les monitores i monitors segueixen a l\u2019espera de saber, per part de la Generalitat, quins seran els protocols a seguir, i \u00e9s per aix\u00f2 que estan planificant el curs tenint presents els diversos escenaris possibles: aquells m\u00e9s optimistes, en els que es podran trobar setmanalment, per\u00f2 valorant tamb\u00e9 la possibilitat d\u2019un segon confinament, en el que cada esplai haur\u00e0 de prendre la decisi\u00f3 de si seguir d\u2019una manera telem\u00e0tica o no.<\/span><\/p>\n<p><b>Som monis imparables,<\/b><span style=\"font-weight: 400;\"> i aquest curs ho tornarem a demostrar!<\/span><\/p>\n\n\t\t<style type=\"text\/css\">\n\t\t\t#gallery-1 {\n\t\t\t\tmargin: auto;\n\t\t\t}\n\t\t\t#gallery-1 .gallery-item {\n\t\t\t\tfloat: left;\n\t\t\t\tmargin-top: 10px;\n\t\t\t\ttext-align: center;\n\t\t\t\twidth: 33%;\n\t\t\t}\n\t\t\t#gallery-1 img {\n\t\t\t\tborder: 2px solid #cfcfcf;\n\t\t\t}\n\t\t\t#gallery-1 .gallery-caption {\n\t\t\t\tmargin-left: 0;\n\t\t\t}\n\t\t\t\/* see gallery_shortcode() in wp-includes\/media.php *\/\n\t\t<\/style>\n\t\t<div id='gallery-1' class='gallery galleryid-32270 gallery-columns-3 gallery-size-medium'><dl class='gallery-item'>\n\t\t\t<dt class='gallery-icon portrait'>\n\t\t\t\t<a data-rel=\"iLightbox[postimages]\" data-title=\"6\" data-caption=\"Esplai Xiroc\" href='https:\/\/www.esplac.cat\/wp-content\/uploads\/2020\/09\/6.jpeg'><img decoding=\"async\" width=\"225\" height=\"300\" src=\"https:\/\/www.esplac.cat\/wp-content\/uploads\/2020\/09\/6-225x300.jpeg\" class=\"attachment-medium size-medium\" alt=\"\" aria-describedby=\"gallery-1-32351\" srcset=\"https:\/\/www.esplac.cat\/wp-content\/uploads\/2020\/09\/6-200x267.jpeg 200w, https:\/\/www.esplac.cat\/wp-content\/uploads\/2020\/09\/6-225x300.jpeg 225w, https:\/\/www.esplac.cat\/wp-content\/uploads\/2020\/09\/6-400x533.jpeg 400w, https:\/\/www.esplac.cat\/wp-content\/uploads\/2020\/09\/6-600x800.jpeg 600w, https:\/\/www.esplac.cat\/wp-content\/uploads\/2020\/09\/6.jpeg 768w\" sizes=\"(max-width: 225px) 100vw, 225px\" \/><\/a>\n\t\t\t<\/dt>\n\t\t\t\t<dd class='wp-caption-text gallery-caption' id='gallery-1-32351'>\n\t\t\t\tEsplai Xiroc\n\t\t\t\t<\/dd><\/dl><dl class='gallery-item'>\n\t\t\t<dt class='gallery-icon portrait'>\n\t\t\t\t<a data-rel=\"iLightbox[postimages]\" data-title=\"3\" data-caption=\"Esplai El Creixent\" href='https:\/\/www.esplac.cat\/wp-content\/uploads\/2020\/09\/3.jpeg'><img decoding=\"async\" width=\"225\" height=\"300\" src=\"https:\/\/www.esplac.cat\/wp-content\/uploads\/2020\/09\/3-225x300.jpeg\" class=\"attachment-medium size-medium\" alt=\"\" aria-describedby=\"gallery-1-32357\" srcset=\"https:\/\/www.esplac.cat\/wp-content\/uploads\/2020\/09\/3-200x267.jpeg 200w, https:\/\/www.esplac.cat\/wp-content\/uploads\/2020\/09\/3-225x300.jpeg 225w, https:\/\/www.esplac.cat\/wp-content\/uploads\/2020\/09\/3-400x533.jpeg 400w, https:\/\/www.esplac.cat\/wp-content\/uploads\/2020\/09\/3-600x800.jpeg 600w, https:\/\/www.esplac.cat\/wp-content\/uploads\/2020\/09\/3-768x1024.jpeg 768w, https:\/\/www.esplac.cat\/wp-content\/uploads\/2020\/09\/3-800x1067.jpeg 800w, https:\/\/www.esplac.cat\/wp-content\/uploads\/2020\/09\/3-1152x1536.jpeg 1152w, https:\/\/www.esplac.cat\/wp-content\/uploads\/2020\/09\/3.jpeg 1200w\" sizes=\"(max-width: 225px) 100vw, 225px\" \/><\/a>\n\t\t\t<\/dt>\n\t\t\t\t<dd class='wp-caption-text gallery-caption' id='gallery-1-32357'>\n\t\t\t\tEsplai El Creixent\n\t\t\t\t<\/dd><\/dl><dl class='gallery-item'>\n\t\t\t<dt class='gallery-icon portrait'>\n\t\t\t\t<a data-rel=\"iLightbox[postimages]\" data-title=\"WhatsApp Image 2020-09-14 at 10.24.52\" data-caption=\"Esplai Xiroc\" href='https:\/\/www.esplac.cat\/wp-content\/uploads\/2020\/09\/WhatsApp-Image-2020-09-14-at-10.24.52.jpeg'><img decoding=\"async\" width=\"225\" height=\"300\" src=\"https:\/\/www.esplac.cat\/wp-content\/uploads\/2020\/09\/WhatsApp-Image-2020-09-14-at-10.24.52-225x300.jpeg\" class=\"attachment-medium size-medium\" alt=\"\" aria-describedby=\"gallery-1-32363\" srcset=\"https:\/\/www.esplac.cat\/wp-content\/uploads\/2020\/09\/WhatsApp-Image-2020-09-14-at-10.24.52-200x267.jpeg 200w, https:\/\/www.esplac.cat\/wp-content\/uploads\/2020\/09\/WhatsApp-Image-2020-09-14-at-10.24.52-225x300.jpeg 225w, https:\/\/www.esplac.cat\/wp-content\/uploads\/2020\/09\/WhatsApp-Image-2020-09-14-at-10.24.52-400x533.jpeg 400w, https:\/\/www.esplac.cat\/wp-content\/uploads\/2020\/09\/WhatsApp-Image-2020-09-14-at-10.24.52-600x800.jpeg 600w, https:\/\/www.esplac.cat\/wp-content\/uploads\/2020\/09\/WhatsApp-Image-2020-09-14-at-10.24.52.jpeg 768w\" sizes=\"(max-width: 225px) 100vw, 225px\" \/><\/a>\n\t\t\t<\/dt>\n\t\t\t\t<dd class='wp-caption-text gallery-caption' id='gallery-1-32363'>\n\t\t\t\tEsplai Xiroc\n\t\t\t\t<\/dd><\/dl><br style=\"clear: both\" \/><dl class='gallery-item'>\n\t\t\t<dt class='gallery-icon landscape'>\n\t\t\t\t<a data-rel=\"iLightbox[postimages]\" data-title=\"2\" data-caption=\"Esplai El Creixent\" href='https:\/\/www.esplac.cat\/wp-content\/uploads\/2020\/09\/2.jpeg'><img decoding=\"async\" width=\"300\" height=\"225\" src=\"https:\/\/www.esplac.cat\/wp-content\/uploads\/2020\/09\/2-300x225.jpeg\" class=\"attachment-medium size-medium\" alt=\"\" aria-describedby=\"gallery-1-32360\" srcset=\"https:\/\/www.esplac.cat\/wp-content\/uploads\/2020\/09\/2-200x150.jpeg 200w, https:\/\/www.esplac.cat\/wp-content\/uploads\/2020\/09\/2-300x225.jpeg 300w, https:\/\/www.esplac.cat\/wp-content\/uploads\/2020\/09\/2-400x300.jpeg 400w, https:\/\/www.esplac.cat\/wp-content\/uploads\/2020\/09\/2-600x450.jpeg 600w, https:\/\/www.esplac.cat\/wp-content\/uploads\/2020\/09\/2-768x576.jpeg 768w, https:\/\/www.esplac.cat\/wp-content\/uploads\/2020\/09\/2-800x600.jpeg 800w, https:\/\/www.esplac.cat\/wp-content\/uploads\/2020\/09\/2-1024x768.jpeg 1024w, https:\/\/www.esplac.cat\/wp-content\/uploads\/2020\/09\/2-1200x900.jpeg 1200w, https:\/\/www.esplac.cat\/wp-content\/uploads\/2020\/09\/2-1536x1152.jpeg 1536w, https:\/\/www.esplac.cat\/wp-content\/uploads\/2020\/09\/2.jpeg 1600w\" sizes=\"(max-width: 300px) 100vw, 300px\" \/><\/a>\n\t\t\t<\/dt>\n\t\t\t\t<dd class='wp-caption-text gallery-caption' id='gallery-1-32360'>\n\t\t\t\tEsplai El Creixent\n\t\t\t\t<\/dd><\/dl><dl class='gallery-item'>\n\t\t\t<dt class='gallery-icon landscape'>\n\t\t\t\t<a data-rel=\"iLightbox[postimages]\" data-title=\"4\" data-caption=\"Esplai El Creixent\" href='https:\/\/www.esplac.cat\/wp-content\/uploads\/2020\/09\/4.jpeg'><img decoding=\"async\" width=\"300\" height=\"225\" src=\"https:\/\/www.esplac.cat\/wp-content\/uploads\/2020\/09\/4-300x225.jpeg\" class=\"attachment-medium size-medium\" alt=\"\" aria-describedby=\"gallery-1-32354\" srcset=\"https:\/\/www.esplac.cat\/wp-content\/uploads\/2020\/09\/4-200x150.jpeg 200w, https:\/\/www.esplac.cat\/wp-content\/uploads\/2020\/09\/4-300x225.jpeg 300w, https:\/\/www.esplac.cat\/wp-content\/uploads\/2020\/09\/4-400x300.jpeg 400w, https:\/\/www.esplac.cat\/wp-content\/uploads\/2020\/09\/4-600x450.jpeg 600w, https:\/\/www.esplac.cat\/wp-content\/uploads\/2020\/09\/4-768x576.jpeg 768w, https:\/\/www.esplac.cat\/wp-content\/uploads\/2020\/09\/4-800x600.jpeg 800w, https:\/\/www.esplac.cat\/wp-content\/uploads\/2020\/09\/4-1024x768.jpeg 1024w, https:\/\/www.esplac.cat\/wp-content\/uploads\/2020\/09\/4-1200x900.jpeg 1200w, https:\/\/www.esplac.cat\/wp-content\/uploads\/2020\/09\/4-1536x1152.jpeg 1536w, https:\/\/www.esplac.cat\/wp-content\/uploads\/2020\/09\/4.jpeg 1600w\" sizes=\"(max-width: 300px) 100vw, 300px\" \/><\/a>\n\t\t\t<\/dt>\n\t\t\t\t<dd class='wp-caption-text gallery-caption' id='gallery-1-32354'>\n\t\t\t\tEsplai El Creixent\n\t\t\t\t<\/dd><\/dl><dl class='gallery-item'>\n\t\t\t<dt class='gallery-icon landscape'>\n\t\t\t\t<a data-rel=\"iLightbox[postimages]\" data-title=\"7\" data-caption=\"Esplai Xiroc\" href='https:\/\/www.esplac.cat\/wp-content\/uploads\/2020\/09\/7.jpeg'><img decoding=\"async\" width=\"300\" height=\"169\" src=\"https:\/\/www.esplac.cat\/wp-content\/uploads\/2020\/09\/7-300x169.jpeg\" class=\"attachment-medium size-medium\" alt=\"\" aria-describedby=\"gallery-1-32367\" srcset=\"https:\/\/www.esplac.cat\/wp-content\/uploads\/2020\/09\/7-200x113.jpeg 200w, https:\/\/www.esplac.cat\/wp-content\/uploads\/2020\/09\/7-300x169.jpeg 300w, https:\/\/www.esplac.cat\/wp-content\/uploads\/2020\/09\/7-400x225.jpeg 400w, https:\/\/www.esplac.cat\/wp-content\/uploads\/2020\/09\/7-600x338.jpeg 600w, https:\/\/www.esplac.cat\/wp-content\/uploads\/2020\/09\/7-768x432.jpeg 768w, https:\/\/www.esplac.cat\/wp-content\/uploads\/2020\/09\/7-800x450.jpeg 800w, https:\/\/www.esplac.cat\/wp-content\/uploads\/2020\/09\/7.jpeg 1024w\" sizes=\"(max-width: 300px) 100vw, 300px\" \/><\/a>\n\t\t\t<\/dt>\n\t\t\t\t<dd class='wp-caption-text gallery-caption' id='gallery-1-32367'>\n\t\t\t\tEsplai Xiroc\n\t\t\t\t<\/dd><\/dl><br style=\"clear: both\" \/>\n\t\t<\/div>\n\n","protected":false},"excerpt":{"rendered":"<p>Iniciem un nou curs amb l\u2019energia renovada: fem balan\u00e7 d\u2019un [&hellip;]<\/p>\n","protected":false},"author":3,"featured_media":32346,"comment_status":"closed","ping_status":"open","sticky":false,"template":"","format":"standard","meta":{"om_disable_all_campaigns":false,"_monsterinsights_skip_tracking":false,"_monsterinsights_sitenote_active":false,"_monsterinsights_sitenote_note":"","_monsterinsights_sitenote_category":0,"_uf_show_specific_survey":0,"_uf_disable_surveys":false,"footnotes":""},"categories":[1111,1117],"tags":[1319,1296,1003,344,166,212],"class_list":["post-32270","post","type-post","status-publish","format-standard","has-post-thumbnail","hentry","category-activitats-esplac","category-activitats-esplais","tag-confinament","tag-covid-19","tag-esplai","tag-infants","tag-joves","tag-monitors"],"yoast_head":"<!-- This site is optimized with the Yoast SEO plugin v27.4 - https:\/\/yoast.com\/product\/yoast-seo-wordpress\/ -->\n<title>Un estiu d\u2019all\u00f2 m\u00e9s at\u00edpic - Esplac, Esplais Catalans<\/title>\n<meta name=\"description\" content=\"Fem balan\u00e7 d\u2019un estiu diferent per\u00f2 que ens ha deixat un regust molt dol\u00e7 a la boca.\u00a0Iniciem un nou curs als esplais amb l\u2019energia renovada!\" \/>\n<meta name=\"robots\" content=\"index, follow, max-snippet:-1, max-image-preview:large, max-video-preview:-1\" \/>\n<link rel=\"canonical\" href=\"https:\/\/www.esplac.cat\/estiu-mes-atipic\/\" \/>\n<meta property=\"og:locale\" content=\"es_ES\" \/>\n<meta property=\"og:type\" content=\"article\" \/>\n<meta property=\"og:title\" content=\"Un estiu d\u2019all\u00f2 m\u00e9s at\u00edpic - Esplac, Esplais Catalans\" \/>\n<meta property=\"og:description\" content=\"Fem balan\u00e7 d\u2019un estiu diferent per\u00f2 que ens ha deixat un regust molt dol\u00e7 a la boca.\u00a0Iniciem un nou curs als esplais amb l\u2019energia renovada!\" \/>\n<meta property=\"og:url\" content=\"https:\/\/www.esplac.cat\/estiu-mes-atipic\/\" \/>\n<meta property=\"og:site_name\" content=\"Esplac\" \/>\n<meta property=\"article:published_time\" content=\"2020-09-14T11:36:18+00:00\" \/>\n<meta property=\"article:modified_time\" content=\"2020-10-15T16:22:46+00:00\" \/>\n<meta property=\"og:image\" content=\"https:\/\/www.esplac.cat\/wp-content\/uploads\/2020\/09\/portades-web-4.jpg\" \/>\n\t<meta property=\"og:image:width\" content=\"1697\" \/>\n\t<meta property=\"og:image:height\" content=\"700\" \/>\n\t<meta property=\"og:image:type\" content=\"image\/jpeg\" \/>\n<meta name=\"author\" content=\"Comunicaci\u00f3 Esplac\" \/>\n<meta name=\"twitter:card\" content=\"summary_large_image\" \/>\n<meta name=\"twitter:label1\" content=\"Escrito por\" \/>\n\t<meta name=\"twitter:data1\" content=\"Comunicaci\u00f3 Esplac\" \/>\n\t<meta name=\"twitter:label2\" content=\"Tiempo de lectura\" \/>\n\t<meta name=\"twitter:data2\" content=\"4 minutos\" \/>\n<script type=\"application\/ld+json\" class=\"yoast-schema-graph\">{\"@context\":\"https:\\\/\\\/schema.org\",\"@graph\":[{\"@type\":\"Article\",\"@id\":\"https:\\\/\\\/www.esplac.cat\\\/estiu-mes-atipic\\\/#article\",\"isPartOf\":{\"@id\":\"https:\\\/\\\/www.esplac.cat\\\/estiu-mes-atipic\\\/\"},\"author\":{\"name\":\"Comunicaci\u00f3 Esplac\",\"@id\":\"https:\\\/\\\/www.esplac.cat\\\/#\\\/schema\\\/person\\\/908383cf240be18b68f8855d0583faca\"},\"headline\":\"Un estiu d\u2019all\u00f2 m\u00e9s at\u00edpic\",\"datePublished\":\"2020-09-14T11:36:18+00:00\",\"dateModified\":\"2020-10-15T16:22:46+00:00\",\"mainEntityOfPage\":{\"@id\":\"https:\\\/\\\/www.esplac.cat\\\/estiu-mes-atipic\\\/\"},\"wordCount\":830,\"publisher\":{\"@id\":\"https:\\\/\\\/www.esplac.cat\\\/#organization\"},\"image\":{\"@id\":\"https:\\\/\\\/www.esplac.cat\\\/estiu-mes-atipic\\\/#primaryimage\"},\"thumbnailUrl\":\"https:\\\/\\\/www.esplac.cat\\\/wp-content\\\/uploads\\\/2020\\\/09\\\/portades-web-4.jpg\",\"keywords\":[\"Confinament\",\"covid-19\",\"esplai\",\"infants\",\"joves\",\"monitors\"],\"articleSection\":[\"Activitats esplac\",\"Activitats esplais\"],\"inLanguage\":\"es\"},{\"@type\":\"WebPage\",\"@id\":\"https:\\\/\\\/www.esplac.cat\\\/estiu-mes-atipic\\\/\",\"url\":\"https:\\\/\\\/www.esplac.cat\\\/estiu-mes-atipic\\\/\",\"name\":\"Un estiu d\u2019all\u00f2 m\u00e9s at\u00edpic - Esplac, Esplais Catalans\",\"isPartOf\":{\"@id\":\"https:\\\/\\\/www.esplac.cat\\\/#website\"},\"primaryImageOfPage\":{\"@id\":\"https:\\\/\\\/www.esplac.cat\\\/estiu-mes-atipic\\\/#primaryimage\"},\"image\":{\"@id\":\"https:\\\/\\\/www.esplac.cat\\\/estiu-mes-atipic\\\/#primaryimage\"},\"thumbnailUrl\":\"https:\\\/\\\/www.esplac.cat\\\/wp-content\\\/uploads\\\/2020\\\/09\\\/portades-web-4.jpg\",\"datePublished\":\"2020-09-14T11:36:18+00:00\",\"dateModified\":\"2020-10-15T16:22:46+00:00\",\"description\":\"Fem balan\u00e7 d\u2019un estiu diferent per\u00f2 que ens ha deixat un regust molt dol\u00e7 a la boca.\u00a0Iniciem un nou curs als esplais amb l\u2019energia renovada!\",\"breadcrumb\":{\"@id\":\"https:\\\/\\\/www.esplac.cat\\\/estiu-mes-atipic\\\/#breadcrumb\"},\"inLanguage\":\"es\",\"potentialAction\":[{\"@type\":\"ReadAction\",\"target\":[\"https:\\\/\\\/www.esplac.cat\\\/estiu-mes-atipic\\\/\"]}]},{\"@type\":\"ImageObject\",\"inLanguage\":\"es\",\"@id\":\"https:\\\/\\\/www.esplac.cat\\\/estiu-mes-atipic\\\/#primaryimage\",\"url\":\"https:\\\/\\\/www.esplac.cat\\\/wp-content\\\/uploads\\\/2020\\\/09\\\/portades-web-4.jpg\",\"contentUrl\":\"https:\\\/\\\/www.esplac.cat\\\/wp-content\\\/uploads\\\/2020\\\/09\\\/portades-web-4.jpg\",\"width\":1697,\"height\":700},{\"@type\":\"BreadcrumbList\",\"@id\":\"https:\\\/\\\/www.esplac.cat\\\/estiu-mes-atipic\\\/#breadcrumb\",\"itemListElement\":[{\"@type\":\"ListItem\",\"position\":1,\"name\":\"Inici\",\"item\":\"https:\\\/\\\/www.esplac.cat\\\/es\\\/\"},{\"@type\":\"ListItem\",\"position\":2,\"name\":\"Un estiu d\u2019all\u00f2 m\u00e9s at\u00edpic\"}]},{\"@type\":\"WebSite\",\"@id\":\"https:\\\/\\\/www.esplac.cat\\\/#website\",\"url\":\"https:\\\/\\\/www.esplac.cat\\\/\",\"name\":\"Esplac\",\"description\":\"Esplais Catalans\",\"publisher\":{\"@id\":\"https:\\\/\\\/www.esplac.cat\\\/#organization\"},\"potentialAction\":[{\"@type\":\"SearchAction\",\"target\":{\"@type\":\"EntryPoint\",\"urlTemplate\":\"https:\\\/\\\/www.esplac.cat\\\/?s={search_term_string}\"},\"query-input\":{\"@type\":\"PropertyValueSpecification\",\"valueRequired\":true,\"valueName\":\"search_term_string\"}}],\"inLanguage\":\"es\"},{\"@type\":\"Organization\",\"@id\":\"https:\\\/\\\/www.esplac.cat\\\/#organization\",\"name\":\"Esplac\",\"url\":\"https:\\\/\\\/www.esplac.cat\\\/\",\"logo\":{\"@type\":\"ImageObject\",\"inLanguage\":\"es\",\"@id\":\"https:\\\/\\\/www.esplac.cat\\\/#\\\/schema\\\/logo\\\/image\\\/\",\"url\":\"https:\\\/\\\/www.esplac.cat\\\/wp-content\\\/uploads\\\/2019\\\/08\\\/logox2.png\",\"contentUrl\":\"https:\\\/\\\/www.esplac.cat\\\/wp-content\\\/uploads\\\/2019\\\/08\\\/logox2.png\",\"width\":600,\"height\":295,\"caption\":\"Esplac\"},\"image\":{\"@id\":\"https:\\\/\\\/www.esplac.cat\\\/#\\\/schema\\\/logo\\\/image\\\/\"}},{\"@type\":\"Person\",\"@id\":\"https:\\\/\\\/www.esplac.cat\\\/#\\\/schema\\\/person\\\/908383cf240be18b68f8855d0583faca\",\"name\":\"Comunicaci\u00f3 Esplac\",\"image\":{\"@type\":\"ImageObject\",\"inLanguage\":\"es\",\"@id\":\"https:\\\/\\\/secure.gravatar.com\\\/avatar\\\/7a4cf8feb412a76ea4a740ca02d95b06b2907b5a6c648c2dd0a1082a093c3141?s=96&d=mm&r=g\",\"url\":\"https:\\\/\\\/secure.gravatar.com\\\/avatar\\\/7a4cf8feb412a76ea4a740ca02d95b06b2907b5a6c648c2dd0a1082a093c3141?s=96&d=mm&r=g\",\"contentUrl\":\"https:\\\/\\\/secure.gravatar.com\\\/avatar\\\/7a4cf8feb412a76ea4a740ca02d95b06b2907b5a6c648c2dd0a1082a093c3141?s=96&d=mm&r=g\",\"caption\":\"Comunicaci\u00f3 Esplac\"}}]}<\/script>\n<!-- \/ Yoast SEO plugin. -->","yoast_head_json":{"title":"Un estiu d\u2019all\u00f2 m\u00e9s at\u00edpic - Esplac, Esplais Catalans","description":"Fem balan\u00e7 d\u2019un estiu diferent per\u00f2 que ens ha deixat un regust molt dol\u00e7 a la boca.\u00a0Iniciem un nou curs als esplais amb l\u2019energia renovada!","robots":{"index":"index","follow":"follow","max-snippet":"max-snippet:-1","max-image-preview":"max-image-preview:large","max-video-preview":"max-video-preview:-1"},"canonical":"https:\/\/www.esplac.cat\/estiu-mes-atipic\/","og_locale":"es_ES","og_type":"article","og_title":"Un estiu d\u2019all\u00f2 m\u00e9s at\u00edpic - Esplac, Esplais Catalans","og_description":"Fem balan\u00e7 d\u2019un estiu diferent per\u00f2 que ens ha deixat un regust molt dol\u00e7 a la boca.\u00a0Iniciem un nou curs als esplais amb l\u2019energia renovada!","og_url":"https:\/\/www.esplac.cat\/estiu-mes-atipic\/","og_site_name":"Esplac","article_published_time":"2020-09-14T11:36:18+00:00","article_modified_time":"2020-10-15T16:22:46+00:00","og_image":[{"width":1697,"height":700,"url":"https:\/\/www.esplac.cat\/wp-content\/uploads\/2020\/09\/portades-web-4.jpg","type":"image\/jpeg"}],"author":"Comunicaci\u00f3 Esplac","twitter_card":"summary_large_image","twitter_misc":{"Escrito por":"Comunicaci\u00f3 Esplac","Tiempo de lectura":"4 minutos"},"schema":{"@context":"https:\/\/schema.org","@graph":[{"@type":"Article","@id":"https:\/\/www.esplac.cat\/estiu-mes-atipic\/#article","isPartOf":{"@id":"https:\/\/www.esplac.cat\/estiu-mes-atipic\/"},"author":{"name":"Comunicaci\u00f3 Esplac","@id":"https:\/\/www.esplac.cat\/#\/schema\/person\/908383cf240be18b68f8855d0583faca"},"headline":"Un estiu d\u2019all\u00f2 m\u00e9s at\u00edpic","datePublished":"2020-09-14T11:36:18+00:00","dateModified":"2020-10-15T16:22:46+00:00","mainEntityOfPage":{"@id":"https:\/\/www.esplac.cat\/estiu-mes-atipic\/"},"wordCount":830,"publisher":{"@id":"https:\/\/www.esplac.cat\/#organization"},"image":{"@id":"https:\/\/www.esplac.cat\/estiu-mes-atipic\/#primaryimage"},"thumbnailUrl":"https:\/\/www.esplac.cat\/wp-content\/uploads\/2020\/09\/portades-web-4.jpg","keywords":["Confinament","covid-19","esplai","infants","joves","monitors"],"articleSection":["Activitats esplac","Activitats esplais"],"inLanguage":"es"},{"@type":"WebPage","@id":"https:\/\/www.esplac.cat\/estiu-mes-atipic\/","url":"https:\/\/www.esplac.cat\/estiu-mes-atipic\/","name":"Un estiu d\u2019all\u00f2 m\u00e9s at\u00edpic - Esplac, Esplais Catalans","isPartOf":{"@id":"https:\/\/www.esplac.cat\/#website"},"primaryImageOfPage":{"@id":"https:\/\/www.esplac.cat\/estiu-mes-atipic\/#primaryimage"},"image":{"@id":"https:\/\/www.esplac.cat\/estiu-mes-atipic\/#primaryimage"},"thumbnailUrl":"https:\/\/www.esplac.cat\/wp-content\/uploads\/2020\/09\/portades-web-4.jpg","datePublished":"2020-09-14T11:36:18+00:00","dateModified":"2020-10-15T16:22:46+00:00","description":"Fem balan\u00e7 d\u2019un estiu diferent per\u00f2 que ens ha deixat un regust molt dol\u00e7 a la boca.\u00a0Iniciem un nou curs als esplais amb l\u2019energia renovada!","breadcrumb":{"@id":"https:\/\/www.esplac.cat\/estiu-mes-atipic\/#breadcrumb"},"inLanguage":"es","potentialAction":[{"@type":"ReadAction","target":["https:\/\/www.esplac.cat\/estiu-mes-atipic\/"]}]},{"@type":"ImageObject","inLanguage":"es","@id":"https:\/\/www.esplac.cat\/estiu-mes-atipic\/#primaryimage","url":"https:\/\/www.esplac.cat\/wp-content\/uploads\/2020\/09\/portades-web-4.jpg","contentUrl":"https:\/\/www.esplac.cat\/wp-content\/uploads\/2020\/09\/portades-web-4.jpg","width":1697,"height":700},{"@type":"BreadcrumbList","@id":"https:\/\/www.esplac.cat\/estiu-mes-atipic\/#breadcrumb","itemListElement":[{"@type":"ListItem","position":1,"name":"Inici","item":"https:\/\/www.esplac.cat\/es\/"},{"@type":"ListItem","position":2,"name":"Un estiu d\u2019all\u00f2 m\u00e9s at\u00edpic"}]},{"@type":"WebSite","@id":"https:\/\/www.esplac.cat\/#website","url":"https:\/\/www.esplac.cat\/","name":"Esplac","description":"Esplais Catalans","publisher":{"@id":"https:\/\/www.esplac.cat\/#organization"},"potentialAction":[{"@type":"SearchAction","target":{"@type":"EntryPoint","urlTemplate":"https:\/\/www.esplac.cat\/?s={search_term_string}"},"query-input":{"@type":"PropertyValueSpecification","valueRequired":true,"valueName":"search_term_string"}}],"inLanguage":"es"},{"@type":"Organization","@id":"https:\/\/www.esplac.cat\/#organization","name":"Esplac","url":"https:\/\/www.esplac.cat\/","logo":{"@type":"ImageObject","inLanguage":"es","@id":"https:\/\/www.esplac.cat\/#\/schema\/logo\/image\/","url":"https:\/\/www.esplac.cat\/wp-content\/uploads\/2019\/08\/logox2.png","contentUrl":"https:\/\/www.esplac.cat\/wp-content\/uploads\/2019\/08\/logox2.png","width":600,"height":295,"caption":"Esplac"},"image":{"@id":"https:\/\/www.esplac.cat\/#\/schema\/logo\/image\/"}},{"@type":"Person","@id":"https:\/\/www.esplac.cat\/#\/schema\/person\/908383cf240be18b68f8855d0583faca","name":"Comunicaci\u00f3 Esplac","image":{"@type":"ImageObject","inLanguage":"es","@id":"https:\/\/secure.gravatar.com\/avatar\/7a4cf8feb412a76ea4a740ca02d95b06b2907b5a6c648c2dd0a1082a093c3141?s=96&d=mm&r=g","url":"https:\/\/secure.gravatar.com\/avatar\/7a4cf8feb412a76ea4a740ca02d95b06b2907b5a6c648c2dd0a1082a093c3141?s=96&d=mm&r=g","contentUrl":"https:\/\/secure.gravatar.com\/avatar\/7a4cf8feb412a76ea4a740ca02d95b06b2907b5a6c648c2dd0a1082a093c3141?s=96&d=mm&r=g","caption":"Comunicaci\u00f3 Esplac"}}]}},"_links":{"self":[{"href":"https:\/\/www.esplac.cat\/es\/wp-json\/wp\/v2\/posts\/32270","targetHints":{"allow":["GET"]}}],"collection":[{"href":"https:\/\/www.esplac.cat\/es\/wp-json\/wp\/v2\/posts"}],"about":[{"href":"https:\/\/www.esplac.cat\/es\/wp-json\/wp\/v2\/types\/post"}],"author":[{"embeddable":true,"href":"https:\/\/www.esplac.cat\/es\/wp-json\/wp\/v2\/users\/3"}],"replies":[{"embeddable":true,"href":"https:\/\/www.esplac.cat\/es\/wp-json\/wp\/v2\/comments?post=32270"}],"version-history":[{"count":0,"href":"https:\/\/www.esplac.cat\/es\/wp-json\/wp\/v2\/posts\/32270\/revisions"}],"wp:featuredmedia":[{"embeddable":true,"href":"https:\/\/www.esplac.cat\/es\/wp-json\/wp\/v2\/media\/32346"}],"wp:attachment":[{"href":"https:\/\/www.esplac.cat\/es\/wp-json\/wp\/v2\/media?parent=32270"}],"wp:term":[{"taxonomy":"category","embeddable":true,"href":"https:\/\/www.esplac.cat\/es\/wp-json\/wp\/v2\/categories?post=32270"},{"taxonomy":"post_tag","embeddable":true,"href":"https:\/\/www.esplac.cat\/es\/wp-json\/wp\/v2\/tags?post=32270"}],"curies":[{"name":"wp","href":"https:\/\/api.w.org\/{rel}","templated":true}]}}