{"id":32281,"date":"2020-11-11T17:30:17","date_gmt":"2020-11-11T16:30:17","guid":{"rendered":"https:\/\/www.esplac.cat\/?p=32281"},"modified":"2020-11-11T17:40:51","modified_gmt":"2020-11-11T16:40:51","slug":"coordinadora-projectes-campdetarragona","status":"publish","type":"post","link":"https:\/\/www.esplac.cat\/es\/coordinadora-projectes-campdetarragona\/","title":{"rendered":"Obrim una pla\u00e7a de Coordinador\/a de Projectes per al Sector Camp de Tarragona i per al Sector Pened\u00e8s, Garraf i Anoia"},"content":{"rendered":"<h4 data-fontsize=\"17\" data-lineheight=\"22\">A Esplais Catalans busquem Coordinador\/a de Projectes per al Sector Camp de Tarragona i per al Sector Pened\u00e8s, Garraf i Anoia. El termini de presentaci\u00f3 de curr\u00edculms finalitzar\u00e0 el 23 de novembre de 2020.<\/h4>\n<p>A Esplac hem obert un termini de presentaci\u00f3 de curr\u00edculums amb l\u2019objectiu de cobrir una pla\u00e7a de Coordinador\/a de Projectes per al Sectors Geogr\u00e0fics Camp de Tarragona i Pened\u00e8s, Garraf i Anoia. El termini finalitzar\u00e0 el dia <strong>23 de novembre <\/strong>de 2020. El curr\u00edculum i la carta de motivaci\u00f3 les heu de fer arribar a <strong>esplac@esplac.cat<\/strong> amb la refer\u00e8ncia \u201cST_PGA_CdT\u201d a l\u2019assumpte del missatge.<\/p>\n<p><strong>Funcions:<br \/>\n<\/strong>\u2022 Coordinar i desenvolupar el suport associatiu i pedag\u00f2gic als esplais.<br \/>\n\u2022 Assistir a les reunions de Sector i a les de l\u2019Equip General de Sector que s\u2019escaiguin.<br \/>\n\u2022 Suport al funcionament, activitats i projectes definits en el Pla de Treball dels sectors geogr\u00e0fics.<br \/>\n\u2022 Redacci\u00f3, seguiment i avaluaci\u00f3 dels projectes definits en el Pla de Treball d\u2019Esplais Catalans.<br \/>\n\u2022 Coordinaci\u00f3 amb la Secretaria T\u00e8cnica per a les funcions assignades i d\u2019altres que puguin sorgir com part de l\u2019equip.<\/p>\n<p><strong>Es demana:<\/strong><br \/>\n\u2022 Titulaci\u00f3 universit\u00e0ria en el camp de l\u2019educaci\u00f3 i\/o social, o en proc\u00e9s d\u2019obtenir-la.<br \/>\n\u2022 T\u00edtol de Director\/a d\u2019entitats de lleure infantil i juvenil.<br \/>\n\u2022 Tenir menys de 30 anys.<br \/>\n\u2022 Nivell alt de catal\u00e0 i compet\u00e8ncia escrita.<br \/>\n\u2022 Coneixements en l\u2019elaboraci\u00f3 de projectes, mem\u00f2ries i altra documentaci\u00f3.<br \/>\n\u2022 Coneixements i experi\u00e8ncia en l\u2019\u00e0mbit de l\u2019associacionisme educatiu i els esplais.<br \/>\n\u2022 Coneixements: LibreOffice, gesti\u00f3 de correu i Internet.<br \/>\n\u2022 Capacitat d\u2019organitzaci\u00f3 i gesti\u00f3 del temps.<br \/>\n\u2022 Capacitat de treball en equip i autonomia personal.<br \/>\n\u2022 Capacitat de flexibilitat i adaptabilitat.<br \/>\n\u2022 Assist\u00e8ncia a reunions o activitats d\u2019especial inter\u00e8s fora de l\u2019horari laboral.<br \/>\n\u2022 Vocaci\u00f3 de servei als esplais i comprom\u00eds amb els valors d\u2019Esplais Catalans.<br \/>\n\u2022 Carnet de conduir i vehicle propi.<\/p>\n<p><strong>Es valorar\u00e0:<br \/>\n<\/strong>\u2022 Experi\u00e8ncia com a responsable d\u2019esplai.<br \/>\n\u2022 Experi\u00e8ncia en les funcions descrites.<br \/>\n\u2022 Coneixement d\u2019idiomes.<br \/>\n\u2022 Coneixement en temes espec\u00edfics relacionats amb el projecte educatiu d\u2019Esplais Catalans.<\/p>\n<p><strong>Condicions laborals:<\/strong><br \/>\n\u2022 Contracte de 20 h setmanals. Sou segons l\u2019escala salarial de l\u2019entitat (11.797,49 \u20ac bruts anuals).<br \/>\n\u2022 Incorporaci\u00f3: novembre de 2020.<br \/>\n\u2022 Lloc de treball habitual: Vilafranca del Pened\u00e8s i Barcelona<\/p>\n<p>Us deixem els detalls de l\u2019oferta en un arxiu pdf aqu\u00ed: <span style=\"color: #ff9900;\"><a href=\"https:\/\/www.esplac.cat\/wp-content\/uploads\/2020\/11\/Convocato\u0300ria_PGA-i-CdT-1.pdf\">Convocat\u00f2ria en PDF<\/a>.<\/span><\/p>\n","protected":false},"excerpt":{"rendered":"<p>A Esplais Catalans busquem Coordinador\/a de Projectes per al Sector [&hellip;]<\/p>\n","protected":false},"author":3,"featured_media":24062,"comment_status":"closed","ping_status":"open","sticky":false,"template":"","format":"standard","meta":{"om_disable_all_campaigns":false,"_monsterinsights_skip_tracking":false,"_monsterinsights_sitenote_active":false,"_monsterinsights_sitenote_note":"","_monsterinsights_sitenote_category":0,"_uf_show_specific_survey":0,"_uf_disable_surveys":false,"footnotes":""},"categories":[1116],"tags":[774,1324,1326,441,814,1327],"class_list":["post-32281","post","type-post","status-publish","format-standard","has-post-thumbnail","hentry","category-secretaria-esplac","tag-camp-de-tarragona","tag-convocatoria-de-feina","tag-garraf-i-anoia","tag-laboral","tag-penedes","tag-sector-geografic"],"yoast_head":"<!-- This site is optimized with the Yoast SEO plugin v27.4 - https:\/\/yoast.com\/product\/yoast-seo-wordpress\/ -->\n<title>Obrim una pla\u00e7a de Coordinador\/a de Projectes per al Sector Camp de Tarragona i per al Sector Pened\u00e8s, Garraf i Anoia - Esplac<\/title>\n<meta name=\"description\" content=\"Esplais Catalans busquem Coordinador\/a de Projectes per als sectors Camp de Tarragona i Pened\u00e8s, Garraf i Anoia. El termini de presentaci\u00f3 de curr\u00edculms finalitzar\u00e0 el 23 de novembre de 2020.\" \/>\n<meta name=\"robots\" content=\"index, follow, max-snippet:-1, max-image-preview:large, max-video-preview:-1\" \/>\n<link rel=\"canonical\" href=\"https:\/\/www.esplac.cat\/es\/coordinadora-projectes-campdetarragona\/\" \/>\n<meta property=\"og:locale\" content=\"es_ES\" \/>\n<meta property=\"og:type\" content=\"article\" \/>\n<meta property=\"og:title\" content=\"Obrim una pla\u00e7a de Coordinador\/a de Projectes per al Sector Camp de Tarragona i per al Sector Pened\u00e8s, Garraf i Anoia - Esplac\" \/>\n<meta property=\"og:description\" content=\"Esplais Catalans busquem Coordinador\/a de Projectes per als sectors Camp de Tarragona i Pened\u00e8s, Garraf i Anoia. El termini de presentaci\u00f3 de curr\u00edculms finalitzar\u00e0 el 23 de novembre de 2020.\" \/>\n<meta property=\"og:url\" content=\"https:\/\/www.esplac.cat\/es\/coordinadora-projectes-campdetarragona\/\" \/>\n<meta property=\"og:site_name\" content=\"Esplac\" \/>\n<meta property=\"article:published_time\" content=\"2020-11-11T16:30:17+00:00\" \/>\n<meta property=\"article:modified_time\" content=\"2020-11-11T16:40:51+00:00\" \/>\n<meta property=\"og:image\" content=\"https:\/\/www.esplac.cat\/wp-content\/uploads\/2017\/11\/Noti_laboral.jpg\" \/>\n\t<meta property=\"og:image:width\" content=\"847\" \/>\n\t<meta property=\"og:image:height\" content=\"350\" \/>\n\t<meta property=\"og:image:type\" content=\"image\/jpeg\" \/>\n<meta name=\"author\" content=\"Comunicaci\u00f3 Esplac\" \/>\n<meta name=\"twitter:card\" content=\"summary_large_image\" \/>\n<meta name=\"twitter:label1\" content=\"Escrito por\" \/>\n\t<meta name=\"twitter:data1\" content=\"Comunicaci\u00f3 Esplac\" \/>\n\t<meta name=\"twitter:label2\" content=\"Tiempo de lectura\" \/>\n\t<meta name=\"twitter:data2\" content=\"2 minutos\" \/>\n<script type=\"application\/ld+json\" class=\"yoast-schema-graph\">{\"@context\":\"https:\\\/\\\/schema.org\",\"@graph\":[{\"@type\":\"Article\",\"@id\":\"https:\\\/\\\/www.esplac.cat\\\/es\\\/coordinadora-projectes-campdetarragona\\\/#article\",\"isPartOf\":{\"@id\":\"https:\\\/\\\/www.esplac.cat\\\/es\\\/coordinadora-projectes-campdetarragona\\\/\"},\"author\":{\"name\":\"Comunicaci\u00f3 Esplac\",\"@id\":\"https:\\\/\\\/www.esplac.cat\\\/#\\\/schema\\\/person\\\/908383cf240be18b68f8855d0583faca\"},\"headline\":\"Obrim una pla\u00e7a de Coordinador\\\/a de Projectes per al Sector Camp de Tarragona i per al Sector Pened\u00e8s, Garraf i Anoia\",\"datePublished\":\"2020-11-11T16:30:17+00:00\",\"dateModified\":\"2020-11-11T16:40:51+00:00\",\"mainEntityOfPage\":{\"@id\":\"https:\\\/\\\/www.esplac.cat\\\/es\\\/coordinadora-projectes-campdetarragona\\\/\"},\"wordCount\":424,\"publisher\":{\"@id\":\"https:\\\/\\\/www.esplac.cat\\\/#organization\"},\"image\":{\"@id\":\"https:\\\/\\\/www.esplac.cat\\\/es\\\/coordinadora-projectes-campdetarragona\\\/#primaryimage\"},\"thumbnailUrl\":\"https:\\\/\\\/www.esplac.cat\\\/wp-content\\\/uploads\\\/2017\\\/11\\\/Noti_laboral.jpg\",\"keywords\":[\"Camp de Tarragona\",\"convocat\u00f2ria de feina\",\"Garraf i Anoia\",\"laboral\",\"penedes\",\"Sector Geogr\u00e0fic\"],\"articleSection\":[\"Secretaria T\u00e8cnica\"],\"inLanguage\":\"es\"},{\"@type\":\"WebPage\",\"@id\":\"https:\\\/\\\/www.esplac.cat\\\/es\\\/coordinadora-projectes-campdetarragona\\\/\",\"url\":\"https:\\\/\\\/www.esplac.cat\\\/es\\\/coordinadora-projectes-campdetarragona\\\/\",\"name\":\"Obrim una pla\u00e7a de Coordinador\\\/a de Projectes per al Sector Camp de Tarragona i per al Sector Pened\u00e8s, Garraf i Anoia - Esplac\",\"isPartOf\":{\"@id\":\"https:\\\/\\\/www.esplac.cat\\\/#website\"},\"primaryImageOfPage\":{\"@id\":\"https:\\\/\\\/www.esplac.cat\\\/es\\\/coordinadora-projectes-campdetarragona\\\/#primaryimage\"},\"image\":{\"@id\":\"https:\\\/\\\/www.esplac.cat\\\/es\\\/coordinadora-projectes-campdetarragona\\\/#primaryimage\"},\"thumbnailUrl\":\"https:\\\/\\\/www.esplac.cat\\\/wp-content\\\/uploads\\\/2017\\\/11\\\/Noti_laboral.jpg\",\"datePublished\":\"2020-11-11T16:30:17+00:00\",\"dateModified\":\"2020-11-11T16:40:51+00:00\",\"description\":\"Esplais Catalans busquem Coordinador\\\/a de Projectes per als sectors Camp de Tarragona i Pened\u00e8s, Garraf i Anoia. El termini de presentaci\u00f3 de curr\u00edculms finalitzar\u00e0 el 23 de novembre de 2020.\",\"breadcrumb\":{\"@id\":\"https:\\\/\\\/www.esplac.cat\\\/es\\\/coordinadora-projectes-campdetarragona\\\/#breadcrumb\"},\"inLanguage\":\"es\",\"potentialAction\":[{\"@type\":\"ReadAction\",\"target\":[\"https:\\\/\\\/www.esplac.cat\\\/es\\\/coordinadora-projectes-campdetarragona\\\/\"]}]},{\"@type\":\"ImageObject\",\"inLanguage\":\"es\",\"@id\":\"https:\\\/\\\/www.esplac.cat\\\/es\\\/coordinadora-projectes-campdetarragona\\\/#primaryimage\",\"url\":\"https:\\\/\\\/www.esplac.cat\\\/wp-content\\\/uploads\\\/2017\\\/11\\\/Noti_laboral.jpg\",\"contentUrl\":\"https:\\\/\\\/www.esplac.cat\\\/wp-content\\\/uploads\\\/2017\\\/11\\\/Noti_laboral.jpg\",\"width\":847,\"height\":350,\"caption\":\"baix besos valles oriental\"},{\"@type\":\"BreadcrumbList\",\"@id\":\"https:\\\/\\\/www.esplac.cat\\\/es\\\/coordinadora-projectes-campdetarragona\\\/#breadcrumb\",\"itemListElement\":[{\"@type\":\"ListItem\",\"position\":1,\"name\":\"Inici\",\"item\":\"https:\\\/\\\/www.esplac.cat\\\/es\\\/\"},{\"@type\":\"ListItem\",\"position\":2,\"name\":\"Obrim una pla\u00e7a de Coordinador\\\/a de Projectes per al Sector Camp de Tarragona i per al Sector Pened\u00e8s, Garraf i Anoia\"}]},{\"@type\":\"WebSite\",\"@id\":\"https:\\\/\\\/www.esplac.cat\\\/#website\",\"url\":\"https:\\\/\\\/www.esplac.cat\\\/\",\"name\":\"Esplac\",\"description\":\"Esplais Catalans\",\"publisher\":{\"@id\":\"https:\\\/\\\/www.esplac.cat\\\/#organization\"},\"potentialAction\":[{\"@type\":\"SearchAction\",\"target\":{\"@type\":\"EntryPoint\",\"urlTemplate\":\"https:\\\/\\\/www.esplac.cat\\\/?s={search_term_string}\"},\"query-input\":{\"@type\":\"PropertyValueSpecification\",\"valueRequired\":true,\"valueName\":\"search_term_string\"}}],\"inLanguage\":\"es\"},{\"@type\":\"Organization\",\"@id\":\"https:\\\/\\\/www.esplac.cat\\\/#organization\",\"name\":\"Esplac\",\"url\":\"https:\\\/\\\/www.esplac.cat\\\/\",\"logo\":{\"@type\":\"ImageObject\",\"inLanguage\":\"es\",\"@id\":\"https:\\\/\\\/www.esplac.cat\\\/#\\\/schema\\\/logo\\\/image\\\/\",\"url\":\"https:\\\/\\\/www.esplac.cat\\\/wp-content\\\/uploads\\\/2019\\\/08\\\/logox2.png\",\"contentUrl\":\"https:\\\/\\\/www.esplac.cat\\\/wp-content\\\/uploads\\\/2019\\\/08\\\/logox2.png\",\"width\":600,\"height\":295,\"caption\":\"Esplac\"},\"image\":{\"@id\":\"https:\\\/\\\/www.esplac.cat\\\/#\\\/schema\\\/logo\\\/image\\\/\"}},{\"@type\":\"Person\",\"@id\":\"https:\\\/\\\/www.esplac.cat\\\/#\\\/schema\\\/person\\\/908383cf240be18b68f8855d0583faca\",\"name\":\"Comunicaci\u00f3 Esplac\",\"image\":{\"@type\":\"ImageObject\",\"inLanguage\":\"es\",\"@id\":\"https:\\\/\\\/secure.gravatar.com\\\/avatar\\\/7a4cf8feb412a76ea4a740ca02d95b06b2907b5a6c648c2dd0a1082a093c3141?s=96&d=mm&r=g\",\"url\":\"https:\\\/\\\/secure.gravatar.com\\\/avatar\\\/7a4cf8feb412a76ea4a740ca02d95b06b2907b5a6c648c2dd0a1082a093c3141?s=96&d=mm&r=g\",\"contentUrl\":\"https:\\\/\\\/secure.gravatar.com\\\/avatar\\\/7a4cf8feb412a76ea4a740ca02d95b06b2907b5a6c648c2dd0a1082a093c3141?s=96&d=mm&r=g\",\"caption\":\"Comunicaci\u00f3 Esplac\"}}]}<\/script>\n<!-- \/ Yoast SEO plugin. -->","yoast_head_json":{"title":"Obrim una pla\u00e7a de Coordinador\/a de Projectes per al Sector Camp de Tarragona i per al Sector Pened\u00e8s, Garraf i Anoia - Esplac","description":"Esplais Catalans busquem Coordinador\/a de Projectes per als sectors Camp de Tarragona i Pened\u00e8s, Garraf i Anoia. El termini de presentaci\u00f3 de curr\u00edculms finalitzar\u00e0 el 23 de novembre de 2020.","robots":{"index":"index","follow":"follow","max-snippet":"max-snippet:-1","max-image-preview":"max-image-preview:large","max-video-preview":"max-video-preview:-1"},"canonical":"https:\/\/www.esplac.cat\/es\/coordinadora-projectes-campdetarragona\/","og_locale":"es_ES","og_type":"article","og_title":"Obrim una pla\u00e7a de Coordinador\/a de Projectes per al Sector Camp de Tarragona i per al Sector Pened\u00e8s, Garraf i Anoia - Esplac","og_description":"Esplais Catalans busquem Coordinador\/a de Projectes per als sectors Camp de Tarragona i Pened\u00e8s, Garraf i Anoia. El termini de presentaci\u00f3 de curr\u00edculms finalitzar\u00e0 el 23 de novembre de 2020.","og_url":"https:\/\/www.esplac.cat\/es\/coordinadora-projectes-campdetarragona\/","og_site_name":"Esplac","article_published_time":"2020-11-11T16:30:17+00:00","article_modified_time":"2020-11-11T16:40:51+00:00","og_image":[{"width":847,"height":350,"url":"https:\/\/www.esplac.cat\/wp-content\/uploads\/2017\/11\/Noti_laboral.jpg","type":"image\/jpeg"}],"author":"Comunicaci\u00f3 Esplac","twitter_card":"summary_large_image","twitter_misc":{"Escrito por":"Comunicaci\u00f3 Esplac","Tiempo de lectura":"2 minutos"},"schema":{"@context":"https:\/\/schema.org","@graph":[{"@type":"Article","@id":"https:\/\/www.esplac.cat\/es\/coordinadora-projectes-campdetarragona\/#article","isPartOf":{"@id":"https:\/\/www.esplac.cat\/es\/coordinadora-projectes-campdetarragona\/"},"author":{"name":"Comunicaci\u00f3 Esplac","@id":"https:\/\/www.esplac.cat\/#\/schema\/person\/908383cf240be18b68f8855d0583faca"},"headline":"Obrim una pla\u00e7a de Coordinador\/a de Projectes per al Sector Camp de Tarragona i per al Sector Pened\u00e8s, Garraf i Anoia","datePublished":"2020-11-11T16:30:17+00:00","dateModified":"2020-11-11T16:40:51+00:00","mainEntityOfPage":{"@id":"https:\/\/www.esplac.cat\/es\/coordinadora-projectes-campdetarragona\/"},"wordCount":424,"publisher":{"@id":"https:\/\/www.esplac.cat\/#organization"},"image":{"@id":"https:\/\/www.esplac.cat\/es\/coordinadora-projectes-campdetarragona\/#primaryimage"},"thumbnailUrl":"https:\/\/www.esplac.cat\/wp-content\/uploads\/2017\/11\/Noti_laboral.jpg","keywords":["Camp de Tarragona","convocat\u00f2ria de feina","Garraf i Anoia","laboral","penedes","Sector Geogr\u00e0fic"],"articleSection":["Secretaria T\u00e8cnica"],"inLanguage":"es"},{"@type":"WebPage","@id":"https:\/\/www.esplac.cat\/es\/coordinadora-projectes-campdetarragona\/","url":"https:\/\/www.esplac.cat\/es\/coordinadora-projectes-campdetarragona\/","name":"Obrim una pla\u00e7a de Coordinador\/a de Projectes per al Sector Camp de Tarragona i per al Sector Pened\u00e8s, Garraf i Anoia - Esplac","isPartOf":{"@id":"https:\/\/www.esplac.cat\/#website"},"primaryImageOfPage":{"@id":"https:\/\/www.esplac.cat\/es\/coordinadora-projectes-campdetarragona\/#primaryimage"},"image":{"@id":"https:\/\/www.esplac.cat\/es\/coordinadora-projectes-campdetarragona\/#primaryimage"},"thumbnailUrl":"https:\/\/www.esplac.cat\/wp-content\/uploads\/2017\/11\/Noti_laboral.jpg","datePublished":"2020-11-11T16:30:17+00:00","dateModified":"2020-11-11T16:40:51+00:00","description":"Esplais Catalans busquem Coordinador\/a de Projectes per als sectors Camp de Tarragona i Pened\u00e8s, Garraf i Anoia. El termini de presentaci\u00f3 de curr\u00edculms finalitzar\u00e0 el 23 de novembre de 2020.","breadcrumb":{"@id":"https:\/\/www.esplac.cat\/es\/coordinadora-projectes-campdetarragona\/#breadcrumb"},"inLanguage":"es","potentialAction":[{"@type":"ReadAction","target":["https:\/\/www.esplac.cat\/es\/coordinadora-projectes-campdetarragona\/"]}]},{"@type":"ImageObject","inLanguage":"es","@id":"https:\/\/www.esplac.cat\/es\/coordinadora-projectes-campdetarragona\/#primaryimage","url":"https:\/\/www.esplac.cat\/wp-content\/uploads\/2017\/11\/Noti_laboral.jpg","contentUrl":"https:\/\/www.esplac.cat\/wp-content\/uploads\/2017\/11\/Noti_laboral.jpg","width":847,"height":350,"caption":"baix besos valles oriental"},{"@type":"BreadcrumbList","@id":"https:\/\/www.esplac.cat\/es\/coordinadora-projectes-campdetarragona\/#breadcrumb","itemListElement":[{"@type":"ListItem","position":1,"name":"Inici","item":"https:\/\/www.esplac.cat\/es\/"},{"@type":"ListItem","position":2,"name":"Obrim una pla\u00e7a de Coordinador\/a de Projectes per al Sector Camp de Tarragona i per al Sector Pened\u00e8s, Garraf i Anoia"}]},{"@type":"WebSite","@id":"https:\/\/www.esplac.cat\/#website","url":"https:\/\/www.esplac.cat\/","name":"Esplac","description":"Esplais Catalans","publisher":{"@id":"https:\/\/www.esplac.cat\/#organization"},"potentialAction":[{"@type":"SearchAction","target":{"@type":"EntryPoint","urlTemplate":"https:\/\/www.esplac.cat\/?s={search_term_string}"},"query-input":{"@type":"PropertyValueSpecification","valueRequired":true,"valueName":"search_term_string"}}],"inLanguage":"es"},{"@type":"Organization","@id":"https:\/\/www.esplac.cat\/#organization","name":"Esplac","url":"https:\/\/www.esplac.cat\/","logo":{"@type":"ImageObject","inLanguage":"es","@id":"https:\/\/www.esplac.cat\/#\/schema\/logo\/image\/","url":"https:\/\/www.esplac.cat\/wp-content\/uploads\/2019\/08\/logox2.png","contentUrl":"https:\/\/www.esplac.cat\/wp-content\/uploads\/2019\/08\/logox2.png","width":600,"height":295,"caption":"Esplac"},"image":{"@id":"https:\/\/www.esplac.cat\/#\/schema\/logo\/image\/"}},{"@type":"Person","@id":"https:\/\/www.esplac.cat\/#\/schema\/person\/908383cf240be18b68f8855d0583faca","name":"Comunicaci\u00f3 Esplac","image":{"@type":"ImageObject","inLanguage":"es","@id":"https:\/\/secure.gravatar.com\/avatar\/7a4cf8feb412a76ea4a740ca02d95b06b2907b5a6c648c2dd0a1082a093c3141?s=96&d=mm&r=g","url":"https:\/\/secure.gravatar.com\/avatar\/7a4cf8feb412a76ea4a740ca02d95b06b2907b5a6c648c2dd0a1082a093c3141?s=96&d=mm&r=g","contentUrl":"https:\/\/secure.gravatar.com\/avatar\/7a4cf8feb412a76ea4a740ca02d95b06b2907b5a6c648c2dd0a1082a093c3141?s=96&d=mm&r=g","caption":"Comunicaci\u00f3 Esplac"}}]}},"_links":{"self":[{"href":"https:\/\/www.esplac.cat\/es\/wp-json\/wp\/v2\/posts\/32281","targetHints":{"allow":["GET"]}}],"collection":[{"href":"https:\/\/www.esplac.cat\/es\/wp-json\/wp\/v2\/posts"}],"about":[{"href":"https:\/\/www.esplac.cat\/es\/wp-json\/wp\/v2\/types\/post"}],"author":[{"embeddable":true,"href":"https:\/\/www.esplac.cat\/es\/wp-json\/wp\/v2\/users\/3"}],"replies":[{"embeddable":true,"href":"https:\/\/www.esplac.cat\/es\/wp-json\/wp\/v2\/comments?post=32281"}],"version-history":[{"count":0,"href":"https:\/\/www.esplac.cat\/es\/wp-json\/wp\/v2\/posts\/32281\/revisions"}],"wp:featuredmedia":[{"embeddable":true,"href":"https:\/\/www.esplac.cat\/es\/wp-json\/wp\/v2\/media\/24062"}],"wp:attachment":[{"href":"https:\/\/www.esplac.cat\/es\/wp-json\/wp\/v2\/media?parent=32281"}],"wp:term":[{"taxonomy":"category","embeddable":true,"href":"https:\/\/www.esplac.cat\/es\/wp-json\/wp\/v2\/categories?post=32281"},{"taxonomy":"post_tag","embeddable":true,"href":"https:\/\/www.esplac.cat\/es\/wp-json\/wp\/v2\/tags?post=32281"}],"curies":[{"name":"wp","href":"https:\/\/api.w.org\/{rel}","templated":true}]}}