{"id":32299,"date":"2020-09-08T13:04:22","date_gmt":"2020-09-08T12:04:22","guid":{"rendered":"https:\/\/www.esplac.cat\/?p=32299"},"modified":"2020-10-15T17:22:46","modified_gmt":"2020-10-15T16:22:46","slug":"proces-presentacio-candidatures-secretaria-general-esplais-catalans","status":"publish","type":"post","link":"https:\/\/www.esplac.cat\/es\/proces-presentacio-candidatures-secretaria-general-esplais-catalans\/","title":{"rendered":"Obrim el proc\u00e9s de presentaci\u00f3 de candidatures a la Secretaria General d&#8217;Esplais Catalans"},"content":{"rendered":"<h6><b>Esplais Catalans obrim la presentaci\u00f3 de candidatures per a cobrir la pla\u00e7a de la Secretaria General.<\/b><\/h6>\n<p><b>Podeu presentar les vostres candidatures per a la Secretaria General d&#8217;Esplac fent arribar els curr\u00edculums i la carta de motivaci\u00f3 per correu electr\u00f2nic a candidatures@esplac.cat<\/b><span style=\"font-weight: 400;\">. <\/span><b>El termini finalitza el dia<\/b> <b>4<\/b> <b>d&#8217;octubre de<\/b> <b>2020<\/b><span style=\"font-weight: 400;\">. Posteriorment, s\u2019iniciar\u00e0 un proc\u00e9s de selecci\u00f3 per tal de garantir els coneixements t\u00e8cnics i l\u2019adequaci\u00f3 de les candidatures al perfil, i l\u2019Equip de Coordinaci\u00f3 far\u00e0 una proposta que haur\u00e0 de ser ratificada a l\u2019Assemblea General Ordin\u00e0ria d\u2019Esplac del proper 13 de desembre de 2020.<\/span><\/p>\n<p><span style=\"font-weight: 400;\">A continuaci\u00f3 trobareu la descripci\u00f3 de la pla\u00e7a, els requisits per presentar-se i les condicions del lloc de feina.<\/span><\/p>\n<p><b>Funcions:<\/b><\/p>\n<ul>\n<li style=\"font-weight: 400;\"><span style=\"font-weight: 400;\">Participaci\u00f3 a l\u2019Equip de Coordinaci\u00f3 i suport a la seva tasca.<\/span><\/li>\n<li style=\"font-weight: 400;\"><span style=\"font-weight: 400;\">Lideratge de la Secretaria T\u00e8cnica.<\/span><\/li>\n<li style=\"font-weight: 400;\"><span style=\"font-weight: 400;\">Impuls, coordinaci\u00f3 i seguiment del Pla de treball i del Pla estrat\u00e8gic de l\u2019associaci\u00f3.<\/span><\/li>\n<li style=\"font-weight: 400;\"><span style=\"font-weight: 400;\">Responsabilitzaci\u00f3 de l\u2019\u00e0rea d\u2019organitzaci\u00f3 de l\u2019associaci\u00f3.<\/span><\/li>\n<li style=\"font-weight: 400;\"><span style=\"font-weight: 400;\">Seguiment del pressupost i tresoreria de l\u2019associaci\u00f3.\u00a0<\/span><\/li>\n<li style=\"font-weight: 400;\"><span style=\"font-weight: 400;\">Garantir el seguiment dels acords presos per Assemblea i Gran Comit\u00e8.<\/span><\/li>\n<li style=\"font-weight: 400;\"><span style=\"font-weight: 400;\">Coordinaci\u00f3 dels espais estatutaris de l\u2019associaci\u00f3: Assemblea i Gran Comit\u00e8.<\/span><\/li>\n<li style=\"font-weight: 400;\"><span style=\"font-weight: 400;\">Suport i acompanyament dels esplais i sectors geogr\u00e0fics.<\/span><\/li>\n<li style=\"font-weight: 400;\"><span style=\"font-weight: 400;\">Seguiment i execuci\u00f3 de projectes d\u2019\u00e0mbits diversos: atenci\u00f3 als esplais, comunicaci\u00f3, pedagogia, inform\u00e0tica, participaci\u00f3&#8230;\u00a0<\/span><\/li>\n<li style=\"font-weight: 400;\"><span style=\"font-weight: 400;\">Seguiment i execuci\u00f3 de les grans activitats d\u2019Esplais Catalans.<\/span><\/li>\n<li style=\"font-weight: 400;\"><span style=\"font-weight: 400;\">Representaci\u00f3 de l\u2019associaci\u00f3 davant les administracions p\u00fabliques.<\/span><\/li>\n<li style=\"font-weight: 400;\"><span style=\"font-weight: 400;\">Seguiment i representaci\u00f3 de l\u2019associaci\u00f3 en els diferents espais dels que l\u2019associaci\u00f3 \u00e9s membre (Escola Lliure el Sol, Incoop, CNJC, CJB, TIAC, IFM-SEI&#8230;).\u00a0<\/span><\/li>\n<\/ul>\n<p><b>Es demana:<\/b><\/p>\n<ul>\n<li style=\"font-weight: 400;\"><span style=\"font-weight: 400;\">Experi\u00e8ncia com a monitor\/a d\u2019esplai d\u2019Esplac.<\/span><\/li>\n<li style=\"font-weight: 400;\"><span style=\"font-weight: 400;\">Haver participat en espais de participaci\u00f3 d\u2019Esplais Catalans (Comissions, Grups de Treball, Sectors Geogr\u00e0fics).<\/span><\/li>\n<li style=\"font-weight: 400;\"><span style=\"font-weight: 400;\">T\u00edtol de Director\/a d\u2019activitats de lleure infantil i juvenil, en possessi\u00f3 o en tr\u00e0mit.<\/span><\/li>\n<li style=\"font-weight: 400;\"><span style=\"font-weight: 400;\">Tenir menys de 30 anys.<\/span><\/li>\n<li style=\"font-weight: 400;\"><span style=\"font-weight: 400;\">Alt comprom\u00eds amb l&#8217;associaci\u00f3 i flexibilitat hor\u00e0ria.<\/span><\/li>\n<li style=\"font-weight: 400;\"><span style=\"font-weight: 400;\">Identificaci\u00f3 amb els valors de l\u2019associaci\u00f3.<\/span><\/li>\n<li style=\"font-weight: 400;\"><span style=\"font-weight: 400;\">Coneixements i domini d&#8217;aplicacions d\u2019eines ofim\u00e0tiques i del Gsuite.<\/span><\/li>\n<li style=\"font-weight: 400;\"><span style=\"font-weight: 400;\">Carnet de conduir i vehicle disponible.\u00a0<\/span><\/li>\n<li style=\"font-weight: 400;\"><span style=\"font-weight: 400;\">Nivell alt de catal\u00e0 i castell\u00e0.<\/span><\/li>\n<\/ul>\n<p><b>Es valorar\u00e0:<\/b><\/p>\n<ul>\n<li style=\"font-weight: 400;\"><span style=\"font-weight: 400;\">Estudis superiors, preferentment en el camp de l\u2019Educaci\u00f3 i\/o les Ci\u00e8ncies Socials.\u00a0<\/span><\/li>\n<li style=\"font-weight: 400;\"><span style=\"font-weight: 400;\">Experi\u00e8ncia en les funcions descrites.<\/span><\/li>\n<li style=\"font-weight: 400;\"><span style=\"font-weight: 400;\">Haver participat en els equips de l\u2019associaci\u00f3 (EGS, Equip de Coordinaci\u00f3, Representant de Comissi\u00f3 o Secretaria T\u00e8cnica).<\/span><\/li>\n<li style=\"font-weight: 400;\"><span style=\"font-weight: 400;\">Bon nivell d\u2019angl\u00e8s.<\/span><\/li>\n<li style=\"font-weight: 400;\"><span style=\"font-weight: 400;\">Compet\u00e8ncies de gesti\u00f3 i planificaci\u00f3.<\/span><\/li>\n<li style=\"font-weight: 400;\"><span style=\"font-weight: 400;\">Iniciativa i autonomia personal.<\/span><\/li>\n<li style=\"font-weight: 400;\"><span style=\"font-weight: 400;\">Compet\u00e8ncies en treball en equip, lideratge, gesti\u00f3 de conflictes i estrat\u00e8gia.<\/span><\/li>\n<li style=\"font-weight: 400;\"><span style=\"font-weight: 400;\">Empatia i confian\u00e7a en un\/a mateix\/a.<\/span><\/li>\n<li style=\"font-weight: 400;\"><span style=\"font-weight: 400;\">Coneixement i experi\u00e8ncia en l&#8217;\u00e0mbit d&#8217;actuaci\u00f3 de l\u2019associaci\u00f3: esplais, Esplac i l\u2019associacionisme educatiu.<\/span><\/li>\n<\/ul>\n<p><b>Condicions laborals:<\/b><\/p>\n<ul>\n<li style=\"font-weight: 400;\"><span style=\"font-weight: 400;\">Contracte de direcci\u00f3 de 37,5 hores setmanals.<\/span><\/li>\n<li style=\"font-weight: 400;\"><span style=\"font-weight: 400;\">Sou brut anual de 30.139,42\u20ac\u00a0 euros en el per\u00edode de prova (6 mesos) i increment segons l\u2019escala salarial de l\u2019associaci\u00f3.<\/span><\/li>\n<li style=\"font-weight: 400;\"><span style=\"font-weight: 400;\">Incorporaci\u00f3 a principis de novembre.<\/span><\/li>\n<li style=\"font-weight: 400;\"><span style=\"font-weight: 400;\">Lloc de treball habitual a Barcelona amb mobilitat per tot el territori catal\u00e0.<\/span><\/li>\n<\/ul>\n<p><span style=\"font-weight: 400;\">Garantim la confidencialitat en el proc\u00e9s de selecci\u00f3.<\/span><\/p>\n<p>Us deixem els detalls de l&#8217;oferta en el<span style=\"color: #f69d0b;\"><strong> <a style=\"color: #f69d0b;\" href=\"https:\/\/www.esplac.cat\/wp-content\/uploads\/2020\/09\/Convocatoria_laboral_SG-1-1.pdf\">aquest enlla\u00e7<\/a>.<\/strong><\/span><\/p>\n","protected":false},"excerpt":{"rendered":"<p>Esplais Catalans obrim la presentaci\u00f3 de candidatures per a cobrir [&hellip;]<\/p>\n","protected":false},"author":3,"featured_media":29737,"comment_status":"closed","ping_status":"open","sticky":false,"template":"","format":"standard","meta":{"om_disable_all_campaigns":false,"_monsterinsights_skip_tracking":false,"_monsterinsights_sitenote_active":false,"_monsterinsights_sitenote_note":"","_monsterinsights_sitenote_category":0,"_uf_show_specific_survey":0,"_uf_disable_surveys":false,"footnotes":""},"categories":[1116],"tags":[562,233,1318],"class_list":["post-32299","post","type-post","status-publish","format-standard","has-post-thumbnail","hentry","category-secretaria-esplac","tag-oferta-laboral","tag-relleu","tag-secretaria-general"],"yoast_head":"<!-- This site is optimized with the Yoast SEO plugin v27.5 - https:\/\/yoast.com\/product\/yoast-seo-wordpress\/ -->\n<title>Obrim el proc\u00e9s de presentaci\u00f3 de candidatures a la Secretaria General d&#039;Esplais Catalans - Esplac<\/title>\n<meta name=\"robots\" content=\"index, follow, max-snippet:-1, max-image-preview:large, max-video-preview:-1\" \/>\n<link rel=\"canonical\" href=\"https:\/\/www.esplac.cat\/es\/proces-presentacio-candidatures-secretaria-general-esplais-catalans\/\" \/>\n<meta property=\"og:locale\" content=\"es_ES\" \/>\n<meta property=\"og:type\" content=\"article\" \/>\n<meta property=\"og:title\" content=\"Obrim el proc\u00e9s de presentaci\u00f3 de candidatures a la Secretaria General d&#039;Esplais Catalans - Esplac\" \/>\n<meta property=\"og:description\" content=\"Esplais Catalans obrim la presentaci\u00f3 de candidatures per a cobrir [&hellip;]\" \/>\n<meta property=\"og:url\" content=\"https:\/\/www.esplac.cat\/es\/proces-presentacio-candidatures-secretaria-general-esplais-catalans\/\" \/>\n<meta property=\"og:site_name\" content=\"Esplac\" \/>\n<meta property=\"article:published_time\" content=\"2020-09-08T12:04:22+00:00\" \/>\n<meta property=\"article:modified_time\" content=\"2020-10-15T16:22:46+00:00\" \/>\n<meta property=\"og:image\" content=\"https:\/\/www.esplac.cat\/wp-content\/uploads\/2019\/12\/laboral-esplac-feina.jpg\" \/>\n\t<meta property=\"og:image:width\" content=\"847\" \/>\n\t<meta property=\"og:image:height\" content=\"350\" \/>\n\t<meta property=\"og:image:type\" content=\"image\/jpeg\" \/>\n<meta name=\"author\" content=\"Comunicaci\u00f3 Esplac\" \/>\n<meta name=\"twitter:card\" content=\"summary_large_image\" \/>\n<meta name=\"twitter:label1\" content=\"Escrito por\" \/>\n\t<meta name=\"twitter:data1\" content=\"Comunicaci\u00f3 Esplac\" \/>\n\t<meta name=\"twitter:label2\" content=\"Tiempo de lectura\" \/>\n\t<meta name=\"twitter:data2\" content=\"3 minutos\" \/>\n<script type=\"application\/ld+json\" class=\"yoast-schema-graph\">{\"@context\":\"https:\\\/\\\/schema.org\",\"@graph\":[{\"@type\":\"Article\",\"@id\":\"https:\\\/\\\/www.esplac.cat\\\/es\\\/proces-presentacio-candidatures-secretaria-general-esplais-catalans\\\/#article\",\"isPartOf\":{\"@id\":\"https:\\\/\\\/www.esplac.cat\\\/es\\\/proces-presentacio-candidatures-secretaria-general-esplais-catalans\\\/\"},\"author\":{\"name\":\"Comunicaci\u00f3 Esplac\",\"@id\":\"https:\\\/\\\/www.esplac.cat\\\/#\\\/schema\\\/person\\\/908383cf240be18b68f8855d0583faca\"},\"headline\":\"Obrim el proc\u00e9s de presentaci\u00f3 de candidatures a la Secretaria General d&#8217;Esplais Catalans\",\"datePublished\":\"2020-09-08T12:04:22+00:00\",\"dateModified\":\"2020-10-15T16:22:46+00:00\",\"mainEntityOfPage\":{\"@id\":\"https:\\\/\\\/www.esplac.cat\\\/es\\\/proces-presentacio-candidatures-secretaria-general-esplais-catalans\\\/\"},\"wordCount\":538,\"publisher\":{\"@id\":\"https:\\\/\\\/www.esplac.cat\\\/#organization\"},\"image\":{\"@id\":\"https:\\\/\\\/www.esplac.cat\\\/es\\\/proces-presentacio-candidatures-secretaria-general-esplais-catalans\\\/#primaryimage\"},\"thumbnailUrl\":\"https:\\\/\\\/www.esplac.cat\\\/wp-content\\\/uploads\\\/2019\\\/12\\\/laboral-esplac-feina.jpg\",\"keywords\":[\"oferta laboral\",\"relleu\",\"secretaria general\"],\"articleSection\":[\"Secretaria T\u00e8cnica\"],\"inLanguage\":\"es\"},{\"@type\":\"WebPage\",\"@id\":\"https:\\\/\\\/www.esplac.cat\\\/es\\\/proces-presentacio-candidatures-secretaria-general-esplais-catalans\\\/\",\"url\":\"https:\\\/\\\/www.esplac.cat\\\/es\\\/proces-presentacio-candidatures-secretaria-general-esplais-catalans\\\/\",\"name\":\"Obrim el proc\u00e9s de presentaci\u00f3 de candidatures a la Secretaria General d'Esplais Catalans - Esplac\",\"isPartOf\":{\"@id\":\"https:\\\/\\\/www.esplac.cat\\\/#website\"},\"primaryImageOfPage\":{\"@id\":\"https:\\\/\\\/www.esplac.cat\\\/es\\\/proces-presentacio-candidatures-secretaria-general-esplais-catalans\\\/#primaryimage\"},\"image\":{\"@id\":\"https:\\\/\\\/www.esplac.cat\\\/es\\\/proces-presentacio-candidatures-secretaria-general-esplais-catalans\\\/#primaryimage\"},\"thumbnailUrl\":\"https:\\\/\\\/www.esplac.cat\\\/wp-content\\\/uploads\\\/2019\\\/12\\\/laboral-esplac-feina.jpg\",\"datePublished\":\"2020-09-08T12:04:22+00:00\",\"dateModified\":\"2020-10-15T16:22:46+00:00\",\"breadcrumb\":{\"@id\":\"https:\\\/\\\/www.esplac.cat\\\/es\\\/proces-presentacio-candidatures-secretaria-general-esplais-catalans\\\/#breadcrumb\"},\"inLanguage\":\"es\",\"potentialAction\":[{\"@type\":\"ReadAction\",\"target\":[\"https:\\\/\\\/www.esplac.cat\\\/es\\\/proces-presentacio-candidatures-secretaria-general-esplais-catalans\\\/\"]}]},{\"@type\":\"ImageObject\",\"inLanguage\":\"es\",\"@id\":\"https:\\\/\\\/www.esplac.cat\\\/es\\\/proces-presentacio-candidatures-secretaria-general-esplais-catalans\\\/#primaryimage\",\"url\":\"https:\\\/\\\/www.esplac.cat\\\/wp-content\\\/uploads\\\/2019\\\/12\\\/laboral-esplac-feina.jpg\",\"contentUrl\":\"https:\\\/\\\/www.esplac.cat\\\/wp-content\\\/uploads\\\/2019\\\/12\\\/laboral-esplac-feina.jpg\",\"width\":847,\"height\":350},{\"@type\":\"BreadcrumbList\",\"@id\":\"https:\\\/\\\/www.esplac.cat\\\/es\\\/proces-presentacio-candidatures-secretaria-general-esplais-catalans\\\/#breadcrumb\",\"itemListElement\":[{\"@type\":\"ListItem\",\"position\":1,\"name\":\"Inici\",\"item\":\"https:\\\/\\\/www.esplac.cat\\\/es\\\/\"},{\"@type\":\"ListItem\",\"position\":2,\"name\":\"Obrim el proc\u00e9s de presentaci\u00f3 de candidatures a la Secretaria General d&#8217;Esplais Catalans\"}]},{\"@type\":\"WebSite\",\"@id\":\"https:\\\/\\\/www.esplac.cat\\\/#website\",\"url\":\"https:\\\/\\\/www.esplac.cat\\\/\",\"name\":\"Esplac\",\"description\":\"Esplais Catalans\",\"publisher\":{\"@id\":\"https:\\\/\\\/www.esplac.cat\\\/#organization\"},\"potentialAction\":[{\"@type\":\"SearchAction\",\"target\":{\"@type\":\"EntryPoint\",\"urlTemplate\":\"https:\\\/\\\/www.esplac.cat\\\/?s={search_term_string}\"},\"query-input\":{\"@type\":\"PropertyValueSpecification\",\"valueRequired\":true,\"valueName\":\"search_term_string\"}}],\"inLanguage\":\"es\"},{\"@type\":\"Organization\",\"@id\":\"https:\\\/\\\/www.esplac.cat\\\/#organization\",\"name\":\"Esplac\",\"url\":\"https:\\\/\\\/www.esplac.cat\\\/\",\"logo\":{\"@type\":\"ImageObject\",\"inLanguage\":\"es\",\"@id\":\"https:\\\/\\\/www.esplac.cat\\\/#\\\/schema\\\/logo\\\/image\\\/\",\"url\":\"https:\\\/\\\/www.esplac.cat\\\/wp-content\\\/uploads\\\/2019\\\/08\\\/logox2.png\",\"contentUrl\":\"https:\\\/\\\/www.esplac.cat\\\/wp-content\\\/uploads\\\/2019\\\/08\\\/logox2.png\",\"width\":600,\"height\":295,\"caption\":\"Esplac\"},\"image\":{\"@id\":\"https:\\\/\\\/www.esplac.cat\\\/#\\\/schema\\\/logo\\\/image\\\/\"}},{\"@type\":\"Person\",\"@id\":\"https:\\\/\\\/www.esplac.cat\\\/#\\\/schema\\\/person\\\/908383cf240be18b68f8855d0583faca\",\"name\":\"Comunicaci\u00f3 Esplac\",\"image\":{\"@type\":\"ImageObject\",\"inLanguage\":\"es\",\"@id\":\"https:\\\/\\\/secure.gravatar.com\\\/avatar\\\/7a4cf8feb412a76ea4a740ca02d95b06b2907b5a6c648c2dd0a1082a093c3141?s=96&d=mm&r=g\",\"url\":\"https:\\\/\\\/secure.gravatar.com\\\/avatar\\\/7a4cf8feb412a76ea4a740ca02d95b06b2907b5a6c648c2dd0a1082a093c3141?s=96&d=mm&r=g\",\"contentUrl\":\"https:\\\/\\\/secure.gravatar.com\\\/avatar\\\/7a4cf8feb412a76ea4a740ca02d95b06b2907b5a6c648c2dd0a1082a093c3141?s=96&d=mm&r=g\",\"caption\":\"Comunicaci\u00f3 Esplac\"}}]}<\/script>\n<!-- \/ Yoast SEO plugin. -->","yoast_head_json":{"title":"Obrim el proc\u00e9s de presentaci\u00f3 de candidatures a la Secretaria General d'Esplais Catalans - Esplac","robots":{"index":"index","follow":"follow","max-snippet":"max-snippet:-1","max-image-preview":"max-image-preview:large","max-video-preview":"max-video-preview:-1"},"canonical":"https:\/\/www.esplac.cat\/es\/proces-presentacio-candidatures-secretaria-general-esplais-catalans\/","og_locale":"es_ES","og_type":"article","og_title":"Obrim el proc\u00e9s de presentaci\u00f3 de candidatures a la Secretaria General d'Esplais Catalans - Esplac","og_description":"Esplais Catalans obrim la presentaci\u00f3 de candidatures per a cobrir [&hellip;]","og_url":"https:\/\/www.esplac.cat\/es\/proces-presentacio-candidatures-secretaria-general-esplais-catalans\/","og_site_name":"Esplac","article_published_time":"2020-09-08T12:04:22+00:00","article_modified_time":"2020-10-15T16:22:46+00:00","og_image":[{"width":847,"height":350,"url":"https:\/\/www.esplac.cat\/wp-content\/uploads\/2019\/12\/laboral-esplac-feina.jpg","type":"image\/jpeg"}],"author":"Comunicaci\u00f3 Esplac","twitter_card":"summary_large_image","twitter_misc":{"Escrito por":"Comunicaci\u00f3 Esplac","Tiempo de lectura":"3 minutos"},"schema":{"@context":"https:\/\/schema.org","@graph":[{"@type":"Article","@id":"https:\/\/www.esplac.cat\/es\/proces-presentacio-candidatures-secretaria-general-esplais-catalans\/#article","isPartOf":{"@id":"https:\/\/www.esplac.cat\/es\/proces-presentacio-candidatures-secretaria-general-esplais-catalans\/"},"author":{"name":"Comunicaci\u00f3 Esplac","@id":"https:\/\/www.esplac.cat\/#\/schema\/person\/908383cf240be18b68f8855d0583faca"},"headline":"Obrim el proc\u00e9s de presentaci\u00f3 de candidatures a la Secretaria General d&#8217;Esplais Catalans","datePublished":"2020-09-08T12:04:22+00:00","dateModified":"2020-10-15T16:22:46+00:00","mainEntityOfPage":{"@id":"https:\/\/www.esplac.cat\/es\/proces-presentacio-candidatures-secretaria-general-esplais-catalans\/"},"wordCount":538,"publisher":{"@id":"https:\/\/www.esplac.cat\/#organization"},"image":{"@id":"https:\/\/www.esplac.cat\/es\/proces-presentacio-candidatures-secretaria-general-esplais-catalans\/#primaryimage"},"thumbnailUrl":"https:\/\/www.esplac.cat\/wp-content\/uploads\/2019\/12\/laboral-esplac-feina.jpg","keywords":["oferta laboral","relleu","secretaria general"],"articleSection":["Secretaria T\u00e8cnica"],"inLanguage":"es"},{"@type":"WebPage","@id":"https:\/\/www.esplac.cat\/es\/proces-presentacio-candidatures-secretaria-general-esplais-catalans\/","url":"https:\/\/www.esplac.cat\/es\/proces-presentacio-candidatures-secretaria-general-esplais-catalans\/","name":"Obrim el proc\u00e9s de presentaci\u00f3 de candidatures a la Secretaria General d'Esplais Catalans - Esplac","isPartOf":{"@id":"https:\/\/www.esplac.cat\/#website"},"primaryImageOfPage":{"@id":"https:\/\/www.esplac.cat\/es\/proces-presentacio-candidatures-secretaria-general-esplais-catalans\/#primaryimage"},"image":{"@id":"https:\/\/www.esplac.cat\/es\/proces-presentacio-candidatures-secretaria-general-esplais-catalans\/#primaryimage"},"thumbnailUrl":"https:\/\/www.esplac.cat\/wp-content\/uploads\/2019\/12\/laboral-esplac-feina.jpg","datePublished":"2020-09-08T12:04:22+00:00","dateModified":"2020-10-15T16:22:46+00:00","breadcrumb":{"@id":"https:\/\/www.esplac.cat\/es\/proces-presentacio-candidatures-secretaria-general-esplais-catalans\/#breadcrumb"},"inLanguage":"es","potentialAction":[{"@type":"ReadAction","target":["https:\/\/www.esplac.cat\/es\/proces-presentacio-candidatures-secretaria-general-esplais-catalans\/"]}]},{"@type":"ImageObject","inLanguage":"es","@id":"https:\/\/www.esplac.cat\/es\/proces-presentacio-candidatures-secretaria-general-esplais-catalans\/#primaryimage","url":"https:\/\/www.esplac.cat\/wp-content\/uploads\/2019\/12\/laboral-esplac-feina.jpg","contentUrl":"https:\/\/www.esplac.cat\/wp-content\/uploads\/2019\/12\/laboral-esplac-feina.jpg","width":847,"height":350},{"@type":"BreadcrumbList","@id":"https:\/\/www.esplac.cat\/es\/proces-presentacio-candidatures-secretaria-general-esplais-catalans\/#breadcrumb","itemListElement":[{"@type":"ListItem","position":1,"name":"Inici","item":"https:\/\/www.esplac.cat\/es\/"},{"@type":"ListItem","position":2,"name":"Obrim el proc\u00e9s de presentaci\u00f3 de candidatures a la Secretaria General d&#8217;Esplais Catalans"}]},{"@type":"WebSite","@id":"https:\/\/www.esplac.cat\/#website","url":"https:\/\/www.esplac.cat\/","name":"Esplac","description":"Esplais Catalans","publisher":{"@id":"https:\/\/www.esplac.cat\/#organization"},"potentialAction":[{"@type":"SearchAction","target":{"@type":"EntryPoint","urlTemplate":"https:\/\/www.esplac.cat\/?s={search_term_string}"},"query-input":{"@type":"PropertyValueSpecification","valueRequired":true,"valueName":"search_term_string"}}],"inLanguage":"es"},{"@type":"Organization","@id":"https:\/\/www.esplac.cat\/#organization","name":"Esplac","url":"https:\/\/www.esplac.cat\/","logo":{"@type":"ImageObject","inLanguage":"es","@id":"https:\/\/www.esplac.cat\/#\/schema\/logo\/image\/","url":"https:\/\/www.esplac.cat\/wp-content\/uploads\/2019\/08\/logox2.png","contentUrl":"https:\/\/www.esplac.cat\/wp-content\/uploads\/2019\/08\/logox2.png","width":600,"height":295,"caption":"Esplac"},"image":{"@id":"https:\/\/www.esplac.cat\/#\/schema\/logo\/image\/"}},{"@type":"Person","@id":"https:\/\/www.esplac.cat\/#\/schema\/person\/908383cf240be18b68f8855d0583faca","name":"Comunicaci\u00f3 Esplac","image":{"@type":"ImageObject","inLanguage":"es","@id":"https:\/\/secure.gravatar.com\/avatar\/7a4cf8feb412a76ea4a740ca02d95b06b2907b5a6c648c2dd0a1082a093c3141?s=96&d=mm&r=g","url":"https:\/\/secure.gravatar.com\/avatar\/7a4cf8feb412a76ea4a740ca02d95b06b2907b5a6c648c2dd0a1082a093c3141?s=96&d=mm&r=g","contentUrl":"https:\/\/secure.gravatar.com\/avatar\/7a4cf8feb412a76ea4a740ca02d95b06b2907b5a6c648c2dd0a1082a093c3141?s=96&d=mm&r=g","caption":"Comunicaci\u00f3 Esplac"}}]}},"_links":{"self":[{"href":"https:\/\/www.esplac.cat\/es\/wp-json\/wp\/v2\/posts\/32299","targetHints":{"allow":["GET"]}}],"collection":[{"href":"https:\/\/www.esplac.cat\/es\/wp-json\/wp\/v2\/posts"}],"about":[{"href":"https:\/\/www.esplac.cat\/es\/wp-json\/wp\/v2\/types\/post"}],"author":[{"embeddable":true,"href":"https:\/\/www.esplac.cat\/es\/wp-json\/wp\/v2\/users\/3"}],"replies":[{"embeddable":true,"href":"https:\/\/www.esplac.cat\/es\/wp-json\/wp\/v2\/comments?post=32299"}],"version-history":[{"count":0,"href":"https:\/\/www.esplac.cat\/es\/wp-json\/wp\/v2\/posts\/32299\/revisions"}],"wp:featuredmedia":[{"embeddable":true,"href":"https:\/\/www.esplac.cat\/es\/wp-json\/wp\/v2\/media\/29737"}],"wp:attachment":[{"href":"https:\/\/www.esplac.cat\/es\/wp-json\/wp\/v2\/media?parent=32299"}],"wp:term":[{"taxonomy":"category","embeddable":true,"href":"https:\/\/www.esplac.cat\/es\/wp-json\/wp\/v2\/categories?post=32299"},{"taxonomy":"post_tag","embeddable":true,"href":"https:\/\/www.esplac.cat\/es\/wp-json\/wp\/v2\/tags?post=32299"}],"curies":[{"name":"wp","href":"https:\/\/api.w.org\/{rel}","templated":true}]}}