{"id":32329,"date":"2020-09-15T08:38:14","date_gmt":"2020-09-15T07:38:14","guid":{"rendered":"https:\/\/www.esplac.cat\/?p=32329"},"modified":"2021-03-25T18:26:40","modified_gmt":"2021-03-25T17:26:40","slug":"jornades-ambientals-2020-inscripcions-obertes","status":"publish","type":"post","link":"https:\/\/www.esplac.cat\/es\/jornades-ambientals-2020-inscripcions-obertes\/","title":{"rendered":"Jornades Ambientals 2020: Inscripcions obertes!"},"content":{"rendered":"<div class=\"fusion-fullwidth fullwidth-box fusion-builder-row-1 nonhundred-percent-fullwidth non-hundred-percent-height-scrolling\" style=\"--awb-border-radius-top-left:0px;--awb-border-radius-top-right:0px;--awb-border-radius-bottom-right:0px;--awb-border-radius-bottom-left:0px;--awb-flex-wrap:wrap;\" ><div class=\"fusion-builder-row fusion-row\"><div class=\"fusion-layout-column fusion_builder_column fusion-builder-column-0 fusion_builder_column_1_1 1_1 fusion-one-full fusion-column-first fusion-column-last\" style=\"--awb-bg-size:cover;--awb-margin-bottom:0px;\"><div class=\"fusion-column-wrapper fusion-flex-column-wrapper-legacy\"><div class=\"fusion-text fusion-text-1\"><h6><strong>El proper 4 d&#8217;octubre se celebraran les VII Jornades Ambientals a Barcelona. Som conscients de la petjada ecol\u00f2gica dels nostres viatges?<\/strong><\/h6>\n<p>Si ets monitora o monitor d&#8217;Esplac ja pots reservar pla\u00e7a per participar a la <strong>setena edici\u00f3 de les <span style=\"text-decoration: underline;\"><a href=\"https:\/\/www.esplac.cat\/formacions\/jornades-ambientals\/\" target=\"_blank\" rel=\"noopener noreferrer\"><span style=\"color: #ff9900; text-decoration: underline;\">Jornades Ambientals<\/span><\/a><\/span><\/strong> que, com cada any, organitza la Comissi\u00f3 Reduint Petjada d&#8217;Esplac. Com a novetat d&#8217;enguany, les jornades estan organitzades conjuntament amb el grup d&#8217;Esplac del projecte internacional \u00ab<span style=\"text-decoration: underline;\"><span style=\"color: #ff9900;\"><strong><a style=\"color: #ff9900; text-decoration: underline;\" href=\"https:\/\/www.esplac.cat\/?s=amplify&amp;lang=ca\" target=\"_blank\" rel=\"noopener noreferrer\">Amplify Youth Voices<\/a><\/strong><\/span><\/span>\u00ab.<\/p>\n<p><span style=\"font-weight: 400;\">Enguany, \u00e9s el set\u00e8 any que es desenvolupa aquesta activitat formativa de refer\u00e8ncia, vetllant per a <\/span>crear un <strong>espai d\u2019intercanvi<\/strong>, de <strong>treball en xarxa<\/strong> i de <strong>creaci\u00f3 col\u00b7lectiva de discurs pol\u00edtic<\/strong><span style=\"font-weight: 400;\">.<\/span><\/p>\n<p>&nbsp;<\/p>\n<h6><strong>L&#8217;impacte ambiental en els nostres viatges<\/strong><\/h6>\n<p>En aquesta ocasi\u00f3, la nova edici\u00f3 tractar\u00e0 de la percepci\u00f3 que tenim les persones joves sobre el nostre <strong>impacte ambiental al viatjar i realitzar activitats d&#8217;oci. <\/strong>Un tema que s&#8217;abordar\u00e0 a trav\u00e9s de diferents pon\u00e8ncies i taules rodones.<\/p>\n<div class=\"gmail_default\">Al mat\u00ed, taula rodona amb:<\/div>\n<div class=\"gmail_default\">\n<ul>\n<li dir=\"ltr\">\n<p dir=\"ltr\"><span style=\"text-decoration: underline;\"><span style=\"color: #ff9900;\"><a style=\"color: #ff9900; text-decoration: underline;\" href=\"https:\/\/www.elcritic.cat\/opinio\/joan-buades\" target=\"_blank\" rel=\"noopener noreferrer\" data-saferedirecturl=\"https:\/\/www.google.com\/url?q=https:\/\/www.elcritic.cat\/opinio\/joan-buades&amp;source=gmail&amp;ust=1600251701458000&amp;usg=AFQjCNHeXIf_bnc4c6XjjjMKigleJDe7fQ\">Joan Buades<\/a>,<\/span><\/span> investigador i professor especialitzat en turisme, globalitzaci\u00f3 i canvi clim\u00e0tic.<\/p>\n<\/li>\n<li dir=\"ltr\">\n<p dir=\"ltr\"><span style=\"text-decoration: underline; color: #ff9900;\"><a style=\"color: #ff9900; text-decoration: underline;\" href=\"https:\/\/daniela-ortiz.com\/\" target=\"_blank\" rel=\"noopener noreferrer\" data-saferedirecturl=\"https:\/\/www.google.com\/url?q=https:\/\/daniela-ortiz.com\/&amp;source=gmail&amp;ust=1600251701458000&amp;usg=AFQjCNFPzfYa_fI0X5U5idYxOQKvpqdkhg\">Daniela Ortiz,<\/a><\/span> artista i activista<\/p>\n<\/li>\n<li dir=\"ltr\">\n<p dir=\"ltr\">Maria Garcia d&#8217;<span style=\"text-decoration: underline; color: #ff9900;\"><a style=\"color: #ff9900; text-decoration: underline;\" href=\"https:\/\/www.ecologistasenaccion.org\/federaciones\/catalunya\/\" target=\"_blank\" rel=\"noopener noreferrer\" data-saferedirecturl=\"https:\/\/www.google.com\/url?q=https:\/\/www.ecologistasenaccion.org\/federaciones\/catalunya\/&amp;source=gmail&amp;ust=1600251701458000&amp;usg=AFQjCNG4ufBHY0qF6O3KAisQbv8MRjUPsg\">Ecologistes en acci\u00f3<\/a><\/span><\/p>\n<\/li>\n<li dir=\"ltr\"><span style=\"text-decoration: underline;\"><span style=\"color: #ff9900; text-decoration: underline;\"><a style=\"color: #ff9900; text-decoration: underline;\" href=\"https:\/\/www.uoc.edu\/portal\/ca\/news\/actualitat\/2019\/201-flygskam-renunciar-volar.html\" target=\"_blank\" rel=\"noopener noreferrer\">Pablo D\u00edaz Luque<\/a><\/span><\/span>, professor de la UOC expert en \u00e0mbits de consum i economia col\u00b7laborativa en turisme i desenvolupament tur\u00edstic.<\/li>\n<\/ul>\n<\/div>\n<div class=\"gmail_default\">\n<p dir=\"ltr\">A la tarda, les seg\u00fcents pon\u00e8ncies (en grups redu\u00efts, cal indicar la prioritat a les inscripcions):<\/p>\n<ul>\n<li>Maria Garcia de la<span style=\"text-decoration: underline; color: #ff9900;\"><a style=\"color: #ff9900;\" href=\"http:\/\/www.qualitatdelaire.org\/\" target=\"_blank\" rel=\"noopener noreferrer\" data-saferedirecturl=\"https:\/\/www.google.com\/url?q=http:\/\/www.qualitatdelaire.org\/&amp;source=gmail&amp;ust=1600251701458000&amp;usg=AFQjCNH98Y8QF6ubAzvAA_2CjMTFqIaG6w\"> Plataforma per la qualitat de l\u2019aire<\/a>.<\/span><\/li>\n<li>Theo Insua de la<span style=\"text-decoration: underline;\"><span style=\"color: #ff9900; text-decoration: underline;\"><a style=\"color: #ff9900; text-decoration: underline;\" href=\"https:\/\/opcions.org\/revista\/\" target=\"_blank\" rel=\"noopener noreferrer\" data-saferedirecturl=\"https:\/\/www.google.com\/url?q=https:\/\/opcions.org\/revista\/&amp;source=gmail&amp;ust=1600251701459000&amp;usg=AFQjCNETjTBUWrzK-c5zjp3Cyk7RhY4aRA\"> Revista Opcions<\/a>.<\/span><\/span><\/li>\n<li><span id=\"m_2619693976466912371gmail-docs-internal-guid-ddf79546-7fff-604a-cb5f-435abfa7f44c\">Mart\u00ed Cus\u00f3 de l&#8217;<span style=\"text-decoration: underline;\"><span style=\"color: #ff9900; text-decoration: underline;\"><a style=\"color: #ff9900; text-decoration: underline;\" href=\"https:\/\/assembleabarris.wordpress.com\/\" target=\"_blank\" rel=\"noopener noreferrer\" data-saferedirecturl=\"https:\/\/www.google.com\/url?q=https:\/\/assembleabarris.wordpress.com\/&amp;source=gmail&amp;ust=1600251701459000&amp;usg=AFQjCNGLXTKsFqjEPjBlHVq5QD_LoRRGgg\">Assemblea de barris pel decreixement tur\u00edstic<\/a>.<\/span><\/span><\/span><\/li>\n<\/ul>\n<p>Tanmateix, si voleu saber amb m\u00e9s detall el programa, <span style=\"text-decoration: underline; color: #ff9900;\"><a style=\"color: #ff9900;\" href=\"http:\/\/esplac.cat\/formacions\/jornades-ambientals\" target=\"_blank\" rel=\"noopener noreferrer\">visiteu aqu\u00ed la p\u00e0gina de les Jornades Ambientals<\/a>.<\/span><\/p>\n<\/div>\n<p>Les jornades seran <strong>presencials<\/strong>, respectant totes les mesures de seguretat sanit\u00e0ries (cal portar mascareta i es mantindran en tot moment les dist\u00e0ncies de seguretat entre les persones participants), i tindr\u00e0n lloc a l&#8217;<b>edifici de Rosa Sensat de l&#8217;Av. de les Drassanes, 3, Barcelona<\/b>. Arrencaran a les 10 del mat\u00ed i finalitzaran a les 17 h, per\u00f2 a conseq\u00fc\u00e8ncia de la situaci\u00f3 de la COVID-19, els \u00e0pats no estaran inclosos aquest any, cadasc\u00fa haur\u00e0 de portar els seu propi dinar.<\/p>\n<p><span style=\"font-weight: 400;\">Per a dur a terme aquesta activitat hem seguit la <\/span><a href=\"https:\/\/www.esplac.cat\/wp-content\/uploads\/2020\/01\/Carta_gestio_recursos.pdf\"><span style=\"font-weight: 400;\">Carta de gesti\u00f3 responsable de recursos<\/span><\/a><span style=\"font-weight: 400;\"> i us instem a totes a que l\u2019apliqueu a l\u2019esplai, ja que les nostres accions del dia a dia ens ajuden a ser m\u00e9s sostenibles en aquest moment en el que no podem restar impassibles davant l\u2019estat d\u2019<\/span><a href=\"https:\/\/www.esplac.cat\/wp-content\/uploads\/2020\/06\/Resolucio-emergencia-climatica.pdf\"><span style=\"font-weight: 400;\">emerg\u00e8ncia clim\u00e0tica <\/span><\/a><span style=\"font-weight: 400;\">en la que es troba el planeta Terra.\u00a0<\/span><\/p>\n<h6><strong>Inscripcions obertes!<\/strong><\/h6>\n<p>Aix\u00ed doncs, t&#8217;ho perdr\u00e0s? Les inscripcions ja estan obertes!! El cost \u00e9s de<strong> 2 euros<\/strong> amb totes les activitats incloses. Entra a <strong><span style=\"text-decoration: underline;\"><span style=\"color: #ff9900;\"><a style=\"color: #ff9900; text-decoration: underline;\" href=\"https:\/\/era.esplac.cat\/\" target=\"_blank\" rel=\"noopener noreferrer\">l\u2019Era<\/a><\/span><\/span><\/strong> i inscriu-te confirmant assist\u00e8ncia abans del 28 de setembre.<\/p>\n<p>&nbsp;<\/p>\n<p><img decoding=\"async\" class=\"aligncenter wp-image-35373\" src=\"https:\/\/www.esplac.cat\/wp-content\/uploads\/2020\/09\/Jornades-ambientals-2020-212x300.jpg\" alt=\"Jornades ambientals 2020\" width=\"410\" height=\"581\" srcset=\"https:\/\/www.esplac.cat\/wp-content\/uploads\/2020\/09\/Jornades-ambientals-2020-200x283.jpg 200w, https:\/\/www.esplac.cat\/wp-content\/uploads\/2020\/09\/Jornades-ambientals-2020-212x300.jpg 212w, https:\/\/www.esplac.cat\/wp-content\/uploads\/2020\/09\/Jornades-ambientals-2020-400x566.jpg 400w, https:\/\/www.esplac.cat\/wp-content\/uploads\/2020\/09\/Jornades-ambientals-2020-600x849.jpg 600w, https:\/\/www.esplac.cat\/wp-content\/uploads\/2020\/09\/Jornades-ambientals-2020-724x1024.jpg 724w, https:\/\/www.esplac.cat\/wp-content\/uploads\/2020\/09\/Jornades-ambientals-2020-768x1086.jpg 768w, https:\/\/www.esplac.cat\/wp-content\/uploads\/2020\/09\/Jornades-ambientals-2020-800x1131.jpg 800w, https:\/\/www.esplac.cat\/wp-content\/uploads\/2020\/09\/Jornades-ambientals-2020-1086x1536.jpg 1086w, https:\/\/www.esplac.cat\/wp-content\/uploads\/2020\/09\/Jornades-ambientals-2020-1200x1697.jpg 1200w, https:\/\/www.esplac.cat\/wp-content\/uploads\/2020\/09\/Jornades-ambientals-2020-1448x2048.jpg 1448w, https:\/\/www.esplac.cat\/wp-content\/uploads\/2020\/09\/Jornades-ambientals-2020-scaled.jpg 1810w\" sizes=\"(max-width: 410px) 100vw, 410px\" \/><\/p>\n<\/div><div class=\"fusion-clearfix\"><\/div><\/div><\/div><\/div><\/div>\n","protected":false},"excerpt":{"rendered":"","protected":false},"author":3,"featured_media":32614,"comment_status":"closed","ping_status":"open","sticky":false,"template":"","format":"standard","meta":{"om_disable_all_campaigns":false,"_monsterinsights_skip_tracking":false,"_monsterinsights_sitenote_active":false,"_monsterinsights_sitenote_note":"","_monsterinsights_sitenote_category":0,"_uf_show_specific_survey":0,"_uf_disable_surveys":false,"footnotes":""},"categories":[1159],"tags":[],"class_list":["post-32329","post","type-post","status-publish","format-standard","has-post-thumbnail","hentry","category-jornades-ambientals"],"yoast_head":"<!-- This site is optimized with the Yoast SEO plugin v27.4 - https:\/\/yoast.com\/product\/yoast-seo-wordpress\/ -->\n<title>Jornades Ambientals 2020: Inscripcions obertes! - Esplac<\/title>\n<meta name=\"description\" content=\"El proper 4 d&#039;octubre se celebraran les VII Jornades Ambientals a Barcelona. Som conscients de la petjada ecol\u00f2gica dels nostres viatges?\" \/>\n<meta name=\"robots\" content=\"index, follow, max-snippet:-1, max-image-preview:large, max-video-preview:-1\" \/>\n<link rel=\"canonical\" href=\"https:\/\/www.esplac.cat\/en\/jornades-ambientals-2020-inscripcions-obertes\/\" \/>\n<meta property=\"og:locale\" content=\"es_ES\" \/>\n<meta property=\"og:type\" content=\"article\" \/>\n<meta property=\"og:title\" content=\"Jornades Ambientals 2020: Inscripcions obertes! - Esplac\" \/>\n<meta property=\"og:description\" content=\"El proper 4 d&#039;octubre se celebraran les VII Jornades Ambientals a Barcelona. Som conscients de la petjada ecol\u00f2gica dels nostres viatges?\" \/>\n<meta property=\"og:url\" content=\"https:\/\/www.esplac.cat\/en\/jornades-ambientals-2020-inscripcions-obertes\/\" \/>\n<meta property=\"og:site_name\" content=\"Esplac\" \/>\n<meta property=\"article:published_time\" content=\"2020-09-15T07:38:14+00:00\" \/>\n<meta property=\"article:modified_time\" content=\"2021-03-25T17:26:40+00:00\" \/>\n<meta property=\"og:image\" content=\"https:\/\/www.esplac.cat\/wp-content\/uploads\/2020\/09\/portades-web.jpg\" \/>\n\t<meta property=\"og:image:width\" content=\"1697\" \/>\n\t<meta property=\"og:image:height\" content=\"700\" \/>\n\t<meta property=\"og:image:type\" content=\"image\/jpeg\" \/>\n<meta name=\"author\" content=\"Comunicaci\u00f3 Esplac\" \/>\n<meta name=\"twitter:card\" content=\"summary_large_image\" \/>\n<meta name=\"twitter:label1\" content=\"Escrito por\" \/>\n\t<meta name=\"twitter:data1\" content=\"Comunicaci\u00f3 Esplac\" \/>\n\t<meta name=\"twitter:label2\" content=\"Tiempo de lectura\" \/>\n\t<meta name=\"twitter:data2\" content=\"3 minutos\" \/>\n<script type=\"application\/ld+json\" class=\"yoast-schema-graph\">{\"@context\":\"https:\\\/\\\/schema.org\",\"@graph\":[{\"@type\":\"Article\",\"@id\":\"https:\\\/\\\/www.esplac.cat\\\/en\\\/jornades-ambientals-2020-inscripcions-obertes\\\/#article\",\"isPartOf\":{\"@id\":\"https:\\\/\\\/www.esplac.cat\\\/en\\\/jornades-ambientals-2020-inscripcions-obertes\\\/\"},\"author\":{\"name\":\"Comunicaci\u00f3 Esplac\",\"@id\":\"https:\\\/\\\/www.esplac.cat\\\/#\\\/schema\\\/person\\\/908383cf240be18b68f8855d0583faca\"},\"headline\":\"Jornades Ambientals 2020: Inscripcions obertes!\",\"datePublished\":\"2020-09-15T07:38:14+00:00\",\"dateModified\":\"2021-03-25T17:26:40+00:00\",\"mainEntityOfPage\":{\"@id\":\"https:\\\/\\\/www.esplac.cat\\\/en\\\/jornades-ambientals-2020-inscripcions-obertes\\\/\"},\"wordCount\":633,\"publisher\":{\"@id\":\"https:\\\/\\\/www.esplac.cat\\\/#organization\"},\"image\":{\"@id\":\"https:\\\/\\\/www.esplac.cat\\\/en\\\/jornades-ambientals-2020-inscripcions-obertes\\\/#primaryimage\"},\"thumbnailUrl\":\"https:\\\/\\\/www.esplac.cat\\\/wp-content\\\/uploads\\\/2020\\\/09\\\/portades-web.jpg\",\"articleSection\":[\"Jornades ambientals\"],\"inLanguage\":\"es\"},{\"@type\":\"WebPage\",\"@id\":\"https:\\\/\\\/www.esplac.cat\\\/en\\\/jornades-ambientals-2020-inscripcions-obertes\\\/\",\"url\":\"https:\\\/\\\/www.esplac.cat\\\/en\\\/jornades-ambientals-2020-inscripcions-obertes\\\/\",\"name\":\"Jornades Ambientals 2020: Inscripcions obertes! - Esplac\",\"isPartOf\":{\"@id\":\"https:\\\/\\\/www.esplac.cat\\\/#website\"},\"primaryImageOfPage\":{\"@id\":\"https:\\\/\\\/www.esplac.cat\\\/en\\\/jornades-ambientals-2020-inscripcions-obertes\\\/#primaryimage\"},\"image\":{\"@id\":\"https:\\\/\\\/www.esplac.cat\\\/en\\\/jornades-ambientals-2020-inscripcions-obertes\\\/#primaryimage\"},\"thumbnailUrl\":\"https:\\\/\\\/www.esplac.cat\\\/wp-content\\\/uploads\\\/2020\\\/09\\\/portades-web.jpg\",\"datePublished\":\"2020-09-15T07:38:14+00:00\",\"dateModified\":\"2021-03-25T17:26:40+00:00\",\"description\":\"El proper 4 d'octubre se celebraran les VII Jornades Ambientals a Barcelona. Som conscients de la petjada ecol\u00f2gica dels nostres viatges?\",\"breadcrumb\":{\"@id\":\"https:\\\/\\\/www.esplac.cat\\\/en\\\/jornades-ambientals-2020-inscripcions-obertes\\\/#breadcrumb\"},\"inLanguage\":\"es\",\"potentialAction\":[{\"@type\":\"ReadAction\",\"target\":[\"https:\\\/\\\/www.esplac.cat\\\/en\\\/jornades-ambientals-2020-inscripcions-obertes\\\/\"]}]},{\"@type\":\"ImageObject\",\"inLanguage\":\"es\",\"@id\":\"https:\\\/\\\/www.esplac.cat\\\/en\\\/jornades-ambientals-2020-inscripcions-obertes\\\/#primaryimage\",\"url\":\"https:\\\/\\\/www.esplac.cat\\\/wp-content\\\/uploads\\\/2020\\\/09\\\/portades-web.jpg\",\"contentUrl\":\"https:\\\/\\\/www.esplac.cat\\\/wp-content\\\/uploads\\\/2020\\\/09\\\/portades-web.jpg\",\"width\":1697,\"height\":700},{\"@type\":\"BreadcrumbList\",\"@id\":\"https:\\\/\\\/www.esplac.cat\\\/en\\\/jornades-ambientals-2020-inscripcions-obertes\\\/#breadcrumb\",\"itemListElement\":[{\"@type\":\"ListItem\",\"position\":1,\"name\":\"Inici\",\"item\":\"https:\\\/\\\/www.esplac.cat\\\/es\\\/\"},{\"@type\":\"ListItem\",\"position\":2,\"name\":\"Jornades Ambientals 2020: Inscripcions obertes!\"}]},{\"@type\":\"WebSite\",\"@id\":\"https:\\\/\\\/www.esplac.cat\\\/#website\",\"url\":\"https:\\\/\\\/www.esplac.cat\\\/\",\"name\":\"Esplac\",\"description\":\"Esplais Catalans\",\"publisher\":{\"@id\":\"https:\\\/\\\/www.esplac.cat\\\/#organization\"},\"potentialAction\":[{\"@type\":\"SearchAction\",\"target\":{\"@type\":\"EntryPoint\",\"urlTemplate\":\"https:\\\/\\\/www.esplac.cat\\\/?s={search_term_string}\"},\"query-input\":{\"@type\":\"PropertyValueSpecification\",\"valueRequired\":true,\"valueName\":\"search_term_string\"}}],\"inLanguage\":\"es\"},{\"@type\":\"Organization\",\"@id\":\"https:\\\/\\\/www.esplac.cat\\\/#organization\",\"name\":\"Esplac\",\"url\":\"https:\\\/\\\/www.esplac.cat\\\/\",\"logo\":{\"@type\":\"ImageObject\",\"inLanguage\":\"es\",\"@id\":\"https:\\\/\\\/www.esplac.cat\\\/#\\\/schema\\\/logo\\\/image\\\/\",\"url\":\"https:\\\/\\\/www.esplac.cat\\\/wp-content\\\/uploads\\\/2019\\\/08\\\/logox2.png\",\"contentUrl\":\"https:\\\/\\\/www.esplac.cat\\\/wp-content\\\/uploads\\\/2019\\\/08\\\/logox2.png\",\"width\":600,\"height\":295,\"caption\":\"Esplac\"},\"image\":{\"@id\":\"https:\\\/\\\/www.esplac.cat\\\/#\\\/schema\\\/logo\\\/image\\\/\"}},{\"@type\":\"Person\",\"@id\":\"https:\\\/\\\/www.esplac.cat\\\/#\\\/schema\\\/person\\\/908383cf240be18b68f8855d0583faca\",\"name\":\"Comunicaci\u00f3 Esplac\",\"image\":{\"@type\":\"ImageObject\",\"inLanguage\":\"es\",\"@id\":\"https:\\\/\\\/secure.gravatar.com\\\/avatar\\\/7a4cf8feb412a76ea4a740ca02d95b06b2907b5a6c648c2dd0a1082a093c3141?s=96&d=mm&r=g\",\"url\":\"https:\\\/\\\/secure.gravatar.com\\\/avatar\\\/7a4cf8feb412a76ea4a740ca02d95b06b2907b5a6c648c2dd0a1082a093c3141?s=96&d=mm&r=g\",\"contentUrl\":\"https:\\\/\\\/secure.gravatar.com\\\/avatar\\\/7a4cf8feb412a76ea4a740ca02d95b06b2907b5a6c648c2dd0a1082a093c3141?s=96&d=mm&r=g\",\"caption\":\"Comunicaci\u00f3 Esplac\"}}]}<\/script>\n<!-- \/ Yoast SEO plugin. -->","yoast_head_json":{"title":"Jornades Ambientals 2020: Inscripcions obertes! - Esplac","description":"El proper 4 d'octubre se celebraran les VII Jornades Ambientals a Barcelona. Som conscients de la petjada ecol\u00f2gica dels nostres viatges?","robots":{"index":"index","follow":"follow","max-snippet":"max-snippet:-1","max-image-preview":"max-image-preview:large","max-video-preview":"max-video-preview:-1"},"canonical":"https:\/\/www.esplac.cat\/en\/jornades-ambientals-2020-inscripcions-obertes\/","og_locale":"es_ES","og_type":"article","og_title":"Jornades Ambientals 2020: Inscripcions obertes! - Esplac","og_description":"El proper 4 d'octubre se celebraran les VII Jornades Ambientals a Barcelona. Som conscients de la petjada ecol\u00f2gica dels nostres viatges?","og_url":"https:\/\/www.esplac.cat\/en\/jornades-ambientals-2020-inscripcions-obertes\/","og_site_name":"Esplac","article_published_time":"2020-09-15T07:38:14+00:00","article_modified_time":"2021-03-25T17:26:40+00:00","og_image":[{"width":1697,"height":700,"url":"https:\/\/www.esplac.cat\/wp-content\/uploads\/2020\/09\/portades-web.jpg","type":"image\/jpeg"}],"author":"Comunicaci\u00f3 Esplac","twitter_card":"summary_large_image","twitter_misc":{"Escrito por":"Comunicaci\u00f3 Esplac","Tiempo de lectura":"3 minutos"},"schema":{"@context":"https:\/\/schema.org","@graph":[{"@type":"Article","@id":"https:\/\/www.esplac.cat\/en\/jornades-ambientals-2020-inscripcions-obertes\/#article","isPartOf":{"@id":"https:\/\/www.esplac.cat\/en\/jornades-ambientals-2020-inscripcions-obertes\/"},"author":{"name":"Comunicaci\u00f3 Esplac","@id":"https:\/\/www.esplac.cat\/#\/schema\/person\/908383cf240be18b68f8855d0583faca"},"headline":"Jornades Ambientals 2020: Inscripcions obertes!","datePublished":"2020-09-15T07:38:14+00:00","dateModified":"2021-03-25T17:26:40+00:00","mainEntityOfPage":{"@id":"https:\/\/www.esplac.cat\/en\/jornades-ambientals-2020-inscripcions-obertes\/"},"wordCount":633,"publisher":{"@id":"https:\/\/www.esplac.cat\/#organization"},"image":{"@id":"https:\/\/www.esplac.cat\/en\/jornades-ambientals-2020-inscripcions-obertes\/#primaryimage"},"thumbnailUrl":"https:\/\/www.esplac.cat\/wp-content\/uploads\/2020\/09\/portades-web.jpg","articleSection":["Jornades ambientals"],"inLanguage":"es"},{"@type":"WebPage","@id":"https:\/\/www.esplac.cat\/en\/jornades-ambientals-2020-inscripcions-obertes\/","url":"https:\/\/www.esplac.cat\/en\/jornades-ambientals-2020-inscripcions-obertes\/","name":"Jornades Ambientals 2020: Inscripcions obertes! - Esplac","isPartOf":{"@id":"https:\/\/www.esplac.cat\/#website"},"primaryImageOfPage":{"@id":"https:\/\/www.esplac.cat\/en\/jornades-ambientals-2020-inscripcions-obertes\/#primaryimage"},"image":{"@id":"https:\/\/www.esplac.cat\/en\/jornades-ambientals-2020-inscripcions-obertes\/#primaryimage"},"thumbnailUrl":"https:\/\/www.esplac.cat\/wp-content\/uploads\/2020\/09\/portades-web.jpg","datePublished":"2020-09-15T07:38:14+00:00","dateModified":"2021-03-25T17:26:40+00:00","description":"El proper 4 d'octubre se celebraran les VII Jornades Ambientals a Barcelona. Som conscients de la petjada ecol\u00f2gica dels nostres viatges?","breadcrumb":{"@id":"https:\/\/www.esplac.cat\/en\/jornades-ambientals-2020-inscripcions-obertes\/#breadcrumb"},"inLanguage":"es","potentialAction":[{"@type":"ReadAction","target":["https:\/\/www.esplac.cat\/en\/jornades-ambientals-2020-inscripcions-obertes\/"]}]},{"@type":"ImageObject","inLanguage":"es","@id":"https:\/\/www.esplac.cat\/en\/jornades-ambientals-2020-inscripcions-obertes\/#primaryimage","url":"https:\/\/www.esplac.cat\/wp-content\/uploads\/2020\/09\/portades-web.jpg","contentUrl":"https:\/\/www.esplac.cat\/wp-content\/uploads\/2020\/09\/portades-web.jpg","width":1697,"height":700},{"@type":"BreadcrumbList","@id":"https:\/\/www.esplac.cat\/en\/jornades-ambientals-2020-inscripcions-obertes\/#breadcrumb","itemListElement":[{"@type":"ListItem","position":1,"name":"Inici","item":"https:\/\/www.esplac.cat\/es\/"},{"@type":"ListItem","position":2,"name":"Jornades Ambientals 2020: Inscripcions obertes!"}]},{"@type":"WebSite","@id":"https:\/\/www.esplac.cat\/#website","url":"https:\/\/www.esplac.cat\/","name":"Esplac","description":"Esplais Catalans","publisher":{"@id":"https:\/\/www.esplac.cat\/#organization"},"potentialAction":[{"@type":"SearchAction","target":{"@type":"EntryPoint","urlTemplate":"https:\/\/www.esplac.cat\/?s={search_term_string}"},"query-input":{"@type":"PropertyValueSpecification","valueRequired":true,"valueName":"search_term_string"}}],"inLanguage":"es"},{"@type":"Organization","@id":"https:\/\/www.esplac.cat\/#organization","name":"Esplac","url":"https:\/\/www.esplac.cat\/","logo":{"@type":"ImageObject","inLanguage":"es","@id":"https:\/\/www.esplac.cat\/#\/schema\/logo\/image\/","url":"https:\/\/www.esplac.cat\/wp-content\/uploads\/2019\/08\/logox2.png","contentUrl":"https:\/\/www.esplac.cat\/wp-content\/uploads\/2019\/08\/logox2.png","width":600,"height":295,"caption":"Esplac"},"image":{"@id":"https:\/\/www.esplac.cat\/#\/schema\/logo\/image\/"}},{"@type":"Person","@id":"https:\/\/www.esplac.cat\/#\/schema\/person\/908383cf240be18b68f8855d0583faca","name":"Comunicaci\u00f3 Esplac","image":{"@type":"ImageObject","inLanguage":"es","@id":"https:\/\/secure.gravatar.com\/avatar\/7a4cf8feb412a76ea4a740ca02d95b06b2907b5a6c648c2dd0a1082a093c3141?s=96&d=mm&r=g","url":"https:\/\/secure.gravatar.com\/avatar\/7a4cf8feb412a76ea4a740ca02d95b06b2907b5a6c648c2dd0a1082a093c3141?s=96&d=mm&r=g","contentUrl":"https:\/\/secure.gravatar.com\/avatar\/7a4cf8feb412a76ea4a740ca02d95b06b2907b5a6c648c2dd0a1082a093c3141?s=96&d=mm&r=g","caption":"Comunicaci\u00f3 Esplac"}}]}},"_links":{"self":[{"href":"https:\/\/www.esplac.cat\/es\/wp-json\/wp\/v2\/posts\/32329","targetHints":{"allow":["GET"]}}],"collection":[{"href":"https:\/\/www.esplac.cat\/es\/wp-json\/wp\/v2\/posts"}],"about":[{"href":"https:\/\/www.esplac.cat\/es\/wp-json\/wp\/v2\/types\/post"}],"author":[{"embeddable":true,"href":"https:\/\/www.esplac.cat\/es\/wp-json\/wp\/v2\/users\/3"}],"replies":[{"embeddable":true,"href":"https:\/\/www.esplac.cat\/es\/wp-json\/wp\/v2\/comments?post=32329"}],"version-history":[{"count":0,"href":"https:\/\/www.esplac.cat\/es\/wp-json\/wp\/v2\/posts\/32329\/revisions"}],"wp:featuredmedia":[{"embeddable":true,"href":"https:\/\/www.esplac.cat\/es\/wp-json\/wp\/v2\/media\/32614"}],"wp:attachment":[{"href":"https:\/\/www.esplac.cat\/es\/wp-json\/wp\/v2\/media?parent=32329"}],"wp:term":[{"taxonomy":"category","embeddable":true,"href":"https:\/\/www.esplac.cat\/es\/wp-json\/wp\/v2\/categories?post=32329"},{"taxonomy":"post_tag","embeddable":true,"href":"https:\/\/www.esplac.cat\/es\/wp-json\/wp\/v2\/tags?post=32329"}],"curies":[{"name":"wp","href":"https:\/\/api.w.org\/{rel}","templated":true}]}}