{"id":32449,"date":"2020-09-17T09:04:02","date_gmt":"2020-09-17T08:04:02","guid":{"rendered":"https:\/\/www.esplac.cat\/?p=32449"},"modified":"2020-10-15T17:22:45","modified_gmt":"2020-10-15T16:22:45","slug":"participa-conferencia-jove-online-europeans-for-peace","status":"publish","type":"post","link":"https:\/\/www.esplac.cat\/es\/participa-conferencia-jove-online-europeans-for-peace\/","title":{"rendered":"Participa en la confer\u00e8ncia jove online \u201cEuropeans for peace\u201d"},"content":{"rendered":"<h6><b>Sota el lema \u201c<\/b><b><i>Same? Different? Equal! &#8211; Celebrate Diversity<\/i><\/b><b>\u201d la Fundaci\u00f3 EVZ i la Fundaci\u00f3 wannseeFORUM organitzen un esdeveniment online de 3 dies per a joves europeus, l'\u00bbEuropeans for peace\u00bb.<\/b><\/h6>\n<p><span style=\"font-weight: 400;\">El programa \u201cEuropeans for peace\u201d celebra 15 anys i han organitzat una confer\u00e8ncia jove que tindr\u00e0 lloc <\/span><b>en format virtual del 16 al 18 de novembre<\/b><span style=\"font-weight: 400;\">. La trobada compatar\u00e0 amb diferents tallers liderats per persones expertes en drets humans i est\u00e0 pensada per aprofitar recursos interactius per tal de fer una connexi\u00f3 din\u00e0mica i amena.<\/span><\/p>\n<p><span style=\"font-weight: 400;\">El tema escollit per aquest esdveniment \u00e9s <\/span><b>entendre la<\/b> <b>diversitat com una font de riquesa social i cultural<\/b><span style=\"font-weight: 400;\">. Es parlar\u00e0 de les dimensions de g\u00e8nere, racisme, drets sobre g\u00e8neres i sexualitats diverses i dissidents, habilitats f\u00edsiques, creences religioses i privilegis.<\/span><\/p>\n<p><span style=\"font-weight: 400;\">Durant la confer\u00e8ncia online les persones participants compartiran experi\u00e8ncies, coneixements i es treballaran conceptes com el poder o la just\u00edcia interseccional per poder fer un autorevisi\u00f3 cr\u00edtica de status i pertinen\u00e7a de grup. S\u2019avaluar\u00e0 quines veus s\u00f3n silenciades i invisibilitzades tot parlant de l\u2019apoderament juvenil.\u00a0<\/span><\/p>\n<p><strong>Quins requisits demanen?<\/strong><\/p>\n<ul>\n<li style=\"font-weight: 400;\"><span style=\"font-weight: 400;\">Tenir entre 16 i 27 anys.<\/span><\/li>\n<li style=\"font-weight: 400;\"><span style=\"font-weight: 400;\">Poder comunicar-se i entendre\u2019s en angl\u00e8s.<\/span><\/li>\n<\/ul>\n<p><strong>Qu\u00e8 s\u2019ha de fer per inscriure\u2019s?<\/strong><\/p>\n<ul>\n<li style=\"font-weight: 400;\"><span style=\"font-weight: 400;\">Seguir les instruccions que s\u2019indiquen a: <\/span><a href=\"https:\/\/www.youforpeace.org\/registration\"><span style=\"font-weight: 400;\">https:\/\/www.youforpeace.org\/registration<\/span><\/a><\/li>\n<\/ul>\n<p><span style=\"font-weight: 400;\">\u00c9s gratu\u00efta i les organitzadores faran una selecci\u00f3 de participants per tal de garantir un grup divers amb diferents realitats.<\/span><\/p>\n<p><span style=\"font-weight: 400;\">Si t\u2019interessa i vols m\u00e9s informaci\u00f3, ves a la <\/span><span style=\"text-decoration: underline;\"><span style=\"color: #ff9900;\"><a style=\"color: #ff9900;\" href=\"https:\/\/www.youforpeace.org\/\"><span style=\"font-weight: 400;\">p\u00e0gina web de l\u2019esdeveniment<\/span><\/a><\/span><\/span><span style=\"font-weight: 400;\">. Si tens qualsevol dubte pots escriure a <\/span><a href=\"mailto:internacional@esplac.cat\"><span style=\"font-weight: 400;\">internacional@esplac.cat<\/span><\/a><span style=\"font-weight: 400;\">.<\/span><\/p>\n<p>&nbsp;<\/p>\n<p><span style=\"font-weight: 400;\">Data l\u00edmit per registrar-se: <\/span><b>24 de setembre de 2020<\/b><\/p>\n","protected":false},"excerpt":{"rendered":"<p>Sota el lema \u201cSame? Different? Equal! &#8211; Celebrate Diversity\u201d la [&hellip;]<\/p>\n","protected":false},"author":3,"featured_media":32450,"comment_status":"closed","ping_status":"open","sticky":false,"template":"","format":"standard","meta":{"om_disable_all_campaigns":false,"_monsterinsights_skip_tracking":false,"_monsterinsights_sitenote_active":false,"_monsterinsights_sitenote_note":"","_monsterinsights_sitenote_category":0,"_uf_show_specific_survey":0,"_uf_disable_surveys":false,"footnotes":""},"categories":[1112],"tags":[],"class_list":["post-32449","post","type-post","status-publish","format-standard","has-post-thumbnail","hentry","category-esplac-al-mon"],"yoast_head":"<!-- This site is optimized with the Yoast SEO plugin v27.5 - https:\/\/yoast.com\/product\/yoast-seo-wordpress\/ -->\n<title>Participa en la confer\u00e8ncia jove online \u201cEuropeans for peace\u201d - Esplac<\/title>\n<meta name=\"description\" content=\"La Fundaci\u00f3 EVZ i la Fundaci\u00f3 wannseeFORUM organitzen un esdeveniment online de 3 dies per a joves europeus, l&#039;&quot;Europeans for peace&quot;.\" \/>\n<meta name=\"robots\" content=\"index, follow, max-snippet:-1, max-image-preview:large, max-video-preview:-1\" \/>\n<link rel=\"canonical\" href=\"https:\/\/www.esplac.cat\/en\/participa-conferencia-jove-online-europeans-for-peace\/\" \/>\n<meta property=\"og:locale\" content=\"es_ES\" \/>\n<meta property=\"og:type\" content=\"article\" \/>\n<meta property=\"og:title\" content=\"Participa en la confer\u00e8ncia jove online \u201cEuropeans for peace\u201d - Esplac\" \/>\n<meta property=\"og:description\" content=\"La Fundaci\u00f3 EVZ i la Fundaci\u00f3 wannseeFORUM organitzen un esdeveniment online de 3 dies per a joves europeus, l&#039;&quot;Europeans for peace&quot;.\" \/>\n<meta property=\"og:url\" content=\"https:\/\/www.esplac.cat\/en\/participa-conferencia-jove-online-europeans-for-peace\/\" \/>\n<meta property=\"og:site_name\" content=\"Esplac\" \/>\n<meta property=\"article:published_time\" content=\"2020-09-17T08:04:02+00:00\" \/>\n<meta property=\"article:modified_time\" content=\"2020-10-15T16:22:45+00:00\" \/>\n<meta property=\"og:image\" content=\"https:\/\/www.esplac.cat\/wp-content\/uploads\/2020\/09\/europeansforpeace.jpg\" \/>\n\t<meta property=\"og:image:width\" content=\"1697\" \/>\n\t<meta property=\"og:image:height\" content=\"700\" \/>\n\t<meta property=\"og:image:type\" content=\"image\/jpeg\" \/>\n<meta name=\"author\" content=\"Comunicaci\u00f3 Esplac\" \/>\n<meta name=\"twitter:card\" content=\"summary_large_image\" \/>\n<meta name=\"twitter:label1\" content=\"Escrito por\" \/>\n\t<meta name=\"twitter:data1\" content=\"Comunicaci\u00f3 Esplac\" \/>\n\t<meta name=\"twitter:label2\" content=\"Tiempo de lectura\" \/>\n\t<meta name=\"twitter:data2\" content=\"1 minuto\" \/>\n<script type=\"application\/ld+json\" class=\"yoast-schema-graph\">{\"@context\":\"https:\\\/\\\/schema.org\",\"@graph\":[{\"@type\":\"Article\",\"@id\":\"https:\\\/\\\/www.esplac.cat\\\/en\\\/participa-conferencia-jove-online-europeans-for-peace\\\/#article\",\"isPartOf\":{\"@id\":\"https:\\\/\\\/www.esplac.cat\\\/en\\\/participa-conferencia-jove-online-europeans-for-peace\\\/\"},\"author\":{\"name\":\"Comunicaci\u00f3 Esplac\",\"@id\":\"https:\\\/\\\/www.esplac.cat\\\/#\\\/schema\\\/person\\\/908383cf240be18b68f8855d0583faca\"},\"headline\":\"Participa en la confer\u00e8ncia jove online \u201cEuropeans for peace\u201d\",\"datePublished\":\"2020-09-17T08:04:02+00:00\",\"dateModified\":\"2020-10-15T16:22:45+00:00\",\"mainEntityOfPage\":{\"@id\":\"https:\\\/\\\/www.esplac.cat\\\/en\\\/participa-conferencia-jove-online-europeans-for-peace\\\/\"},\"wordCount\":282,\"publisher\":{\"@id\":\"https:\\\/\\\/www.esplac.cat\\\/#organization\"},\"image\":{\"@id\":\"https:\\\/\\\/www.esplac.cat\\\/en\\\/participa-conferencia-jove-online-europeans-for-peace\\\/#primaryimage\"},\"thumbnailUrl\":\"https:\\\/\\\/www.esplac.cat\\\/wp-content\\\/uploads\\\/2020\\\/09\\\/europeansforpeace.jpg\",\"articleSection\":[\"Esplac al m\u00f3n\"],\"inLanguage\":\"es\"},{\"@type\":\"WebPage\",\"@id\":\"https:\\\/\\\/www.esplac.cat\\\/en\\\/participa-conferencia-jove-online-europeans-for-peace\\\/\",\"url\":\"https:\\\/\\\/www.esplac.cat\\\/en\\\/participa-conferencia-jove-online-europeans-for-peace\\\/\",\"name\":\"Participa en la confer\u00e8ncia jove online \u201cEuropeans for peace\u201d - Esplac\",\"isPartOf\":{\"@id\":\"https:\\\/\\\/www.esplac.cat\\\/#website\"},\"primaryImageOfPage\":{\"@id\":\"https:\\\/\\\/www.esplac.cat\\\/en\\\/participa-conferencia-jove-online-europeans-for-peace\\\/#primaryimage\"},\"image\":{\"@id\":\"https:\\\/\\\/www.esplac.cat\\\/en\\\/participa-conferencia-jove-online-europeans-for-peace\\\/#primaryimage\"},\"thumbnailUrl\":\"https:\\\/\\\/www.esplac.cat\\\/wp-content\\\/uploads\\\/2020\\\/09\\\/europeansforpeace.jpg\",\"datePublished\":\"2020-09-17T08:04:02+00:00\",\"dateModified\":\"2020-10-15T16:22:45+00:00\",\"description\":\"La Fundaci\u00f3 EVZ i la Fundaci\u00f3 wannseeFORUM organitzen un esdeveniment online de 3 dies per a joves europeus, l'\\\"Europeans for peace\\\".\",\"breadcrumb\":{\"@id\":\"https:\\\/\\\/www.esplac.cat\\\/en\\\/participa-conferencia-jove-online-europeans-for-peace\\\/#breadcrumb\"},\"inLanguage\":\"es\",\"potentialAction\":[{\"@type\":\"ReadAction\",\"target\":[\"https:\\\/\\\/www.esplac.cat\\\/en\\\/participa-conferencia-jove-online-europeans-for-peace\\\/\"]}]},{\"@type\":\"ImageObject\",\"inLanguage\":\"es\",\"@id\":\"https:\\\/\\\/www.esplac.cat\\\/en\\\/participa-conferencia-jove-online-europeans-for-peace\\\/#primaryimage\",\"url\":\"https:\\\/\\\/www.esplac.cat\\\/wp-content\\\/uploads\\\/2020\\\/09\\\/europeansforpeace.jpg\",\"contentUrl\":\"https:\\\/\\\/www.esplac.cat\\\/wp-content\\\/uploads\\\/2020\\\/09\\\/europeansforpeace.jpg\",\"width\":1697,\"height\":700,\"caption\":\"Europeans for peace\"},{\"@type\":\"BreadcrumbList\",\"@id\":\"https:\\\/\\\/www.esplac.cat\\\/en\\\/participa-conferencia-jove-online-europeans-for-peace\\\/#breadcrumb\",\"itemListElement\":[{\"@type\":\"ListItem\",\"position\":1,\"name\":\"Inici\",\"item\":\"https:\\\/\\\/www.esplac.cat\\\/es\\\/\"},{\"@type\":\"ListItem\",\"position\":2,\"name\":\"Participa en la confer\u00e8ncia jove online \u201cEuropeans for peace\u201d\"}]},{\"@type\":\"WebSite\",\"@id\":\"https:\\\/\\\/www.esplac.cat\\\/#website\",\"url\":\"https:\\\/\\\/www.esplac.cat\\\/\",\"name\":\"Esplac\",\"description\":\"Esplais Catalans\",\"publisher\":{\"@id\":\"https:\\\/\\\/www.esplac.cat\\\/#organization\"},\"potentialAction\":[{\"@type\":\"SearchAction\",\"target\":{\"@type\":\"EntryPoint\",\"urlTemplate\":\"https:\\\/\\\/www.esplac.cat\\\/?s={search_term_string}\"},\"query-input\":{\"@type\":\"PropertyValueSpecification\",\"valueRequired\":true,\"valueName\":\"search_term_string\"}}],\"inLanguage\":\"es\"},{\"@type\":\"Organization\",\"@id\":\"https:\\\/\\\/www.esplac.cat\\\/#organization\",\"name\":\"Esplac\",\"url\":\"https:\\\/\\\/www.esplac.cat\\\/\",\"logo\":{\"@type\":\"ImageObject\",\"inLanguage\":\"es\",\"@id\":\"https:\\\/\\\/www.esplac.cat\\\/#\\\/schema\\\/logo\\\/image\\\/\",\"url\":\"https:\\\/\\\/www.esplac.cat\\\/wp-content\\\/uploads\\\/2019\\\/08\\\/logox2.png\",\"contentUrl\":\"https:\\\/\\\/www.esplac.cat\\\/wp-content\\\/uploads\\\/2019\\\/08\\\/logox2.png\",\"width\":600,\"height\":295,\"caption\":\"Esplac\"},\"image\":{\"@id\":\"https:\\\/\\\/www.esplac.cat\\\/#\\\/schema\\\/logo\\\/image\\\/\"}},{\"@type\":\"Person\",\"@id\":\"https:\\\/\\\/www.esplac.cat\\\/#\\\/schema\\\/person\\\/908383cf240be18b68f8855d0583faca\",\"name\":\"Comunicaci\u00f3 Esplac\",\"image\":{\"@type\":\"ImageObject\",\"inLanguage\":\"es\",\"@id\":\"https:\\\/\\\/secure.gravatar.com\\\/avatar\\\/7a4cf8feb412a76ea4a740ca02d95b06b2907b5a6c648c2dd0a1082a093c3141?s=96&d=mm&r=g\",\"url\":\"https:\\\/\\\/secure.gravatar.com\\\/avatar\\\/7a4cf8feb412a76ea4a740ca02d95b06b2907b5a6c648c2dd0a1082a093c3141?s=96&d=mm&r=g\",\"contentUrl\":\"https:\\\/\\\/secure.gravatar.com\\\/avatar\\\/7a4cf8feb412a76ea4a740ca02d95b06b2907b5a6c648c2dd0a1082a093c3141?s=96&d=mm&r=g\",\"caption\":\"Comunicaci\u00f3 Esplac\"}}]}<\/script>\n<!-- \/ Yoast SEO plugin. -->","yoast_head_json":{"title":"Participa en la confer\u00e8ncia jove online \u201cEuropeans for peace\u201d - Esplac","description":"La Fundaci\u00f3 EVZ i la Fundaci\u00f3 wannseeFORUM organitzen un esdeveniment online de 3 dies per a joves europeus, l'\"Europeans for peace\".","robots":{"index":"index","follow":"follow","max-snippet":"max-snippet:-1","max-image-preview":"max-image-preview:large","max-video-preview":"max-video-preview:-1"},"canonical":"https:\/\/www.esplac.cat\/en\/participa-conferencia-jove-online-europeans-for-peace\/","og_locale":"es_ES","og_type":"article","og_title":"Participa en la confer\u00e8ncia jove online \u201cEuropeans for peace\u201d - Esplac","og_description":"La Fundaci\u00f3 EVZ i la Fundaci\u00f3 wannseeFORUM organitzen un esdeveniment online de 3 dies per a joves europeus, l'\"Europeans for peace\".","og_url":"https:\/\/www.esplac.cat\/en\/participa-conferencia-jove-online-europeans-for-peace\/","og_site_name":"Esplac","article_published_time":"2020-09-17T08:04:02+00:00","article_modified_time":"2020-10-15T16:22:45+00:00","og_image":[{"width":1697,"height":700,"url":"https:\/\/www.esplac.cat\/wp-content\/uploads\/2020\/09\/europeansforpeace.jpg","type":"image\/jpeg"}],"author":"Comunicaci\u00f3 Esplac","twitter_card":"summary_large_image","twitter_misc":{"Escrito por":"Comunicaci\u00f3 Esplac","Tiempo de lectura":"1 minuto"},"schema":{"@context":"https:\/\/schema.org","@graph":[{"@type":"Article","@id":"https:\/\/www.esplac.cat\/en\/participa-conferencia-jove-online-europeans-for-peace\/#article","isPartOf":{"@id":"https:\/\/www.esplac.cat\/en\/participa-conferencia-jove-online-europeans-for-peace\/"},"author":{"name":"Comunicaci\u00f3 Esplac","@id":"https:\/\/www.esplac.cat\/#\/schema\/person\/908383cf240be18b68f8855d0583faca"},"headline":"Participa en la confer\u00e8ncia jove online \u201cEuropeans for peace\u201d","datePublished":"2020-09-17T08:04:02+00:00","dateModified":"2020-10-15T16:22:45+00:00","mainEntityOfPage":{"@id":"https:\/\/www.esplac.cat\/en\/participa-conferencia-jove-online-europeans-for-peace\/"},"wordCount":282,"publisher":{"@id":"https:\/\/www.esplac.cat\/#organization"},"image":{"@id":"https:\/\/www.esplac.cat\/en\/participa-conferencia-jove-online-europeans-for-peace\/#primaryimage"},"thumbnailUrl":"https:\/\/www.esplac.cat\/wp-content\/uploads\/2020\/09\/europeansforpeace.jpg","articleSection":["Esplac al m\u00f3n"],"inLanguage":"es"},{"@type":"WebPage","@id":"https:\/\/www.esplac.cat\/en\/participa-conferencia-jove-online-europeans-for-peace\/","url":"https:\/\/www.esplac.cat\/en\/participa-conferencia-jove-online-europeans-for-peace\/","name":"Participa en la confer\u00e8ncia jove online \u201cEuropeans for peace\u201d - Esplac","isPartOf":{"@id":"https:\/\/www.esplac.cat\/#website"},"primaryImageOfPage":{"@id":"https:\/\/www.esplac.cat\/en\/participa-conferencia-jove-online-europeans-for-peace\/#primaryimage"},"image":{"@id":"https:\/\/www.esplac.cat\/en\/participa-conferencia-jove-online-europeans-for-peace\/#primaryimage"},"thumbnailUrl":"https:\/\/www.esplac.cat\/wp-content\/uploads\/2020\/09\/europeansforpeace.jpg","datePublished":"2020-09-17T08:04:02+00:00","dateModified":"2020-10-15T16:22:45+00:00","description":"La Fundaci\u00f3 EVZ i la Fundaci\u00f3 wannseeFORUM organitzen un esdeveniment online de 3 dies per a joves europeus, l'\"Europeans for peace\".","breadcrumb":{"@id":"https:\/\/www.esplac.cat\/en\/participa-conferencia-jove-online-europeans-for-peace\/#breadcrumb"},"inLanguage":"es","potentialAction":[{"@type":"ReadAction","target":["https:\/\/www.esplac.cat\/en\/participa-conferencia-jove-online-europeans-for-peace\/"]}]},{"@type":"ImageObject","inLanguage":"es","@id":"https:\/\/www.esplac.cat\/en\/participa-conferencia-jove-online-europeans-for-peace\/#primaryimage","url":"https:\/\/www.esplac.cat\/wp-content\/uploads\/2020\/09\/europeansforpeace.jpg","contentUrl":"https:\/\/www.esplac.cat\/wp-content\/uploads\/2020\/09\/europeansforpeace.jpg","width":1697,"height":700,"caption":"Europeans for peace"},{"@type":"BreadcrumbList","@id":"https:\/\/www.esplac.cat\/en\/participa-conferencia-jove-online-europeans-for-peace\/#breadcrumb","itemListElement":[{"@type":"ListItem","position":1,"name":"Inici","item":"https:\/\/www.esplac.cat\/es\/"},{"@type":"ListItem","position":2,"name":"Participa en la confer\u00e8ncia jove online \u201cEuropeans for peace\u201d"}]},{"@type":"WebSite","@id":"https:\/\/www.esplac.cat\/#website","url":"https:\/\/www.esplac.cat\/","name":"Esplac","description":"Esplais Catalans","publisher":{"@id":"https:\/\/www.esplac.cat\/#organization"},"potentialAction":[{"@type":"SearchAction","target":{"@type":"EntryPoint","urlTemplate":"https:\/\/www.esplac.cat\/?s={search_term_string}"},"query-input":{"@type":"PropertyValueSpecification","valueRequired":true,"valueName":"search_term_string"}}],"inLanguage":"es"},{"@type":"Organization","@id":"https:\/\/www.esplac.cat\/#organization","name":"Esplac","url":"https:\/\/www.esplac.cat\/","logo":{"@type":"ImageObject","inLanguage":"es","@id":"https:\/\/www.esplac.cat\/#\/schema\/logo\/image\/","url":"https:\/\/www.esplac.cat\/wp-content\/uploads\/2019\/08\/logox2.png","contentUrl":"https:\/\/www.esplac.cat\/wp-content\/uploads\/2019\/08\/logox2.png","width":600,"height":295,"caption":"Esplac"},"image":{"@id":"https:\/\/www.esplac.cat\/#\/schema\/logo\/image\/"}},{"@type":"Person","@id":"https:\/\/www.esplac.cat\/#\/schema\/person\/908383cf240be18b68f8855d0583faca","name":"Comunicaci\u00f3 Esplac","image":{"@type":"ImageObject","inLanguage":"es","@id":"https:\/\/secure.gravatar.com\/avatar\/7a4cf8feb412a76ea4a740ca02d95b06b2907b5a6c648c2dd0a1082a093c3141?s=96&d=mm&r=g","url":"https:\/\/secure.gravatar.com\/avatar\/7a4cf8feb412a76ea4a740ca02d95b06b2907b5a6c648c2dd0a1082a093c3141?s=96&d=mm&r=g","contentUrl":"https:\/\/secure.gravatar.com\/avatar\/7a4cf8feb412a76ea4a740ca02d95b06b2907b5a6c648c2dd0a1082a093c3141?s=96&d=mm&r=g","caption":"Comunicaci\u00f3 Esplac"}}]}},"_links":{"self":[{"href":"https:\/\/www.esplac.cat\/es\/wp-json\/wp\/v2\/posts\/32449","targetHints":{"allow":["GET"]}}],"collection":[{"href":"https:\/\/www.esplac.cat\/es\/wp-json\/wp\/v2\/posts"}],"about":[{"href":"https:\/\/www.esplac.cat\/es\/wp-json\/wp\/v2\/types\/post"}],"author":[{"embeddable":true,"href":"https:\/\/www.esplac.cat\/es\/wp-json\/wp\/v2\/users\/3"}],"replies":[{"embeddable":true,"href":"https:\/\/www.esplac.cat\/es\/wp-json\/wp\/v2\/comments?post=32449"}],"version-history":[{"count":0,"href":"https:\/\/www.esplac.cat\/es\/wp-json\/wp\/v2\/posts\/32449\/revisions"}],"wp:featuredmedia":[{"embeddable":true,"href":"https:\/\/www.esplac.cat\/es\/wp-json\/wp\/v2\/media\/32450"}],"wp:attachment":[{"href":"https:\/\/www.esplac.cat\/es\/wp-json\/wp\/v2\/media?parent=32449"}],"wp:term":[{"taxonomy":"category","embeddable":true,"href":"https:\/\/www.esplac.cat\/es\/wp-json\/wp\/v2\/categories?post=32449"},{"taxonomy":"post_tag","embeddable":true,"href":"https:\/\/www.esplac.cat\/es\/wp-json\/wp\/v2\/tags?post=32449"}],"curies":[{"name":"wp","href":"https:\/\/api.w.org\/{rel}","templated":true}]}}