{"id":32689,"date":"2020-10-06T10:29:53","date_gmt":"2020-10-06T09:29:53","guid":{"rendered":"https:\/\/www.esplac.cat\/?p=32689"},"modified":"2021-04-14T10:30:36","modified_gmt":"2021-04-14T09:30:36","slug":"posem-consciencia-petjada-que-deixem-jornades-ambientals","status":"publish","type":"post","link":"https:\/\/www.esplac.cat\/es\/posem-consciencia-petjada-que-deixem-jornades-ambientals\/","title":{"rendered":"Posem consci\u00e8ncia a la petjada que deixem: VII Jornades Ambientals"},"content":{"rendered":"<div class=\"fusion-fullwidth fullwidth-box fusion-builder-row-1 nonhundred-percent-fullwidth non-hundred-percent-height-scrolling\" style=\"--awb-border-radius-top-left:0px;--awb-border-radius-top-right:0px;--awb-border-radius-bottom-right:0px;--awb-border-radius-bottom-left:0px;--awb-flex-wrap:wrap;\" ><div class=\"fusion-builder-row fusion-row\"><div class=\"fusion-layout-column fusion_builder_column fusion-builder-column-0 fusion_builder_column_1_1 1_1 fusion-one-full fusion-column-first fusion-column-last\" style=\"--awb-bg-size:cover;--awb-margin-bottom:0px;\"><div class=\"fusion-column-wrapper fusion-flex-column-wrapper-legacy\"><div class=\"fusion-text fusion-text-1\"><h6><strong>La setena edici\u00f3 de les Jornades Ambientals d\u2019Esplais Catalans es va celebrar el passat diumenge, 4 d\u2019octubre, amb un total de 4o participants. Enguany sobre la consci\u00e8ncia de la petjada ecol\u00f2gica a l&#8217;hora de viatjar i fer activitats d&#8217;oci entre el jovent.\u00a0<\/strong><\/h6>\n<p><span style=\"font-weight: 400;\">Aquesta edici\u00f3 de les Jornades Ambientals ha estat una oportunitat per a coordinar i fer vincles entre la Comissi\u00f3 Reduint Petjada i el Grup del projecte Amplify Youth Voices, per tal de poder desenvolupar la <\/span><b>consci\u00e8ncia que tenim les joves sobre la nostra petjada ecol\u00f2gica a l\u2019hora de viatjar i en el temps lliure.\u00a0<\/b><\/p>\n<p><span style=\"font-weight: 400;\">Vam compartir la jornada amb 40 monitores i monitors d\u2019Esplac que van venir preparades amb la mascareta i amb moltes ganes de parlar sobre la petjada ecol\u00f2gica, social i cultural que representen les nostres activitats. Aix\u00f2 ho vam poder fer gr\u00e0cies a una taula rodona i diferents pon\u00e8ncies.<\/span><\/p>\n<p><span style=\"font-weight: 400;\">Per una banda, vam comptar amb la participaci\u00f3 de la <\/span><b>Daniela Ortiz<\/b><span style=\"font-weight: 400;\"> des del Per\u00fa. Ens va enviar un v\u00eddeo on ens explicava la petjada que deixen molts turistes a la zona del Machu Picchu i com s\u2019estableix la relaci\u00f3 entre persones del nord i sud global, aix\u00ed com el racisme que roman en aquestes relacions i la construcci\u00f3 d\u2019aquest imaginari de privilegis.\u00a0<\/span><\/p>\n<p><span style=\"font-weight: 400;\">Tamb\u00e9, vam comptar amb la participaci\u00f3 d&#8217;en<strong> Joan Buades<\/strong> i en <strong>Pablo D\u00edaz. <\/strong>Aquests es van connectar telem\u00e0ticament i vam poder parlar de l\u2019impacte dels vols i del turisme massificat, aix\u00ed com d\u2019alternatives per reduir la nostra petjada. I per fer rod\u00f3 el mat\u00ed, vam comptar en persona amb la <strong>Maria Garcia<\/strong> d\u2019<strong>Ecologistes en Acci\u00f3. <\/strong>Amb ella vam parlar de les grans infraestructures que hi ha a la ciutat de Barcelona, com el port i l\u2019aeroport.\u00a0<\/span><\/p>\n<p><span style=\"font-weight: 400;\">A m\u00e9s, a la tarda, vam separar-nos en grups m\u00e9s petits. D&#8217;aquesta manera vam poder con\u00e8ixer a en <strong>Mart\u00ed Cus\u00f3<\/strong> de l\u2019<\/span><span style=\"color: #ff9900;\"><strong><a style=\"color: #ff9900;\" href=\"https:\/\/assembleabarris.wordpress.com\/\">Assemblea de barris pel decreixement tur\u00edstic<\/a><\/strong><\/span><span style=\"font-weight: 400;\"><span style=\"color: #ff9900;\">,<\/span> la<strong> Maria Garcia<\/strong> de la <\/span><span style=\"color: #ff9900;\"><strong><a style=\"color: #ff9900;\" href=\"http:\/\/www.qualitatdelaire.org\/\">Plataforma en defensa de la qualitat de l\u2019aire<\/a><\/strong><\/span><span style=\"font-weight: 400;\"> i en<strong> Theo Insua<\/strong> de la <\/span><span style=\"color: #ff9900;\"><strong><a style=\"color: #ff9900;\" href=\"https:\/\/opcions.org\/\">Revista Opcions<\/a><\/strong><\/span><span style=\"font-weight: 400;\">.<\/span><\/p>\n<p><span style=\"font-weight: 400;\">Gr\u00e0cies a la informaci\u00f3 que vam treballar i recollir, estem preparant un dec\u00e0leg que enviarem als esplais durant aquest trimestre!<\/span><\/p>\n\n\t\t<style type=\"text\/css\">\n\t\t\t#gallery-1 {\n\t\t\t\tmargin: auto;\n\t\t\t}\n\t\t\t#gallery-1 .gallery-item {\n\t\t\t\tfloat: left;\n\t\t\t\tmargin-top: 10px;\n\t\t\t\ttext-align: center;\n\t\t\t\twidth: 25%;\n\t\t\t}\n\t\t\t#gallery-1 img {\n\t\t\t\tborder: 2px solid #cfcfcf;\n\t\t\t}\n\t\t\t#gallery-1 .gallery-caption {\n\t\t\t\tmargin-left: 0;\n\t\t\t}\n\t\t\t\/* see gallery_shortcode() in wp-includes\/media.php *\/\n\t\t<\/style>\n\t\t<div id='gallery-1' class='gallery galleryid-32689 gallery-columns-4 gallery-size-thumbnail'><dl class='gallery-item'>\n\t\t\t<dt class='gallery-icon landscape'>\n\t\t\t\t<a data-rel=\"iLightbox[postimages]\" data-title=\"OLYMPUS DIGITAL CAMERA\" data-caption=\"OLYMPUS DIGITAL CAMERA\" href='https:\/\/www.esplac.cat\/wp-content\/uploads\/2020\/10\/PA040018-co\u0300pia.jpg'><img decoding=\"async\" width=\"150\" height=\"150\" src=\"https:\/\/www.esplac.cat\/wp-content\/uploads\/2020\/10\/PA040018-co\u0300pia-150x150.jpg\" class=\"attachment-thumbnail size-thumbnail\" alt=\"JA 2020\" aria-describedby=\"gallery-1-32699\" srcset=\"https:\/\/www.esplac.cat\/wp-content\/uploads\/2020\/10\/PA040018-co\u0300pia-66x66.jpg 66w, https:\/\/www.esplac.cat\/wp-content\/uploads\/2020\/10\/PA040018-co\u0300pia-150x150.jpg 150w\" sizes=\"(max-width: 150px) 100vw, 150px\" \/><\/a>\n\t\t\t<\/dt>\n\t\t\t\t<dd class='wp-caption-text gallery-caption' id='gallery-1-32699'>\n\t\t\t\tOLYMPUS DIGITAL CAMERA\n\t\t\t\t<\/dd><\/dl><dl class='gallery-item'>\n\t\t\t<dt class='gallery-icon landscape'>\n\t\t\t\t<a data-rel=\"iLightbox[postimages]\" data-title=\"OLYMPUS DIGITAL CAMERA\" data-caption=\"OLYMPUS DIGITAL CAMERA\" href='https:\/\/www.esplac.cat\/wp-content\/uploads\/2020\/10\/PA040037-co\u0300pia.jpg'><img decoding=\"async\" width=\"150\" height=\"150\" src=\"https:\/\/www.esplac.cat\/wp-content\/uploads\/2020\/10\/PA040037-co\u0300pia-150x150.jpg\" class=\"attachment-thumbnail size-thumbnail\" alt=\"\" aria-describedby=\"gallery-1-32702\" srcset=\"https:\/\/www.esplac.cat\/wp-content\/uploads\/2020\/10\/PA040037-co\u0300pia-66x66.jpg 66w, https:\/\/www.esplac.cat\/wp-content\/uploads\/2020\/10\/PA040037-co\u0300pia-150x150.jpg 150w\" sizes=\"(max-width: 150px) 100vw, 150px\" \/><\/a>\n\t\t\t<\/dt>\n\t\t\t\t<dd class='wp-caption-text gallery-caption' id='gallery-1-32702'>\n\t\t\t\tOLYMPUS DIGITAL CAMERA\n\t\t\t\t<\/dd><\/dl><dl class='gallery-item'>\n\t\t\t<dt class='gallery-icon landscape'>\n\t\t\t\t<a data-rel=\"iLightbox[postimages]\" data-title=\"OLYMPUS DIGITAL CAMERA\" data-caption=\"OLYMPUS DIGITAL CAMERA\" href='https:\/\/www.esplac.cat\/wp-content\/uploads\/2020\/10\/PA040050-co\u0300pia.jpg'><img decoding=\"async\" width=\"150\" height=\"150\" src=\"https:\/\/www.esplac.cat\/wp-content\/uploads\/2020\/10\/PA040050-co\u0300pia-150x150.jpg\" class=\"attachment-thumbnail size-thumbnail\" alt=\"\" aria-describedby=\"gallery-1-32705\" srcset=\"https:\/\/www.esplac.cat\/wp-content\/uploads\/2020\/10\/PA040050-co\u0300pia-66x66.jpg 66w, https:\/\/www.esplac.cat\/wp-content\/uploads\/2020\/10\/PA040050-co\u0300pia-150x150.jpg 150w\" sizes=\"(max-width: 150px) 100vw, 150px\" \/><\/a>\n\t\t\t<\/dt>\n\t\t\t\t<dd class='wp-caption-text gallery-caption' id='gallery-1-32705'>\n\t\t\t\tOLYMPUS DIGITAL CAMERA\n\t\t\t\t<\/dd><\/dl><dl class='gallery-item'>\n\t\t\t<dt class='gallery-icon landscape'>\n\t\t\t\t<a data-rel=\"iLightbox[postimages]\" data-title=\"OLYMPUS DIGITAL CAMERA\" data-caption=\"OLYMPUS DIGITAL CAMERA\" href='https:\/\/www.esplac.cat\/wp-content\/uploads\/2020\/10\/PA040081-co\u0300pia.jpg'><img decoding=\"async\" width=\"150\" height=\"150\" src=\"https:\/\/www.esplac.cat\/wp-content\/uploads\/2020\/10\/PA040081-co\u0300pia-150x150.jpg\" class=\"attachment-thumbnail size-thumbnail\" alt=\"\" aria-describedby=\"gallery-1-32708\" srcset=\"https:\/\/www.esplac.cat\/wp-content\/uploads\/2020\/10\/PA040081-co\u0300pia-66x66.jpg 66w, https:\/\/www.esplac.cat\/wp-content\/uploads\/2020\/10\/PA040081-co\u0300pia-150x150.jpg 150w\" sizes=\"(max-width: 150px) 100vw, 150px\" \/><\/a>\n\t\t\t<\/dt>\n\t\t\t\t<dd class='wp-caption-text gallery-caption' id='gallery-1-32708'>\n\t\t\t\tOLYMPUS DIGITAL CAMERA\n\t\t\t\t<\/dd><\/dl><br style=\"clear: both\" \/><dl class='gallery-item'>\n\t\t\t<dt class='gallery-icon landscape'>\n\t\t\t\t<a data-rel=\"iLightbox[postimages]\" data-title=\"OLYMPUS DIGITAL CAMERA\" data-caption=\"OLYMPUS DIGITAL CAMERA\" href='https:\/\/www.esplac.cat\/wp-content\/uploads\/2020\/10\/PA040089-co\u0300pia.jpg'><img decoding=\"async\" width=\"150\" height=\"150\" src=\"https:\/\/www.esplac.cat\/wp-content\/uploads\/2020\/10\/PA040089-co\u0300pia-150x150.jpg\" class=\"attachment-thumbnail size-thumbnail\" alt=\"\" aria-describedby=\"gallery-1-32711\" srcset=\"https:\/\/www.esplac.cat\/wp-content\/uploads\/2020\/10\/PA040089-co\u0300pia-66x66.jpg 66w, https:\/\/www.esplac.cat\/wp-content\/uploads\/2020\/10\/PA040089-co\u0300pia-150x150.jpg 150w\" sizes=\"(max-width: 150px) 100vw, 150px\" \/><\/a>\n\t\t\t<\/dt>\n\t\t\t\t<dd class='wp-caption-text gallery-caption' id='gallery-1-32711'>\n\t\t\t\tOLYMPUS DIGITAL CAMERA\n\t\t\t\t<\/dd><\/dl><dl class='gallery-item'>\n\t\t\t<dt class='gallery-icon landscape'>\n\t\t\t\t<a data-rel=\"iLightbox[postimages]\" data-title=\"OLYMPUS DIGITAL CAMERA\" data-caption=\"OLYMPUS DIGITAL CAMERA\" href='https:\/\/www.esplac.cat\/wp-content\/uploads\/2020\/10\/PA040093-co\u0300pia.jpg'><img decoding=\"async\" width=\"150\" height=\"150\" src=\"https:\/\/www.esplac.cat\/wp-content\/uploads\/2020\/10\/PA040093-co\u0300pia-150x150.jpg\" class=\"attachment-thumbnail size-thumbnail\" alt=\"\" aria-describedby=\"gallery-1-32714\" srcset=\"https:\/\/www.esplac.cat\/wp-content\/uploads\/2020\/10\/PA040093-co\u0300pia-66x66.jpg 66w, https:\/\/www.esplac.cat\/wp-content\/uploads\/2020\/10\/PA040093-co\u0300pia-150x150.jpg 150w\" sizes=\"(max-width: 150px) 100vw, 150px\" \/><\/a>\n\t\t\t<\/dt>\n\t\t\t\t<dd class='wp-caption-text gallery-caption' id='gallery-1-32714'>\n\t\t\t\tOLYMPUS DIGITAL CAMERA\n\t\t\t\t<\/dd><\/dl><dl class='gallery-item'>\n\t\t\t<dt class='gallery-icon landscape'>\n\t\t\t\t<a data-rel=\"iLightbox[postimages]\" data-title=\"OLYMPUS DIGITAL CAMERA\" data-caption=\"OLYMPUS DIGITAL CAMERA\" href='https:\/\/www.esplac.cat\/wp-content\/uploads\/2020\/10\/PA040110-co\u0300pia.jpg'><img decoding=\"async\" width=\"150\" height=\"150\" src=\"https:\/\/www.esplac.cat\/wp-content\/uploads\/2020\/10\/PA040110-co\u0300pia-150x150.jpg\" class=\"attachment-thumbnail size-thumbnail\" alt=\"\" aria-describedby=\"gallery-1-32717\" srcset=\"https:\/\/www.esplac.cat\/wp-content\/uploads\/2020\/10\/PA040110-co\u0300pia-66x66.jpg 66w, https:\/\/www.esplac.cat\/wp-content\/uploads\/2020\/10\/PA040110-co\u0300pia-150x150.jpg 150w\" sizes=\"(max-width: 150px) 100vw, 150px\" \/><\/a>\n\t\t\t<\/dt>\n\t\t\t\t<dd class='wp-caption-text gallery-caption' id='gallery-1-32717'>\n\t\t\t\tOLYMPUS DIGITAL CAMERA\n\t\t\t\t<\/dd><\/dl><dl class='gallery-item'>\n\t\t\t<dt class='gallery-icon landscape'>\n\t\t\t\t<a data-rel=\"iLightbox[postimages]\" data-title=\"OLYMPUS DIGITAL CAMERA\" data-caption=\"OLYMPUS DIGITAL CAMERA\" href='https:\/\/www.esplac.cat\/wp-content\/uploads\/2020\/10\/PA040116-co\u0300pia.jpg'><img decoding=\"async\" width=\"150\" height=\"150\" src=\"https:\/\/www.esplac.cat\/wp-content\/uploads\/2020\/10\/PA040116-co\u0300pia-150x150.jpg\" class=\"attachment-thumbnail size-thumbnail\" alt=\"\" aria-describedby=\"gallery-1-32720\" srcset=\"https:\/\/www.esplac.cat\/wp-content\/uploads\/2020\/10\/PA040116-co\u0300pia-66x66.jpg 66w, https:\/\/www.esplac.cat\/wp-content\/uploads\/2020\/10\/PA040116-co\u0300pia-150x150.jpg 150w\" sizes=\"(max-width: 150px) 100vw, 150px\" \/><\/a>\n\t\t\t<\/dt>\n\t\t\t\t<dd class='wp-caption-text gallery-caption' id='gallery-1-32720'>\n\t\t\t\tOLYMPUS DIGITAL CAMERA\n\t\t\t\t<\/dd><\/dl><br style=\"clear: both\" \/>\n\t\t<\/div>\n\n<\/div><div class=\"fusion-clearfix\"><\/div><\/div><\/div><\/div><\/div>\n","protected":false},"excerpt":{"rendered":"","protected":false},"author":3,"featured_media":32726,"comment_status":"closed","ping_status":"open","sticky":false,"template":"","format":"standard","meta":{"om_disable_all_campaigns":false,"_monsterinsights_skip_tracking":false,"_monsterinsights_sitenote_active":false,"_monsterinsights_sitenote_note":"","_monsterinsights_sitenote_category":0,"_uf_show_specific_survey":0,"_uf_disable_surveys":false,"footnotes":""},"categories":[1112,1159],"tags":[],"class_list":["post-32689","post","type-post","status-publish","format-standard","has-post-thumbnail","hentry","category-esplac-al-mon","category-jornades-ambientals"],"yoast_head":"<!-- This site is optimized with the Yoast SEO plugin v27.4 - https:\/\/yoast.com\/product\/yoast-seo-wordpress\/ -->\n<title>Posem consci\u00e8ncia a la petjada que deixem: VII Jornades Ambientals - Esplac<\/title>\n<meta name=\"description\" content=\"La setena edici\u00f3 de les Jornades Ambientals es va celebrar el passat 4 d\u2019octubre. Enguany sobre la consci\u00e8ncia de la petjada ecol\u00f2gica entre el jovent.\u00a0\" \/>\n<meta name=\"robots\" content=\"index, follow, max-snippet:-1, max-image-preview:large, max-video-preview:-1\" \/>\n<link rel=\"canonical\" href=\"https:\/\/www.esplac.cat\/en\/posem-consciencia-petjada-que-deixem-jornades-ambientals\/\" \/>\n<meta property=\"og:locale\" content=\"es_ES\" \/>\n<meta property=\"og:type\" content=\"article\" \/>\n<meta property=\"og:title\" content=\"Posem consci\u00e8ncia a la petjada que deixem: VII Jornades Ambientals - Esplac\" \/>\n<meta property=\"og:description\" content=\"La setena edici\u00f3 de les Jornades Ambientals es va celebrar el passat 4 d\u2019octubre. Enguany sobre la consci\u00e8ncia de la petjada ecol\u00f2gica entre el jovent.\u00a0\" \/>\n<meta property=\"og:url\" content=\"https:\/\/www.esplac.cat\/en\/posem-consciencia-petjada-que-deixem-jornades-ambientals\/\" \/>\n<meta property=\"og:site_name\" content=\"Esplac\" \/>\n<meta property=\"article:published_time\" content=\"2020-10-06T09:29:53+00:00\" \/>\n<meta property=\"article:modified_time\" content=\"2021-04-14T09:30:36+00:00\" \/>\n<meta property=\"og:image\" content=\"https:\/\/www.esplac.cat\/wp-content\/uploads\/2020\/10\/ja2020-1.jpg\" \/>\n\t<meta property=\"og:image:width\" content=\"1697\" \/>\n\t<meta property=\"og:image:height\" content=\"700\" \/>\n\t<meta property=\"og:image:type\" content=\"image\/jpeg\" \/>\n<meta name=\"author\" content=\"Comunicaci\u00f3 Esplac\" \/>\n<meta name=\"twitter:card\" content=\"summary_large_image\" \/>\n<meta name=\"twitter:label1\" content=\"Escrito por\" \/>\n\t<meta name=\"twitter:data1\" content=\"Comunicaci\u00f3 Esplac\" \/>\n\t<meta name=\"twitter:label2\" content=\"Tiempo de lectura\" \/>\n\t<meta name=\"twitter:data2\" content=\"3 minutos\" \/>\n<script type=\"application\/ld+json\" class=\"yoast-schema-graph\">{\"@context\":\"https:\\\/\\\/schema.org\",\"@graph\":[{\"@type\":\"Article\",\"@id\":\"https:\\\/\\\/www.esplac.cat\\\/en\\\/posem-consciencia-petjada-que-deixem-jornades-ambientals\\\/#article\",\"isPartOf\":{\"@id\":\"https:\\\/\\\/www.esplac.cat\\\/en\\\/posem-consciencia-petjada-que-deixem-jornades-ambientals\\\/\"},\"author\":{\"name\":\"Comunicaci\u00f3 Esplac\",\"@id\":\"https:\\\/\\\/www.esplac.cat\\\/#\\\/schema\\\/person\\\/908383cf240be18b68f8855d0583faca\"},\"headline\":\"Posem consci\u00e8ncia a la petjada que deixem: VII Jornades Ambientals\",\"datePublished\":\"2020-10-06T09:29:53+00:00\",\"dateModified\":\"2021-04-14T09:30:36+00:00\",\"mainEntityOfPage\":{\"@id\":\"https:\\\/\\\/www.esplac.cat\\\/en\\\/posem-consciencia-petjada-que-deixem-jornades-ambientals\\\/\"},\"wordCount\":558,\"publisher\":{\"@id\":\"https:\\\/\\\/www.esplac.cat\\\/#organization\"},\"image\":{\"@id\":\"https:\\\/\\\/www.esplac.cat\\\/en\\\/posem-consciencia-petjada-que-deixem-jornades-ambientals\\\/#primaryimage\"},\"thumbnailUrl\":\"https:\\\/\\\/www.esplac.cat\\\/wp-content\\\/uploads\\\/2020\\\/10\\\/ja2020-1.jpg\",\"articleSection\":[\"Esplac al m\u00f3n\",\"Jornades ambientals\"],\"inLanguage\":\"es\"},{\"@type\":\"WebPage\",\"@id\":\"https:\\\/\\\/www.esplac.cat\\\/en\\\/posem-consciencia-petjada-que-deixem-jornades-ambientals\\\/\",\"url\":\"https:\\\/\\\/www.esplac.cat\\\/en\\\/posem-consciencia-petjada-que-deixem-jornades-ambientals\\\/\",\"name\":\"Posem consci\u00e8ncia a la petjada que deixem: VII Jornades Ambientals - Esplac\",\"isPartOf\":{\"@id\":\"https:\\\/\\\/www.esplac.cat\\\/#website\"},\"primaryImageOfPage\":{\"@id\":\"https:\\\/\\\/www.esplac.cat\\\/en\\\/posem-consciencia-petjada-que-deixem-jornades-ambientals\\\/#primaryimage\"},\"image\":{\"@id\":\"https:\\\/\\\/www.esplac.cat\\\/en\\\/posem-consciencia-petjada-que-deixem-jornades-ambientals\\\/#primaryimage\"},\"thumbnailUrl\":\"https:\\\/\\\/www.esplac.cat\\\/wp-content\\\/uploads\\\/2020\\\/10\\\/ja2020-1.jpg\",\"datePublished\":\"2020-10-06T09:29:53+00:00\",\"dateModified\":\"2021-04-14T09:30:36+00:00\",\"description\":\"La setena edici\u00f3 de les Jornades Ambientals es va celebrar el passat 4 d\u2019octubre. Enguany sobre la consci\u00e8ncia de la petjada ecol\u00f2gica entre el jovent.\u00a0\",\"breadcrumb\":{\"@id\":\"https:\\\/\\\/www.esplac.cat\\\/en\\\/posem-consciencia-petjada-que-deixem-jornades-ambientals\\\/#breadcrumb\"},\"inLanguage\":\"es\",\"potentialAction\":[{\"@type\":\"ReadAction\",\"target\":[\"https:\\\/\\\/www.esplac.cat\\\/en\\\/posem-consciencia-petjada-que-deixem-jornades-ambientals\\\/\"]}]},{\"@type\":\"ImageObject\",\"inLanguage\":\"es\",\"@id\":\"https:\\\/\\\/www.esplac.cat\\\/en\\\/posem-consciencia-petjada-que-deixem-jornades-ambientals\\\/#primaryimage\",\"url\":\"https:\\\/\\\/www.esplac.cat\\\/wp-content\\\/uploads\\\/2020\\\/10\\\/ja2020-1.jpg\",\"contentUrl\":\"https:\\\/\\\/www.esplac.cat\\\/wp-content\\\/uploads\\\/2020\\\/10\\\/ja2020-1.jpg\",\"width\":1697,\"height\":700},{\"@type\":\"BreadcrumbList\",\"@id\":\"https:\\\/\\\/www.esplac.cat\\\/en\\\/posem-consciencia-petjada-que-deixem-jornades-ambientals\\\/#breadcrumb\",\"itemListElement\":[{\"@type\":\"ListItem\",\"position\":1,\"name\":\"Inici\",\"item\":\"https:\\\/\\\/www.esplac.cat\\\/es\\\/\"},{\"@type\":\"ListItem\",\"position\":2,\"name\":\"Posem consci\u00e8ncia a la petjada que deixem: VII Jornades Ambientals\"}]},{\"@type\":\"WebSite\",\"@id\":\"https:\\\/\\\/www.esplac.cat\\\/#website\",\"url\":\"https:\\\/\\\/www.esplac.cat\\\/\",\"name\":\"Esplac\",\"description\":\"Esplais Catalans\",\"publisher\":{\"@id\":\"https:\\\/\\\/www.esplac.cat\\\/#organization\"},\"potentialAction\":[{\"@type\":\"SearchAction\",\"target\":{\"@type\":\"EntryPoint\",\"urlTemplate\":\"https:\\\/\\\/www.esplac.cat\\\/?s={search_term_string}\"},\"query-input\":{\"@type\":\"PropertyValueSpecification\",\"valueRequired\":true,\"valueName\":\"search_term_string\"}}],\"inLanguage\":\"es\"},{\"@type\":\"Organization\",\"@id\":\"https:\\\/\\\/www.esplac.cat\\\/#organization\",\"name\":\"Esplac\",\"url\":\"https:\\\/\\\/www.esplac.cat\\\/\",\"logo\":{\"@type\":\"ImageObject\",\"inLanguage\":\"es\",\"@id\":\"https:\\\/\\\/www.esplac.cat\\\/#\\\/schema\\\/logo\\\/image\\\/\",\"url\":\"https:\\\/\\\/www.esplac.cat\\\/wp-content\\\/uploads\\\/2019\\\/08\\\/logox2.png\",\"contentUrl\":\"https:\\\/\\\/www.esplac.cat\\\/wp-content\\\/uploads\\\/2019\\\/08\\\/logox2.png\",\"width\":600,\"height\":295,\"caption\":\"Esplac\"},\"image\":{\"@id\":\"https:\\\/\\\/www.esplac.cat\\\/#\\\/schema\\\/logo\\\/image\\\/\"}},{\"@type\":\"Person\",\"@id\":\"https:\\\/\\\/www.esplac.cat\\\/#\\\/schema\\\/person\\\/908383cf240be18b68f8855d0583faca\",\"name\":\"Comunicaci\u00f3 Esplac\",\"image\":{\"@type\":\"ImageObject\",\"inLanguage\":\"es\",\"@id\":\"https:\\\/\\\/secure.gravatar.com\\\/avatar\\\/7a4cf8feb412a76ea4a740ca02d95b06b2907b5a6c648c2dd0a1082a093c3141?s=96&d=mm&r=g\",\"url\":\"https:\\\/\\\/secure.gravatar.com\\\/avatar\\\/7a4cf8feb412a76ea4a740ca02d95b06b2907b5a6c648c2dd0a1082a093c3141?s=96&d=mm&r=g\",\"contentUrl\":\"https:\\\/\\\/secure.gravatar.com\\\/avatar\\\/7a4cf8feb412a76ea4a740ca02d95b06b2907b5a6c648c2dd0a1082a093c3141?s=96&d=mm&r=g\",\"caption\":\"Comunicaci\u00f3 Esplac\"}}]}<\/script>\n<!-- \/ Yoast SEO plugin. -->","yoast_head_json":{"title":"Posem consci\u00e8ncia a la petjada que deixem: VII Jornades Ambientals - Esplac","description":"La setena edici\u00f3 de les Jornades Ambientals es va celebrar el passat 4 d\u2019octubre. Enguany sobre la consci\u00e8ncia de la petjada ecol\u00f2gica entre el jovent.\u00a0","robots":{"index":"index","follow":"follow","max-snippet":"max-snippet:-1","max-image-preview":"max-image-preview:large","max-video-preview":"max-video-preview:-1"},"canonical":"https:\/\/www.esplac.cat\/en\/posem-consciencia-petjada-que-deixem-jornades-ambientals\/","og_locale":"es_ES","og_type":"article","og_title":"Posem consci\u00e8ncia a la petjada que deixem: VII Jornades Ambientals - Esplac","og_description":"La setena edici\u00f3 de les Jornades Ambientals es va celebrar el passat 4 d\u2019octubre. Enguany sobre la consci\u00e8ncia de la petjada ecol\u00f2gica entre el jovent.\u00a0","og_url":"https:\/\/www.esplac.cat\/en\/posem-consciencia-petjada-que-deixem-jornades-ambientals\/","og_site_name":"Esplac","article_published_time":"2020-10-06T09:29:53+00:00","article_modified_time":"2021-04-14T09:30:36+00:00","og_image":[{"width":1697,"height":700,"url":"https:\/\/www.esplac.cat\/wp-content\/uploads\/2020\/10\/ja2020-1.jpg","type":"image\/jpeg"}],"author":"Comunicaci\u00f3 Esplac","twitter_card":"summary_large_image","twitter_misc":{"Escrito por":"Comunicaci\u00f3 Esplac","Tiempo de lectura":"3 minutos"},"schema":{"@context":"https:\/\/schema.org","@graph":[{"@type":"Article","@id":"https:\/\/www.esplac.cat\/en\/posem-consciencia-petjada-que-deixem-jornades-ambientals\/#article","isPartOf":{"@id":"https:\/\/www.esplac.cat\/en\/posem-consciencia-petjada-que-deixem-jornades-ambientals\/"},"author":{"name":"Comunicaci\u00f3 Esplac","@id":"https:\/\/www.esplac.cat\/#\/schema\/person\/908383cf240be18b68f8855d0583faca"},"headline":"Posem consci\u00e8ncia a la petjada que deixem: VII Jornades Ambientals","datePublished":"2020-10-06T09:29:53+00:00","dateModified":"2021-04-14T09:30:36+00:00","mainEntityOfPage":{"@id":"https:\/\/www.esplac.cat\/en\/posem-consciencia-petjada-que-deixem-jornades-ambientals\/"},"wordCount":558,"publisher":{"@id":"https:\/\/www.esplac.cat\/#organization"},"image":{"@id":"https:\/\/www.esplac.cat\/en\/posem-consciencia-petjada-que-deixem-jornades-ambientals\/#primaryimage"},"thumbnailUrl":"https:\/\/www.esplac.cat\/wp-content\/uploads\/2020\/10\/ja2020-1.jpg","articleSection":["Esplac al m\u00f3n","Jornades ambientals"],"inLanguage":"es"},{"@type":"WebPage","@id":"https:\/\/www.esplac.cat\/en\/posem-consciencia-petjada-que-deixem-jornades-ambientals\/","url":"https:\/\/www.esplac.cat\/en\/posem-consciencia-petjada-que-deixem-jornades-ambientals\/","name":"Posem consci\u00e8ncia a la petjada que deixem: VII Jornades Ambientals - Esplac","isPartOf":{"@id":"https:\/\/www.esplac.cat\/#website"},"primaryImageOfPage":{"@id":"https:\/\/www.esplac.cat\/en\/posem-consciencia-petjada-que-deixem-jornades-ambientals\/#primaryimage"},"image":{"@id":"https:\/\/www.esplac.cat\/en\/posem-consciencia-petjada-que-deixem-jornades-ambientals\/#primaryimage"},"thumbnailUrl":"https:\/\/www.esplac.cat\/wp-content\/uploads\/2020\/10\/ja2020-1.jpg","datePublished":"2020-10-06T09:29:53+00:00","dateModified":"2021-04-14T09:30:36+00:00","description":"La setena edici\u00f3 de les Jornades Ambientals es va celebrar el passat 4 d\u2019octubre. Enguany sobre la consci\u00e8ncia de la petjada ecol\u00f2gica entre el jovent.\u00a0","breadcrumb":{"@id":"https:\/\/www.esplac.cat\/en\/posem-consciencia-petjada-que-deixem-jornades-ambientals\/#breadcrumb"},"inLanguage":"es","potentialAction":[{"@type":"ReadAction","target":["https:\/\/www.esplac.cat\/en\/posem-consciencia-petjada-que-deixem-jornades-ambientals\/"]}]},{"@type":"ImageObject","inLanguage":"es","@id":"https:\/\/www.esplac.cat\/en\/posem-consciencia-petjada-que-deixem-jornades-ambientals\/#primaryimage","url":"https:\/\/www.esplac.cat\/wp-content\/uploads\/2020\/10\/ja2020-1.jpg","contentUrl":"https:\/\/www.esplac.cat\/wp-content\/uploads\/2020\/10\/ja2020-1.jpg","width":1697,"height":700},{"@type":"BreadcrumbList","@id":"https:\/\/www.esplac.cat\/en\/posem-consciencia-petjada-que-deixem-jornades-ambientals\/#breadcrumb","itemListElement":[{"@type":"ListItem","position":1,"name":"Inici","item":"https:\/\/www.esplac.cat\/es\/"},{"@type":"ListItem","position":2,"name":"Posem consci\u00e8ncia a la petjada que deixem: VII Jornades Ambientals"}]},{"@type":"WebSite","@id":"https:\/\/www.esplac.cat\/#website","url":"https:\/\/www.esplac.cat\/","name":"Esplac","description":"Esplais Catalans","publisher":{"@id":"https:\/\/www.esplac.cat\/#organization"},"potentialAction":[{"@type":"SearchAction","target":{"@type":"EntryPoint","urlTemplate":"https:\/\/www.esplac.cat\/?s={search_term_string}"},"query-input":{"@type":"PropertyValueSpecification","valueRequired":true,"valueName":"search_term_string"}}],"inLanguage":"es"},{"@type":"Organization","@id":"https:\/\/www.esplac.cat\/#organization","name":"Esplac","url":"https:\/\/www.esplac.cat\/","logo":{"@type":"ImageObject","inLanguage":"es","@id":"https:\/\/www.esplac.cat\/#\/schema\/logo\/image\/","url":"https:\/\/www.esplac.cat\/wp-content\/uploads\/2019\/08\/logox2.png","contentUrl":"https:\/\/www.esplac.cat\/wp-content\/uploads\/2019\/08\/logox2.png","width":600,"height":295,"caption":"Esplac"},"image":{"@id":"https:\/\/www.esplac.cat\/#\/schema\/logo\/image\/"}},{"@type":"Person","@id":"https:\/\/www.esplac.cat\/#\/schema\/person\/908383cf240be18b68f8855d0583faca","name":"Comunicaci\u00f3 Esplac","image":{"@type":"ImageObject","inLanguage":"es","@id":"https:\/\/secure.gravatar.com\/avatar\/7a4cf8feb412a76ea4a740ca02d95b06b2907b5a6c648c2dd0a1082a093c3141?s=96&d=mm&r=g","url":"https:\/\/secure.gravatar.com\/avatar\/7a4cf8feb412a76ea4a740ca02d95b06b2907b5a6c648c2dd0a1082a093c3141?s=96&d=mm&r=g","contentUrl":"https:\/\/secure.gravatar.com\/avatar\/7a4cf8feb412a76ea4a740ca02d95b06b2907b5a6c648c2dd0a1082a093c3141?s=96&d=mm&r=g","caption":"Comunicaci\u00f3 Esplac"}}]}},"_links":{"self":[{"href":"https:\/\/www.esplac.cat\/es\/wp-json\/wp\/v2\/posts\/32689","targetHints":{"allow":["GET"]}}],"collection":[{"href":"https:\/\/www.esplac.cat\/es\/wp-json\/wp\/v2\/posts"}],"about":[{"href":"https:\/\/www.esplac.cat\/es\/wp-json\/wp\/v2\/types\/post"}],"author":[{"embeddable":true,"href":"https:\/\/www.esplac.cat\/es\/wp-json\/wp\/v2\/users\/3"}],"replies":[{"embeddable":true,"href":"https:\/\/www.esplac.cat\/es\/wp-json\/wp\/v2\/comments?post=32689"}],"version-history":[{"count":0,"href":"https:\/\/www.esplac.cat\/es\/wp-json\/wp\/v2\/posts\/32689\/revisions"}],"wp:featuredmedia":[{"embeddable":true,"href":"https:\/\/www.esplac.cat\/es\/wp-json\/wp\/v2\/media\/32726"}],"wp:attachment":[{"href":"https:\/\/www.esplac.cat\/es\/wp-json\/wp\/v2\/media?parent=32689"}],"wp:term":[{"taxonomy":"category","embeddable":true,"href":"https:\/\/www.esplac.cat\/es\/wp-json\/wp\/v2\/categories?post=32689"},{"taxonomy":"post_tag","embeddable":true,"href":"https:\/\/www.esplac.cat\/es\/wp-json\/wp\/v2\/tags?post=32689"}],"curies":[{"name":"wp","href":"https:\/\/api.w.org\/{rel}","templated":true}]}}