{"id":32931,"date":"2020-10-22T09:57:03","date_gmt":"2020-10-22T08:57:03","guid":{"rendered":"https:\/\/www.esplac.cat\/?p=32931"},"modified":"2020-10-22T10:01:40","modified_gmt":"2020-10-22T09:01:40","slug":"com-encara-el-sector-valles-oriental-el-nou-curs","status":"publish","type":"post","link":"https:\/\/www.esplac.cat\/es\/com-encara-el-sector-valles-oriental-el-nou-curs\/","title":{"rendered":"Com encara el Sector Vall\u00e8s Oriental el nou curs?"},"content":{"rendered":"<div>\n<h6><strong>El passat dimarts 20 d&#8217;octubre els esplais del Sector Vall\u00e8s Oriental van celebrar l&#8217;AGO de sector, enguany, degut a la situaci\u00f3 de pand\u00e8mia que estem vivint, de forma telem\u00e0tica.<\/strong><\/h6>\n<div>Aquest passat dimarts, va tenir lloc l&#8217;Assemblea General Ordin\u00e0ria del<span style=\"color: #ff9900;\"><a style=\"color: #ff9900;\" href=\"https:\/\/www.esplac.cat\/sectors-geografics\/valles-oriental\/\" target=\"_blank\" rel=\"noopener noreferrer\"> Sector Vall\u00e8s Oriental<\/a><span style=\"color: #000000;\">per encarar el nou curs. <\/span><\/span>Durant l&#8217;assemblea es va aprovar la Mem\u00f2ria del curs passat 2019-20 i el Pla de Treball 2020-21 del sector, amb la participaci\u00f3 de 6 esplais: <span style=\"color: #ff9900;\"><a style=\"color: #ff9900;\" href=\"https:\/\/www.instagram.com\/esplaisantaka\/\" target=\"_blank\" rel=\"noopener noreferrer\">Santaka<\/a><\/span>, <span style=\"color: #ff9900;\"><a style=\"color: #ff9900;\" href=\"https:\/\/www.instagram.com\/esplaiguai\/\" target=\"_blank\" rel=\"noopener noreferrer\">Guai!<\/a><\/span>, <span style=\"color: #ff9900;\"><a style=\"color: #ff9900;\" href=\"https:\/\/www.instagram.com\/ce.elrefugi\/\" target=\"_blank\" rel=\"noopener noreferrer\">El Refugi<\/a><\/span>, <span style=\"color: #ff9900;\"><a style=\"color: #ff9900;\" href=\"https:\/\/www.instagram.com\/esplaielboto\/\" target=\"_blank\" rel=\"noopener noreferrer\">El Bot\u00f3<\/a><\/span>, <span style=\"color: #ff9900;\"><a style=\"color: #ff9900;\" href=\"https:\/\/www.instagram.com\/bruixesibruixots\/\" target=\"_blank\" rel=\"noopener noreferrer\">Bruixes i Bruixots<\/a><\/span> i <span style=\"color: #ff9900;\"><a style=\"color: #ff9900;\" href=\"https:\/\/www.instagram.com\/esplai.gepa\/\" target=\"_blank\" rel=\"noopener noreferrer\">el Gepa<\/a><\/span>.<\/div>\n<div><\/div>\n<div>Aquest any, el Pla de Treball inclou:<\/div>\n<ul>\n<li>La <strong>Cuquivetllada<\/strong>, un espai de cohesi\u00f3 per generar vincle amb el sector i les activitats que es duen a terme.<\/li>\n<li>La <strong>Monitrobada<\/strong>, un espai de trobada entre les monitores i monitors per formar-se sobre diferents temes.<\/li>\n<li>El <strong>CIM<\/strong>, el Curs d&#8217;Iniciaci\u00f3 al Monitoratge, un monogr\u00e0fic formatiu per al jovent del sector organitzat per les monitores i monitors dels diferents esplais.<\/li>\n<li>El <strong>Turonet<\/strong>, que aquest any es planteja que cada esplai per separat faci una muntanya, en cas de que encara no es puguin reunir diferents esplais.<\/li>\n<\/ul>\n<p>Va ser una assemblea del Vall\u00e8s Oriental diferent per\u00f2 amb moltes ganes d&#8217;encarar el nou curs. A m\u00e9s, per posar-hi un toc divertit, es va fer un concurs de barrets!<\/p>\n<\/div>\n<p><a href=\"https:\/\/www.esplac.cat\/wp-content\/uploads\/2020\/10\/AGO-SECTOR-2-vallor.jpg\"><img decoding=\"async\" class=\"aligncenter wp-image-32945\" src=\"https:\/\/www.esplac.cat\/wp-content\/uploads\/2020\/10\/AGO-SECTOR-2-vallor.jpg\" alt=\"\" width=\"878\" height=\"501\" srcset=\"https:\/\/www.esplac.cat\/wp-content\/uploads\/2020\/10\/AGO-SECTOR-2-vallor-200x114.jpg 200w, https:\/\/www.esplac.cat\/wp-content\/uploads\/2020\/10\/AGO-SECTOR-2-vallor-300x171.jpg 300w, https:\/\/www.esplac.cat\/wp-content\/uploads\/2020\/10\/AGO-SECTOR-2-vallor-400x228.jpg 400w, https:\/\/www.esplac.cat\/wp-content\/uploads\/2020\/10\/AGO-SECTOR-2-vallor-600x342.jpg 600w, https:\/\/www.esplac.cat\/wp-content\/uploads\/2020\/10\/AGO-SECTOR-2-vallor-768x438.jpg 768w, https:\/\/www.esplac.cat\/wp-content\/uploads\/2020\/10\/AGO-SECTOR-2-vallor-800x456.jpg 800w, https:\/\/www.esplac.cat\/wp-content\/uploads\/2020\/10\/AGO-SECTOR-2-vallor-1024x584.jpg 1024w, https:\/\/www.esplac.cat\/wp-content\/uploads\/2020\/10\/AGO-SECTOR-2-vallor.jpg 1199w\" sizes=\"(max-width: 878px) 100vw, 878px\" \/><\/a><\/p>\n","protected":false},"excerpt":{"rendered":"<p>El passat dimarts 20 d&#8217;octubre els esplais del Sector Vall\u00e8s [&hellip;]<\/p>\n","protected":false},"author":3,"featured_media":32933,"comment_status":"closed","ping_status":"closed","sticky":false,"template":"","format":"standard","meta":{"om_disable_all_campaigns":false,"_monsterinsights_skip_tracking":false,"_monsterinsights_sitenote_active":false,"_monsterinsights_sitenote_note":"","_monsterinsights_sitenote_category":0,"_uf_show_specific_survey":0,"_uf_disable_surveys":false,"footnotes":""},"categories":[1125],"tags":[],"class_list":["post-32931","post","type-post","status-publish","format-standard","has-post-thumbnail","hentry","category-sector-valles-oriental"],"yoast_head":"<!-- This site is optimized with the Yoast SEO plugin v27.5 - https:\/\/yoast.com\/product\/yoast-seo-wordpress\/ -->\n<title>Com encara el Sector Vall\u00e8s Oriental el nou curs? - Esplac<\/title>\n<meta name=\"description\" content=\"El passat dimarts 20 d&#039;octubre els esplais del Sector Vall\u00e8s Oriental van celebrar l&#039;Assemblea General del Sector de forma telem\u00e0tica per preparar el curs\" \/>\n<meta name=\"robots\" content=\"index, follow, max-snippet:-1, max-image-preview:large, max-video-preview:-1\" \/>\n<link rel=\"canonical\" href=\"https:\/\/www.esplac.cat\/com-encara-el-sector-valles-oriental-el-nou-curs\/\" \/>\n<meta property=\"og:locale\" content=\"es_ES\" \/>\n<meta property=\"og:type\" content=\"article\" \/>\n<meta property=\"og:title\" content=\"Com encara el Sector Vall\u00e8s Oriental el nou curs? - Esplac\" \/>\n<meta property=\"og:description\" content=\"El passat dimarts 20 d&#039;octubre els esplais del Sector Vall\u00e8s Oriental van celebrar l&#039;Assemblea General del Sector de forma telem\u00e0tica per preparar el curs\" \/>\n<meta property=\"og:url\" content=\"https:\/\/www.esplac.cat\/com-encara-el-sector-valles-oriental-el-nou-curs\/\" \/>\n<meta property=\"og:site_name\" content=\"Esplac\" \/>\n<meta property=\"article:published_time\" content=\"2020-10-22T08:57:03+00:00\" \/>\n<meta property=\"article:modified_time\" content=\"2020-10-22T09:01:40+00:00\" \/>\n<meta property=\"og:image\" content=\"https:\/\/www.esplac.cat\/wp-content\/uploads\/2020\/10\/portadavallorago.jpg\" \/>\n\t<meta property=\"og:image:width\" content=\"847\" \/>\n\t<meta property=\"og:image:height\" content=\"350\" \/>\n\t<meta property=\"og:image:type\" content=\"image\/jpeg\" \/>\n<meta name=\"author\" content=\"Comunicaci\u00f3 Esplac\" \/>\n<meta name=\"twitter:card\" content=\"summary_large_image\" \/>\n<meta name=\"twitter:label1\" content=\"Escrito por\" \/>\n\t<meta name=\"twitter:data1\" content=\"Comunicaci\u00f3 Esplac\" \/>\n\t<meta name=\"twitter:label2\" content=\"Tiempo de lectura\" \/>\n\t<meta name=\"twitter:data2\" content=\"1 minuto\" \/>\n<script type=\"application\/ld+json\" class=\"yoast-schema-graph\">{\"@context\":\"https:\\\/\\\/schema.org\",\"@graph\":[{\"@type\":\"Article\",\"@id\":\"https:\\\/\\\/www.esplac.cat\\\/com-encara-el-sector-valles-oriental-el-nou-curs\\\/#article\",\"isPartOf\":{\"@id\":\"https:\\\/\\\/www.esplac.cat\\\/com-encara-el-sector-valles-oriental-el-nou-curs\\\/\"},\"author\":{\"name\":\"Comunicaci\u00f3 Esplac\",\"@id\":\"https:\\\/\\\/www.esplac.cat\\\/#\\\/schema\\\/person\\\/908383cf240be18b68f8855d0583faca\"},\"headline\":\"Com encara el Sector Vall\u00e8s Oriental el nou curs?\",\"datePublished\":\"2020-10-22T08:57:03+00:00\",\"dateModified\":\"2020-10-22T09:01:40+00:00\",\"mainEntityOfPage\":{\"@id\":\"https:\\\/\\\/www.esplac.cat\\\/com-encara-el-sector-valles-oriental-el-nou-curs\\\/\"},\"wordCount\":230,\"publisher\":{\"@id\":\"https:\\\/\\\/www.esplac.cat\\\/#organization\"},\"image\":{\"@id\":\"https:\\\/\\\/www.esplac.cat\\\/com-encara-el-sector-valles-oriental-el-nou-curs\\\/#primaryimage\"},\"thumbnailUrl\":\"https:\\\/\\\/www.esplac.cat\\\/wp-content\\\/uploads\\\/2020\\\/10\\\/portadavallorago.jpg\",\"articleSection\":[\"Sector Vall\u00e8s Oriental\"],\"inLanguage\":\"es\"},{\"@type\":\"WebPage\",\"@id\":\"https:\\\/\\\/www.esplac.cat\\\/com-encara-el-sector-valles-oriental-el-nou-curs\\\/\",\"url\":\"https:\\\/\\\/www.esplac.cat\\\/com-encara-el-sector-valles-oriental-el-nou-curs\\\/\",\"name\":\"Com encara el Sector Vall\u00e8s Oriental el nou curs? - Esplac\",\"isPartOf\":{\"@id\":\"https:\\\/\\\/www.esplac.cat\\\/#website\"},\"primaryImageOfPage\":{\"@id\":\"https:\\\/\\\/www.esplac.cat\\\/com-encara-el-sector-valles-oriental-el-nou-curs\\\/#primaryimage\"},\"image\":{\"@id\":\"https:\\\/\\\/www.esplac.cat\\\/com-encara-el-sector-valles-oriental-el-nou-curs\\\/#primaryimage\"},\"thumbnailUrl\":\"https:\\\/\\\/www.esplac.cat\\\/wp-content\\\/uploads\\\/2020\\\/10\\\/portadavallorago.jpg\",\"datePublished\":\"2020-10-22T08:57:03+00:00\",\"dateModified\":\"2020-10-22T09:01:40+00:00\",\"description\":\"El passat dimarts 20 d'octubre els esplais del Sector Vall\u00e8s Oriental van celebrar l'Assemblea General del Sector de forma telem\u00e0tica per preparar el curs\",\"breadcrumb\":{\"@id\":\"https:\\\/\\\/www.esplac.cat\\\/com-encara-el-sector-valles-oriental-el-nou-curs\\\/#breadcrumb\"},\"inLanguage\":\"es\",\"potentialAction\":[{\"@type\":\"ReadAction\",\"target\":[\"https:\\\/\\\/www.esplac.cat\\\/com-encara-el-sector-valles-oriental-el-nou-curs\\\/\"]}]},{\"@type\":\"ImageObject\",\"inLanguage\":\"es\",\"@id\":\"https:\\\/\\\/www.esplac.cat\\\/com-encara-el-sector-valles-oriental-el-nou-curs\\\/#primaryimage\",\"url\":\"https:\\\/\\\/www.esplac.cat\\\/wp-content\\\/uploads\\\/2020\\\/10\\\/portadavallorago.jpg\",\"contentUrl\":\"https:\\\/\\\/www.esplac.cat\\\/wp-content\\\/uploads\\\/2020\\\/10\\\/portadavallorago.jpg\",\"width\":847,\"height\":350,\"caption\":\"vall\u00e8s oriental curs\"},{\"@type\":\"BreadcrumbList\",\"@id\":\"https:\\\/\\\/www.esplac.cat\\\/com-encara-el-sector-valles-oriental-el-nou-curs\\\/#breadcrumb\",\"itemListElement\":[{\"@type\":\"ListItem\",\"position\":1,\"name\":\"Inici\",\"item\":\"https:\\\/\\\/www.esplac.cat\\\/es\\\/\"},{\"@type\":\"ListItem\",\"position\":2,\"name\":\"Com encara el Sector Vall\u00e8s Oriental el nou curs?\"}]},{\"@type\":\"WebSite\",\"@id\":\"https:\\\/\\\/www.esplac.cat\\\/#website\",\"url\":\"https:\\\/\\\/www.esplac.cat\\\/\",\"name\":\"Esplac\",\"description\":\"Esplais Catalans\",\"publisher\":{\"@id\":\"https:\\\/\\\/www.esplac.cat\\\/#organization\"},\"potentialAction\":[{\"@type\":\"SearchAction\",\"target\":{\"@type\":\"EntryPoint\",\"urlTemplate\":\"https:\\\/\\\/www.esplac.cat\\\/?s={search_term_string}\"},\"query-input\":{\"@type\":\"PropertyValueSpecification\",\"valueRequired\":true,\"valueName\":\"search_term_string\"}}],\"inLanguage\":\"es\"},{\"@type\":\"Organization\",\"@id\":\"https:\\\/\\\/www.esplac.cat\\\/#organization\",\"name\":\"Esplac\",\"url\":\"https:\\\/\\\/www.esplac.cat\\\/\",\"logo\":{\"@type\":\"ImageObject\",\"inLanguage\":\"es\",\"@id\":\"https:\\\/\\\/www.esplac.cat\\\/#\\\/schema\\\/logo\\\/image\\\/\",\"url\":\"https:\\\/\\\/www.esplac.cat\\\/wp-content\\\/uploads\\\/2019\\\/08\\\/logox2.png\",\"contentUrl\":\"https:\\\/\\\/www.esplac.cat\\\/wp-content\\\/uploads\\\/2019\\\/08\\\/logox2.png\",\"width\":600,\"height\":295,\"caption\":\"Esplac\"},\"image\":{\"@id\":\"https:\\\/\\\/www.esplac.cat\\\/#\\\/schema\\\/logo\\\/image\\\/\"}},{\"@type\":\"Person\",\"@id\":\"https:\\\/\\\/www.esplac.cat\\\/#\\\/schema\\\/person\\\/908383cf240be18b68f8855d0583faca\",\"name\":\"Comunicaci\u00f3 Esplac\",\"image\":{\"@type\":\"ImageObject\",\"inLanguage\":\"es\",\"@id\":\"https:\\\/\\\/secure.gravatar.com\\\/avatar\\\/7a4cf8feb412a76ea4a740ca02d95b06b2907b5a6c648c2dd0a1082a093c3141?s=96&d=mm&r=g\",\"url\":\"https:\\\/\\\/secure.gravatar.com\\\/avatar\\\/7a4cf8feb412a76ea4a740ca02d95b06b2907b5a6c648c2dd0a1082a093c3141?s=96&d=mm&r=g\",\"contentUrl\":\"https:\\\/\\\/secure.gravatar.com\\\/avatar\\\/7a4cf8feb412a76ea4a740ca02d95b06b2907b5a6c648c2dd0a1082a093c3141?s=96&d=mm&r=g\",\"caption\":\"Comunicaci\u00f3 Esplac\"}}]}<\/script>\n<!-- \/ Yoast SEO plugin. -->","yoast_head_json":{"title":"Com encara el Sector Vall\u00e8s Oriental el nou curs? - Esplac","description":"El passat dimarts 20 d'octubre els esplais del Sector Vall\u00e8s Oriental van celebrar l'Assemblea General del Sector de forma telem\u00e0tica per preparar el curs","robots":{"index":"index","follow":"follow","max-snippet":"max-snippet:-1","max-image-preview":"max-image-preview:large","max-video-preview":"max-video-preview:-1"},"canonical":"https:\/\/www.esplac.cat\/com-encara-el-sector-valles-oriental-el-nou-curs\/","og_locale":"es_ES","og_type":"article","og_title":"Com encara el Sector Vall\u00e8s Oriental el nou curs? - Esplac","og_description":"El passat dimarts 20 d'octubre els esplais del Sector Vall\u00e8s Oriental van celebrar l'Assemblea General del Sector de forma telem\u00e0tica per preparar el curs","og_url":"https:\/\/www.esplac.cat\/com-encara-el-sector-valles-oriental-el-nou-curs\/","og_site_name":"Esplac","article_published_time":"2020-10-22T08:57:03+00:00","article_modified_time":"2020-10-22T09:01:40+00:00","og_image":[{"width":847,"height":350,"url":"https:\/\/www.esplac.cat\/wp-content\/uploads\/2020\/10\/portadavallorago.jpg","type":"image\/jpeg"}],"author":"Comunicaci\u00f3 Esplac","twitter_card":"summary_large_image","twitter_misc":{"Escrito por":"Comunicaci\u00f3 Esplac","Tiempo de lectura":"1 minuto"},"schema":{"@context":"https:\/\/schema.org","@graph":[{"@type":"Article","@id":"https:\/\/www.esplac.cat\/com-encara-el-sector-valles-oriental-el-nou-curs\/#article","isPartOf":{"@id":"https:\/\/www.esplac.cat\/com-encara-el-sector-valles-oriental-el-nou-curs\/"},"author":{"name":"Comunicaci\u00f3 Esplac","@id":"https:\/\/www.esplac.cat\/#\/schema\/person\/908383cf240be18b68f8855d0583faca"},"headline":"Com encara el Sector Vall\u00e8s Oriental el nou curs?","datePublished":"2020-10-22T08:57:03+00:00","dateModified":"2020-10-22T09:01:40+00:00","mainEntityOfPage":{"@id":"https:\/\/www.esplac.cat\/com-encara-el-sector-valles-oriental-el-nou-curs\/"},"wordCount":230,"publisher":{"@id":"https:\/\/www.esplac.cat\/#organization"},"image":{"@id":"https:\/\/www.esplac.cat\/com-encara-el-sector-valles-oriental-el-nou-curs\/#primaryimage"},"thumbnailUrl":"https:\/\/www.esplac.cat\/wp-content\/uploads\/2020\/10\/portadavallorago.jpg","articleSection":["Sector Vall\u00e8s Oriental"],"inLanguage":"es"},{"@type":"WebPage","@id":"https:\/\/www.esplac.cat\/com-encara-el-sector-valles-oriental-el-nou-curs\/","url":"https:\/\/www.esplac.cat\/com-encara-el-sector-valles-oriental-el-nou-curs\/","name":"Com encara el Sector Vall\u00e8s Oriental el nou curs? - Esplac","isPartOf":{"@id":"https:\/\/www.esplac.cat\/#website"},"primaryImageOfPage":{"@id":"https:\/\/www.esplac.cat\/com-encara-el-sector-valles-oriental-el-nou-curs\/#primaryimage"},"image":{"@id":"https:\/\/www.esplac.cat\/com-encara-el-sector-valles-oriental-el-nou-curs\/#primaryimage"},"thumbnailUrl":"https:\/\/www.esplac.cat\/wp-content\/uploads\/2020\/10\/portadavallorago.jpg","datePublished":"2020-10-22T08:57:03+00:00","dateModified":"2020-10-22T09:01:40+00:00","description":"El passat dimarts 20 d'octubre els esplais del Sector Vall\u00e8s Oriental van celebrar l'Assemblea General del Sector de forma telem\u00e0tica per preparar el curs","breadcrumb":{"@id":"https:\/\/www.esplac.cat\/com-encara-el-sector-valles-oriental-el-nou-curs\/#breadcrumb"},"inLanguage":"es","potentialAction":[{"@type":"ReadAction","target":["https:\/\/www.esplac.cat\/com-encara-el-sector-valles-oriental-el-nou-curs\/"]}]},{"@type":"ImageObject","inLanguage":"es","@id":"https:\/\/www.esplac.cat\/com-encara-el-sector-valles-oriental-el-nou-curs\/#primaryimage","url":"https:\/\/www.esplac.cat\/wp-content\/uploads\/2020\/10\/portadavallorago.jpg","contentUrl":"https:\/\/www.esplac.cat\/wp-content\/uploads\/2020\/10\/portadavallorago.jpg","width":847,"height":350,"caption":"vall\u00e8s oriental curs"},{"@type":"BreadcrumbList","@id":"https:\/\/www.esplac.cat\/com-encara-el-sector-valles-oriental-el-nou-curs\/#breadcrumb","itemListElement":[{"@type":"ListItem","position":1,"name":"Inici","item":"https:\/\/www.esplac.cat\/es\/"},{"@type":"ListItem","position":2,"name":"Com encara el Sector Vall\u00e8s Oriental el nou curs?"}]},{"@type":"WebSite","@id":"https:\/\/www.esplac.cat\/#website","url":"https:\/\/www.esplac.cat\/","name":"Esplac","description":"Esplais Catalans","publisher":{"@id":"https:\/\/www.esplac.cat\/#organization"},"potentialAction":[{"@type":"SearchAction","target":{"@type":"EntryPoint","urlTemplate":"https:\/\/www.esplac.cat\/?s={search_term_string}"},"query-input":{"@type":"PropertyValueSpecification","valueRequired":true,"valueName":"search_term_string"}}],"inLanguage":"es"},{"@type":"Organization","@id":"https:\/\/www.esplac.cat\/#organization","name":"Esplac","url":"https:\/\/www.esplac.cat\/","logo":{"@type":"ImageObject","inLanguage":"es","@id":"https:\/\/www.esplac.cat\/#\/schema\/logo\/image\/","url":"https:\/\/www.esplac.cat\/wp-content\/uploads\/2019\/08\/logox2.png","contentUrl":"https:\/\/www.esplac.cat\/wp-content\/uploads\/2019\/08\/logox2.png","width":600,"height":295,"caption":"Esplac"},"image":{"@id":"https:\/\/www.esplac.cat\/#\/schema\/logo\/image\/"}},{"@type":"Person","@id":"https:\/\/www.esplac.cat\/#\/schema\/person\/908383cf240be18b68f8855d0583faca","name":"Comunicaci\u00f3 Esplac","image":{"@type":"ImageObject","inLanguage":"es","@id":"https:\/\/secure.gravatar.com\/avatar\/7a4cf8feb412a76ea4a740ca02d95b06b2907b5a6c648c2dd0a1082a093c3141?s=96&d=mm&r=g","url":"https:\/\/secure.gravatar.com\/avatar\/7a4cf8feb412a76ea4a740ca02d95b06b2907b5a6c648c2dd0a1082a093c3141?s=96&d=mm&r=g","contentUrl":"https:\/\/secure.gravatar.com\/avatar\/7a4cf8feb412a76ea4a740ca02d95b06b2907b5a6c648c2dd0a1082a093c3141?s=96&d=mm&r=g","caption":"Comunicaci\u00f3 Esplac"}}]}},"_links":{"self":[{"href":"https:\/\/www.esplac.cat\/es\/wp-json\/wp\/v2\/posts\/32931","targetHints":{"allow":["GET"]}}],"collection":[{"href":"https:\/\/www.esplac.cat\/es\/wp-json\/wp\/v2\/posts"}],"about":[{"href":"https:\/\/www.esplac.cat\/es\/wp-json\/wp\/v2\/types\/post"}],"author":[{"embeddable":true,"href":"https:\/\/www.esplac.cat\/es\/wp-json\/wp\/v2\/users\/3"}],"replies":[{"embeddable":true,"href":"https:\/\/www.esplac.cat\/es\/wp-json\/wp\/v2\/comments?post=32931"}],"version-history":[{"count":0,"href":"https:\/\/www.esplac.cat\/es\/wp-json\/wp\/v2\/posts\/32931\/revisions"}],"wp:featuredmedia":[{"embeddable":true,"href":"https:\/\/www.esplac.cat\/es\/wp-json\/wp\/v2\/media\/32933"}],"wp:attachment":[{"href":"https:\/\/www.esplac.cat\/es\/wp-json\/wp\/v2\/media?parent=32931"}],"wp:term":[{"taxonomy":"category","embeddable":true,"href":"https:\/\/www.esplac.cat\/es\/wp-json\/wp\/v2\/categories?post=32931"},{"taxonomy":"post_tag","embeddable":true,"href":"https:\/\/www.esplac.cat\/es\/wp-json\/wp\/v2\/tags?post=32931"}],"curies":[{"name":"wp","href":"https:\/\/api.w.org\/{rel}","templated":true}]}}