{"id":32991,"date":"2020-10-26T18:01:42","date_gmt":"2020-10-26T17:01:42","guid":{"rendered":"https:\/\/www.esplac.cat\/?p=32991"},"modified":"2020-10-26T18:09:58","modified_gmt":"2020-10-26T17:09:58","slug":"inscripcions-39-ago","status":"publish","type":"post","link":"https:\/\/www.esplac.cat\/es\/inscripcions-39-ago\/","title":{"rendered":"Inscriu-te a la 39a Assemblea General Ordin\u00e0ria d\u2019Esplais Catalans!"},"content":{"rendered":"<p><b>Ja us podeu inscriure a trav\u00e9s de l\u2019Era a l\u2019Assemblea General Ordin\u00e0ria (AGO) del proper 13 de desembre de 2020.\u00a0<\/b><\/p>\n<p><span style=\"font-weight: 400;\">L\u2019Assemblea General Ordin\u00e0ria \u00e9s l\u2019espai de presa de decisions m\u00e9s important d\u2019Esplais Catalans. Aquest est\u00e0 format per tots els esplais d\u2019Esplac i \u00e9s on s\u2019aprova principalment: la Mem\u00f2ria, el Pla de Treball, les l\u00ednies d\u2019actuaci\u00f3, el Pressupost i s\u2019escullen les persones que s\u2019incorporen a l\u2019Equip de Coordinaci\u00f3. Es celebra anualment, amb car\u00e0cter ordinari.<\/span><\/p>\n<p><span style=\"font-weight: 400;\">Enguany, en principi, <strong>el format seguir\u00e0 sent presencial<\/strong>, aquest cop a Tarragona i d\u2019un sol dia. S\u2019aplicaran totes les mesures recomanades per la Generalitat per tal de que l\u2019assemblea sigui un espai segur per a tothom. \u00c9s per aix\u00f2, que nom\u00e9s hi podran assistir<strong> dos membres de cada esplai<\/strong>, i la disposici\u00f3 de la sala ser\u00e0 diferent a les edicions anteriors. El format de teatre es veur\u00e0 substitu\u00eft per un poliesportiu, i es garantir\u00e0 la dist\u00e0ncia necess\u00e0ria entre cada esplai. Tanmateix, <strong>segons com evolucionin les restriccions a causa de la situaci\u00f3 de la COVID-19, potser s\u2019haur\u00e0 de fer en l\u00ednia, o en un format mixt.\u00a0<\/strong><\/span><\/p>\n<p><span style=\"font-weight: 400;\">Recordeu que la participaci\u00f3 \u00e9s un pilar cabdal de la nostra associaci\u00f3: sense la participaci\u00f3 de les monitores i monitors, la nostra ra\u00f3 de ser perd tot el sentit. \u00c9s per aix\u00f2 que us animem a apoderar-vos com a veus indispensables d\u2019Esplac i a inscriure-us a aquest acte.\u00a0<\/span><\/p>\n<p><span style=\"font-weight: 400;\"><span style=\"color: #ff9900;\"><a style=\"color: #ff9900;\" href=\"https:\/\/www.esplac.cat\/actes-resolucions-ago\/\" target=\"_blank\" rel=\"noopener noreferrer\">En aquest enlla\u00e7<\/a> <\/span>podreu llegir les actes i resolucions d\u2019anteriors edicions de l\u2019Assemblea. <\/span><\/p>\n","protected":false},"excerpt":{"rendered":"<p>Ja us podeu inscriure a trav\u00e9s de l\u2019Era a l\u2019Assemblea [&hellip;]<\/p>\n","protected":false},"author":3,"featured_media":32995,"comment_status":"closed","ping_status":"closed","sticky":false,"template":"","format":"standard","meta":{"om_disable_all_campaigns":false,"_monsterinsights_skip_tracking":false,"_monsterinsights_sitenote_active":false,"_monsterinsights_sitenote_note":"","_monsterinsights_sitenote_category":0,"_uf_show_specific_survey":0,"_uf_disable_surveys":false,"footnotes":""},"categories":[1111],"tags":[1323,772,40],"class_list":["post-32991","post","type-post","status-publish","format-standard","has-post-thumbnail","hentry","category-activitats-esplac","tag-39a-ago","tag-assemblea-general-ordinaria","tag-participacio"],"yoast_head":"<!-- This site is optimized with the Yoast SEO plugin v27.5 - https:\/\/yoast.com\/product\/yoast-seo-wordpress\/ -->\n<title>Inscriu-te a la 39a Assemblea General Ordin\u00e0ria d\u2019Esplais Catalans! - Esplac<\/title>\n<meta name=\"description\" content=\"Ja us podeu inscriure a l\u2019Assemblea General Ordin\u00e0ria del proper 13 de desembre de 2020, l\u2019espai de presa de decisions m\u00e9s important d&#039;Esplac.\" \/>\n<meta name=\"robots\" content=\"index, follow, max-snippet:-1, max-image-preview:large, max-video-preview:-1\" \/>\n<link rel=\"canonical\" href=\"https:\/\/www.esplac.cat\/inscripcions-39-ago\/\" \/>\n<meta property=\"og:locale\" content=\"es_ES\" \/>\n<meta property=\"og:type\" content=\"article\" \/>\n<meta property=\"og:title\" content=\"Inscriu-te a la 39a Assemblea General Ordin\u00e0ria d\u2019Esplais Catalans! - Esplac\" \/>\n<meta property=\"og:description\" content=\"Ja us podeu inscriure a l\u2019Assemblea General Ordin\u00e0ria del proper 13 de desembre de 2020, l\u2019espai de presa de decisions m\u00e9s important d&#039;Esplac.\" \/>\n<meta property=\"og:url\" content=\"https:\/\/www.esplac.cat\/inscripcions-39-ago\/\" \/>\n<meta property=\"og:site_name\" content=\"Esplac\" \/>\n<meta property=\"article:published_time\" content=\"2020-10-26T17:01:42+00:00\" \/>\n<meta property=\"article:modified_time\" content=\"2020-10-26T17:09:58+00:00\" \/>\n<meta property=\"og:image\" content=\"https:\/\/www.esplac.cat\/wp-content\/uploads\/2020\/10\/portades-web-1.jpg\" \/>\n\t<meta property=\"og:image:width\" content=\"1697\" \/>\n\t<meta property=\"og:image:height\" content=\"700\" \/>\n\t<meta property=\"og:image:type\" content=\"image\/jpeg\" \/>\n<meta name=\"author\" content=\"Comunicaci\u00f3 Esplac\" \/>\n<meta name=\"twitter:card\" content=\"summary_large_image\" \/>\n<meta name=\"twitter:label1\" content=\"Escrito por\" \/>\n\t<meta name=\"twitter:data1\" content=\"Comunicaci\u00f3 Esplac\" \/>\n\t<meta name=\"twitter:label2\" content=\"Tiempo de lectura\" \/>\n\t<meta name=\"twitter:data2\" content=\"1 minuto\" \/>\n<script type=\"application\/ld+json\" class=\"yoast-schema-graph\">{\"@context\":\"https:\\\/\\\/schema.org\",\"@graph\":[{\"@type\":\"Article\",\"@id\":\"https:\\\/\\\/www.esplac.cat\\\/inscripcions-39-ago\\\/#article\",\"isPartOf\":{\"@id\":\"https:\\\/\\\/www.esplac.cat\\\/inscripcions-39-ago\\\/\"},\"author\":{\"name\":\"Comunicaci\u00f3 Esplac\",\"@id\":\"https:\\\/\\\/www.esplac.cat\\\/#\\\/schema\\\/person\\\/908383cf240be18b68f8855d0583faca\"},\"headline\":\"Inscriu-te a la 39a Assemblea General Ordin\u00e0ria d\u2019Esplais Catalans!\",\"datePublished\":\"2020-10-26T17:01:42+00:00\",\"dateModified\":\"2020-10-26T17:09:58+00:00\",\"mainEntityOfPage\":{\"@id\":\"https:\\\/\\\/www.esplac.cat\\\/inscripcions-39-ago\\\/\"},\"wordCount\":278,\"publisher\":{\"@id\":\"https:\\\/\\\/www.esplac.cat\\\/#organization\"},\"image\":{\"@id\":\"https:\\\/\\\/www.esplac.cat\\\/inscripcions-39-ago\\\/#primaryimage\"},\"thumbnailUrl\":\"https:\\\/\\\/www.esplac.cat\\\/wp-content\\\/uploads\\\/2020\\\/10\\\/portades-web-1.jpg\",\"keywords\":[\"39a AGO\",\"Assemblea General Ordin\u00e0ria\",\"participaci\u00f3\"],\"articleSection\":[\"Activitats esplac\"],\"inLanguage\":\"es\"},{\"@type\":\"WebPage\",\"@id\":\"https:\\\/\\\/www.esplac.cat\\\/inscripcions-39-ago\\\/\",\"url\":\"https:\\\/\\\/www.esplac.cat\\\/inscripcions-39-ago\\\/\",\"name\":\"Inscriu-te a la 39a Assemblea General Ordin\u00e0ria d\u2019Esplais Catalans! - Esplac\",\"isPartOf\":{\"@id\":\"https:\\\/\\\/www.esplac.cat\\\/#website\"},\"primaryImageOfPage\":{\"@id\":\"https:\\\/\\\/www.esplac.cat\\\/inscripcions-39-ago\\\/#primaryimage\"},\"image\":{\"@id\":\"https:\\\/\\\/www.esplac.cat\\\/inscripcions-39-ago\\\/#primaryimage\"},\"thumbnailUrl\":\"https:\\\/\\\/www.esplac.cat\\\/wp-content\\\/uploads\\\/2020\\\/10\\\/portades-web-1.jpg\",\"datePublished\":\"2020-10-26T17:01:42+00:00\",\"dateModified\":\"2020-10-26T17:09:58+00:00\",\"description\":\"Ja us podeu inscriure a l\u2019Assemblea General Ordin\u00e0ria del proper 13 de desembre de 2020, l\u2019espai de presa de decisions m\u00e9s important d'Esplac.\",\"breadcrumb\":{\"@id\":\"https:\\\/\\\/www.esplac.cat\\\/inscripcions-39-ago\\\/#breadcrumb\"},\"inLanguage\":\"es\",\"potentialAction\":[{\"@type\":\"ReadAction\",\"target\":[\"https:\\\/\\\/www.esplac.cat\\\/inscripcions-39-ago\\\/\"]}]},{\"@type\":\"ImageObject\",\"inLanguage\":\"es\",\"@id\":\"https:\\\/\\\/www.esplac.cat\\\/inscripcions-39-ago\\\/#primaryimage\",\"url\":\"https:\\\/\\\/www.esplac.cat\\\/wp-content\\\/uploads\\\/2020\\\/10\\\/portades-web-1.jpg\",\"contentUrl\":\"https:\\\/\\\/www.esplac.cat\\\/wp-content\\\/uploads\\\/2020\\\/10\\\/portades-web-1.jpg\",\"width\":1697,\"height\":700,\"caption\":\"assemblea general ordin\u00e0ria\"},{\"@type\":\"BreadcrumbList\",\"@id\":\"https:\\\/\\\/www.esplac.cat\\\/inscripcions-39-ago\\\/#breadcrumb\",\"itemListElement\":[{\"@type\":\"ListItem\",\"position\":1,\"name\":\"Inici\",\"item\":\"https:\\\/\\\/www.esplac.cat\\\/es\\\/\"},{\"@type\":\"ListItem\",\"position\":2,\"name\":\"Inscriu-te a la 39a Assemblea General Ordin\u00e0ria d\u2019Esplais Catalans!\"}]},{\"@type\":\"WebSite\",\"@id\":\"https:\\\/\\\/www.esplac.cat\\\/#website\",\"url\":\"https:\\\/\\\/www.esplac.cat\\\/\",\"name\":\"Esplac\",\"description\":\"Esplais Catalans\",\"publisher\":{\"@id\":\"https:\\\/\\\/www.esplac.cat\\\/#organization\"},\"potentialAction\":[{\"@type\":\"SearchAction\",\"target\":{\"@type\":\"EntryPoint\",\"urlTemplate\":\"https:\\\/\\\/www.esplac.cat\\\/?s={search_term_string}\"},\"query-input\":{\"@type\":\"PropertyValueSpecification\",\"valueRequired\":true,\"valueName\":\"search_term_string\"}}],\"inLanguage\":\"es\"},{\"@type\":\"Organization\",\"@id\":\"https:\\\/\\\/www.esplac.cat\\\/#organization\",\"name\":\"Esplac\",\"url\":\"https:\\\/\\\/www.esplac.cat\\\/\",\"logo\":{\"@type\":\"ImageObject\",\"inLanguage\":\"es\",\"@id\":\"https:\\\/\\\/www.esplac.cat\\\/#\\\/schema\\\/logo\\\/image\\\/\",\"url\":\"https:\\\/\\\/www.esplac.cat\\\/wp-content\\\/uploads\\\/2019\\\/08\\\/logox2.png\",\"contentUrl\":\"https:\\\/\\\/www.esplac.cat\\\/wp-content\\\/uploads\\\/2019\\\/08\\\/logox2.png\",\"width\":600,\"height\":295,\"caption\":\"Esplac\"},\"image\":{\"@id\":\"https:\\\/\\\/www.esplac.cat\\\/#\\\/schema\\\/logo\\\/image\\\/\"}},{\"@type\":\"Person\",\"@id\":\"https:\\\/\\\/www.esplac.cat\\\/#\\\/schema\\\/person\\\/908383cf240be18b68f8855d0583faca\",\"name\":\"Comunicaci\u00f3 Esplac\",\"image\":{\"@type\":\"ImageObject\",\"inLanguage\":\"es\",\"@id\":\"https:\\\/\\\/secure.gravatar.com\\\/avatar\\\/7a4cf8feb412a76ea4a740ca02d95b06b2907b5a6c648c2dd0a1082a093c3141?s=96&d=mm&r=g\",\"url\":\"https:\\\/\\\/secure.gravatar.com\\\/avatar\\\/7a4cf8feb412a76ea4a740ca02d95b06b2907b5a6c648c2dd0a1082a093c3141?s=96&d=mm&r=g\",\"contentUrl\":\"https:\\\/\\\/secure.gravatar.com\\\/avatar\\\/7a4cf8feb412a76ea4a740ca02d95b06b2907b5a6c648c2dd0a1082a093c3141?s=96&d=mm&r=g\",\"caption\":\"Comunicaci\u00f3 Esplac\"}}]}<\/script>\n<!-- \/ Yoast SEO plugin. -->","yoast_head_json":{"title":"Inscriu-te a la 39a Assemblea General Ordin\u00e0ria d\u2019Esplais Catalans! - Esplac","description":"Ja us podeu inscriure a l\u2019Assemblea General Ordin\u00e0ria del proper 13 de desembre de 2020, l\u2019espai de presa de decisions m\u00e9s important d'Esplac.","robots":{"index":"index","follow":"follow","max-snippet":"max-snippet:-1","max-image-preview":"max-image-preview:large","max-video-preview":"max-video-preview:-1"},"canonical":"https:\/\/www.esplac.cat\/inscripcions-39-ago\/","og_locale":"es_ES","og_type":"article","og_title":"Inscriu-te a la 39a Assemblea General Ordin\u00e0ria d\u2019Esplais Catalans! - Esplac","og_description":"Ja us podeu inscriure a l\u2019Assemblea General Ordin\u00e0ria del proper 13 de desembre de 2020, l\u2019espai de presa de decisions m\u00e9s important d'Esplac.","og_url":"https:\/\/www.esplac.cat\/inscripcions-39-ago\/","og_site_name":"Esplac","article_published_time":"2020-10-26T17:01:42+00:00","article_modified_time":"2020-10-26T17:09:58+00:00","og_image":[{"width":1697,"height":700,"url":"https:\/\/www.esplac.cat\/wp-content\/uploads\/2020\/10\/portades-web-1.jpg","type":"image\/jpeg"}],"author":"Comunicaci\u00f3 Esplac","twitter_card":"summary_large_image","twitter_misc":{"Escrito por":"Comunicaci\u00f3 Esplac","Tiempo de lectura":"1 minuto"},"schema":{"@context":"https:\/\/schema.org","@graph":[{"@type":"Article","@id":"https:\/\/www.esplac.cat\/inscripcions-39-ago\/#article","isPartOf":{"@id":"https:\/\/www.esplac.cat\/inscripcions-39-ago\/"},"author":{"name":"Comunicaci\u00f3 Esplac","@id":"https:\/\/www.esplac.cat\/#\/schema\/person\/908383cf240be18b68f8855d0583faca"},"headline":"Inscriu-te a la 39a Assemblea General Ordin\u00e0ria d\u2019Esplais Catalans!","datePublished":"2020-10-26T17:01:42+00:00","dateModified":"2020-10-26T17:09:58+00:00","mainEntityOfPage":{"@id":"https:\/\/www.esplac.cat\/inscripcions-39-ago\/"},"wordCount":278,"publisher":{"@id":"https:\/\/www.esplac.cat\/#organization"},"image":{"@id":"https:\/\/www.esplac.cat\/inscripcions-39-ago\/#primaryimage"},"thumbnailUrl":"https:\/\/www.esplac.cat\/wp-content\/uploads\/2020\/10\/portades-web-1.jpg","keywords":["39a AGO","Assemblea General Ordin\u00e0ria","participaci\u00f3"],"articleSection":["Activitats esplac"],"inLanguage":"es"},{"@type":"WebPage","@id":"https:\/\/www.esplac.cat\/inscripcions-39-ago\/","url":"https:\/\/www.esplac.cat\/inscripcions-39-ago\/","name":"Inscriu-te a la 39a Assemblea General Ordin\u00e0ria d\u2019Esplais Catalans! - Esplac","isPartOf":{"@id":"https:\/\/www.esplac.cat\/#website"},"primaryImageOfPage":{"@id":"https:\/\/www.esplac.cat\/inscripcions-39-ago\/#primaryimage"},"image":{"@id":"https:\/\/www.esplac.cat\/inscripcions-39-ago\/#primaryimage"},"thumbnailUrl":"https:\/\/www.esplac.cat\/wp-content\/uploads\/2020\/10\/portades-web-1.jpg","datePublished":"2020-10-26T17:01:42+00:00","dateModified":"2020-10-26T17:09:58+00:00","description":"Ja us podeu inscriure a l\u2019Assemblea General Ordin\u00e0ria del proper 13 de desembre de 2020, l\u2019espai de presa de decisions m\u00e9s important d'Esplac.","breadcrumb":{"@id":"https:\/\/www.esplac.cat\/inscripcions-39-ago\/#breadcrumb"},"inLanguage":"es","potentialAction":[{"@type":"ReadAction","target":["https:\/\/www.esplac.cat\/inscripcions-39-ago\/"]}]},{"@type":"ImageObject","inLanguage":"es","@id":"https:\/\/www.esplac.cat\/inscripcions-39-ago\/#primaryimage","url":"https:\/\/www.esplac.cat\/wp-content\/uploads\/2020\/10\/portades-web-1.jpg","contentUrl":"https:\/\/www.esplac.cat\/wp-content\/uploads\/2020\/10\/portades-web-1.jpg","width":1697,"height":700,"caption":"assemblea general ordin\u00e0ria"},{"@type":"BreadcrumbList","@id":"https:\/\/www.esplac.cat\/inscripcions-39-ago\/#breadcrumb","itemListElement":[{"@type":"ListItem","position":1,"name":"Inici","item":"https:\/\/www.esplac.cat\/es\/"},{"@type":"ListItem","position":2,"name":"Inscriu-te a la 39a Assemblea General Ordin\u00e0ria d\u2019Esplais Catalans!"}]},{"@type":"WebSite","@id":"https:\/\/www.esplac.cat\/#website","url":"https:\/\/www.esplac.cat\/","name":"Esplac","description":"Esplais Catalans","publisher":{"@id":"https:\/\/www.esplac.cat\/#organization"},"potentialAction":[{"@type":"SearchAction","target":{"@type":"EntryPoint","urlTemplate":"https:\/\/www.esplac.cat\/?s={search_term_string}"},"query-input":{"@type":"PropertyValueSpecification","valueRequired":true,"valueName":"search_term_string"}}],"inLanguage":"es"},{"@type":"Organization","@id":"https:\/\/www.esplac.cat\/#organization","name":"Esplac","url":"https:\/\/www.esplac.cat\/","logo":{"@type":"ImageObject","inLanguage":"es","@id":"https:\/\/www.esplac.cat\/#\/schema\/logo\/image\/","url":"https:\/\/www.esplac.cat\/wp-content\/uploads\/2019\/08\/logox2.png","contentUrl":"https:\/\/www.esplac.cat\/wp-content\/uploads\/2019\/08\/logox2.png","width":600,"height":295,"caption":"Esplac"},"image":{"@id":"https:\/\/www.esplac.cat\/#\/schema\/logo\/image\/"}},{"@type":"Person","@id":"https:\/\/www.esplac.cat\/#\/schema\/person\/908383cf240be18b68f8855d0583faca","name":"Comunicaci\u00f3 Esplac","image":{"@type":"ImageObject","inLanguage":"es","@id":"https:\/\/secure.gravatar.com\/avatar\/7a4cf8feb412a76ea4a740ca02d95b06b2907b5a6c648c2dd0a1082a093c3141?s=96&d=mm&r=g","url":"https:\/\/secure.gravatar.com\/avatar\/7a4cf8feb412a76ea4a740ca02d95b06b2907b5a6c648c2dd0a1082a093c3141?s=96&d=mm&r=g","contentUrl":"https:\/\/secure.gravatar.com\/avatar\/7a4cf8feb412a76ea4a740ca02d95b06b2907b5a6c648c2dd0a1082a093c3141?s=96&d=mm&r=g","caption":"Comunicaci\u00f3 Esplac"}}]}},"_links":{"self":[{"href":"https:\/\/www.esplac.cat\/es\/wp-json\/wp\/v2\/posts\/32991","targetHints":{"allow":["GET"]}}],"collection":[{"href":"https:\/\/www.esplac.cat\/es\/wp-json\/wp\/v2\/posts"}],"about":[{"href":"https:\/\/www.esplac.cat\/es\/wp-json\/wp\/v2\/types\/post"}],"author":[{"embeddable":true,"href":"https:\/\/www.esplac.cat\/es\/wp-json\/wp\/v2\/users\/3"}],"replies":[{"embeddable":true,"href":"https:\/\/www.esplac.cat\/es\/wp-json\/wp\/v2\/comments?post=32991"}],"version-history":[{"count":0,"href":"https:\/\/www.esplac.cat\/es\/wp-json\/wp\/v2\/posts\/32991\/revisions"}],"wp:featuredmedia":[{"embeddable":true,"href":"https:\/\/www.esplac.cat\/es\/wp-json\/wp\/v2\/media\/32995"}],"wp:attachment":[{"href":"https:\/\/www.esplac.cat\/es\/wp-json\/wp\/v2\/media?parent=32991"}],"wp:term":[{"taxonomy":"category","embeddable":true,"href":"https:\/\/www.esplac.cat\/es\/wp-json\/wp\/v2\/categories?post=32991"},{"taxonomy":"post_tag","embeddable":true,"href":"https:\/\/www.esplac.cat\/es\/wp-json\/wp\/v2\/tags?post=32991"}],"curies":[{"name":"wp","href":"https:\/\/api.w.org\/{rel}","templated":true}]}}