{"id":33037,"date":"2020-10-27T12:12:19","date_gmt":"2020-10-27T11:12:19","guid":{"rendered":"https:\/\/www.esplac.cat\/?p=33037"},"modified":"2020-10-27T12:28:20","modified_gmt":"2020-10-27T11:28:20","slug":"x-jornades-lleure-feminismes-tot-un-exit","status":"publish","type":"post","link":"https:\/\/www.esplac.cat\/es\/x-jornades-lleure-feminismes-tot-un-exit\/","title":{"rendered":"Les X Jornades de Lleure i Feminismes han estat tot un \u00e8xit!"},"content":{"rendered":"<h6><strong>El passat diumenge 25 d\u2019octubre de 2020 es va celebrar la desena edici\u00f3 de les Jornades de Lleure i Feminismes al Casal de Joves Girapells de Barcelona, amb un total de 100 participants. <\/strong><\/h6>\n<p><span style=\"font-weight: 400;\">Les<span style=\"color: #ff9900;\"><a style=\"color: #ff9900;\" href=\"https:\/\/www.esplac.cat\/formacions\/jornades-de-lleure-i-feminismes\/\" target=\"_blank\" rel=\"noopener noreferrer\"> Jornades de Lleure i Feminismes<\/a><\/span>, organitzades conjuntament per l\u2019Escola Lliure el Sol, Casals de Joves de Catalunya, Escoltes Catalans, Minyons Escoltes i Guies de Catalunya (Demarcaci\u00f3 de Barcelona) i Esplais Catalans, han commemorat els deu anys de traject\u00f2ria, revisant els aprenentatges i valorant tot el que hem caminat plegades i, alhora, posant una mirada cr\u00edtica, constructiva i transformadora al futur.<\/span><\/p>\n<p><span style=\"font-weight: 400;\">Enguany, degut al context de pand\u00e8mia mundial, les Jornades s\u2019han hagut d\u2019adaptar a les possibilitats i, per tant, s\u2019han redu\u00eft a un dia de presencialitat, a difer\u00e8ncia de tot un cap com en els anys anteriors. A m\u00e9s, s\u2019han desenvolupant complint estrictament el protocol d\u2019activitats formatives elaborat per la Direcci\u00f3 General de Joventut.<\/span><\/p>\n<p><span style=\"font-weight: 400;\">A difer\u00e8ncia de les edicions anteriors, i seguint amb el context de pand\u00e8mia mundial, s\u2019han desenvolupat <\/span><b>pon\u00e8ncies en l\u00ednia<\/b><span style=\"font-weight: 400;\"> de dilluns a dijous, comptant amb en <\/span><b>Teo Pardo<\/b><span style=\"font-weight: 400;\"> (<\/span><span style=\"font-weight: 400;\">Qu\u00e8 pot aportar la perspectiva trans i feminista a l&#8217;educaci\u00f3 sexual?), la <\/span><b>Mariona Zamora<\/b><span style=\"font-weight: 400;\"> de l\u2019Esberla (M\u00e9s enll\u00e0 de dir-nos feministes&#8230; 4 preguntes que ens hem de fer per saber si estem incorporant les cures i el feminisme a la nostra entitat!), l\u2019<\/span><b>Andrea Ruedas<\/b><span style=\"font-weight: 400;\"> (Desarrelem la viol\u00e8ncia masclista a les entitats juvenils), que s\u2019ha ajornat per motius de salut, i la <\/span><b>Mireia Redondo<\/b><span style=\"font-weight: 400;\"> (Autodefensa i suport, combatem la viol\u00e8ncia masclista).<\/span><\/p>\n<p><span style=\"font-weight: 400;\">Pel qu\u00e8 fa a les Jornades presencials, vam comptar les talleristes de <\/span><span style=\"color: #ff9900;\"><a style=\"color: #ff9900;\" href=\"https:\/\/sexus.org\/ca\/\" target=\"_blank\" rel=\"noopener noreferrer\"><b>Sexus <\/b><\/a><\/span><span style=\"font-weight: 400;\">(Flow) i <\/span><span style=\"color: #ff9900;\"><a style=\"color: #ff9900;\" href=\"https:\/\/laskellys.wordpress.com\/\" target=\"_blank\" rel=\"noopener noreferrer\"><b>Las Kellys<\/b><\/a><\/span><span style=\"font-weight: 400;\"> (Las Kellys contra la precarietat) en el marc de l\u2019eix d\u2019interseccionalitat, l\u2019<\/span><span style=\"color: #ff9900;\"><a style=\"color: #ff9900;\" href=\"http:\/\/www.activament.org\/\" target=\"_blank\" rel=\"noopener noreferrer\"><b>Associaci\u00f3 ActivaMent de Catalunya<\/b><\/a><\/span><span style=\"font-weight: 400;\"> (Cossos, cures i autogesti\u00f3 feminista en salut mental) i <\/span><a href=\"https:\/\/lolanoestassola.org\/\" target=\"_blank\" rel=\"noopener noreferrer\"><b><span style=\"color: #ff9900;\">Lola no est\u00e1s sola<\/span> <\/b><\/a><span style=\"font-weight: 400;\">(Les dones sense llar amb mirada feminista) per l\u2019eix combatre la viol\u00e8ncia masclista, l\u2019<\/span><span style=\"color: #ff9900;\"><a style=\"color: #ff9900;\" href=\"https:\/\/www.esberla.cat\/\" target=\"_blank\" rel=\"noopener noreferrer\"><b>Esberla<\/b><\/a><\/span><span style=\"font-weight: 400;\"> (Combatem les viol\u00e8ncies masclistes: comencem per les nostres?) i el <\/span><b>Zoe <\/b><span style=\"font-weight: 400;\">(No-monog\u00e0mia) per l\u2019eix de relacions, <\/span><b>Marikarmen Free<\/b><span style=\"font-weight: 400;\"> i <\/span><b>Ver\u00f3nica Arauzo<\/b><span style=\"font-weight: 400;\"> (Treball sexual en primera persona) i el <\/span><span style=\"color: #ff9900;\"><a style=\"color: #ff9900;\" href=\"https:\/\/centrejove.org\/\" target=\"_blank\" rel=\"noopener noreferrer\"><b>Centre Jove d\u2019Atenci\u00f3 a les Sexualitats<\/b><\/a><\/span><span style=\"font-weight: 400;\"> (El meu cos, jo decideixo! Drets Sexuals i Reproductius, la lluita i resili\u00e8ncia continuen!) en el marc de l\u2019eix de reapropiaci\u00f3 dels cossos i, finalment, <\/span><b>Hora Bruixa<\/b><span style=\"font-weight: 400;\"> i <\/span><b>Perif\u00e9rikas <\/b><span style=\"font-weight: 400;\">(Col\u00b7lectius feministes represaliats) i la <\/span><b>Comissi\u00f3 de trobades no-mixtes del moviment per l\u2019habitatge a Catalunya<\/b><span style=\"font-weight: 400;\"> (Habitatge amb perspectiva de g\u00e8nere) per l\u2019eix d\u2019autodefensa feminista.\u00a0<\/span><\/p>\n<p><span style=\"font-weight: 400;\">Volem agrair a les participants, talleristes i ponents la participaci\u00f3 a les desenes Jornades de Lleure i Feminismes i esperem veure\u2019ns en les properes edicions!<\/span><\/p>\n<p>&nbsp;<\/p>\n\n\t\t<style type=\"text\/css\">\n\t\t\t#gallery-1 {\n\t\t\t\tmargin: auto;\n\t\t\t}\n\t\t\t#gallery-1 .gallery-item {\n\t\t\t\tfloat: left;\n\t\t\t\tmargin-top: 10px;\n\t\t\t\ttext-align: center;\n\t\t\t\twidth: 33%;\n\t\t\t}\n\t\t\t#gallery-1 img {\n\t\t\t\tborder: 2px solid #cfcfcf;\n\t\t\t}\n\t\t\t#gallery-1 .gallery-caption {\n\t\t\t\tmargin-left: 0;\n\t\t\t}\n\t\t\t\/* see gallery_shortcode() in wp-includes\/media.php *\/\n\t\t<\/style>\n\t\t<div id='gallery-1' class='gallery galleryid-33037 gallery-columns-3 gallery-size-medium'><dl class='gallery-item'>\n\t\t\t<dt class='gallery-icon landscape'>\n\t\t\t\t<a data-rel=\"iLightbox[postimages]\" data-title=\"WhatsApp Image 2020-10-25 at 10.52.03 (1)\" data-caption=\"\" href='https:\/\/www.esplac.cat\/wp-content\/uploads\/2020\/10\/WhatsApp-Image-2020-10-25-at-10.52.03-1.jpeg'><img decoding=\"async\" width=\"300\" height=\"225\" src=\"https:\/\/www.esplac.cat\/wp-content\/uploads\/2020\/10\/WhatsApp-Image-2020-10-25-at-10.52.03-1-300x225.jpeg\" class=\"attachment-medium size-medium\" alt=\"\" srcset=\"https:\/\/www.esplac.cat\/wp-content\/uploads\/2020\/10\/WhatsApp-Image-2020-10-25-at-10.52.03-1-200x150.jpeg 200w, https:\/\/www.esplac.cat\/wp-content\/uploads\/2020\/10\/WhatsApp-Image-2020-10-25-at-10.52.03-1-300x225.jpeg 300w, https:\/\/www.esplac.cat\/wp-content\/uploads\/2020\/10\/WhatsApp-Image-2020-10-25-at-10.52.03-1-400x300.jpeg 400w, https:\/\/www.esplac.cat\/wp-content\/uploads\/2020\/10\/WhatsApp-Image-2020-10-25-at-10.52.03-1-600x450.jpeg 600w, https:\/\/www.esplac.cat\/wp-content\/uploads\/2020\/10\/WhatsApp-Image-2020-10-25-at-10.52.03-1-768x576.jpeg 768w, https:\/\/www.esplac.cat\/wp-content\/uploads\/2020\/10\/WhatsApp-Image-2020-10-25-at-10.52.03-1-800x600.jpeg 800w, https:\/\/www.esplac.cat\/wp-content\/uploads\/2020\/10\/WhatsApp-Image-2020-10-25-at-10.52.03-1-1024x768.jpeg 1024w, https:\/\/www.esplac.cat\/wp-content\/uploads\/2020\/10\/WhatsApp-Image-2020-10-25-at-10.52.03-1-1200x900.jpeg 1200w, https:\/\/www.esplac.cat\/wp-content\/uploads\/2020\/10\/WhatsApp-Image-2020-10-25-at-10.52.03-1-1536x1152.jpeg 1536w\" sizes=\"(max-width: 300px) 100vw, 300px\" \/><\/a>\n\t\t\t<\/dt><\/dl><dl class='gallery-item'>\n\t\t\t<dt class='gallery-icon landscape'>\n\t\t\t\t<a data-rel=\"iLightbox[postimages]\" data-title=\"poliamo3\" data-caption=\"\" href='https:\/\/www.esplac.cat\/wp-content\/uploads\/2020\/10\/poliamo3.jpeg'><img decoding=\"async\" width=\"300\" height=\"225\" src=\"https:\/\/www.esplac.cat\/wp-content\/uploads\/2020\/10\/poliamo3-300x225.jpeg\" class=\"attachment-medium size-medium\" alt=\"\" srcset=\"https:\/\/www.esplac.cat\/wp-content\/uploads\/2020\/10\/poliamo3-200x150.jpeg 200w, https:\/\/www.esplac.cat\/wp-content\/uploads\/2020\/10\/poliamo3-300x225.jpeg 300w, https:\/\/www.esplac.cat\/wp-content\/uploads\/2020\/10\/poliamo3-400x300.jpeg 400w, https:\/\/www.esplac.cat\/wp-content\/uploads\/2020\/10\/poliamo3-600x450.jpeg 600w, https:\/\/www.esplac.cat\/wp-content\/uploads\/2020\/10\/poliamo3-768x576.jpeg 768w, https:\/\/www.esplac.cat\/wp-content\/uploads\/2020\/10\/poliamo3-800x600.jpeg 800w, https:\/\/www.esplac.cat\/wp-content\/uploads\/2020\/10\/poliamo3-1024x768.jpeg 1024w, https:\/\/www.esplac.cat\/wp-content\/uploads\/2020\/10\/poliamo3-1200x900.jpeg 1200w, https:\/\/www.esplac.cat\/wp-content\/uploads\/2020\/10\/poliamo3-1536x1152.jpeg 1536w, https:\/\/www.esplac.cat\/wp-content\/uploads\/2020\/10\/poliamo3.jpeg 1600w\" sizes=\"(max-width: 300px) 100vw, 300px\" \/><\/a>\n\t\t\t<\/dt><\/dl><dl class='gallery-item'>\n\t\t\t<dt class='gallery-icon landscape'>\n\t\t\t\t<a data-rel=\"iLightbox[postimages]\" data-title=\"poliamor2\" data-caption=\"\" href='https:\/\/www.esplac.cat\/wp-content\/uploads\/2020\/10\/poliamor2.jpeg'><img decoding=\"async\" width=\"300\" height=\"225\" src=\"https:\/\/www.esplac.cat\/wp-content\/uploads\/2020\/10\/poliamor2-300x225.jpeg\" class=\"attachment-medium size-medium\" alt=\"\" srcset=\"https:\/\/www.esplac.cat\/wp-content\/uploads\/2020\/10\/poliamor2-200x150.jpeg 200w, https:\/\/www.esplac.cat\/wp-content\/uploads\/2020\/10\/poliamor2-300x225.jpeg 300w, https:\/\/www.esplac.cat\/wp-content\/uploads\/2020\/10\/poliamor2-400x300.jpeg 400w, https:\/\/www.esplac.cat\/wp-content\/uploads\/2020\/10\/poliamor2-600x450.jpeg 600w, https:\/\/www.esplac.cat\/wp-content\/uploads\/2020\/10\/poliamor2-768x576.jpeg 768w, https:\/\/www.esplac.cat\/wp-content\/uploads\/2020\/10\/poliamor2-800x600.jpeg 800w, https:\/\/www.esplac.cat\/wp-content\/uploads\/2020\/10\/poliamor2-1024x768.jpeg 1024w, https:\/\/www.esplac.cat\/wp-content\/uploads\/2020\/10\/poliamor2-1200x900.jpeg 1200w, https:\/\/www.esplac.cat\/wp-content\/uploads\/2020\/10\/poliamor2-1536x1152.jpeg 1536w, https:\/\/www.esplac.cat\/wp-content\/uploads\/2020\/10\/poliamor2.jpeg 1600w\" sizes=\"(max-width: 300px) 100vw, 300px\" \/><\/a>\n\t\t\t<\/dt><\/dl><br style=\"clear: both\" \/>\n\t\t<\/div>\n\n","protected":false},"excerpt":{"rendered":"<p>El passat diumenge 25 d\u2019octubre de 2020 es va celebrar [&hellip;]<\/p>\n","protected":false},"author":3,"featured_media":33039,"comment_status":"closed","ping_status":"closed","sticky":false,"template":"","format":"standard","meta":{"om_disable_all_campaigns":false,"_monsterinsights_skip_tracking":false,"_monsterinsights_sitenote_active":false,"_monsterinsights_sitenote_note":"","_monsterinsights_sitenote_category":0,"_uf_show_specific_survey":0,"_uf_disable_surveys":false,"footnotes":""},"categories":[1158],"tags":[],"class_list":["post-33037","post","type-post","status-publish","format-standard","has-post-thumbnail","hentry","category-jornades-lleure-feminismes"],"yoast_head":"<!-- This site is optimized with the Yoast SEO plugin v27.5 - https:\/\/yoast.com\/product\/yoast-seo-wordpress\/ -->\n<title>Les X Jornades de Lleure i Feminismes han estat tot un \u00e8xit! - Esplac<\/title>\n<meta name=\"description\" content=\"El passat 25 d\u2019octubre es va celebrar la 10a edici\u00f3 de les Jornades de Lleure i Feminismes al Casal de Joves Girapells, amb un total de 100 participants.\" \/>\n<meta name=\"robots\" content=\"index, follow, max-snippet:-1, max-image-preview:large, max-video-preview:-1\" \/>\n<link rel=\"canonical\" href=\"https:\/\/www.esplac.cat\/x-jornades-lleure-feminismes-tot-un-exit\/\" \/>\n<meta property=\"og:locale\" content=\"es_ES\" \/>\n<meta property=\"og:type\" content=\"article\" \/>\n<meta property=\"og:title\" content=\"Les X Jornades de Lleure i Feminismes han estat tot un \u00e8xit! - Esplac\" \/>\n<meta property=\"og:description\" content=\"El passat 25 d\u2019octubre es va celebrar la 10a edici\u00f3 de les Jornades de Lleure i Feminismes al Casal de Joves Girapells, amb un total de 100 participants.\" \/>\n<meta property=\"og:url\" content=\"https:\/\/www.esplac.cat\/x-jornades-lleure-feminismes-tot-un-exit\/\" \/>\n<meta property=\"og:site_name\" content=\"Esplac\" \/>\n<meta property=\"article:published_time\" content=\"2020-10-27T11:12:19+00:00\" \/>\n<meta property=\"article:modified_time\" content=\"2020-10-27T11:28:20+00:00\" \/>\n<meta property=\"og:image\" content=\"https:\/\/www.esplac.cat\/wp-content\/uploads\/2020\/10\/portades-web-5.jpg\" \/>\n\t<meta property=\"og:image:width\" content=\"1697\" \/>\n\t<meta property=\"og:image:height\" content=\"700\" \/>\n\t<meta property=\"og:image:type\" content=\"image\/jpeg\" \/>\n<meta name=\"author\" content=\"Comunicaci\u00f3 Esplac\" \/>\n<meta name=\"twitter:card\" content=\"summary_large_image\" \/>\n<meta name=\"twitter:label1\" content=\"Escrito por\" \/>\n\t<meta name=\"twitter:data1\" content=\"Comunicaci\u00f3 Esplac\" \/>\n\t<meta name=\"twitter:label2\" content=\"Tiempo de lectura\" \/>\n\t<meta name=\"twitter:data2\" content=\"2 minutos\" \/>\n<script type=\"application\/ld+json\" class=\"yoast-schema-graph\">{\"@context\":\"https:\\\/\\\/schema.org\",\"@graph\":[{\"@type\":\"Article\",\"@id\":\"https:\\\/\\\/www.esplac.cat\\\/x-jornades-lleure-feminismes-tot-un-exit\\\/#article\",\"isPartOf\":{\"@id\":\"https:\\\/\\\/www.esplac.cat\\\/x-jornades-lleure-feminismes-tot-un-exit\\\/\"},\"author\":{\"name\":\"Comunicaci\u00f3 Esplac\",\"@id\":\"https:\\\/\\\/www.esplac.cat\\\/#\\\/schema\\\/person\\\/908383cf240be18b68f8855d0583faca\"},\"headline\":\"Les X Jornades de Lleure i Feminismes han estat tot un \u00e8xit!\",\"datePublished\":\"2020-10-27T11:12:19+00:00\",\"dateModified\":\"2020-10-27T11:28:20+00:00\",\"mainEntityOfPage\":{\"@id\":\"https:\\\/\\\/www.esplac.cat\\\/x-jornades-lleure-feminismes-tot-un-exit\\\/\"},\"wordCount\":477,\"publisher\":{\"@id\":\"https:\\\/\\\/www.esplac.cat\\\/#organization\"},\"image\":{\"@id\":\"https:\\\/\\\/www.esplac.cat\\\/x-jornades-lleure-feminismes-tot-un-exit\\\/#primaryimage\"},\"thumbnailUrl\":\"https:\\\/\\\/www.esplac.cat\\\/wp-content\\\/uploads\\\/2020\\\/10\\\/portades-web-5.jpg\",\"articleSection\":[\"Jornades de Lleure i Feminismes\"],\"inLanguage\":\"es\"},{\"@type\":\"WebPage\",\"@id\":\"https:\\\/\\\/www.esplac.cat\\\/x-jornades-lleure-feminismes-tot-un-exit\\\/\",\"url\":\"https:\\\/\\\/www.esplac.cat\\\/x-jornades-lleure-feminismes-tot-un-exit\\\/\",\"name\":\"Les X Jornades de Lleure i Feminismes han estat tot un \u00e8xit! - Esplac\",\"isPartOf\":{\"@id\":\"https:\\\/\\\/www.esplac.cat\\\/#website\"},\"primaryImageOfPage\":{\"@id\":\"https:\\\/\\\/www.esplac.cat\\\/x-jornades-lleure-feminismes-tot-un-exit\\\/#primaryimage\"},\"image\":{\"@id\":\"https:\\\/\\\/www.esplac.cat\\\/x-jornades-lleure-feminismes-tot-un-exit\\\/#primaryimage\"},\"thumbnailUrl\":\"https:\\\/\\\/www.esplac.cat\\\/wp-content\\\/uploads\\\/2020\\\/10\\\/portades-web-5.jpg\",\"datePublished\":\"2020-10-27T11:12:19+00:00\",\"dateModified\":\"2020-10-27T11:28:20+00:00\",\"description\":\"El passat 25 d\u2019octubre es va celebrar la 10a edici\u00f3 de les Jornades de Lleure i Feminismes al Casal de Joves Girapells, amb un total de 100 participants.\",\"breadcrumb\":{\"@id\":\"https:\\\/\\\/www.esplac.cat\\\/x-jornades-lleure-feminismes-tot-un-exit\\\/#breadcrumb\"},\"inLanguage\":\"es\",\"potentialAction\":[{\"@type\":\"ReadAction\",\"target\":[\"https:\\\/\\\/www.esplac.cat\\\/x-jornades-lleure-feminismes-tot-un-exit\\\/\"]}]},{\"@type\":\"ImageObject\",\"inLanguage\":\"es\",\"@id\":\"https:\\\/\\\/www.esplac.cat\\\/x-jornades-lleure-feminismes-tot-un-exit\\\/#primaryimage\",\"url\":\"https:\\\/\\\/www.esplac.cat\\\/wp-content\\\/uploads\\\/2020\\\/10\\\/portades-web-5.jpg\",\"contentUrl\":\"https:\\\/\\\/www.esplac.cat\\\/wp-content\\\/uploads\\\/2020\\\/10\\\/portades-web-5.jpg\",\"width\":1697,\"height\":700,\"caption\":\"lleure i feminismes\"},{\"@type\":\"BreadcrumbList\",\"@id\":\"https:\\\/\\\/www.esplac.cat\\\/x-jornades-lleure-feminismes-tot-un-exit\\\/#breadcrumb\",\"itemListElement\":[{\"@type\":\"ListItem\",\"position\":1,\"name\":\"Inici\",\"item\":\"https:\\\/\\\/www.esplac.cat\\\/es\\\/\"},{\"@type\":\"ListItem\",\"position\":2,\"name\":\"Les X Jornades de Lleure i Feminismes han estat tot un \u00e8xit!\"}]},{\"@type\":\"WebSite\",\"@id\":\"https:\\\/\\\/www.esplac.cat\\\/#website\",\"url\":\"https:\\\/\\\/www.esplac.cat\\\/\",\"name\":\"Esplac\",\"description\":\"Esplais Catalans\",\"publisher\":{\"@id\":\"https:\\\/\\\/www.esplac.cat\\\/#organization\"},\"potentialAction\":[{\"@type\":\"SearchAction\",\"target\":{\"@type\":\"EntryPoint\",\"urlTemplate\":\"https:\\\/\\\/www.esplac.cat\\\/?s={search_term_string}\"},\"query-input\":{\"@type\":\"PropertyValueSpecification\",\"valueRequired\":true,\"valueName\":\"search_term_string\"}}],\"inLanguage\":\"es\"},{\"@type\":\"Organization\",\"@id\":\"https:\\\/\\\/www.esplac.cat\\\/#organization\",\"name\":\"Esplac\",\"url\":\"https:\\\/\\\/www.esplac.cat\\\/\",\"logo\":{\"@type\":\"ImageObject\",\"inLanguage\":\"es\",\"@id\":\"https:\\\/\\\/www.esplac.cat\\\/#\\\/schema\\\/logo\\\/image\\\/\",\"url\":\"https:\\\/\\\/www.esplac.cat\\\/wp-content\\\/uploads\\\/2019\\\/08\\\/logox2.png\",\"contentUrl\":\"https:\\\/\\\/www.esplac.cat\\\/wp-content\\\/uploads\\\/2019\\\/08\\\/logox2.png\",\"width\":600,\"height\":295,\"caption\":\"Esplac\"},\"image\":{\"@id\":\"https:\\\/\\\/www.esplac.cat\\\/#\\\/schema\\\/logo\\\/image\\\/\"}},{\"@type\":\"Person\",\"@id\":\"https:\\\/\\\/www.esplac.cat\\\/#\\\/schema\\\/person\\\/908383cf240be18b68f8855d0583faca\",\"name\":\"Comunicaci\u00f3 Esplac\",\"image\":{\"@type\":\"ImageObject\",\"inLanguage\":\"es\",\"@id\":\"https:\\\/\\\/secure.gravatar.com\\\/avatar\\\/7a4cf8feb412a76ea4a740ca02d95b06b2907b5a6c648c2dd0a1082a093c3141?s=96&d=mm&r=g\",\"url\":\"https:\\\/\\\/secure.gravatar.com\\\/avatar\\\/7a4cf8feb412a76ea4a740ca02d95b06b2907b5a6c648c2dd0a1082a093c3141?s=96&d=mm&r=g\",\"contentUrl\":\"https:\\\/\\\/secure.gravatar.com\\\/avatar\\\/7a4cf8feb412a76ea4a740ca02d95b06b2907b5a6c648c2dd0a1082a093c3141?s=96&d=mm&r=g\",\"caption\":\"Comunicaci\u00f3 Esplac\"}}]}<\/script>\n<!-- \/ Yoast SEO plugin. -->","yoast_head_json":{"title":"Les X Jornades de Lleure i Feminismes han estat tot un \u00e8xit! - Esplac","description":"El passat 25 d\u2019octubre es va celebrar la 10a edici\u00f3 de les Jornades de Lleure i Feminismes al Casal de Joves Girapells, amb un total de 100 participants.","robots":{"index":"index","follow":"follow","max-snippet":"max-snippet:-1","max-image-preview":"max-image-preview:large","max-video-preview":"max-video-preview:-1"},"canonical":"https:\/\/www.esplac.cat\/x-jornades-lleure-feminismes-tot-un-exit\/","og_locale":"es_ES","og_type":"article","og_title":"Les X Jornades de Lleure i Feminismes han estat tot un \u00e8xit! - Esplac","og_description":"El passat 25 d\u2019octubre es va celebrar la 10a edici\u00f3 de les Jornades de Lleure i Feminismes al Casal de Joves Girapells, amb un total de 100 participants.","og_url":"https:\/\/www.esplac.cat\/x-jornades-lleure-feminismes-tot-un-exit\/","og_site_name":"Esplac","article_published_time":"2020-10-27T11:12:19+00:00","article_modified_time":"2020-10-27T11:28:20+00:00","og_image":[{"width":1697,"height":700,"url":"https:\/\/www.esplac.cat\/wp-content\/uploads\/2020\/10\/portades-web-5.jpg","type":"image\/jpeg"}],"author":"Comunicaci\u00f3 Esplac","twitter_card":"summary_large_image","twitter_misc":{"Escrito por":"Comunicaci\u00f3 Esplac","Tiempo de lectura":"2 minutos"},"schema":{"@context":"https:\/\/schema.org","@graph":[{"@type":"Article","@id":"https:\/\/www.esplac.cat\/x-jornades-lleure-feminismes-tot-un-exit\/#article","isPartOf":{"@id":"https:\/\/www.esplac.cat\/x-jornades-lleure-feminismes-tot-un-exit\/"},"author":{"name":"Comunicaci\u00f3 Esplac","@id":"https:\/\/www.esplac.cat\/#\/schema\/person\/908383cf240be18b68f8855d0583faca"},"headline":"Les X Jornades de Lleure i Feminismes han estat tot un \u00e8xit!","datePublished":"2020-10-27T11:12:19+00:00","dateModified":"2020-10-27T11:28:20+00:00","mainEntityOfPage":{"@id":"https:\/\/www.esplac.cat\/x-jornades-lleure-feminismes-tot-un-exit\/"},"wordCount":477,"publisher":{"@id":"https:\/\/www.esplac.cat\/#organization"},"image":{"@id":"https:\/\/www.esplac.cat\/x-jornades-lleure-feminismes-tot-un-exit\/#primaryimage"},"thumbnailUrl":"https:\/\/www.esplac.cat\/wp-content\/uploads\/2020\/10\/portades-web-5.jpg","articleSection":["Jornades de Lleure i Feminismes"],"inLanguage":"es"},{"@type":"WebPage","@id":"https:\/\/www.esplac.cat\/x-jornades-lleure-feminismes-tot-un-exit\/","url":"https:\/\/www.esplac.cat\/x-jornades-lleure-feminismes-tot-un-exit\/","name":"Les X Jornades de Lleure i Feminismes han estat tot un \u00e8xit! - Esplac","isPartOf":{"@id":"https:\/\/www.esplac.cat\/#website"},"primaryImageOfPage":{"@id":"https:\/\/www.esplac.cat\/x-jornades-lleure-feminismes-tot-un-exit\/#primaryimage"},"image":{"@id":"https:\/\/www.esplac.cat\/x-jornades-lleure-feminismes-tot-un-exit\/#primaryimage"},"thumbnailUrl":"https:\/\/www.esplac.cat\/wp-content\/uploads\/2020\/10\/portades-web-5.jpg","datePublished":"2020-10-27T11:12:19+00:00","dateModified":"2020-10-27T11:28:20+00:00","description":"El passat 25 d\u2019octubre es va celebrar la 10a edici\u00f3 de les Jornades de Lleure i Feminismes al Casal de Joves Girapells, amb un total de 100 participants.","breadcrumb":{"@id":"https:\/\/www.esplac.cat\/x-jornades-lleure-feminismes-tot-un-exit\/#breadcrumb"},"inLanguage":"es","potentialAction":[{"@type":"ReadAction","target":["https:\/\/www.esplac.cat\/x-jornades-lleure-feminismes-tot-un-exit\/"]}]},{"@type":"ImageObject","inLanguage":"es","@id":"https:\/\/www.esplac.cat\/x-jornades-lleure-feminismes-tot-un-exit\/#primaryimage","url":"https:\/\/www.esplac.cat\/wp-content\/uploads\/2020\/10\/portades-web-5.jpg","contentUrl":"https:\/\/www.esplac.cat\/wp-content\/uploads\/2020\/10\/portades-web-5.jpg","width":1697,"height":700,"caption":"lleure i feminismes"},{"@type":"BreadcrumbList","@id":"https:\/\/www.esplac.cat\/x-jornades-lleure-feminismes-tot-un-exit\/#breadcrumb","itemListElement":[{"@type":"ListItem","position":1,"name":"Inici","item":"https:\/\/www.esplac.cat\/es\/"},{"@type":"ListItem","position":2,"name":"Les X Jornades de Lleure i Feminismes han estat tot un \u00e8xit!"}]},{"@type":"WebSite","@id":"https:\/\/www.esplac.cat\/#website","url":"https:\/\/www.esplac.cat\/","name":"Esplac","description":"Esplais Catalans","publisher":{"@id":"https:\/\/www.esplac.cat\/#organization"},"potentialAction":[{"@type":"SearchAction","target":{"@type":"EntryPoint","urlTemplate":"https:\/\/www.esplac.cat\/?s={search_term_string}"},"query-input":{"@type":"PropertyValueSpecification","valueRequired":true,"valueName":"search_term_string"}}],"inLanguage":"es"},{"@type":"Organization","@id":"https:\/\/www.esplac.cat\/#organization","name":"Esplac","url":"https:\/\/www.esplac.cat\/","logo":{"@type":"ImageObject","inLanguage":"es","@id":"https:\/\/www.esplac.cat\/#\/schema\/logo\/image\/","url":"https:\/\/www.esplac.cat\/wp-content\/uploads\/2019\/08\/logox2.png","contentUrl":"https:\/\/www.esplac.cat\/wp-content\/uploads\/2019\/08\/logox2.png","width":600,"height":295,"caption":"Esplac"},"image":{"@id":"https:\/\/www.esplac.cat\/#\/schema\/logo\/image\/"}},{"@type":"Person","@id":"https:\/\/www.esplac.cat\/#\/schema\/person\/908383cf240be18b68f8855d0583faca","name":"Comunicaci\u00f3 Esplac","image":{"@type":"ImageObject","inLanguage":"es","@id":"https:\/\/secure.gravatar.com\/avatar\/7a4cf8feb412a76ea4a740ca02d95b06b2907b5a6c648c2dd0a1082a093c3141?s=96&d=mm&r=g","url":"https:\/\/secure.gravatar.com\/avatar\/7a4cf8feb412a76ea4a740ca02d95b06b2907b5a6c648c2dd0a1082a093c3141?s=96&d=mm&r=g","contentUrl":"https:\/\/secure.gravatar.com\/avatar\/7a4cf8feb412a76ea4a740ca02d95b06b2907b5a6c648c2dd0a1082a093c3141?s=96&d=mm&r=g","caption":"Comunicaci\u00f3 Esplac"}}]}},"_links":{"self":[{"href":"https:\/\/www.esplac.cat\/es\/wp-json\/wp\/v2\/posts\/33037","targetHints":{"allow":["GET"]}}],"collection":[{"href":"https:\/\/www.esplac.cat\/es\/wp-json\/wp\/v2\/posts"}],"about":[{"href":"https:\/\/www.esplac.cat\/es\/wp-json\/wp\/v2\/types\/post"}],"author":[{"embeddable":true,"href":"https:\/\/www.esplac.cat\/es\/wp-json\/wp\/v2\/users\/3"}],"replies":[{"embeddable":true,"href":"https:\/\/www.esplac.cat\/es\/wp-json\/wp\/v2\/comments?post=33037"}],"version-history":[{"count":0,"href":"https:\/\/www.esplac.cat\/es\/wp-json\/wp\/v2\/posts\/33037\/revisions"}],"wp:featuredmedia":[{"embeddable":true,"href":"https:\/\/www.esplac.cat\/es\/wp-json\/wp\/v2\/media\/33039"}],"wp:attachment":[{"href":"https:\/\/www.esplac.cat\/es\/wp-json\/wp\/v2\/media?parent=33037"}],"wp:term":[{"taxonomy":"category","embeddable":true,"href":"https:\/\/www.esplac.cat\/es\/wp-json\/wp\/v2\/categories?post=33037"},{"taxonomy":"post_tag","embeddable":true,"href":"https:\/\/www.esplac.cat\/es\/wp-json\/wp\/v2\/tags?post=33037"}],"curies":[{"name":"wp","href":"https:\/\/api.w.org\/{rel}","templated":true}]}}