{"id":33114,"date":"2020-06-26T09:57:21","date_gmt":"2020-06-26T08:57:21","guid":{"rendered":"https:\/\/www.esplac.cat\/28j-dia-alliberament-sexual-genere-2\/"},"modified":"2022-07-14T10:13:34","modified_gmt":"2022-07-14T08:13:34","slug":"28j-dia-alliberament-sexual-genere-2","status":"publish","type":"post","link":"https:\/\/www.esplac.cat\/es\/28j-dia-alliberament-sexual-genere-2\/","title":{"rendered":"28J: Dia de l&#8217;Alliberament Sexual i de G\u00e8nere"},"content":{"rendered":"<h6><strong>Queda aprovat el posicionament \u00ab28J: Dia de l&#8217;Alliberament Sexual i de G\u00e8nere\u00bb<\/strong><\/h6>\n<p><span style=\"font-weight: 400;\">Avui es commemoren 51 anys de la revolta d\u2019Stonewall Inn, a Nova York. El 28 de juny de 1969 es va fer una batuda en aquest bar per part de la policia, actuaci\u00f3 que es feia freq\u00fcentment, ja que era un bar d\u2019ambient on anaven les persones m\u00e9s repudiades per la societat. Per\u00f2 aquell dia, a difer\u00e8ncia d\u2019altres, les persones, la majoria d\u2019elles trans* i prostitutes, es van resistir, doncs ja estaven cansades d\u2019emportar-se cops i que se\u2019ls trepitgessin drets: van comen\u00e7ar una revolta. Aix\u00ed \u00e9s com va n\u00e9ixer el moviment de l\u2019orgull GSDD.<\/span><\/p>\n<p><span style=\"font-weight: 400;\">Durant els darrers anys diferents empreses, institucions i organitzacions amb \u00e0nim de lucre s\u2019han anat apoderant d\u2019aquest dia per fer-se un rentat d\u2019imatge i, d\u2019aquesta manera, augmentar els beneficis fent creure que s\u00f3n aliats de la lluita quan en realitat no tenen pol\u00edtiques ni valors compromesos amb la nostra lluita. Aix\u00f2 s\u2019anomena pinkwashing, fet que rebutgem totalment. Dos exemples d\u2019aquesta pr\u00e0ctica serien quan les empreses el dia 28 de juny es canvien el seu logo a l\u2019Instagram i se\u2019l posen amb la bandera de l\u2019arc de Sant Mart\u00ed per semblar compromeses amb la lluita o totes les carrosses que desfilen el dia de l\u2019orgull que acaparen l\u2019espai que ha de ser per les persones que realment lluiten.<\/span><\/p>\n<p><span style=\"font-weight: 400;\">No hem d\u2019oblidar que aquelles persones que van comen\u00e7ar la lluita es van organitzar per dur a terme accions i aconseguir aquests drets que la societat els negava, com per exemple, ser i estimar lliurement, poder caminar tranquil\u00b7lament pel carrer, ser ateses a la sanitat sense ser patologitzades, que facin un \u00fas de pronoms adequat, viure i expressar el g\u00e8nere com volguem. Poc a poc, les membres van anar <\/span><b>construint teixits associatius i organitzant-se per comen\u00e7ar una lluita que avui en dia encara continua<\/b><span style=\"font-weight: 400;\"> i que ha de continuar. Qu\u00e8 podem fer nosaltres com a monitores?<\/span><\/p>\n<ul>\n<li style=\"font-weight: 400;\"><span style=\"font-weight: 400;\">Educar en la <\/span><b>diversitat<\/b><span style=\"font-weight: 400;\">. La diversitat que suposa que cada persona pugui escollir lliurement com estimar, a qui estimar, com ser, com expressar-se i com identificar-se.\u00a0<\/span><\/li>\n<li style=\"font-weight: 400;\"><span style=\"font-weight: 400;\">Educar en el <\/span><b>respecte<\/b><span style=\"font-weight: 400;\">. El respecte cap a totes les persones, entenent que cadascuna de nosaltres \u00e9s \u00fanica per\u00f2 alhora som totes iguals.\u00a0<\/span><\/li>\n<li style=\"font-weight: 400;\"><span style=\"font-weight: 400;\">Educar en l\u2019<\/span><b>empatia<\/b><span style=\"font-weight: 400;\">. L\u2019empatia de posar-nos a la pell de les altres persones per saber com i qu\u00e8 senten o volen.\u00a0<\/span><\/li>\n<\/ul>\n<p><span style=\"font-weight: 400;\">\u00c9s per aix\u00f2 que des d\u2019Esplais Catalans ens comprometem a:<\/span><\/p>\n<ul>\n<li style=\"font-weight: 400;\"><span style=\"font-weight: 400;\">Crear espais segurs i de cures per a totes les persones que formen part d\u2019Esplac.<\/span><\/li>\n<li style=\"font-weight: 400;\"><span style=\"font-weight: 400;\">Visibilitzar referents que siguin diverses i ajudin a trencar amb els esquemes socials, econo\u0300mics i culturals imposats.<\/span><\/li>\n<li style=\"font-weight: 400;\"><span style=\"font-weight: 400;\">Oferir recursos d\u2019activitats per treballar la visi\u00f3 GSDD a l\u2019esplai.<\/span><\/li>\n<\/ul>\n<p><span style=\"font-weight: 400;\">Finalment, \u00e9s important no oblidar que, tot i que avui en dia s\u2019hagi convertit en una festa, el dia va comen\u00e7ar arran d\u2019una revolta. Aprofitem tamb\u00e9 per <\/span><b>fer mem\u00f2ria, visibilitzar, reivindicar i seguir lluitant per una societat sense prejudicis i segura per totes<\/b><span style=\"font-weight: 400;\">.<\/span><\/p>\n<p><span style=\"font-weight: 400;\">\u00c9s una lluita per la persecuci\u00f3 d\u2019aquests drets i igualtat d\u2019oportunitats, que encara que aqu\u00ed haguem fet passos endavant, en molts llocs del m\u00f3n encara no es tenen. Stonewall Inn va suposar un abans i un despr\u00e9s en la hist\u00f2ria del col\u00b7lectiu GSDD, l\u2019inici d\u2019una revolta, lluita i protesta per seguir avan\u00e7ant com a societat.<\/span><\/p>\n<p><span style=\"font-weight: 400;\">Feli\u00e7 i reivindicatiu dia de l\u2019alliberament sexual i de g\u00e8nere.<\/span><\/p>\n<p>&nbsp;<\/p>\n","protected":false},"excerpt":{"rendered":"<p>Queda aprovat el posicionament \u00ab28J: Dia de l&#8217;Alliberament Sexual i [&hellip;]<\/p>\n","protected":false},"author":3,"featured_media":40942,"comment_status":"closed","ping_status":"open","sticky":false,"template":"","format":"standard","meta":{"om_disable_all_campaigns":false,"_monsterinsights_skip_tracking":false,"_monsterinsights_sitenote_active":false,"_monsterinsights_sitenote_note":"","_monsterinsights_sitenote_category":0,"_uf_show_specific_survey":0,"_uf_disable_surveys":false,"footnotes":""},"categories":[1127],"tags":[743,745,1313,747],"class_list":["post-33114","post","type-post","status-publish","format-standard","has-post-thumbnail","hentry","category-comunicats-posicionaments","tag-28j","tag-alliberament-lgbti","tag-gsdd","tag-lgbti"],"yoast_head":"<!-- This site is optimized with the Yoast SEO plugin v27.4 - https:\/\/yoast.com\/product\/yoast-seo-wordpress\/ -->\n<title>28J: Dia de l&#039;Alliberament Sexual i de G\u00e8nere - Esplac<\/title>\n<meta name=\"robots\" content=\"index, follow, max-snippet:-1, max-image-preview:large, max-video-preview:-1\" \/>\n<link rel=\"canonical\" href=\"https:\/\/www.esplac.cat\/28j-dia-alliberament-sexual-genere-2\/\" \/>\n<meta property=\"og:locale\" content=\"es_ES\" \/>\n<meta property=\"og:type\" content=\"article\" \/>\n<meta property=\"og:title\" content=\"28J: Dia de l&#039;Alliberament Sexual i de G\u00e8nere - Esplac\" \/>\n<meta property=\"og:description\" content=\"Queda aprovat el posicionament \u00ab28J: Dia de l&#8217;Alliberament Sexual i [&hellip;]\" \/>\n<meta property=\"og:url\" content=\"https:\/\/www.esplac.cat\/28j-dia-alliberament-sexual-genere-2\/\" \/>\n<meta property=\"og:site_name\" content=\"Esplac\" \/>\n<meta property=\"article:published_time\" content=\"2020-06-26T08:57:21+00:00\" \/>\n<meta property=\"article:modified_time\" content=\"2022-07-14T08:13:34+00:00\" \/>\n<meta property=\"og:image\" content=\"https:\/\/www.esplac.cat\/wp-content\/uploads\/2020\/06\/gsdd2.jpg\" \/>\n\t<meta property=\"og:image:width\" content=\"1694\" \/>\n\t<meta property=\"og:image:height\" content=\"700\" \/>\n\t<meta property=\"og:image:type\" content=\"image\/jpeg\" \/>\n<meta name=\"author\" content=\"Comunicaci\u00f3 Esplac\" \/>\n<meta name=\"twitter:card\" content=\"summary_large_image\" \/>\n<meta name=\"twitter:label1\" content=\"Escrito por\" \/>\n\t<meta name=\"twitter:data1\" content=\"Comunicaci\u00f3 Esplac\" \/>\n\t<meta name=\"twitter:label2\" content=\"Tiempo de lectura\" \/>\n\t<meta name=\"twitter:data2\" content=\"3 minutos\" \/>\n<script type=\"application\/ld+json\" class=\"yoast-schema-graph\">{\"@context\":\"https:\\\/\\\/schema.org\",\"@graph\":[{\"@type\":\"Article\",\"@id\":\"https:\\\/\\\/www.esplac.cat\\\/28j-dia-alliberament-sexual-genere-2\\\/#article\",\"isPartOf\":{\"@id\":\"https:\\\/\\\/www.esplac.cat\\\/28j-dia-alliberament-sexual-genere-2\\\/\"},\"author\":{\"name\":\"Comunicaci\u00f3 Esplac\",\"@id\":\"https:\\\/\\\/www.esplac.cat\\\/#\\\/schema\\\/person\\\/908383cf240be18b68f8855d0583faca\"},\"headline\":\"28J: Dia de l&#8217;Alliberament Sexual i de G\u00e8nere\",\"datePublished\":\"2020-06-26T08:57:21+00:00\",\"dateModified\":\"2022-07-14T08:13:34+00:00\",\"mainEntityOfPage\":{\"@id\":\"https:\\\/\\\/www.esplac.cat\\\/28j-dia-alliberament-sexual-genere-2\\\/\"},\"wordCount\":611,\"publisher\":{\"@id\":\"https:\\\/\\\/www.esplac.cat\\\/#organization\"},\"image\":{\"@id\":\"https:\\\/\\\/www.esplac.cat\\\/28j-dia-alliberament-sexual-genere-2\\\/#primaryimage\"},\"thumbnailUrl\":\"https:\\\/\\\/www.esplac.cat\\\/wp-content\\\/uploads\\\/2020\\\/06\\\/gsdd2.jpg\",\"keywords\":[\"28J\",\"Alliberament LGBTI\",\"GSDD\",\"LGBTI\"],\"articleSection\":[\"Comunicats i posicionaments\"],\"inLanguage\":\"es\"},{\"@type\":\"WebPage\",\"@id\":\"https:\\\/\\\/www.esplac.cat\\\/28j-dia-alliberament-sexual-genere-2\\\/\",\"url\":\"https:\\\/\\\/www.esplac.cat\\\/28j-dia-alliberament-sexual-genere-2\\\/\",\"name\":\"28J: Dia de l'Alliberament Sexual i de G\u00e8nere - Esplac\",\"isPartOf\":{\"@id\":\"https:\\\/\\\/www.esplac.cat\\\/#website\"},\"primaryImageOfPage\":{\"@id\":\"https:\\\/\\\/www.esplac.cat\\\/28j-dia-alliberament-sexual-genere-2\\\/#primaryimage\"},\"image\":{\"@id\":\"https:\\\/\\\/www.esplac.cat\\\/28j-dia-alliberament-sexual-genere-2\\\/#primaryimage\"},\"thumbnailUrl\":\"https:\\\/\\\/www.esplac.cat\\\/wp-content\\\/uploads\\\/2020\\\/06\\\/gsdd2.jpg\",\"datePublished\":\"2020-06-26T08:57:21+00:00\",\"dateModified\":\"2022-07-14T08:13:34+00:00\",\"breadcrumb\":{\"@id\":\"https:\\\/\\\/www.esplac.cat\\\/28j-dia-alliberament-sexual-genere-2\\\/#breadcrumb\"},\"inLanguage\":\"es\",\"potentialAction\":[{\"@type\":\"ReadAction\",\"target\":[\"https:\\\/\\\/www.esplac.cat\\\/28j-dia-alliberament-sexual-genere-2\\\/\"]}]},{\"@type\":\"ImageObject\",\"inLanguage\":\"es\",\"@id\":\"https:\\\/\\\/www.esplac.cat\\\/28j-dia-alliberament-sexual-genere-2\\\/#primaryimage\",\"url\":\"https:\\\/\\\/www.esplac.cat\\\/wp-content\\\/uploads\\\/2020\\\/06\\\/gsdd2.jpg\",\"contentUrl\":\"https:\\\/\\\/www.esplac.cat\\\/wp-content\\\/uploads\\\/2020\\\/06\\\/gsdd2.jpg\",\"width\":1694,\"height\":700,\"caption\":\"Disturbis d'Stonewall, R. Hopf\"},{\"@type\":\"BreadcrumbList\",\"@id\":\"https:\\\/\\\/www.esplac.cat\\\/28j-dia-alliberament-sexual-genere-2\\\/#breadcrumb\",\"itemListElement\":[{\"@type\":\"ListItem\",\"position\":1,\"name\":\"Inici\",\"item\":\"https:\\\/\\\/www.esplac.cat\\\/es\\\/\"},{\"@type\":\"ListItem\",\"position\":2,\"name\":\"28J: Dia de l&#8217;Alliberament Sexual i de G\u00e8nere\"}]},{\"@type\":\"WebSite\",\"@id\":\"https:\\\/\\\/www.esplac.cat\\\/#website\",\"url\":\"https:\\\/\\\/www.esplac.cat\\\/\",\"name\":\"Esplac\",\"description\":\"Esplais Catalans\",\"publisher\":{\"@id\":\"https:\\\/\\\/www.esplac.cat\\\/#organization\"},\"potentialAction\":[{\"@type\":\"SearchAction\",\"target\":{\"@type\":\"EntryPoint\",\"urlTemplate\":\"https:\\\/\\\/www.esplac.cat\\\/?s={search_term_string}\"},\"query-input\":{\"@type\":\"PropertyValueSpecification\",\"valueRequired\":true,\"valueName\":\"search_term_string\"}}],\"inLanguage\":\"es\"},{\"@type\":\"Organization\",\"@id\":\"https:\\\/\\\/www.esplac.cat\\\/#organization\",\"name\":\"Esplac\",\"url\":\"https:\\\/\\\/www.esplac.cat\\\/\",\"logo\":{\"@type\":\"ImageObject\",\"inLanguage\":\"es\",\"@id\":\"https:\\\/\\\/www.esplac.cat\\\/#\\\/schema\\\/logo\\\/image\\\/\",\"url\":\"https:\\\/\\\/www.esplac.cat\\\/wp-content\\\/uploads\\\/2019\\\/08\\\/logox2.png\",\"contentUrl\":\"https:\\\/\\\/www.esplac.cat\\\/wp-content\\\/uploads\\\/2019\\\/08\\\/logox2.png\",\"width\":600,\"height\":295,\"caption\":\"Esplac\"},\"image\":{\"@id\":\"https:\\\/\\\/www.esplac.cat\\\/#\\\/schema\\\/logo\\\/image\\\/\"}},{\"@type\":\"Person\",\"@id\":\"https:\\\/\\\/www.esplac.cat\\\/#\\\/schema\\\/person\\\/908383cf240be18b68f8855d0583faca\",\"name\":\"Comunicaci\u00f3 Esplac\",\"image\":{\"@type\":\"ImageObject\",\"inLanguage\":\"es\",\"@id\":\"https:\\\/\\\/secure.gravatar.com\\\/avatar\\\/7a4cf8feb412a76ea4a740ca02d95b06b2907b5a6c648c2dd0a1082a093c3141?s=96&d=mm&r=g\",\"url\":\"https:\\\/\\\/secure.gravatar.com\\\/avatar\\\/7a4cf8feb412a76ea4a740ca02d95b06b2907b5a6c648c2dd0a1082a093c3141?s=96&d=mm&r=g\",\"contentUrl\":\"https:\\\/\\\/secure.gravatar.com\\\/avatar\\\/7a4cf8feb412a76ea4a740ca02d95b06b2907b5a6c648c2dd0a1082a093c3141?s=96&d=mm&r=g\",\"caption\":\"Comunicaci\u00f3 Esplac\"}}]}<\/script>\n<!-- \/ Yoast SEO plugin. -->","yoast_head_json":{"title":"28J: Dia de l'Alliberament Sexual i de G\u00e8nere - Esplac","robots":{"index":"index","follow":"follow","max-snippet":"max-snippet:-1","max-image-preview":"max-image-preview:large","max-video-preview":"max-video-preview:-1"},"canonical":"https:\/\/www.esplac.cat\/28j-dia-alliberament-sexual-genere-2\/","og_locale":"es_ES","og_type":"article","og_title":"28J: Dia de l'Alliberament Sexual i de G\u00e8nere - Esplac","og_description":"Queda aprovat el posicionament \u00ab28J: Dia de l&#8217;Alliberament Sexual i [&hellip;]","og_url":"https:\/\/www.esplac.cat\/28j-dia-alliberament-sexual-genere-2\/","og_site_name":"Esplac","article_published_time":"2020-06-26T08:57:21+00:00","article_modified_time":"2022-07-14T08:13:34+00:00","og_image":[{"width":1694,"height":700,"url":"https:\/\/www.esplac.cat\/wp-content\/uploads\/2020\/06\/gsdd2.jpg","type":"image\/jpeg"}],"author":"Comunicaci\u00f3 Esplac","twitter_card":"summary_large_image","twitter_misc":{"Escrito por":"Comunicaci\u00f3 Esplac","Tiempo de lectura":"3 minutos"},"schema":{"@context":"https:\/\/schema.org","@graph":[{"@type":"Article","@id":"https:\/\/www.esplac.cat\/28j-dia-alliberament-sexual-genere-2\/#article","isPartOf":{"@id":"https:\/\/www.esplac.cat\/28j-dia-alliberament-sexual-genere-2\/"},"author":{"name":"Comunicaci\u00f3 Esplac","@id":"https:\/\/www.esplac.cat\/#\/schema\/person\/908383cf240be18b68f8855d0583faca"},"headline":"28J: Dia de l&#8217;Alliberament Sexual i de G\u00e8nere","datePublished":"2020-06-26T08:57:21+00:00","dateModified":"2022-07-14T08:13:34+00:00","mainEntityOfPage":{"@id":"https:\/\/www.esplac.cat\/28j-dia-alliberament-sexual-genere-2\/"},"wordCount":611,"publisher":{"@id":"https:\/\/www.esplac.cat\/#organization"},"image":{"@id":"https:\/\/www.esplac.cat\/28j-dia-alliberament-sexual-genere-2\/#primaryimage"},"thumbnailUrl":"https:\/\/www.esplac.cat\/wp-content\/uploads\/2020\/06\/gsdd2.jpg","keywords":["28J","Alliberament LGBTI","GSDD","LGBTI"],"articleSection":["Comunicats i posicionaments"],"inLanguage":"es"},{"@type":"WebPage","@id":"https:\/\/www.esplac.cat\/28j-dia-alliberament-sexual-genere-2\/","url":"https:\/\/www.esplac.cat\/28j-dia-alliberament-sexual-genere-2\/","name":"28J: Dia de l'Alliberament Sexual i de G\u00e8nere - Esplac","isPartOf":{"@id":"https:\/\/www.esplac.cat\/#website"},"primaryImageOfPage":{"@id":"https:\/\/www.esplac.cat\/28j-dia-alliberament-sexual-genere-2\/#primaryimage"},"image":{"@id":"https:\/\/www.esplac.cat\/28j-dia-alliberament-sexual-genere-2\/#primaryimage"},"thumbnailUrl":"https:\/\/www.esplac.cat\/wp-content\/uploads\/2020\/06\/gsdd2.jpg","datePublished":"2020-06-26T08:57:21+00:00","dateModified":"2022-07-14T08:13:34+00:00","breadcrumb":{"@id":"https:\/\/www.esplac.cat\/28j-dia-alliberament-sexual-genere-2\/#breadcrumb"},"inLanguage":"es","potentialAction":[{"@type":"ReadAction","target":["https:\/\/www.esplac.cat\/28j-dia-alliberament-sexual-genere-2\/"]}]},{"@type":"ImageObject","inLanguage":"es","@id":"https:\/\/www.esplac.cat\/28j-dia-alliberament-sexual-genere-2\/#primaryimage","url":"https:\/\/www.esplac.cat\/wp-content\/uploads\/2020\/06\/gsdd2.jpg","contentUrl":"https:\/\/www.esplac.cat\/wp-content\/uploads\/2020\/06\/gsdd2.jpg","width":1694,"height":700,"caption":"Disturbis d'Stonewall, R. Hopf"},{"@type":"BreadcrumbList","@id":"https:\/\/www.esplac.cat\/28j-dia-alliberament-sexual-genere-2\/#breadcrumb","itemListElement":[{"@type":"ListItem","position":1,"name":"Inici","item":"https:\/\/www.esplac.cat\/es\/"},{"@type":"ListItem","position":2,"name":"28J: Dia de l&#8217;Alliberament Sexual i de G\u00e8nere"}]},{"@type":"WebSite","@id":"https:\/\/www.esplac.cat\/#website","url":"https:\/\/www.esplac.cat\/","name":"Esplac","description":"Esplais Catalans","publisher":{"@id":"https:\/\/www.esplac.cat\/#organization"},"potentialAction":[{"@type":"SearchAction","target":{"@type":"EntryPoint","urlTemplate":"https:\/\/www.esplac.cat\/?s={search_term_string}"},"query-input":{"@type":"PropertyValueSpecification","valueRequired":true,"valueName":"search_term_string"}}],"inLanguage":"es"},{"@type":"Organization","@id":"https:\/\/www.esplac.cat\/#organization","name":"Esplac","url":"https:\/\/www.esplac.cat\/","logo":{"@type":"ImageObject","inLanguage":"es","@id":"https:\/\/www.esplac.cat\/#\/schema\/logo\/image\/","url":"https:\/\/www.esplac.cat\/wp-content\/uploads\/2019\/08\/logox2.png","contentUrl":"https:\/\/www.esplac.cat\/wp-content\/uploads\/2019\/08\/logox2.png","width":600,"height":295,"caption":"Esplac"},"image":{"@id":"https:\/\/www.esplac.cat\/#\/schema\/logo\/image\/"}},{"@type":"Person","@id":"https:\/\/www.esplac.cat\/#\/schema\/person\/908383cf240be18b68f8855d0583faca","name":"Comunicaci\u00f3 Esplac","image":{"@type":"ImageObject","inLanguage":"es","@id":"https:\/\/secure.gravatar.com\/avatar\/7a4cf8feb412a76ea4a740ca02d95b06b2907b5a6c648c2dd0a1082a093c3141?s=96&d=mm&r=g","url":"https:\/\/secure.gravatar.com\/avatar\/7a4cf8feb412a76ea4a740ca02d95b06b2907b5a6c648c2dd0a1082a093c3141?s=96&d=mm&r=g","contentUrl":"https:\/\/secure.gravatar.com\/avatar\/7a4cf8feb412a76ea4a740ca02d95b06b2907b5a6c648c2dd0a1082a093c3141?s=96&d=mm&r=g","caption":"Comunicaci\u00f3 Esplac"}}]}},"_links":{"self":[{"href":"https:\/\/www.esplac.cat\/es\/wp-json\/wp\/v2\/posts\/33114","targetHints":{"allow":["GET"]}}],"collection":[{"href":"https:\/\/www.esplac.cat\/es\/wp-json\/wp\/v2\/posts"}],"about":[{"href":"https:\/\/www.esplac.cat\/es\/wp-json\/wp\/v2\/types\/post"}],"author":[{"embeddable":true,"href":"https:\/\/www.esplac.cat\/es\/wp-json\/wp\/v2\/users\/3"}],"replies":[{"embeddable":true,"href":"https:\/\/www.esplac.cat\/es\/wp-json\/wp\/v2\/comments?post=33114"}],"version-history":[{"count":0,"href":"https:\/\/www.esplac.cat\/es\/wp-json\/wp\/v2\/posts\/33114\/revisions"}],"wp:featuredmedia":[{"embeddable":true,"href":"https:\/\/www.esplac.cat\/es\/wp-json\/wp\/v2\/media\/40942"}],"wp:attachment":[{"href":"https:\/\/www.esplac.cat\/es\/wp-json\/wp\/v2\/media?parent=33114"}],"wp:term":[{"taxonomy":"category","embeddable":true,"href":"https:\/\/www.esplac.cat\/es\/wp-json\/wp\/v2\/categories?post=33114"},{"taxonomy":"post_tag","embeddable":true,"href":"https:\/\/www.esplac.cat\/es\/wp-json\/wp\/v2\/tags?post=33114"}],"curies":[{"name":"wp","href":"https:\/\/api.w.org\/{rel}","templated":true}]}}