{"id":33208,"date":"2020-11-09T12:20:42","date_gmt":"2020-11-09T11:20:42","guid":{"rendered":"https:\/\/www.esplac.cat\/?p=33208"},"modified":"2020-11-09T12:24:56","modified_gmt":"2020-11-09T11:24:56","slug":"convocatoria-projecte-internacional-organitzacio-levante-popular-brasil","status":"publish","type":"post","link":"https:\/\/www.esplac.cat\/es\/convocatoria-projecte-internacional-organitzacio-levante-popular-brasil\/","title":{"rendered":"Nou projecte internacional amb l&#8217;organitzaci\u00f3 Levante Popular (Brasil): Convocat\u00f2ria oberta!"},"content":{"rendered":"<h6><strong>Des de l\u2019<a href=\"http:\/\/www.esplac.cat\/internacional\"><span style=\"color: #000000;\">Espai de Coordinaci\u00f3 Internacional <\/span><\/a>d\u2019Esplac hem establert contactes amb l\u2019organitzaci\u00f3 <span style=\"color: #000000;\"><i>Levante Popular da Juventude<\/i> <\/span>del Brasil i volem iniciar un projecte que connecti joves d\u2019ambd\u00f3s pa\u00efsos.\u00a0<\/strong><\/h6>\n<p><span style=\"font-weight: 400;\"><span style=\"color: #ff9900;\"><a style=\"color: #ff9900;\" href=\"https:\/\/levante.org.br\/\" target=\"_blank\" rel=\"noopener noreferrer\"><em>Levante Popular da Juventude<\/em><\/a><\/span> \u00e9s un <strong>moviment popular juvenil <\/strong>que vol enfortir i formar la poblaci\u00f3 jove en l\u2019<strong>antiimperialisme<\/strong>, l\u2019<strong>antiracisme<\/strong> i l\u2019<strong>articulaci\u00f3 internacionalista dels pobles<\/strong>. Des de les seves accions combaten l\u2019extrema dreta i les desigualtats socials. Aquest moviment va n\u00e9ixer el 2007 en els entorns rurals del pa\u00eds i que m\u00e9s tard el 2012 es va articular a nivell nacional, apropant tamb\u00e9 l\u2019ambient urb\u00e0. A m\u00e9s, tenen tres fronts d\u2019actuaci\u00f3 diferents: l\u2019estudiantil (en universitats); el territorial (en perif\u00e8ria i barris pobres &#8211; <\/span><i><span style=\"font-weight: 400;\">favelas<\/span><\/i><span style=\"font-weight: 400;\">) i en el m\u00f3n agrari.<\/span><\/p>\n<p><span style=\"font-weight: 400;\">S\u2019organitzen a partir de <\/span><i><span style=\"font-weight: 400;\">c\u00e8l\u00b7lules<\/span><\/i><span style=\"font-weight: 400;\"> locals d\u2019unes 10 o 15 persones, majorit\u00e0riament joves, i tiren endavant projectes de solidaritat o autogesti\u00f3.\u00a0<\/span><\/p>\n<p><span style=\"font-weight: 400;\">Aix\u00f3 doncs, la proposta inicial \u00e9s crear un <\/span><b>grup o equip de monitores<\/b><span style=\"font-weight: 400;\"> motivades en articular un projecte d\u2019intercanvi (a nivell telem\u00e0tic) amb joves de l\u2019entitat brasilera. En la primera reuni\u00f3 es tra\u00e7arien els objectiu, quines accions es volen dur a terme (formacions, debats, aprofundir en les realitats socials de les joves de cada pa\u00eds, etc.) i el calendari de forma autogestionada.<\/span><\/p>\n<p><span style=\"font-weight: 400;\">Si us interessa i us animeu a participar, <strong>envieu un correu a <\/strong><\/span><strong><a href=\"mailto:internacional@esplac.cat\">internacional@esplac.cat! <\/a><\/strong>En aquest expliqueu<span style=\"font-weight: 400;\">\u00a0una mica qui sou (esplai, si heu participat d\u2019algun projecte internacional, motivacions, etc.) i us avisarem dels propers passos.<\/span><\/p>\n<p><span style=\"font-weight: 400;\">Teniu temps per enviar el vostre correu fins al 23 de novembre!<\/span><\/p>\n","protected":false},"excerpt":{"rendered":"<p>Des de l\u2019Espai de Coordinaci\u00f3 Internacional d\u2019Esplac hem establert contactes [&hellip;]<\/p>\n","protected":false},"author":3,"featured_media":33214,"comment_status":"closed","ping_status":"closed","sticky":false,"template":"","format":"standard","meta":{"om_disable_all_campaigns":false,"_monsterinsights_skip_tracking":false,"_monsterinsights_sitenote_active":false,"_monsterinsights_sitenote_note":"","_monsterinsights_sitenote_category":0,"_uf_show_specific_survey":0,"_uf_disable_surveys":false,"footnotes":""},"categories":[1112],"tags":[],"class_list":["post-33208","post","type-post","status-publish","format-standard","has-post-thumbnail","hentry","category-esplac-al-mon"],"yoast_head":"<!-- This site is optimized with the Yoast SEO plugin v27.5 - https:\/\/yoast.com\/product\/yoast-seo-wordpress\/ -->\n<title>Nou projecte internacional amb Levante Popular (Brasil) - Esplac<\/title>\n<meta name=\"description\" content=\"Des d&#039;Esplac i l&#039;organitzaci\u00f3 Levante Popular da Juventude del Brasil volem iniciar un projecte que connecti joves d\u2019ambd\u00f3s pa\u00efsos.\u00a0\" \/>\n<meta name=\"robots\" content=\"index, follow, max-snippet:-1, max-image-preview:large, max-video-preview:-1\" \/>\n<link rel=\"canonical\" href=\"https:\/\/www.esplac.cat\/convocatoria-projecte-internacional-organitzacio-levante-popular-brasil\/\" \/>\n<meta property=\"og:locale\" content=\"es_ES\" \/>\n<meta property=\"og:type\" content=\"article\" \/>\n<meta property=\"og:title\" content=\"Nou projecte internacional amb Levante Popular (Brasil) - Esplac\" \/>\n<meta property=\"og:description\" content=\"Des d&#039;Esplac i l&#039;organitzaci\u00f3 Levante Popular da Juventude del Brasil volem iniciar un projecte que connecti joves d\u2019ambd\u00f3s pa\u00efsos.\u00a0\" \/>\n<meta property=\"og:url\" content=\"https:\/\/www.esplac.cat\/convocatoria-projecte-internacional-organitzacio-levante-popular-brasil\/\" \/>\n<meta property=\"og:site_name\" content=\"Esplac\" \/>\n<meta property=\"article:published_time\" content=\"2020-11-09T11:20:42+00:00\" \/>\n<meta property=\"article:modified_time\" content=\"2020-11-09T11:24:56+00:00\" \/>\n<meta property=\"og:image\" content=\"https:\/\/www.esplac.cat\/wp-content\/uploads\/2020\/11\/levantepopularesplac.jpg\" \/>\n\t<meta property=\"og:image:width\" content=\"1697\" \/>\n\t<meta property=\"og:image:height\" content=\"700\" \/>\n\t<meta property=\"og:image:type\" content=\"image\/jpeg\" \/>\n<meta name=\"author\" content=\"Comunicaci\u00f3 Esplac\" \/>\n<meta name=\"twitter:card\" content=\"summary_large_image\" \/>\n<meta name=\"twitter:label1\" content=\"Escrito por\" \/>\n\t<meta name=\"twitter:data1\" content=\"Comunicaci\u00f3 Esplac\" \/>\n\t<meta name=\"twitter:label2\" content=\"Tiempo de lectura\" \/>\n\t<meta name=\"twitter:data2\" content=\"1 minuto\" \/>\n<script type=\"application\/ld+json\" class=\"yoast-schema-graph\">{\"@context\":\"https:\\\/\\\/schema.org\",\"@graph\":[{\"@type\":\"Article\",\"@id\":\"https:\\\/\\\/www.esplac.cat\\\/convocatoria-projecte-internacional-organitzacio-levante-popular-brasil\\\/#article\",\"isPartOf\":{\"@id\":\"https:\\\/\\\/www.esplac.cat\\\/convocatoria-projecte-internacional-organitzacio-levante-popular-brasil\\\/\"},\"author\":{\"name\":\"Comunicaci\u00f3 Esplac\",\"@id\":\"https:\\\/\\\/www.esplac.cat\\\/#\\\/schema\\\/person\\\/908383cf240be18b68f8855d0583faca\"},\"headline\":\"Nou projecte internacional amb l&#8217;organitzaci\u00f3 Levante Popular (Brasil): Convocat\u00f2ria oberta!\",\"datePublished\":\"2020-11-09T11:20:42+00:00\",\"dateModified\":\"2020-11-09T11:24:56+00:00\",\"mainEntityOfPage\":{\"@id\":\"https:\\\/\\\/www.esplac.cat\\\/convocatoria-projecte-internacional-organitzacio-levante-popular-brasil\\\/\"},\"wordCount\":286,\"publisher\":{\"@id\":\"https:\\\/\\\/www.esplac.cat\\\/#organization\"},\"image\":{\"@id\":\"https:\\\/\\\/www.esplac.cat\\\/convocatoria-projecte-internacional-organitzacio-levante-popular-brasil\\\/#primaryimage\"},\"thumbnailUrl\":\"https:\\\/\\\/www.esplac.cat\\\/wp-content\\\/uploads\\\/2020\\\/11\\\/levantepopularesplac.jpg\",\"articleSection\":[\"Esplac al m\u00f3n\"],\"inLanguage\":\"es\"},{\"@type\":\"WebPage\",\"@id\":\"https:\\\/\\\/www.esplac.cat\\\/convocatoria-projecte-internacional-organitzacio-levante-popular-brasil\\\/\",\"url\":\"https:\\\/\\\/www.esplac.cat\\\/convocatoria-projecte-internacional-organitzacio-levante-popular-brasil\\\/\",\"name\":\"Nou projecte internacional amb Levante Popular (Brasil) - Esplac\",\"isPartOf\":{\"@id\":\"https:\\\/\\\/www.esplac.cat\\\/#website\"},\"primaryImageOfPage\":{\"@id\":\"https:\\\/\\\/www.esplac.cat\\\/convocatoria-projecte-internacional-organitzacio-levante-popular-brasil\\\/#primaryimage\"},\"image\":{\"@id\":\"https:\\\/\\\/www.esplac.cat\\\/convocatoria-projecte-internacional-organitzacio-levante-popular-brasil\\\/#primaryimage\"},\"thumbnailUrl\":\"https:\\\/\\\/www.esplac.cat\\\/wp-content\\\/uploads\\\/2020\\\/11\\\/levantepopularesplac.jpg\",\"datePublished\":\"2020-11-09T11:20:42+00:00\",\"dateModified\":\"2020-11-09T11:24:56+00:00\",\"description\":\"Des d'Esplac i l'organitzaci\u00f3 Levante Popular da Juventude del Brasil volem iniciar un projecte que connecti joves d\u2019ambd\u00f3s pa\u00efsos.\u00a0\",\"breadcrumb\":{\"@id\":\"https:\\\/\\\/www.esplac.cat\\\/convocatoria-projecte-internacional-organitzacio-levante-popular-brasil\\\/#breadcrumb\"},\"inLanguage\":\"es\",\"potentialAction\":[{\"@type\":\"ReadAction\",\"target\":[\"https:\\\/\\\/www.esplac.cat\\\/convocatoria-projecte-internacional-organitzacio-levante-popular-brasil\\\/\"]}]},{\"@type\":\"ImageObject\",\"inLanguage\":\"es\",\"@id\":\"https:\\\/\\\/www.esplac.cat\\\/convocatoria-projecte-internacional-organitzacio-levante-popular-brasil\\\/#primaryimage\",\"url\":\"https:\\\/\\\/www.esplac.cat\\\/wp-content\\\/uploads\\\/2020\\\/11\\\/levantepopularesplac.jpg\",\"contentUrl\":\"https:\\\/\\\/www.esplac.cat\\\/wp-content\\\/uploads\\\/2020\\\/11\\\/levantepopularesplac.jpg\",\"width\":1697,\"height\":700,\"caption\":\"levante popular\"},{\"@type\":\"BreadcrumbList\",\"@id\":\"https:\\\/\\\/www.esplac.cat\\\/convocatoria-projecte-internacional-organitzacio-levante-popular-brasil\\\/#breadcrumb\",\"itemListElement\":[{\"@type\":\"ListItem\",\"position\":1,\"name\":\"Inici\",\"item\":\"https:\\\/\\\/www.esplac.cat\\\/es\\\/\"},{\"@type\":\"ListItem\",\"position\":2,\"name\":\"Nou projecte internacional amb l&#8217;organitzaci\u00f3 Levante Popular (Brasil): Convocat\u00f2ria oberta!\"}]},{\"@type\":\"WebSite\",\"@id\":\"https:\\\/\\\/www.esplac.cat\\\/#website\",\"url\":\"https:\\\/\\\/www.esplac.cat\\\/\",\"name\":\"Esplac\",\"description\":\"Esplais Catalans\",\"publisher\":{\"@id\":\"https:\\\/\\\/www.esplac.cat\\\/#organization\"},\"potentialAction\":[{\"@type\":\"SearchAction\",\"target\":{\"@type\":\"EntryPoint\",\"urlTemplate\":\"https:\\\/\\\/www.esplac.cat\\\/?s={search_term_string}\"},\"query-input\":{\"@type\":\"PropertyValueSpecification\",\"valueRequired\":true,\"valueName\":\"search_term_string\"}}],\"inLanguage\":\"es\"},{\"@type\":\"Organization\",\"@id\":\"https:\\\/\\\/www.esplac.cat\\\/#organization\",\"name\":\"Esplac\",\"url\":\"https:\\\/\\\/www.esplac.cat\\\/\",\"logo\":{\"@type\":\"ImageObject\",\"inLanguage\":\"es\",\"@id\":\"https:\\\/\\\/www.esplac.cat\\\/#\\\/schema\\\/logo\\\/image\\\/\",\"url\":\"https:\\\/\\\/www.esplac.cat\\\/wp-content\\\/uploads\\\/2019\\\/08\\\/logox2.png\",\"contentUrl\":\"https:\\\/\\\/www.esplac.cat\\\/wp-content\\\/uploads\\\/2019\\\/08\\\/logox2.png\",\"width\":600,\"height\":295,\"caption\":\"Esplac\"},\"image\":{\"@id\":\"https:\\\/\\\/www.esplac.cat\\\/#\\\/schema\\\/logo\\\/image\\\/\"}},{\"@type\":\"Person\",\"@id\":\"https:\\\/\\\/www.esplac.cat\\\/#\\\/schema\\\/person\\\/908383cf240be18b68f8855d0583faca\",\"name\":\"Comunicaci\u00f3 Esplac\",\"image\":{\"@type\":\"ImageObject\",\"inLanguage\":\"es\",\"@id\":\"https:\\\/\\\/secure.gravatar.com\\\/avatar\\\/7a4cf8feb412a76ea4a740ca02d95b06b2907b5a6c648c2dd0a1082a093c3141?s=96&d=mm&r=g\",\"url\":\"https:\\\/\\\/secure.gravatar.com\\\/avatar\\\/7a4cf8feb412a76ea4a740ca02d95b06b2907b5a6c648c2dd0a1082a093c3141?s=96&d=mm&r=g\",\"contentUrl\":\"https:\\\/\\\/secure.gravatar.com\\\/avatar\\\/7a4cf8feb412a76ea4a740ca02d95b06b2907b5a6c648c2dd0a1082a093c3141?s=96&d=mm&r=g\",\"caption\":\"Comunicaci\u00f3 Esplac\"}}]}<\/script>\n<!-- \/ Yoast SEO plugin. -->","yoast_head_json":{"title":"Nou projecte internacional amb Levante Popular (Brasil) - Esplac","description":"Des d'Esplac i l'organitzaci\u00f3 Levante Popular da Juventude del Brasil volem iniciar un projecte que connecti joves d\u2019ambd\u00f3s pa\u00efsos.\u00a0","robots":{"index":"index","follow":"follow","max-snippet":"max-snippet:-1","max-image-preview":"max-image-preview:large","max-video-preview":"max-video-preview:-1"},"canonical":"https:\/\/www.esplac.cat\/convocatoria-projecte-internacional-organitzacio-levante-popular-brasil\/","og_locale":"es_ES","og_type":"article","og_title":"Nou projecte internacional amb Levante Popular (Brasil) - Esplac","og_description":"Des d'Esplac i l'organitzaci\u00f3 Levante Popular da Juventude del Brasil volem iniciar un projecte que connecti joves d\u2019ambd\u00f3s pa\u00efsos.\u00a0","og_url":"https:\/\/www.esplac.cat\/convocatoria-projecte-internacional-organitzacio-levante-popular-brasil\/","og_site_name":"Esplac","article_published_time":"2020-11-09T11:20:42+00:00","article_modified_time":"2020-11-09T11:24:56+00:00","og_image":[{"width":1697,"height":700,"url":"https:\/\/www.esplac.cat\/wp-content\/uploads\/2020\/11\/levantepopularesplac.jpg","type":"image\/jpeg"}],"author":"Comunicaci\u00f3 Esplac","twitter_card":"summary_large_image","twitter_misc":{"Escrito por":"Comunicaci\u00f3 Esplac","Tiempo de lectura":"1 minuto"},"schema":{"@context":"https:\/\/schema.org","@graph":[{"@type":"Article","@id":"https:\/\/www.esplac.cat\/convocatoria-projecte-internacional-organitzacio-levante-popular-brasil\/#article","isPartOf":{"@id":"https:\/\/www.esplac.cat\/convocatoria-projecte-internacional-organitzacio-levante-popular-brasil\/"},"author":{"name":"Comunicaci\u00f3 Esplac","@id":"https:\/\/www.esplac.cat\/#\/schema\/person\/908383cf240be18b68f8855d0583faca"},"headline":"Nou projecte internacional amb l&#8217;organitzaci\u00f3 Levante Popular (Brasil): Convocat\u00f2ria oberta!","datePublished":"2020-11-09T11:20:42+00:00","dateModified":"2020-11-09T11:24:56+00:00","mainEntityOfPage":{"@id":"https:\/\/www.esplac.cat\/convocatoria-projecte-internacional-organitzacio-levante-popular-brasil\/"},"wordCount":286,"publisher":{"@id":"https:\/\/www.esplac.cat\/#organization"},"image":{"@id":"https:\/\/www.esplac.cat\/convocatoria-projecte-internacional-organitzacio-levante-popular-brasil\/#primaryimage"},"thumbnailUrl":"https:\/\/www.esplac.cat\/wp-content\/uploads\/2020\/11\/levantepopularesplac.jpg","articleSection":["Esplac al m\u00f3n"],"inLanguage":"es"},{"@type":"WebPage","@id":"https:\/\/www.esplac.cat\/convocatoria-projecte-internacional-organitzacio-levante-popular-brasil\/","url":"https:\/\/www.esplac.cat\/convocatoria-projecte-internacional-organitzacio-levante-popular-brasil\/","name":"Nou projecte internacional amb Levante Popular (Brasil) - Esplac","isPartOf":{"@id":"https:\/\/www.esplac.cat\/#website"},"primaryImageOfPage":{"@id":"https:\/\/www.esplac.cat\/convocatoria-projecte-internacional-organitzacio-levante-popular-brasil\/#primaryimage"},"image":{"@id":"https:\/\/www.esplac.cat\/convocatoria-projecte-internacional-organitzacio-levante-popular-brasil\/#primaryimage"},"thumbnailUrl":"https:\/\/www.esplac.cat\/wp-content\/uploads\/2020\/11\/levantepopularesplac.jpg","datePublished":"2020-11-09T11:20:42+00:00","dateModified":"2020-11-09T11:24:56+00:00","description":"Des d'Esplac i l'organitzaci\u00f3 Levante Popular da Juventude del Brasil volem iniciar un projecte que connecti joves d\u2019ambd\u00f3s pa\u00efsos.\u00a0","breadcrumb":{"@id":"https:\/\/www.esplac.cat\/convocatoria-projecte-internacional-organitzacio-levante-popular-brasil\/#breadcrumb"},"inLanguage":"es","potentialAction":[{"@type":"ReadAction","target":["https:\/\/www.esplac.cat\/convocatoria-projecte-internacional-organitzacio-levante-popular-brasil\/"]}]},{"@type":"ImageObject","inLanguage":"es","@id":"https:\/\/www.esplac.cat\/convocatoria-projecte-internacional-organitzacio-levante-popular-brasil\/#primaryimage","url":"https:\/\/www.esplac.cat\/wp-content\/uploads\/2020\/11\/levantepopularesplac.jpg","contentUrl":"https:\/\/www.esplac.cat\/wp-content\/uploads\/2020\/11\/levantepopularesplac.jpg","width":1697,"height":700,"caption":"levante popular"},{"@type":"BreadcrumbList","@id":"https:\/\/www.esplac.cat\/convocatoria-projecte-internacional-organitzacio-levante-popular-brasil\/#breadcrumb","itemListElement":[{"@type":"ListItem","position":1,"name":"Inici","item":"https:\/\/www.esplac.cat\/es\/"},{"@type":"ListItem","position":2,"name":"Nou projecte internacional amb l&#8217;organitzaci\u00f3 Levante Popular (Brasil): Convocat\u00f2ria oberta!"}]},{"@type":"WebSite","@id":"https:\/\/www.esplac.cat\/#website","url":"https:\/\/www.esplac.cat\/","name":"Esplac","description":"Esplais Catalans","publisher":{"@id":"https:\/\/www.esplac.cat\/#organization"},"potentialAction":[{"@type":"SearchAction","target":{"@type":"EntryPoint","urlTemplate":"https:\/\/www.esplac.cat\/?s={search_term_string}"},"query-input":{"@type":"PropertyValueSpecification","valueRequired":true,"valueName":"search_term_string"}}],"inLanguage":"es"},{"@type":"Organization","@id":"https:\/\/www.esplac.cat\/#organization","name":"Esplac","url":"https:\/\/www.esplac.cat\/","logo":{"@type":"ImageObject","inLanguage":"es","@id":"https:\/\/www.esplac.cat\/#\/schema\/logo\/image\/","url":"https:\/\/www.esplac.cat\/wp-content\/uploads\/2019\/08\/logox2.png","contentUrl":"https:\/\/www.esplac.cat\/wp-content\/uploads\/2019\/08\/logox2.png","width":600,"height":295,"caption":"Esplac"},"image":{"@id":"https:\/\/www.esplac.cat\/#\/schema\/logo\/image\/"}},{"@type":"Person","@id":"https:\/\/www.esplac.cat\/#\/schema\/person\/908383cf240be18b68f8855d0583faca","name":"Comunicaci\u00f3 Esplac","image":{"@type":"ImageObject","inLanguage":"es","@id":"https:\/\/secure.gravatar.com\/avatar\/7a4cf8feb412a76ea4a740ca02d95b06b2907b5a6c648c2dd0a1082a093c3141?s=96&d=mm&r=g","url":"https:\/\/secure.gravatar.com\/avatar\/7a4cf8feb412a76ea4a740ca02d95b06b2907b5a6c648c2dd0a1082a093c3141?s=96&d=mm&r=g","contentUrl":"https:\/\/secure.gravatar.com\/avatar\/7a4cf8feb412a76ea4a740ca02d95b06b2907b5a6c648c2dd0a1082a093c3141?s=96&d=mm&r=g","caption":"Comunicaci\u00f3 Esplac"}}]}},"_links":{"self":[{"href":"https:\/\/www.esplac.cat\/es\/wp-json\/wp\/v2\/posts\/33208","targetHints":{"allow":["GET"]}}],"collection":[{"href":"https:\/\/www.esplac.cat\/es\/wp-json\/wp\/v2\/posts"}],"about":[{"href":"https:\/\/www.esplac.cat\/es\/wp-json\/wp\/v2\/types\/post"}],"author":[{"embeddable":true,"href":"https:\/\/www.esplac.cat\/es\/wp-json\/wp\/v2\/users\/3"}],"replies":[{"embeddable":true,"href":"https:\/\/www.esplac.cat\/es\/wp-json\/wp\/v2\/comments?post=33208"}],"version-history":[{"count":0,"href":"https:\/\/www.esplac.cat\/es\/wp-json\/wp\/v2\/posts\/33208\/revisions"}],"wp:featuredmedia":[{"embeddable":true,"href":"https:\/\/www.esplac.cat\/es\/wp-json\/wp\/v2\/media\/33214"}],"wp:attachment":[{"href":"https:\/\/www.esplac.cat\/es\/wp-json\/wp\/v2\/media?parent=33208"}],"wp:term":[{"taxonomy":"category","embeddable":true,"href":"https:\/\/www.esplac.cat\/es\/wp-json\/wp\/v2\/categories?post=33208"},{"taxonomy":"post_tag","embeddable":true,"href":"https:\/\/www.esplac.cat\/es\/wp-json\/wp\/v2\/tags?post=33208"}],"curies":[{"name":"wp","href":"https:\/\/api.w.org\/{rel}","templated":true}]}}