{"id":33381,"date":"2020-11-19T11:24:54","date_gmt":"2020-11-19T10:24:54","guid":{"rendered":"https:\/\/www.esplac.cat\/?p=33381"},"modified":"2020-11-19T11:25:41","modified_gmt":"2020-11-19T10:25:41","slug":"sector-baix-llobregat-celebra-en-linia-trobada-monis","status":"publish","type":"post","link":"https:\/\/www.esplac.cat\/es\/sector-baix-llobregat-celebra-en-linia-trobada-monis\/","title":{"rendered":"El Sector Baix Llobregat celebra en l\u00ednia la Trobada de Monis"},"content":{"rendered":"<h6><strong>El proper diumenge, 29 de novembre, el Sector Baix Llobregat celebra telem\u00e0ticament la Trobada de Monitores i Monitors formativa.<\/strong><\/h6>\n<p>Com que actualment no es poden fer activitats a l\u2019esplai i les monitores i monitors del <span style=\"color: #ff9900;\"><a style=\"color: #ff9900;\" href=\"http:\/\/www.esplac.cat\/sectors-geografics\/baix-llobregat\" target=\"_blank\" rel=\"noopener noreferrer\">Sector Baix Llobregat<\/a><\/span> troben a faltar als infants i joves, han pensat que poden aprofitar el temps formant-se amb l\u2019<span style=\"color: #ff9900;\"><a style=\"color: #ff9900;\" href=\"http:\/\/www.escolaelsol.coop\" target=\"_blank\" rel=\"noopener noreferrer\">Escola lliure El Sol.<\/a><\/span><\/p>\n<p>Tenen ganes d\u2019adquirir coneixements i compartir recursos per tal de poder abordar situacions amb m\u00e9s coneixements. Les c\u00e0psules que han demanat responen a les seves necessitats ja que:<\/p>\n<ul>\n<li>Volen saber com abordar moments de <strong>viol\u00e8ncies i agressions<\/strong>, aix\u00ed com crear els seus <strong>propis protocols d\u2019abordatge.<\/strong><\/li>\n<li>Els hi motiva seguir millorant dia a dia i aprendre a <strong>com millorar les din\u00e0miques dels equips de treball.<\/strong><\/li>\n<li>Malgrat que aquest any no es pot celebrar la Diada Universal dels Drets dels Infants de forma presencial, continuen vetllant pels seus drets.<\/li>\n<\/ul>\n<p>Aix\u00ed, aquesta formaci\u00f3 ajuda a complir els objectius que s&#8217;han marcat des del Sector Baix Llobregat, com compartir recursos entre esplais i trobar una base pedag\u00f2gica compartida. A m\u00e9s, no volen perdre la cohesi\u00f3 entre les monitores dels esplais del sector, de manera que es trobaran a trav\u00e9s de Zoom per tal de trobar solucions a la situaci\u00f3 d\u2019excepcionalitat derivada de la Covid-19, que impedeix trobar-se de forma presencial. \u00abEsperem que ben aviat puguem tornar a fer activitat a l\u2019esplai i gaudir plegades\u00bb, diuen.<\/p>\n","protected":false},"excerpt":{"rendered":"<p>El proper diumenge, 29 de novembre, el Sector Baix Llobregat [&hellip;]<\/p>\n","protected":false},"author":3,"featured_media":33389,"comment_status":"closed","ping_status":"closed","sticky":false,"template":"","format":"standard","meta":{"om_disable_all_campaigns":false,"_monsterinsights_skip_tracking":false,"_monsterinsights_sitenote_active":false,"_monsterinsights_sitenote_note":"","_monsterinsights_sitenote_category":0,"_uf_show_specific_survey":0,"_uf_disable_surveys":false,"footnotes":""},"categories":[1124],"tags":[],"class_list":["post-33381","post","type-post","status-publish","format-standard","has-post-thumbnail","hentry","category-sector-baix-llobregat"],"yoast_head":"<!-- This site is optimized with the Yoast SEO plugin v27.5 - https:\/\/yoast.com\/product\/yoast-seo-wordpress\/ -->\n<title>El Sector Baix Llobregat celebra en l\u00ednia la Trobada de Monis - Esplac<\/title>\n<meta name=\"description\" content=\"El proper diumenge, 29 de novembre, el Sector Baix Llobregat celebra telem\u00e0ticament la Trobada de Monitores i Monitors m\u00e9s formativa.\" \/>\n<meta name=\"robots\" content=\"index, follow, max-snippet:-1, max-image-preview:large, max-video-preview:-1\" \/>\n<link rel=\"canonical\" href=\"https:\/\/www.esplac.cat\/en\/sector-baix-llobregat-celebra-en-linia-trobada-monis\/\" \/>\n<meta property=\"og:locale\" content=\"es_ES\" \/>\n<meta property=\"og:type\" content=\"article\" \/>\n<meta property=\"og:title\" content=\"El Sector Baix Llobregat celebra en l\u00ednia la Trobada de Monis - Esplac\" \/>\n<meta property=\"og:description\" content=\"El proper diumenge, 29 de novembre, el Sector Baix Llobregat celebra telem\u00e0ticament la Trobada de Monitores i Monitors m\u00e9s formativa.\" \/>\n<meta property=\"og:url\" content=\"https:\/\/www.esplac.cat\/en\/sector-baix-llobregat-celebra-en-linia-trobada-monis\/\" \/>\n<meta property=\"og:site_name\" content=\"Esplac\" \/>\n<meta property=\"article:published_time\" content=\"2020-11-19T10:24:54+00:00\" \/>\n<meta property=\"article:modified_time\" content=\"2020-11-19T10:25:41+00:00\" \/>\n<meta property=\"og:image\" content=\"https:\/\/www.esplac.cat\/wp-content\/uploads\/2020\/11\/portades.jpg\" \/>\n\t<meta property=\"og:image:width\" content=\"1694\" \/>\n\t<meta property=\"og:image:height\" content=\"700\" \/>\n\t<meta property=\"og:image:type\" content=\"image\/jpeg\" \/>\n<meta name=\"author\" content=\"Comunicaci\u00f3 Esplac\" \/>\n<meta name=\"twitter:card\" content=\"summary_large_image\" \/>\n<meta name=\"twitter:label1\" content=\"Escrito por\" \/>\n\t<meta name=\"twitter:data1\" content=\"Comunicaci\u00f3 Esplac\" \/>\n\t<meta name=\"twitter:label2\" content=\"Tiempo de lectura\" \/>\n\t<meta name=\"twitter:data2\" content=\"1 minuto\" \/>\n<script type=\"application\/ld+json\" class=\"yoast-schema-graph\">{\"@context\":\"https:\\\/\\\/schema.org\",\"@graph\":[{\"@type\":\"Article\",\"@id\":\"https:\\\/\\\/www.esplac.cat\\\/en\\\/sector-baix-llobregat-celebra-en-linia-trobada-monis\\\/#article\",\"isPartOf\":{\"@id\":\"https:\\\/\\\/www.esplac.cat\\\/en\\\/sector-baix-llobregat-celebra-en-linia-trobada-monis\\\/\"},\"author\":{\"name\":\"Comunicaci\u00f3 Esplac\",\"@id\":\"https:\\\/\\\/www.esplac.cat\\\/#\\\/schema\\\/person\\\/908383cf240be18b68f8855d0583faca\"},\"headline\":\"El Sector Baix Llobregat celebra en l\u00ednia la Trobada de Monis\",\"datePublished\":\"2020-11-19T10:24:54+00:00\",\"dateModified\":\"2020-11-19T10:25:41+00:00\",\"mainEntityOfPage\":{\"@id\":\"https:\\\/\\\/www.esplac.cat\\\/en\\\/sector-baix-llobregat-celebra-en-linia-trobada-monis\\\/\"},\"wordCount\":255,\"publisher\":{\"@id\":\"https:\\\/\\\/www.esplac.cat\\\/#organization\"},\"image\":{\"@id\":\"https:\\\/\\\/www.esplac.cat\\\/en\\\/sector-baix-llobregat-celebra-en-linia-trobada-monis\\\/#primaryimage\"},\"thumbnailUrl\":\"https:\\\/\\\/www.esplac.cat\\\/wp-content\\\/uploads\\\/2020\\\/11\\\/portades.jpg\",\"articleSection\":[\"Sector Baix Llobregat\"],\"inLanguage\":\"es\"},{\"@type\":\"WebPage\",\"@id\":\"https:\\\/\\\/www.esplac.cat\\\/en\\\/sector-baix-llobregat-celebra-en-linia-trobada-monis\\\/\",\"url\":\"https:\\\/\\\/www.esplac.cat\\\/en\\\/sector-baix-llobregat-celebra-en-linia-trobada-monis\\\/\",\"name\":\"El Sector Baix Llobregat celebra en l\u00ednia la Trobada de Monis - Esplac\",\"isPartOf\":{\"@id\":\"https:\\\/\\\/www.esplac.cat\\\/#website\"},\"primaryImageOfPage\":{\"@id\":\"https:\\\/\\\/www.esplac.cat\\\/en\\\/sector-baix-llobregat-celebra-en-linia-trobada-monis\\\/#primaryimage\"},\"image\":{\"@id\":\"https:\\\/\\\/www.esplac.cat\\\/en\\\/sector-baix-llobregat-celebra-en-linia-trobada-monis\\\/#primaryimage\"},\"thumbnailUrl\":\"https:\\\/\\\/www.esplac.cat\\\/wp-content\\\/uploads\\\/2020\\\/11\\\/portades.jpg\",\"datePublished\":\"2020-11-19T10:24:54+00:00\",\"dateModified\":\"2020-11-19T10:25:41+00:00\",\"description\":\"El proper diumenge, 29 de novembre, el Sector Baix Llobregat celebra telem\u00e0ticament la Trobada de Monitores i Monitors m\u00e9s formativa.\",\"breadcrumb\":{\"@id\":\"https:\\\/\\\/www.esplac.cat\\\/en\\\/sector-baix-llobregat-celebra-en-linia-trobada-monis\\\/#breadcrumb\"},\"inLanguage\":\"es\",\"potentialAction\":[{\"@type\":\"ReadAction\",\"target\":[\"https:\\\/\\\/www.esplac.cat\\\/en\\\/sector-baix-llobregat-celebra-en-linia-trobada-monis\\\/\"]}]},{\"@type\":\"ImageObject\",\"inLanguage\":\"es\",\"@id\":\"https:\\\/\\\/www.esplac.cat\\\/en\\\/sector-baix-llobregat-celebra-en-linia-trobada-monis\\\/#primaryimage\",\"url\":\"https:\\\/\\\/www.esplac.cat\\\/wp-content\\\/uploads\\\/2020\\\/11\\\/portades.jpg\",\"contentUrl\":\"https:\\\/\\\/www.esplac.cat\\\/wp-content\\\/uploads\\\/2020\\\/11\\\/portades.jpg\",\"width\":1694,\"height\":700,\"caption\":\"Baix Llobregat Trobada\"},{\"@type\":\"BreadcrumbList\",\"@id\":\"https:\\\/\\\/www.esplac.cat\\\/en\\\/sector-baix-llobregat-celebra-en-linia-trobada-monis\\\/#breadcrumb\",\"itemListElement\":[{\"@type\":\"ListItem\",\"position\":1,\"name\":\"Inici\",\"item\":\"https:\\\/\\\/www.esplac.cat\\\/es\\\/\"},{\"@type\":\"ListItem\",\"position\":2,\"name\":\"El Sector Baix Llobregat celebra en l\u00ednia la Trobada de Monis\"}]},{\"@type\":\"WebSite\",\"@id\":\"https:\\\/\\\/www.esplac.cat\\\/#website\",\"url\":\"https:\\\/\\\/www.esplac.cat\\\/\",\"name\":\"Esplac\",\"description\":\"Esplais Catalans\",\"publisher\":{\"@id\":\"https:\\\/\\\/www.esplac.cat\\\/#organization\"},\"potentialAction\":[{\"@type\":\"SearchAction\",\"target\":{\"@type\":\"EntryPoint\",\"urlTemplate\":\"https:\\\/\\\/www.esplac.cat\\\/?s={search_term_string}\"},\"query-input\":{\"@type\":\"PropertyValueSpecification\",\"valueRequired\":true,\"valueName\":\"search_term_string\"}}],\"inLanguage\":\"es\"},{\"@type\":\"Organization\",\"@id\":\"https:\\\/\\\/www.esplac.cat\\\/#organization\",\"name\":\"Esplac\",\"url\":\"https:\\\/\\\/www.esplac.cat\\\/\",\"logo\":{\"@type\":\"ImageObject\",\"inLanguage\":\"es\",\"@id\":\"https:\\\/\\\/www.esplac.cat\\\/#\\\/schema\\\/logo\\\/image\\\/\",\"url\":\"https:\\\/\\\/www.esplac.cat\\\/wp-content\\\/uploads\\\/2019\\\/08\\\/logox2.png\",\"contentUrl\":\"https:\\\/\\\/www.esplac.cat\\\/wp-content\\\/uploads\\\/2019\\\/08\\\/logox2.png\",\"width\":600,\"height\":295,\"caption\":\"Esplac\"},\"image\":{\"@id\":\"https:\\\/\\\/www.esplac.cat\\\/#\\\/schema\\\/logo\\\/image\\\/\"}},{\"@type\":\"Person\",\"@id\":\"https:\\\/\\\/www.esplac.cat\\\/#\\\/schema\\\/person\\\/908383cf240be18b68f8855d0583faca\",\"name\":\"Comunicaci\u00f3 Esplac\",\"image\":{\"@type\":\"ImageObject\",\"inLanguage\":\"es\",\"@id\":\"https:\\\/\\\/secure.gravatar.com\\\/avatar\\\/7a4cf8feb412a76ea4a740ca02d95b06b2907b5a6c648c2dd0a1082a093c3141?s=96&d=mm&r=g\",\"url\":\"https:\\\/\\\/secure.gravatar.com\\\/avatar\\\/7a4cf8feb412a76ea4a740ca02d95b06b2907b5a6c648c2dd0a1082a093c3141?s=96&d=mm&r=g\",\"contentUrl\":\"https:\\\/\\\/secure.gravatar.com\\\/avatar\\\/7a4cf8feb412a76ea4a740ca02d95b06b2907b5a6c648c2dd0a1082a093c3141?s=96&d=mm&r=g\",\"caption\":\"Comunicaci\u00f3 Esplac\"}}]}<\/script>\n<!-- \/ Yoast SEO plugin. -->","yoast_head_json":{"title":"El Sector Baix Llobregat celebra en l\u00ednia la Trobada de Monis - Esplac","description":"El proper diumenge, 29 de novembre, el Sector Baix Llobregat celebra telem\u00e0ticament la Trobada de Monitores i Monitors m\u00e9s formativa.","robots":{"index":"index","follow":"follow","max-snippet":"max-snippet:-1","max-image-preview":"max-image-preview:large","max-video-preview":"max-video-preview:-1"},"canonical":"https:\/\/www.esplac.cat\/en\/sector-baix-llobregat-celebra-en-linia-trobada-monis\/","og_locale":"es_ES","og_type":"article","og_title":"El Sector Baix Llobregat celebra en l\u00ednia la Trobada de Monis - Esplac","og_description":"El proper diumenge, 29 de novembre, el Sector Baix Llobregat celebra telem\u00e0ticament la Trobada de Monitores i Monitors m\u00e9s formativa.","og_url":"https:\/\/www.esplac.cat\/en\/sector-baix-llobregat-celebra-en-linia-trobada-monis\/","og_site_name":"Esplac","article_published_time":"2020-11-19T10:24:54+00:00","article_modified_time":"2020-11-19T10:25:41+00:00","og_image":[{"width":1694,"height":700,"url":"https:\/\/www.esplac.cat\/wp-content\/uploads\/2020\/11\/portades.jpg","type":"image\/jpeg"}],"author":"Comunicaci\u00f3 Esplac","twitter_card":"summary_large_image","twitter_misc":{"Escrito por":"Comunicaci\u00f3 Esplac","Tiempo de lectura":"1 minuto"},"schema":{"@context":"https:\/\/schema.org","@graph":[{"@type":"Article","@id":"https:\/\/www.esplac.cat\/en\/sector-baix-llobregat-celebra-en-linia-trobada-monis\/#article","isPartOf":{"@id":"https:\/\/www.esplac.cat\/en\/sector-baix-llobregat-celebra-en-linia-trobada-monis\/"},"author":{"name":"Comunicaci\u00f3 Esplac","@id":"https:\/\/www.esplac.cat\/#\/schema\/person\/908383cf240be18b68f8855d0583faca"},"headline":"El Sector Baix Llobregat celebra en l\u00ednia la Trobada de Monis","datePublished":"2020-11-19T10:24:54+00:00","dateModified":"2020-11-19T10:25:41+00:00","mainEntityOfPage":{"@id":"https:\/\/www.esplac.cat\/en\/sector-baix-llobregat-celebra-en-linia-trobada-monis\/"},"wordCount":255,"publisher":{"@id":"https:\/\/www.esplac.cat\/#organization"},"image":{"@id":"https:\/\/www.esplac.cat\/en\/sector-baix-llobregat-celebra-en-linia-trobada-monis\/#primaryimage"},"thumbnailUrl":"https:\/\/www.esplac.cat\/wp-content\/uploads\/2020\/11\/portades.jpg","articleSection":["Sector Baix Llobregat"],"inLanguage":"es"},{"@type":"WebPage","@id":"https:\/\/www.esplac.cat\/en\/sector-baix-llobregat-celebra-en-linia-trobada-monis\/","url":"https:\/\/www.esplac.cat\/en\/sector-baix-llobregat-celebra-en-linia-trobada-monis\/","name":"El Sector Baix Llobregat celebra en l\u00ednia la Trobada de Monis - Esplac","isPartOf":{"@id":"https:\/\/www.esplac.cat\/#website"},"primaryImageOfPage":{"@id":"https:\/\/www.esplac.cat\/en\/sector-baix-llobregat-celebra-en-linia-trobada-monis\/#primaryimage"},"image":{"@id":"https:\/\/www.esplac.cat\/en\/sector-baix-llobregat-celebra-en-linia-trobada-monis\/#primaryimage"},"thumbnailUrl":"https:\/\/www.esplac.cat\/wp-content\/uploads\/2020\/11\/portades.jpg","datePublished":"2020-11-19T10:24:54+00:00","dateModified":"2020-11-19T10:25:41+00:00","description":"El proper diumenge, 29 de novembre, el Sector Baix Llobregat celebra telem\u00e0ticament la Trobada de Monitores i Monitors m\u00e9s formativa.","breadcrumb":{"@id":"https:\/\/www.esplac.cat\/en\/sector-baix-llobregat-celebra-en-linia-trobada-monis\/#breadcrumb"},"inLanguage":"es","potentialAction":[{"@type":"ReadAction","target":["https:\/\/www.esplac.cat\/en\/sector-baix-llobregat-celebra-en-linia-trobada-monis\/"]}]},{"@type":"ImageObject","inLanguage":"es","@id":"https:\/\/www.esplac.cat\/en\/sector-baix-llobregat-celebra-en-linia-trobada-monis\/#primaryimage","url":"https:\/\/www.esplac.cat\/wp-content\/uploads\/2020\/11\/portades.jpg","contentUrl":"https:\/\/www.esplac.cat\/wp-content\/uploads\/2020\/11\/portades.jpg","width":1694,"height":700,"caption":"Baix Llobregat Trobada"},{"@type":"BreadcrumbList","@id":"https:\/\/www.esplac.cat\/en\/sector-baix-llobregat-celebra-en-linia-trobada-monis\/#breadcrumb","itemListElement":[{"@type":"ListItem","position":1,"name":"Inici","item":"https:\/\/www.esplac.cat\/es\/"},{"@type":"ListItem","position":2,"name":"El Sector Baix Llobregat celebra en l\u00ednia la Trobada de Monis"}]},{"@type":"WebSite","@id":"https:\/\/www.esplac.cat\/#website","url":"https:\/\/www.esplac.cat\/","name":"Esplac","description":"Esplais Catalans","publisher":{"@id":"https:\/\/www.esplac.cat\/#organization"},"potentialAction":[{"@type":"SearchAction","target":{"@type":"EntryPoint","urlTemplate":"https:\/\/www.esplac.cat\/?s={search_term_string}"},"query-input":{"@type":"PropertyValueSpecification","valueRequired":true,"valueName":"search_term_string"}}],"inLanguage":"es"},{"@type":"Organization","@id":"https:\/\/www.esplac.cat\/#organization","name":"Esplac","url":"https:\/\/www.esplac.cat\/","logo":{"@type":"ImageObject","inLanguage":"es","@id":"https:\/\/www.esplac.cat\/#\/schema\/logo\/image\/","url":"https:\/\/www.esplac.cat\/wp-content\/uploads\/2019\/08\/logox2.png","contentUrl":"https:\/\/www.esplac.cat\/wp-content\/uploads\/2019\/08\/logox2.png","width":600,"height":295,"caption":"Esplac"},"image":{"@id":"https:\/\/www.esplac.cat\/#\/schema\/logo\/image\/"}},{"@type":"Person","@id":"https:\/\/www.esplac.cat\/#\/schema\/person\/908383cf240be18b68f8855d0583faca","name":"Comunicaci\u00f3 Esplac","image":{"@type":"ImageObject","inLanguage":"es","@id":"https:\/\/secure.gravatar.com\/avatar\/7a4cf8feb412a76ea4a740ca02d95b06b2907b5a6c648c2dd0a1082a093c3141?s=96&d=mm&r=g","url":"https:\/\/secure.gravatar.com\/avatar\/7a4cf8feb412a76ea4a740ca02d95b06b2907b5a6c648c2dd0a1082a093c3141?s=96&d=mm&r=g","contentUrl":"https:\/\/secure.gravatar.com\/avatar\/7a4cf8feb412a76ea4a740ca02d95b06b2907b5a6c648c2dd0a1082a093c3141?s=96&d=mm&r=g","caption":"Comunicaci\u00f3 Esplac"}}]}},"_links":{"self":[{"href":"https:\/\/www.esplac.cat\/es\/wp-json\/wp\/v2\/posts\/33381","targetHints":{"allow":["GET"]}}],"collection":[{"href":"https:\/\/www.esplac.cat\/es\/wp-json\/wp\/v2\/posts"}],"about":[{"href":"https:\/\/www.esplac.cat\/es\/wp-json\/wp\/v2\/types\/post"}],"author":[{"embeddable":true,"href":"https:\/\/www.esplac.cat\/es\/wp-json\/wp\/v2\/users\/3"}],"replies":[{"embeddable":true,"href":"https:\/\/www.esplac.cat\/es\/wp-json\/wp\/v2\/comments?post=33381"}],"version-history":[{"count":0,"href":"https:\/\/www.esplac.cat\/es\/wp-json\/wp\/v2\/posts\/33381\/revisions"}],"wp:featuredmedia":[{"embeddable":true,"href":"https:\/\/www.esplac.cat\/es\/wp-json\/wp\/v2\/media\/33389"}],"wp:attachment":[{"href":"https:\/\/www.esplac.cat\/es\/wp-json\/wp\/v2\/media?parent=33381"}],"wp:term":[{"taxonomy":"category","embeddable":true,"href":"https:\/\/www.esplac.cat\/es\/wp-json\/wp\/v2\/categories?post=33381"},{"taxonomy":"post_tag","embeddable":true,"href":"https:\/\/www.esplac.cat\/es\/wp-json\/wp\/v2\/tags?post=33381"}],"curies":[{"name":"wp","href":"https:\/\/api.w.org\/{rel}","templated":true}]}}