{"id":33394,"date":"2020-11-19T12:45:04","date_gmt":"2020-11-19T11:45:04","guid":{"rendered":"https:\/\/www.esplac.cat\/?p=33394"},"modified":"2020-11-19T13:11:46","modified_gmt":"2020-11-19T12:11:46","slug":"resist-the-global-climate-divide-training-busca-participants","status":"publish","type":"post","link":"https:\/\/www.esplac.cat\/es\/resist-the-global-climate-divide-training-busca-participants\/","title":{"rendered":"&#8216;Resist! the Global Climate Divide training&#8217; busca participants!"},"content":{"rendered":"<h6><strong>Des de la <span style=\"color: #ff9900;\"><a style=\"color: #ff9900;\" href=\"http:\/\/ifm-sei.org\/\" target=\"_blank\" rel=\"noopener noreferrer\">IFM-SEI<\/a><\/span> ens fan arribar aquesta convocat\u00f2ria oberta per tal de buscar joves motivades d\u2019arreu del m\u00f3n que vulguin lluitar contra la crisi clim\u00e0tica. \u00abResist! the Global Climate Divide training\u00bb.<\/strong><\/h6>\n<p>Si et preocupa com ser\u00e0 el futur del nostre planeta; si t\u2019enfada que les accions d\u2019uns pocs posin en perill la resta de la humanitat i la biodiversitat; si ets o t\u2019agradaria ser activista clim\u00e0tic i vols fer que les teves pr\u00e0ctiques siguin m\u00e9s inclusives i arribin a m\u00e9s gent&#8230; Llavors, la formaci\u00f3 \u00abResist! the Global Climate Divide training\u00bb \u00e9s per a tu!<\/p>\n<p>Al llarg de 4 mesos es duran a terme 4 formacions de capacitaci\u00f3 en l\u00ednia plenes de din\u00e0miques que combinaran el curs virtual amb accions en persona. Es treballar\u00e0 des d\u2019una perspectiva interseccional, per tal d\u2019entendre la lluita clim\u00e0tica dins la globalitat d\u2019un m\u00f3n capitalista, blanc i cisheteropatriarcal.<\/p>\n<p>A m\u00e9s, <strong>cada participant rebr\u00e0 finan\u00e7ament per a dur a terme projectes locals!<\/strong><\/p>\n<p>El curs comen\u00e7ar\u00e0 al desembre, aix\u00ed que apunteu-vos al seg\u00fcent formulari <strong>abans del 25 de novembre:<\/strong><\/p>\n<div class=\"fusion-button-wrapper\"><a class=\"fusion-button button-flat fusion-button-default-size button-default fusion-button-default button-1 fusion-button-default-span fusion-button-default-type\" target=\"_blank\" rel=\"noopener noreferrer\" href=\"https:\/\/docs.google.com\/forms\/d\/e\/1FAIpQLSfdrdZfJRRLejlo6T3lvKpmQe1UoV6_xGqnlCKNGu7DGmD-Gw\/viewform\"><span class=\"fusion-button-text\">Formulari d&#8217;inscripci\u00f3<\/span><\/a><\/div>\n<p>&nbsp;<\/p>\n<p><strong>Qu\u00e8 cal per participar?<\/strong><\/p>\n<ul>\n<li>Tenir entre 16 i 30 anys<\/li>\n<li>Formar part d\u2019Esplac<\/li>\n<li>Motivaci\u00f3 davant dels reptes de la lluita clim\u00e0tica<\/li>\n<li>Capacitat de treball en angl\u00e8s<\/li>\n<li>Motivaci\u00f3 per crear un projecte local i tirar-lo endavant<\/li>\n<\/ul>\n<p>Si teniu qualsevol dubte o voleu m\u00e9s informaci\u00f3, <strong>no dubteu a contactar amb <a href=\"http:\/\/www.esplac.cat\/internacional\" target=\"_blank\" rel=\"noopener noreferrer\">internacional@esplac.cat.<\/a><\/strong><\/p>\n","protected":false},"excerpt":{"rendered":"<p>Des de la IFM-SEI ens fan arribar aquesta convocat\u00f2ria oberta [&hellip;]<\/p>\n","protected":false},"author":3,"featured_media":33395,"comment_status":"closed","ping_status":"closed","sticky":false,"template":"","format":"standard","meta":{"om_disable_all_campaigns":false,"_monsterinsights_skip_tracking":false,"_monsterinsights_sitenote_active":false,"_monsterinsights_sitenote_note":"","_monsterinsights_sitenote_category":0,"_uf_show_specific_survey":0,"_uf_disable_surveys":false,"footnotes":""},"categories":[1112],"tags":[],"class_list":["post-33394","post","type-post","status-publish","format-standard","has-post-thumbnail","hentry","category-esplac-al-mon"],"yoast_head":"<!-- This site is optimized with the Yoast SEO plugin v27.5 - https:\/\/yoast.com\/product\/yoast-seo-wordpress\/ -->\n<title>&#039;Resist! the Global Climate Divide training&#039; busca participants! - Esplac<\/title>\n<meta name=\"description\" content=\"&quot;Resist! the Global Climate Divide training&quot;: Convocat\u00f2ria oberta per joves motivades que vulguin lluitar contra la crisi clim\u00e0tica.\" \/>\n<meta name=\"robots\" content=\"index, follow, max-snippet:-1, max-image-preview:large, max-video-preview:-1\" \/>\n<link rel=\"canonical\" href=\"https:\/\/www.esplac.cat\/resist-the-global-climate-divide-training-busca-participants\/\" \/>\n<meta property=\"og:locale\" content=\"es_ES\" \/>\n<meta property=\"og:type\" content=\"article\" \/>\n<meta property=\"og:title\" content=\"&#039;Resist! the Global Climate Divide training&#039; busca participants! - Esplac\" \/>\n<meta property=\"og:description\" content=\"&quot;Resist! the Global Climate Divide training&quot;: Convocat\u00f2ria oberta per joves motivades que vulguin lluitar contra la crisi clim\u00e0tica.\" \/>\n<meta property=\"og:url\" content=\"https:\/\/www.esplac.cat\/resist-the-global-climate-divide-training-busca-participants\/\" \/>\n<meta property=\"og:site_name\" content=\"Esplac\" \/>\n<meta property=\"article:published_time\" content=\"2020-11-19T11:45:04+00:00\" \/>\n<meta property=\"article:modified_time\" content=\"2020-11-19T12:11:46+00:00\" \/>\n<meta property=\"og:image\" content=\"https:\/\/www.esplac.cat\/wp-content\/uploads\/2020\/11\/portades-1.jpg\" \/>\n\t<meta property=\"og:image:width\" content=\"1694\" \/>\n\t<meta property=\"og:image:height\" content=\"700\" \/>\n\t<meta property=\"og:image:type\" content=\"image\/jpeg\" \/>\n<meta name=\"author\" content=\"Comunicaci\u00f3 Esplac\" \/>\n<meta name=\"twitter:card\" content=\"summary_large_image\" \/>\n<meta name=\"twitter:label1\" content=\"Escrito por\" \/>\n\t<meta name=\"twitter:data1\" content=\"Comunicaci\u00f3 Esplac\" \/>\n\t<meta name=\"twitter:label2\" content=\"Tiempo de lectura\" \/>\n\t<meta name=\"twitter:data2\" content=\"2 minutos\" \/>\n<script type=\"application\/ld+json\" class=\"yoast-schema-graph\">{\"@context\":\"https:\\\/\\\/schema.org\",\"@graph\":[{\"@type\":\"Article\",\"@id\":\"https:\\\/\\\/www.esplac.cat\\\/resist-the-global-climate-divide-training-busca-participants\\\/#article\",\"isPartOf\":{\"@id\":\"https:\\\/\\\/www.esplac.cat\\\/resist-the-global-climate-divide-training-busca-participants\\\/\"},\"author\":{\"name\":\"Comunicaci\u00f3 Esplac\",\"@id\":\"https:\\\/\\\/www.esplac.cat\\\/#\\\/schema\\\/person\\\/908383cf240be18b68f8855d0583faca\"},\"headline\":\"&#8216;Resist! the Global Climate Divide training&#8217; busca participants!\",\"datePublished\":\"2020-11-19T11:45:04+00:00\",\"dateModified\":\"2020-11-19T12:11:46+00:00\",\"mainEntityOfPage\":{\"@id\":\"https:\\\/\\\/www.esplac.cat\\\/resist-the-global-climate-divide-training-busca-participants\\\/\"},\"wordCount\":348,\"publisher\":{\"@id\":\"https:\\\/\\\/www.esplac.cat\\\/#organization\"},\"image\":{\"@id\":\"https:\\\/\\\/www.esplac.cat\\\/resist-the-global-climate-divide-training-busca-participants\\\/#primaryimage\"},\"thumbnailUrl\":\"https:\\\/\\\/www.esplac.cat\\\/wp-content\\\/uploads\\\/2020\\\/11\\\/portades-1.jpg\",\"articleSection\":[\"Esplac al m\u00f3n\"],\"inLanguage\":\"es\"},{\"@type\":\"WebPage\",\"@id\":\"https:\\\/\\\/www.esplac.cat\\\/resist-the-global-climate-divide-training-busca-participants\\\/\",\"url\":\"https:\\\/\\\/www.esplac.cat\\\/resist-the-global-climate-divide-training-busca-participants\\\/\",\"name\":\"'Resist! the Global Climate Divide training' busca participants! - Esplac\",\"isPartOf\":{\"@id\":\"https:\\\/\\\/www.esplac.cat\\\/#website\"},\"primaryImageOfPage\":{\"@id\":\"https:\\\/\\\/www.esplac.cat\\\/resist-the-global-climate-divide-training-busca-participants\\\/#primaryimage\"},\"image\":{\"@id\":\"https:\\\/\\\/www.esplac.cat\\\/resist-the-global-climate-divide-training-busca-participants\\\/#primaryimage\"},\"thumbnailUrl\":\"https:\\\/\\\/www.esplac.cat\\\/wp-content\\\/uploads\\\/2020\\\/11\\\/portades-1.jpg\",\"datePublished\":\"2020-11-19T11:45:04+00:00\",\"dateModified\":\"2020-11-19T12:11:46+00:00\",\"description\":\"\\\"Resist! the Global Climate Divide training\\\": Convocat\u00f2ria oberta per joves motivades que vulguin lluitar contra la crisi clim\u00e0tica.\",\"breadcrumb\":{\"@id\":\"https:\\\/\\\/www.esplac.cat\\\/resist-the-global-climate-divide-training-busca-participants\\\/#breadcrumb\"},\"inLanguage\":\"es\",\"potentialAction\":[{\"@type\":\"ReadAction\",\"target\":[\"https:\\\/\\\/www.esplac.cat\\\/resist-the-global-climate-divide-training-busca-participants\\\/\"]}]},{\"@type\":\"ImageObject\",\"inLanguage\":\"es\",\"@id\":\"https:\\\/\\\/www.esplac.cat\\\/resist-the-global-climate-divide-training-busca-participants\\\/#primaryimage\",\"url\":\"https:\\\/\\\/www.esplac.cat\\\/wp-content\\\/uploads\\\/2020\\\/11\\\/portades-1.jpg\",\"contentUrl\":\"https:\\\/\\\/www.esplac.cat\\\/wp-content\\\/uploads\\\/2020\\\/11\\\/portades-1.jpg\",\"width\":1694,\"height\":700,\"caption\":\"climate change\"},{\"@type\":\"BreadcrumbList\",\"@id\":\"https:\\\/\\\/www.esplac.cat\\\/resist-the-global-climate-divide-training-busca-participants\\\/#breadcrumb\",\"itemListElement\":[{\"@type\":\"ListItem\",\"position\":1,\"name\":\"Inici\",\"item\":\"https:\\\/\\\/www.esplac.cat\\\/es\\\/\"},{\"@type\":\"ListItem\",\"position\":2,\"name\":\"&#8216;Resist! the Global Climate Divide training&#8217; busca participants!\"}]},{\"@type\":\"WebSite\",\"@id\":\"https:\\\/\\\/www.esplac.cat\\\/#website\",\"url\":\"https:\\\/\\\/www.esplac.cat\\\/\",\"name\":\"Esplac\",\"description\":\"Esplais Catalans\",\"publisher\":{\"@id\":\"https:\\\/\\\/www.esplac.cat\\\/#organization\"},\"potentialAction\":[{\"@type\":\"SearchAction\",\"target\":{\"@type\":\"EntryPoint\",\"urlTemplate\":\"https:\\\/\\\/www.esplac.cat\\\/?s={search_term_string}\"},\"query-input\":{\"@type\":\"PropertyValueSpecification\",\"valueRequired\":true,\"valueName\":\"search_term_string\"}}],\"inLanguage\":\"es\"},{\"@type\":\"Organization\",\"@id\":\"https:\\\/\\\/www.esplac.cat\\\/#organization\",\"name\":\"Esplac\",\"url\":\"https:\\\/\\\/www.esplac.cat\\\/\",\"logo\":{\"@type\":\"ImageObject\",\"inLanguage\":\"es\",\"@id\":\"https:\\\/\\\/www.esplac.cat\\\/#\\\/schema\\\/logo\\\/image\\\/\",\"url\":\"https:\\\/\\\/www.esplac.cat\\\/wp-content\\\/uploads\\\/2019\\\/08\\\/logox2.png\",\"contentUrl\":\"https:\\\/\\\/www.esplac.cat\\\/wp-content\\\/uploads\\\/2019\\\/08\\\/logox2.png\",\"width\":600,\"height\":295,\"caption\":\"Esplac\"},\"image\":{\"@id\":\"https:\\\/\\\/www.esplac.cat\\\/#\\\/schema\\\/logo\\\/image\\\/\"}},{\"@type\":\"Person\",\"@id\":\"https:\\\/\\\/www.esplac.cat\\\/#\\\/schema\\\/person\\\/908383cf240be18b68f8855d0583faca\",\"name\":\"Comunicaci\u00f3 Esplac\",\"image\":{\"@type\":\"ImageObject\",\"inLanguage\":\"es\",\"@id\":\"https:\\\/\\\/secure.gravatar.com\\\/avatar\\\/7a4cf8feb412a76ea4a740ca02d95b06b2907b5a6c648c2dd0a1082a093c3141?s=96&d=mm&r=g\",\"url\":\"https:\\\/\\\/secure.gravatar.com\\\/avatar\\\/7a4cf8feb412a76ea4a740ca02d95b06b2907b5a6c648c2dd0a1082a093c3141?s=96&d=mm&r=g\",\"contentUrl\":\"https:\\\/\\\/secure.gravatar.com\\\/avatar\\\/7a4cf8feb412a76ea4a740ca02d95b06b2907b5a6c648c2dd0a1082a093c3141?s=96&d=mm&r=g\",\"caption\":\"Comunicaci\u00f3 Esplac\"}}]}<\/script>\n<!-- \/ Yoast SEO plugin. -->","yoast_head_json":{"title":"'Resist! the Global Climate Divide training' busca participants! - Esplac","description":"\"Resist! the Global Climate Divide training\": Convocat\u00f2ria oberta per joves motivades que vulguin lluitar contra la crisi clim\u00e0tica.","robots":{"index":"index","follow":"follow","max-snippet":"max-snippet:-1","max-image-preview":"max-image-preview:large","max-video-preview":"max-video-preview:-1"},"canonical":"https:\/\/www.esplac.cat\/resist-the-global-climate-divide-training-busca-participants\/","og_locale":"es_ES","og_type":"article","og_title":"'Resist! the Global Climate Divide training' busca participants! - Esplac","og_description":"\"Resist! the Global Climate Divide training\": Convocat\u00f2ria oberta per joves motivades que vulguin lluitar contra la crisi clim\u00e0tica.","og_url":"https:\/\/www.esplac.cat\/resist-the-global-climate-divide-training-busca-participants\/","og_site_name":"Esplac","article_published_time":"2020-11-19T11:45:04+00:00","article_modified_time":"2020-11-19T12:11:46+00:00","og_image":[{"width":1694,"height":700,"url":"https:\/\/www.esplac.cat\/wp-content\/uploads\/2020\/11\/portades-1.jpg","type":"image\/jpeg"}],"author":"Comunicaci\u00f3 Esplac","twitter_card":"summary_large_image","twitter_misc":{"Escrito por":"Comunicaci\u00f3 Esplac","Tiempo de lectura":"2 minutos"},"schema":{"@context":"https:\/\/schema.org","@graph":[{"@type":"Article","@id":"https:\/\/www.esplac.cat\/resist-the-global-climate-divide-training-busca-participants\/#article","isPartOf":{"@id":"https:\/\/www.esplac.cat\/resist-the-global-climate-divide-training-busca-participants\/"},"author":{"name":"Comunicaci\u00f3 Esplac","@id":"https:\/\/www.esplac.cat\/#\/schema\/person\/908383cf240be18b68f8855d0583faca"},"headline":"&#8216;Resist! the Global Climate Divide training&#8217; busca participants!","datePublished":"2020-11-19T11:45:04+00:00","dateModified":"2020-11-19T12:11:46+00:00","mainEntityOfPage":{"@id":"https:\/\/www.esplac.cat\/resist-the-global-climate-divide-training-busca-participants\/"},"wordCount":348,"publisher":{"@id":"https:\/\/www.esplac.cat\/#organization"},"image":{"@id":"https:\/\/www.esplac.cat\/resist-the-global-climate-divide-training-busca-participants\/#primaryimage"},"thumbnailUrl":"https:\/\/www.esplac.cat\/wp-content\/uploads\/2020\/11\/portades-1.jpg","articleSection":["Esplac al m\u00f3n"],"inLanguage":"es"},{"@type":"WebPage","@id":"https:\/\/www.esplac.cat\/resist-the-global-climate-divide-training-busca-participants\/","url":"https:\/\/www.esplac.cat\/resist-the-global-climate-divide-training-busca-participants\/","name":"'Resist! the Global Climate Divide training' busca participants! - Esplac","isPartOf":{"@id":"https:\/\/www.esplac.cat\/#website"},"primaryImageOfPage":{"@id":"https:\/\/www.esplac.cat\/resist-the-global-climate-divide-training-busca-participants\/#primaryimage"},"image":{"@id":"https:\/\/www.esplac.cat\/resist-the-global-climate-divide-training-busca-participants\/#primaryimage"},"thumbnailUrl":"https:\/\/www.esplac.cat\/wp-content\/uploads\/2020\/11\/portades-1.jpg","datePublished":"2020-11-19T11:45:04+00:00","dateModified":"2020-11-19T12:11:46+00:00","description":"\"Resist! the Global Climate Divide training\": Convocat\u00f2ria oberta per joves motivades que vulguin lluitar contra la crisi clim\u00e0tica.","breadcrumb":{"@id":"https:\/\/www.esplac.cat\/resist-the-global-climate-divide-training-busca-participants\/#breadcrumb"},"inLanguage":"es","potentialAction":[{"@type":"ReadAction","target":["https:\/\/www.esplac.cat\/resist-the-global-climate-divide-training-busca-participants\/"]}]},{"@type":"ImageObject","inLanguage":"es","@id":"https:\/\/www.esplac.cat\/resist-the-global-climate-divide-training-busca-participants\/#primaryimage","url":"https:\/\/www.esplac.cat\/wp-content\/uploads\/2020\/11\/portades-1.jpg","contentUrl":"https:\/\/www.esplac.cat\/wp-content\/uploads\/2020\/11\/portades-1.jpg","width":1694,"height":700,"caption":"climate change"},{"@type":"BreadcrumbList","@id":"https:\/\/www.esplac.cat\/resist-the-global-climate-divide-training-busca-participants\/#breadcrumb","itemListElement":[{"@type":"ListItem","position":1,"name":"Inici","item":"https:\/\/www.esplac.cat\/es\/"},{"@type":"ListItem","position":2,"name":"&#8216;Resist! the Global Climate Divide training&#8217; busca participants!"}]},{"@type":"WebSite","@id":"https:\/\/www.esplac.cat\/#website","url":"https:\/\/www.esplac.cat\/","name":"Esplac","description":"Esplais Catalans","publisher":{"@id":"https:\/\/www.esplac.cat\/#organization"},"potentialAction":[{"@type":"SearchAction","target":{"@type":"EntryPoint","urlTemplate":"https:\/\/www.esplac.cat\/?s={search_term_string}"},"query-input":{"@type":"PropertyValueSpecification","valueRequired":true,"valueName":"search_term_string"}}],"inLanguage":"es"},{"@type":"Organization","@id":"https:\/\/www.esplac.cat\/#organization","name":"Esplac","url":"https:\/\/www.esplac.cat\/","logo":{"@type":"ImageObject","inLanguage":"es","@id":"https:\/\/www.esplac.cat\/#\/schema\/logo\/image\/","url":"https:\/\/www.esplac.cat\/wp-content\/uploads\/2019\/08\/logox2.png","contentUrl":"https:\/\/www.esplac.cat\/wp-content\/uploads\/2019\/08\/logox2.png","width":600,"height":295,"caption":"Esplac"},"image":{"@id":"https:\/\/www.esplac.cat\/#\/schema\/logo\/image\/"}},{"@type":"Person","@id":"https:\/\/www.esplac.cat\/#\/schema\/person\/908383cf240be18b68f8855d0583faca","name":"Comunicaci\u00f3 Esplac","image":{"@type":"ImageObject","inLanguage":"es","@id":"https:\/\/secure.gravatar.com\/avatar\/7a4cf8feb412a76ea4a740ca02d95b06b2907b5a6c648c2dd0a1082a093c3141?s=96&d=mm&r=g","url":"https:\/\/secure.gravatar.com\/avatar\/7a4cf8feb412a76ea4a740ca02d95b06b2907b5a6c648c2dd0a1082a093c3141?s=96&d=mm&r=g","contentUrl":"https:\/\/secure.gravatar.com\/avatar\/7a4cf8feb412a76ea4a740ca02d95b06b2907b5a6c648c2dd0a1082a093c3141?s=96&d=mm&r=g","caption":"Comunicaci\u00f3 Esplac"}}]}},"_links":{"self":[{"href":"https:\/\/www.esplac.cat\/es\/wp-json\/wp\/v2\/posts\/33394","targetHints":{"allow":["GET"]}}],"collection":[{"href":"https:\/\/www.esplac.cat\/es\/wp-json\/wp\/v2\/posts"}],"about":[{"href":"https:\/\/www.esplac.cat\/es\/wp-json\/wp\/v2\/types\/post"}],"author":[{"embeddable":true,"href":"https:\/\/www.esplac.cat\/es\/wp-json\/wp\/v2\/users\/3"}],"replies":[{"embeddable":true,"href":"https:\/\/www.esplac.cat\/es\/wp-json\/wp\/v2\/comments?post=33394"}],"version-history":[{"count":0,"href":"https:\/\/www.esplac.cat\/es\/wp-json\/wp\/v2\/posts\/33394\/revisions"}],"wp:featuredmedia":[{"embeddable":true,"href":"https:\/\/www.esplac.cat\/es\/wp-json\/wp\/v2\/media\/33395"}],"wp:attachment":[{"href":"https:\/\/www.esplac.cat\/es\/wp-json\/wp\/v2\/media?parent=33394"}],"wp:term":[{"taxonomy":"category","embeddable":true,"href":"https:\/\/www.esplac.cat\/es\/wp-json\/wp\/v2\/categories?post=33394"},{"taxonomy":"post_tag","embeddable":true,"href":"https:\/\/www.esplac.cat\/es\/wp-json\/wp\/v2\/tags?post=33394"}],"curies":[{"name":"wp","href":"https:\/\/api.w.org\/{rel}","templated":true}]}}