{"id":33440,"date":"2020-11-25T12:27:19","date_gmt":"2020-11-25T11:27:19","guid":{"rendered":"https:\/\/www.esplac.cat\/?p=33440"},"modified":"2020-11-25T12:55:38","modified_gmt":"2020-11-25T11:55:38","slug":"participa-conferencia-tancament-projecte-building-bridges","status":"publish","type":"post","link":"https:\/\/www.esplac.cat\/es\/participa-conferencia-tancament-projecte-building-bridges\/","title":{"rendered":"Participa a la confer\u00e8ncia de tancament del projecte \u00abBuilding Bridges\u00bb"},"content":{"rendered":"<h6><strong>Dissabte 5 de desembre tindr\u00e0 lloc la confer\u00e8ncia final del projecte Building Bridges\u00bb, organitzat per l&#8217;IFM-SEI. \u00c9s oberta i hi participaran diferents entitats juvenils de tot el m\u00f3n.<\/strong><\/h6>\n<div>El proper dissabte <strong>5 de desembre<\/strong>, de <strong>14 h a 16.30h<\/strong>, se celebra la confer\u00e8ncia de tancament\u00a0 del projecte internacional \u00abBuilding Bridges\u00bb, organitzat per l&#8217;<span style=\"color: #ff9900;\"><a style=\"color: #ff9900;\" href=\"http:\/\/ifm-sei.org\" target=\"_blank\" rel=\"noopener noreferrer\">IFM-SEI<\/a>.<\/span> En aquest esdeveniment diferents entitats juvenils de tot el m\u00f3n (Camerun, Ghana, Indon\u00e8sia, Filipines, Per\u00fa&#8230;.) presentaran la feina feta en aquests dos anys de treball per tal de promoure l&#8217;<b>educaci\u00f3 per la pau<\/b>.<\/div>\n<div><\/div>\n<div><span style=\"color: #ffffff;\">.<\/span><\/div>\n<div>A la confer\u00e8ncia podr\u00e0s:<\/div>\n<div>\n<ul>\n<li>Aprendre sobre el projecte \u00abBuilding Bridges\u00bb i les diferents organitzacions<\/li>\n<li>Escoltar i compartir bones pr\u00e0ctiques de la defensa dels drets humans i l&#8217;educaci\u00f3 per la pau.<\/li>\n<li>Fer xarxa amb altres entitats juvenils del m\u00f3n.<\/li>\n<li>Con\u00e8ixer l&#8217;<b>eina per a formar monitors<\/b> en l&#8217;educaci\u00f3 per la pau, el di\u00e0leg i la inclusi\u00f3 social.<\/li>\n<\/ul>\n<\/div>\n<div>Si tens qualsevol dubte o pregunta no dubtis a escriure a <a href=\"mailto:internacional@esplac.cat\" target=\"_blank\" rel=\"noopener noreferrer\">internacional@esplac.cat<\/a>!<\/div>\n<div><span style=\"color: #ffffff;\">.<\/span><\/div>\n<div><strong>Per a inscriure&#8217;t, fes clic al seg\u00fcent bot\u00f3:<\/strong><\/div>\n<div><\/div>\n<div><div class=\"fusion-button-wrapper\"><a class=\"fusion-button button-flat fusion-button-default-size button-default fusion-button-default button-1 fusion-button-default-span fusion-button-default-type\" target=\"_blank\" rel=\"noopener noreferrer\" href=\"https:\/\/forms.gle\/j8Hco2S5ysAT9JSj6\"><span class=\"fusion-button-text\">Inscripcions<\/span><\/a><\/div><\/div>\n<div><span style=\"color: #ffffff;\">.<\/span><\/div>\n<div>Si vols saber quines altres activitats internacionals hi ha actualment obertes, pots entrar a l&#8217;<span style=\"color: #ff9900;\"><a style=\"color: #ff9900;\" href=\"http:\/\/www.esplac.cat\/internacional\" target=\"_blank\" rel=\"noopener noreferrer\">apartat d&#8217;internacional<\/a> <\/span>d&#8217;aquest web.<\/div>\n<div><\/div>\n","protected":false},"excerpt":{"rendered":"<p>Dissabte 5 de desembre tindr\u00e0 lloc la confer\u00e8ncia final del [&hellip;]<\/p>\n","protected":false},"author":3,"featured_media":33447,"comment_status":"closed","ping_status":"closed","sticky":false,"template":"","format":"standard","meta":{"om_disable_all_campaigns":false,"_monsterinsights_skip_tracking":false,"_monsterinsights_sitenote_active":false,"_monsterinsights_sitenote_note":"","_monsterinsights_sitenote_category":0,"_uf_show_specific_survey":0,"_uf_disable_surveys":false,"footnotes":""},"categories":[1112],"tags":[],"class_list":["post-33440","post","type-post","status-publish","format-standard","has-post-thumbnail","hentry","category-esplac-al-mon"],"yoast_head":"<!-- This site is optimized with the Yoast SEO plugin v27.5 - https:\/\/yoast.com\/product\/yoast-seo-wordpress\/ -->\n<title>Participa a la confer\u00e8ncia de tancament del projecte &quot;Building Bridges&quot;<\/title>\n<meta name=\"description\" content=\"Dissabte 5 de desembre tindr\u00e0 lloc la confer\u00e8ncia de tancament del projecte Building Bridges, organitzat per l&#039;IFM-SEI. \u00c9s oberta a tothom.\" \/>\n<meta name=\"robots\" content=\"index, follow, max-snippet:-1, max-image-preview:large, max-video-preview:-1\" \/>\n<link rel=\"canonical\" href=\"https:\/\/www.esplac.cat\/participa-conferencia-tancament-projecte-building-bridges\/\" \/>\n<meta property=\"og:locale\" content=\"es_ES\" \/>\n<meta property=\"og:type\" content=\"article\" \/>\n<meta property=\"og:title\" content=\"Participa a la confer\u00e8ncia de tancament del projecte &quot;Building Bridges&quot;\" \/>\n<meta property=\"og:description\" content=\"Dissabte 5 de desembre tindr\u00e0 lloc la confer\u00e8ncia de tancament del projecte Building Bridges, organitzat per l&#039;IFM-SEI. \u00c9s oberta a tothom.\" \/>\n<meta property=\"og:url\" content=\"https:\/\/www.esplac.cat\/participa-conferencia-tancament-projecte-building-bridges\/\" \/>\n<meta property=\"og:site_name\" content=\"Esplac\" \/>\n<meta property=\"article:published_time\" content=\"2020-11-25T11:27:19+00:00\" \/>\n<meta property=\"article:modified_time\" content=\"2020-11-25T11:55:38+00:00\" \/>\n<meta property=\"og:image\" content=\"https:\/\/www.esplac.cat\/wp-content\/uploads\/2020\/11\/portadabridges.jpg\" \/>\n\t<meta property=\"og:image:width\" content=\"847\" \/>\n\t<meta property=\"og:image:height\" content=\"350\" \/>\n\t<meta property=\"og:image:type\" content=\"image\/jpeg\" \/>\n<meta name=\"author\" content=\"Comunicaci\u00f3 Esplac\" \/>\n<meta name=\"twitter:card\" content=\"summary_large_image\" \/>\n<meta name=\"twitter:image\" content=\"https:\/\/www.esplac.cat\/wp-content\/uploads\/2020\/11\/portadabridges.jpg\" \/>\n<meta name=\"twitter:label1\" content=\"Escrito por\" \/>\n\t<meta name=\"twitter:data1\" content=\"Comunicaci\u00f3 Esplac\" \/>\n\t<meta name=\"twitter:label2\" content=\"Tiempo de lectura\" \/>\n\t<meta name=\"twitter:data2\" content=\"1 minuto\" \/>\n<script type=\"application\/ld+json\" class=\"yoast-schema-graph\">{\"@context\":\"https:\\\/\\\/schema.org\",\"@graph\":[{\"@type\":\"Article\",\"@id\":\"https:\\\/\\\/www.esplac.cat\\\/participa-conferencia-tancament-projecte-building-bridges\\\/#article\",\"isPartOf\":{\"@id\":\"https:\\\/\\\/www.esplac.cat\\\/participa-conferencia-tancament-projecte-building-bridges\\\/\"},\"author\":{\"name\":\"Comunicaci\u00f3 Esplac\",\"@id\":\"https:\\\/\\\/www.esplac.cat\\\/#\\\/schema\\\/person\\\/908383cf240be18b68f8855d0583faca\"},\"headline\":\"Participa a la confer\u00e8ncia de tancament del projecte \u00abBuilding Bridges\u00bb\",\"datePublished\":\"2020-11-25T11:27:19+00:00\",\"dateModified\":\"2020-11-25T11:55:38+00:00\",\"mainEntityOfPage\":{\"@id\":\"https:\\\/\\\/www.esplac.cat\\\/participa-conferencia-tancament-projecte-building-bridges\\\/\"},\"wordCount\":298,\"publisher\":{\"@id\":\"https:\\\/\\\/www.esplac.cat\\\/#organization\"},\"image\":{\"@id\":\"https:\\\/\\\/www.esplac.cat\\\/participa-conferencia-tancament-projecte-building-bridges\\\/#primaryimage\"},\"thumbnailUrl\":\"https:\\\/\\\/www.esplac.cat\\\/wp-content\\\/uploads\\\/2020\\\/11\\\/portadabridges.jpg\",\"articleSection\":[\"Esplac al m\u00f3n\"],\"inLanguage\":\"es\"},{\"@type\":\"WebPage\",\"@id\":\"https:\\\/\\\/www.esplac.cat\\\/participa-conferencia-tancament-projecte-building-bridges\\\/\",\"url\":\"https:\\\/\\\/www.esplac.cat\\\/participa-conferencia-tancament-projecte-building-bridges\\\/\",\"name\":\"Participa a la confer\u00e8ncia de tancament del projecte \\\"Building Bridges\\\"\",\"isPartOf\":{\"@id\":\"https:\\\/\\\/www.esplac.cat\\\/#website\"},\"primaryImageOfPage\":{\"@id\":\"https:\\\/\\\/www.esplac.cat\\\/participa-conferencia-tancament-projecte-building-bridges\\\/#primaryimage\"},\"image\":{\"@id\":\"https:\\\/\\\/www.esplac.cat\\\/participa-conferencia-tancament-projecte-building-bridges\\\/#primaryimage\"},\"thumbnailUrl\":\"https:\\\/\\\/www.esplac.cat\\\/wp-content\\\/uploads\\\/2020\\\/11\\\/portadabridges.jpg\",\"datePublished\":\"2020-11-25T11:27:19+00:00\",\"dateModified\":\"2020-11-25T11:55:38+00:00\",\"description\":\"Dissabte 5 de desembre tindr\u00e0 lloc la confer\u00e8ncia de tancament del projecte Building Bridges, organitzat per l'IFM-SEI. \u00c9s oberta a tothom.\",\"breadcrumb\":{\"@id\":\"https:\\\/\\\/www.esplac.cat\\\/participa-conferencia-tancament-projecte-building-bridges\\\/#breadcrumb\"},\"inLanguage\":\"es\",\"potentialAction\":[{\"@type\":\"ReadAction\",\"target\":[\"https:\\\/\\\/www.esplac.cat\\\/participa-conferencia-tancament-projecte-building-bridges\\\/\"]}]},{\"@type\":\"ImageObject\",\"inLanguage\":\"es\",\"@id\":\"https:\\\/\\\/www.esplac.cat\\\/participa-conferencia-tancament-projecte-building-bridges\\\/#primaryimage\",\"url\":\"https:\\\/\\\/www.esplac.cat\\\/wp-content\\\/uploads\\\/2020\\\/11\\\/portadabridges.jpg\",\"contentUrl\":\"https:\\\/\\\/www.esplac.cat\\\/wp-content\\\/uploads\\\/2020\\\/11\\\/portadabridges.jpg\",\"width\":847,\"height\":350,\"caption\":\"building bridges\"},{\"@type\":\"BreadcrumbList\",\"@id\":\"https:\\\/\\\/www.esplac.cat\\\/participa-conferencia-tancament-projecte-building-bridges\\\/#breadcrumb\",\"itemListElement\":[{\"@type\":\"ListItem\",\"position\":1,\"name\":\"Inici\",\"item\":\"https:\\\/\\\/www.esplac.cat\\\/es\\\/\"},{\"@type\":\"ListItem\",\"position\":2,\"name\":\"Participa a la confer\u00e8ncia de tancament del projecte &#8220;Building Bridges&#8221;\"}]},{\"@type\":\"WebSite\",\"@id\":\"https:\\\/\\\/www.esplac.cat\\\/#website\",\"url\":\"https:\\\/\\\/www.esplac.cat\\\/\",\"name\":\"Esplac\",\"description\":\"Esplais Catalans\",\"publisher\":{\"@id\":\"https:\\\/\\\/www.esplac.cat\\\/#organization\"},\"potentialAction\":[{\"@type\":\"SearchAction\",\"target\":{\"@type\":\"EntryPoint\",\"urlTemplate\":\"https:\\\/\\\/www.esplac.cat\\\/?s={search_term_string}\"},\"query-input\":{\"@type\":\"PropertyValueSpecification\",\"valueRequired\":true,\"valueName\":\"search_term_string\"}}],\"inLanguage\":\"es\"},{\"@type\":\"Organization\",\"@id\":\"https:\\\/\\\/www.esplac.cat\\\/#organization\",\"name\":\"Esplac\",\"url\":\"https:\\\/\\\/www.esplac.cat\\\/\",\"logo\":{\"@type\":\"ImageObject\",\"inLanguage\":\"es\",\"@id\":\"https:\\\/\\\/www.esplac.cat\\\/#\\\/schema\\\/logo\\\/image\\\/\",\"url\":\"https:\\\/\\\/www.esplac.cat\\\/wp-content\\\/uploads\\\/2019\\\/08\\\/logox2.png\",\"contentUrl\":\"https:\\\/\\\/www.esplac.cat\\\/wp-content\\\/uploads\\\/2019\\\/08\\\/logox2.png\",\"width\":600,\"height\":295,\"caption\":\"Esplac\"},\"image\":{\"@id\":\"https:\\\/\\\/www.esplac.cat\\\/#\\\/schema\\\/logo\\\/image\\\/\"}},{\"@type\":\"Person\",\"@id\":\"https:\\\/\\\/www.esplac.cat\\\/#\\\/schema\\\/person\\\/908383cf240be18b68f8855d0583faca\",\"name\":\"Comunicaci\u00f3 Esplac\",\"image\":{\"@type\":\"ImageObject\",\"inLanguage\":\"es\",\"@id\":\"https:\\\/\\\/secure.gravatar.com\\\/avatar\\\/7a4cf8feb412a76ea4a740ca02d95b06b2907b5a6c648c2dd0a1082a093c3141?s=96&d=mm&r=g\",\"url\":\"https:\\\/\\\/secure.gravatar.com\\\/avatar\\\/7a4cf8feb412a76ea4a740ca02d95b06b2907b5a6c648c2dd0a1082a093c3141?s=96&d=mm&r=g\",\"contentUrl\":\"https:\\\/\\\/secure.gravatar.com\\\/avatar\\\/7a4cf8feb412a76ea4a740ca02d95b06b2907b5a6c648c2dd0a1082a093c3141?s=96&d=mm&r=g\",\"caption\":\"Comunicaci\u00f3 Esplac\"}}]}<\/script>\n<!-- \/ Yoast SEO plugin. -->","yoast_head_json":{"title":"Participa a la confer\u00e8ncia de tancament del projecte \"Building Bridges\"","description":"Dissabte 5 de desembre tindr\u00e0 lloc la confer\u00e8ncia de tancament del projecte Building Bridges, organitzat per l'IFM-SEI. \u00c9s oberta a tothom.","robots":{"index":"index","follow":"follow","max-snippet":"max-snippet:-1","max-image-preview":"max-image-preview:large","max-video-preview":"max-video-preview:-1"},"canonical":"https:\/\/www.esplac.cat\/participa-conferencia-tancament-projecte-building-bridges\/","og_locale":"es_ES","og_type":"article","og_title":"Participa a la confer\u00e8ncia de tancament del projecte \"Building Bridges\"","og_description":"Dissabte 5 de desembre tindr\u00e0 lloc la confer\u00e8ncia de tancament del projecte Building Bridges, organitzat per l'IFM-SEI. \u00c9s oberta a tothom.","og_url":"https:\/\/www.esplac.cat\/participa-conferencia-tancament-projecte-building-bridges\/","og_site_name":"Esplac","article_published_time":"2020-11-25T11:27:19+00:00","article_modified_time":"2020-11-25T11:55:38+00:00","og_image":[{"width":847,"height":350,"url":"https:\/\/www.esplac.cat\/wp-content\/uploads\/2020\/11\/portadabridges.jpg","type":"image\/jpeg"}],"author":"Comunicaci\u00f3 Esplac","twitter_card":"summary_large_image","twitter_image":"https:\/\/www.esplac.cat\/wp-content\/uploads\/2020\/11\/portadabridges.jpg","twitter_misc":{"Escrito por":"Comunicaci\u00f3 Esplac","Tiempo de lectura":"1 minuto"},"schema":{"@context":"https:\/\/schema.org","@graph":[{"@type":"Article","@id":"https:\/\/www.esplac.cat\/participa-conferencia-tancament-projecte-building-bridges\/#article","isPartOf":{"@id":"https:\/\/www.esplac.cat\/participa-conferencia-tancament-projecte-building-bridges\/"},"author":{"name":"Comunicaci\u00f3 Esplac","@id":"https:\/\/www.esplac.cat\/#\/schema\/person\/908383cf240be18b68f8855d0583faca"},"headline":"Participa a la confer\u00e8ncia de tancament del projecte \u00abBuilding Bridges\u00bb","datePublished":"2020-11-25T11:27:19+00:00","dateModified":"2020-11-25T11:55:38+00:00","mainEntityOfPage":{"@id":"https:\/\/www.esplac.cat\/participa-conferencia-tancament-projecte-building-bridges\/"},"wordCount":298,"publisher":{"@id":"https:\/\/www.esplac.cat\/#organization"},"image":{"@id":"https:\/\/www.esplac.cat\/participa-conferencia-tancament-projecte-building-bridges\/#primaryimage"},"thumbnailUrl":"https:\/\/www.esplac.cat\/wp-content\/uploads\/2020\/11\/portadabridges.jpg","articleSection":["Esplac al m\u00f3n"],"inLanguage":"es"},{"@type":"WebPage","@id":"https:\/\/www.esplac.cat\/participa-conferencia-tancament-projecte-building-bridges\/","url":"https:\/\/www.esplac.cat\/participa-conferencia-tancament-projecte-building-bridges\/","name":"Participa a la confer\u00e8ncia de tancament del projecte \"Building Bridges\"","isPartOf":{"@id":"https:\/\/www.esplac.cat\/#website"},"primaryImageOfPage":{"@id":"https:\/\/www.esplac.cat\/participa-conferencia-tancament-projecte-building-bridges\/#primaryimage"},"image":{"@id":"https:\/\/www.esplac.cat\/participa-conferencia-tancament-projecte-building-bridges\/#primaryimage"},"thumbnailUrl":"https:\/\/www.esplac.cat\/wp-content\/uploads\/2020\/11\/portadabridges.jpg","datePublished":"2020-11-25T11:27:19+00:00","dateModified":"2020-11-25T11:55:38+00:00","description":"Dissabte 5 de desembre tindr\u00e0 lloc la confer\u00e8ncia de tancament del projecte Building Bridges, organitzat per l'IFM-SEI. \u00c9s oberta a tothom.","breadcrumb":{"@id":"https:\/\/www.esplac.cat\/participa-conferencia-tancament-projecte-building-bridges\/#breadcrumb"},"inLanguage":"es","potentialAction":[{"@type":"ReadAction","target":["https:\/\/www.esplac.cat\/participa-conferencia-tancament-projecte-building-bridges\/"]}]},{"@type":"ImageObject","inLanguage":"es","@id":"https:\/\/www.esplac.cat\/participa-conferencia-tancament-projecte-building-bridges\/#primaryimage","url":"https:\/\/www.esplac.cat\/wp-content\/uploads\/2020\/11\/portadabridges.jpg","contentUrl":"https:\/\/www.esplac.cat\/wp-content\/uploads\/2020\/11\/portadabridges.jpg","width":847,"height":350,"caption":"building bridges"},{"@type":"BreadcrumbList","@id":"https:\/\/www.esplac.cat\/participa-conferencia-tancament-projecte-building-bridges\/#breadcrumb","itemListElement":[{"@type":"ListItem","position":1,"name":"Inici","item":"https:\/\/www.esplac.cat\/es\/"},{"@type":"ListItem","position":2,"name":"Participa a la confer\u00e8ncia de tancament del projecte &#8220;Building Bridges&#8221;"}]},{"@type":"WebSite","@id":"https:\/\/www.esplac.cat\/#website","url":"https:\/\/www.esplac.cat\/","name":"Esplac","description":"Esplais Catalans","publisher":{"@id":"https:\/\/www.esplac.cat\/#organization"},"potentialAction":[{"@type":"SearchAction","target":{"@type":"EntryPoint","urlTemplate":"https:\/\/www.esplac.cat\/?s={search_term_string}"},"query-input":{"@type":"PropertyValueSpecification","valueRequired":true,"valueName":"search_term_string"}}],"inLanguage":"es"},{"@type":"Organization","@id":"https:\/\/www.esplac.cat\/#organization","name":"Esplac","url":"https:\/\/www.esplac.cat\/","logo":{"@type":"ImageObject","inLanguage":"es","@id":"https:\/\/www.esplac.cat\/#\/schema\/logo\/image\/","url":"https:\/\/www.esplac.cat\/wp-content\/uploads\/2019\/08\/logox2.png","contentUrl":"https:\/\/www.esplac.cat\/wp-content\/uploads\/2019\/08\/logox2.png","width":600,"height":295,"caption":"Esplac"},"image":{"@id":"https:\/\/www.esplac.cat\/#\/schema\/logo\/image\/"}},{"@type":"Person","@id":"https:\/\/www.esplac.cat\/#\/schema\/person\/908383cf240be18b68f8855d0583faca","name":"Comunicaci\u00f3 Esplac","image":{"@type":"ImageObject","inLanguage":"es","@id":"https:\/\/secure.gravatar.com\/avatar\/7a4cf8feb412a76ea4a740ca02d95b06b2907b5a6c648c2dd0a1082a093c3141?s=96&d=mm&r=g","url":"https:\/\/secure.gravatar.com\/avatar\/7a4cf8feb412a76ea4a740ca02d95b06b2907b5a6c648c2dd0a1082a093c3141?s=96&d=mm&r=g","contentUrl":"https:\/\/secure.gravatar.com\/avatar\/7a4cf8feb412a76ea4a740ca02d95b06b2907b5a6c648c2dd0a1082a093c3141?s=96&d=mm&r=g","caption":"Comunicaci\u00f3 Esplac"}}]}},"_links":{"self":[{"href":"https:\/\/www.esplac.cat\/es\/wp-json\/wp\/v2\/posts\/33440","targetHints":{"allow":["GET"]}}],"collection":[{"href":"https:\/\/www.esplac.cat\/es\/wp-json\/wp\/v2\/posts"}],"about":[{"href":"https:\/\/www.esplac.cat\/es\/wp-json\/wp\/v2\/types\/post"}],"author":[{"embeddable":true,"href":"https:\/\/www.esplac.cat\/es\/wp-json\/wp\/v2\/users\/3"}],"replies":[{"embeddable":true,"href":"https:\/\/www.esplac.cat\/es\/wp-json\/wp\/v2\/comments?post=33440"}],"version-history":[{"count":0,"href":"https:\/\/www.esplac.cat\/es\/wp-json\/wp\/v2\/posts\/33440\/revisions"}],"wp:featuredmedia":[{"embeddable":true,"href":"https:\/\/www.esplac.cat\/es\/wp-json\/wp\/v2\/media\/33447"}],"wp:attachment":[{"href":"https:\/\/www.esplac.cat\/es\/wp-json\/wp\/v2\/media?parent=33440"}],"wp:term":[{"taxonomy":"category","embeddable":true,"href":"https:\/\/www.esplac.cat\/es\/wp-json\/wp\/v2\/categories?post=33440"},{"taxonomy":"post_tag","embeddable":true,"href":"https:\/\/www.esplac.cat\/es\/wp-json\/wp\/v2\/tags?post=33440"}],"curies":[{"name":"wp","href":"https:\/\/api.w.org\/{rel}","templated":true}]}}