{"id":33681,"date":"2020-12-15T10:26:45","date_gmt":"2020-12-15T09:26:45","guid":{"rendered":"https:\/\/www.esplac.cat\/?p=33681"},"modified":"2021-02-01T09:32:18","modified_gmt":"2021-02-01T08:32:18","slug":"inscripcions-obertes-escola-esplac-2021","status":"publish","type":"post","link":"https:\/\/www.esplac.cat\/es\/inscripcions-obertes-escola-esplac-2021\/","title":{"rendered":"Inscripcions obertes per l&#8217;Escola d&#8217;Esplac 2021: I tu, en quins valors eduques?"},"content":{"rendered":"<div class=\"fusion-fullwidth fullwidth-box fusion-builder-row-1 nonhundred-percent-fullwidth non-hundred-percent-height-scrolling\" style=\"--awb-border-radius-top-left:0px;--awb-border-radius-top-right:0px;--awb-border-radius-bottom-right:0px;--awb-border-radius-bottom-left:0px;--awb-flex-wrap:wrap;\" ><div class=\"fusion-builder-row fusion-row\"><div class=\"fusion-layout-column fusion_builder_column fusion-builder-column-0 fusion_builder_column_1_1 1_1 fusion-one-full fusion-column-first fusion-column-last\" style=\"--awb-bg-size:cover;--awb-margin-bottom:0px;\"><div class=\"fusion-column-wrapper fusion-flex-column-wrapper-legacy\"><div class=\"fusion-text fusion-text-1\"><h4><span style=\"color: #333333;\">Reprenem la setena edici\u00f3 de l&#8217;Escola d&#8217;Esplac el 27 i 28 de febrer de 2021 <\/span>a Barcelona, aquest cop en l\u00ednia. Seguim amb pol\u00edtica i educaci\u00f3 per debatre i treballar aquest cop l&#8217;educaci\u00f3 en valors: \u00abEn quins valors eduquem?\u00bb. Inscripcions obertes!<\/h4>\n<p>L&#8217;edici\u00f3 de l&#8217;Escola d&#8217;Esplac 2020 no es va poder realitzar a causa de la pand\u00e8mia per la COVID-19. \u00c9s per aix\u00f2 que l&#8217;edici\u00f3 cancel\u00b7lada s&#8217;adapta al 2021! Volem debatre i ser conscients del context en el qual ens trobem, on els valors que es preuen s\u00f3n aquells vinculats amb la globalitzaci\u00f3 i la mercantilitzaci\u00f3 de les nostres vides, on predomina la mentalitat individualista en un m\u00f3n molt competitiu. Creiem necessari treballar i educar en aquells valors que volem per a la nostra societat, aquells que creiem que respecten les difer\u00e8ncies culturals de la zona, potenciant la cohesi\u00f3 social i el creixement personal de cada una de les persones que en formem part.<\/p>\n<p><strong>Els esplais creem el nostre ideari, per\u00f2, quin \u00e9s l\u2019objectiu d\u2019aquest?<\/strong>\u00a0Hi ha molts dubtes que sorgeixen envers aquest tema.\u00a0S\u00f3n coherents les nostres accions i els nostres valors?\u00a0Moltes vegades ens costa aterrar-ho a la nostra realitat i ens quedem en la pr\u00f2pia imposici\u00f3 de la puresa que han de tenir els nostres actes a l\u2019esplai.<\/p>\n<p><span style=\"color: #1e1e1e;\">Si tens ganes de\u00a0 revisar\u00a0<\/span><span style=\"color: #1e1e1e;\">quins s\u00f3n els valors que treballem a l\u2019esplai i com aquestes es reflecteixen a les nostres pr\u00e0ctiques educatives,<strong> inscriu-te a l\u2019Escola d\u2019Esplac 2021 <\/strong>a trav\u00e9s de l&#8217;Era\u00a0i no et quedis sense pla\u00e7a! Volem fer un pas m\u00e9s i\u00a0<\/span>posar consci\u00e8ncia a la necessitat de passar del <span style=\"color: #1e1e1e;\">m\u00f3n de les idees a la tasca educativa que duem a terme.<\/span><\/p>\n<p>En aquesta nova edici\u00f3 hi haur\u00e0 novetats! Hem modificat una mica el format del cap de setmana, per tal d&#8217;aprofundir m\u00e9s en les xerrades i taules rodones i adaptar-ho al m\u00e0xim a les necessitats de totes les persones participants. Consulta<strong><span style=\"color: #ff9900;\"> <a style=\"color: #ff9900;\" href=\"https:\/\/www.esplac.cat\/formacions\/escola-desplac\/\" target=\"_blank\" rel=\"noopener noreferrer\" data-saferedirecturl=\"https:\/\/www.google.com\/url?q=https:\/\/www.esplac.cat\/formacions\/escola-desplac\/&amp;source=gmail&amp;ust=1574421652032000&amp;usg=AFQjCNFt9vGQow2szFfk_q_yxljz12-cKg\">la p\u00e0gina de l\u2019Escola d\u2019Esplac<\/a> <\/span><\/strong>i les nostres xarxes socials regularment per con\u00e8ixer-les totes!<\/p>\n<p>En les edicions passades, l\u2019Escola d\u2019Esplac ha tractat el \u201cPer qu\u00e8 eduquem?\u201d i \u201cCom eduquem?\u201d. <a href=\"https:\/\/www.esplac.cat\/aleshores-que-es-adultocentrisme\/\" target=\"_blank\" rel=\"noopener noreferrer\"><strong><span style=\"color: #ff9900;\">En l&#8217;\u00faltima edici\u00f3 que es va realitzar (la de 2019)<\/span><\/strong>,<\/a> sota el lema \u201cI tu, com eduques?\u201d, m\u00e9s d\u2019un centenar de participants vam reflexionar i debatre sobre el poder i el privilegi adult en l\u2019acompanyament i l\u2019educaci\u00f3 d\u2019infants i adolescents. A trav\u00e9s de pon\u00e8ncies, taules rodones i espais de debat, vam anar compartint opinions i extraient les pr\u00f2pies conclusions sobre <strong>l\u2019adultocentrisme<\/strong>: com es manifesta i de quina manera s\u2019hi pot fer front en les relacions educatives. Enguany, volem seguir amb la l\u00ednia de pol\u00edtica i educaci\u00f3, pel que aquest any ens volem centrar en l\u2019<strong>educaci\u00f3 en valors<\/strong>; qu\u00e8 \u00e9s l\u2019educaci\u00f3 en valors, quins s\u00f3n els valors del nostre esplai i quina \u00e9s la metodologia que seguim per treballar-los i integrar-los.<\/p>\n<p><b>Et pots inscriure ja a trav\u00e9s de l\u2019Era<\/b>:<\/p>\n<ul>\n<li style=\"font-weight: 400;\"><span style=\"font-weight: 400;\">8 \u20ac per tot el cap de setmana<\/span><\/li>\n<\/ul>\n<p><span style=\"font-weight: 400;\"> Inscripcions fins al 07\/02.<\/span><\/p>\n<p><span style=\"font-weight: 400;\">Podeu ser fins a <strong>5 monis de cada esplai<\/strong>, la resta quedaran en llista d\u2019espera.<\/span><\/p>\n<p><strong>Si no ets moni d&#8217;Esplac:<\/strong><\/p>\n<p>Tamb\u00e9 estan obertes les inscripcions per a<strong> s\u00f2cies<\/strong> (poden venir tot el cap de setmana) i <strong>persones externes<\/strong> (poden assitir a les activitats del dia 28 gratis). Tens tota la informaci\u00f3 necess\u00e0ria per inscriure&#8217;t a l&#8217;apartat d&#8217;inscripcions de <strong><span style=\"color: #ff9900;\"><a style=\"color: #ff9900;\" href=\"https:\/\/www.esplac.cat\/formacions\/escola-desplac\/\" target=\"_blank\" rel=\"noopener noreferrer\" data-saferedirecturl=\"https:\/\/www.google.com\/url?q=https:\/\/www.esplac.cat\/formacions\/escola-desplac\/&amp;source=gmail&amp;ust=1574421652032000&amp;usg=AFQjCNFt9vGQow2szFfk_q_yxljz12-cKg\">la p\u00e0gina de l\u2019Escola d\u2019Esplac<\/a>.<\/span><\/strong><\/p>\n<p>\u00a0<\/p>\n<p><em>Nota:\u00a0la participaci\u00f3 en totes les sessions formatives de l\u2019Escola d\u2019Esplac, convalida 12 hores associatives dels cursos d\u2019\u00c8xit del programa Marta Mata de l\u2019Escola Lliure El Sol.<\/em><\/p>\n<p>\u00a0<\/p>\n<p><img decoding=\"async\" class=\"aligncenter wp-image-33682 \" src=\"https:\/\/www.esplac.cat\/wp-content\/uploads\/2020\/12\/Escola_ESPLAC_2020-1-scaled.jpg\" alt=\"\" width=\"606\" height=\"857\" srcset=\"https:\/\/www.esplac.cat\/wp-content\/uploads\/2020\/12\/Escola_ESPLAC_2020-1-200x283.jpg 200w, https:\/\/www.esplac.cat\/wp-content\/uploads\/2020\/12\/Escola_ESPLAC_2020-1-212x300.jpg 212w, https:\/\/www.esplac.cat\/wp-content\/uploads\/2020\/12\/Escola_ESPLAC_2020-1-400x566.jpg 400w, https:\/\/www.esplac.cat\/wp-content\/uploads\/2020\/12\/Escola_ESPLAC_2020-1-600x849.jpg 600w, https:\/\/www.esplac.cat\/wp-content\/uploads\/2020\/12\/Escola_ESPLAC_2020-1-724x1024.jpg 724w, https:\/\/www.esplac.cat\/wp-content\/uploads\/2020\/12\/Escola_ESPLAC_2020-1-768x1086.jpg 768w, https:\/\/www.esplac.cat\/wp-content\/uploads\/2020\/12\/Escola_ESPLAC_2020-1-800x1132.jpg 800w, https:\/\/www.esplac.cat\/wp-content\/uploads\/2020\/12\/Escola_ESPLAC_2020-1-1086x1536.jpg 1086w, https:\/\/www.esplac.cat\/wp-content\/uploads\/2020\/12\/Escola_ESPLAC_2020-1-1200x1697.jpg 1200w, https:\/\/www.esplac.cat\/wp-content\/uploads\/2020\/12\/Escola_ESPLAC_2020-1-1448x2048.jpg 1448w, https:\/\/www.esplac.cat\/wp-content\/uploads\/2020\/12\/Escola_ESPLAC_2020-1-scaled.jpg 1810w\" sizes=\"(max-width: 606px) 100vw, 606px\" \/><\/p>\n<\/div><div class=\"fusion-clearfix\"><\/div><\/div><\/div><\/div><\/div>\n","protected":false},"excerpt":{"rendered":"","protected":false},"author":3,"featured_media":33686,"comment_status":"closed","ping_status":"closed","sticky":false,"template":"","format":"standard","meta":{"om_disable_all_campaigns":false,"_monsterinsights_skip_tracking":false,"_monsterinsights_sitenote_active":false,"_monsterinsights_sitenote_note":"","_monsterinsights_sitenote_category":0,"_uf_show_specific_survey":0,"_uf_disable_surveys":false,"footnotes":""},"categories":[1129],"tags":[],"class_list":["post-33681","post","type-post","status-publish","format-standard","has-post-thumbnail","hentry","category-escola-desplac"],"yoast_head":"<!-- This site is optimized with the Yoast SEO plugin v27.4 - https:\/\/yoast.com\/product\/yoast-seo-wordpress\/ -->\n<title>Inscripcions obertes per l&#039;Escola d&#039;Esplac 2021 - Esplac<\/title>\n<meta name=\"description\" content=\"Reprenem la setena edici\u00f3 de l&#039;Escola d&#039;Esplac el 27 i 28 de febrer de 2021 a Barcelona: &quot;En quins valors eduquem?&quot;. Inscripcions obertes!\" \/>\n<meta name=\"robots\" content=\"index, follow, max-snippet:-1, max-image-preview:large, max-video-preview:-1\" \/>\n<link rel=\"canonical\" href=\"https:\/\/www.esplac.cat\/inscripcions-obertes-escola-esplac-2021\/\" \/>\n<meta property=\"og:locale\" content=\"es_ES\" \/>\n<meta property=\"og:type\" content=\"article\" \/>\n<meta property=\"og:title\" content=\"Inscripcions obertes per l&#039;Escola d&#039;Esplac 2021 - Esplac\" \/>\n<meta property=\"og:description\" content=\"Reprenem la setena edici\u00f3 de l&#039;Escola d&#039;Esplac el 27 i 28 de febrer de 2021 a Barcelona: &quot;En quins valors eduquem?&quot;. Inscripcions obertes!\" \/>\n<meta property=\"og:url\" content=\"https:\/\/www.esplac.cat\/inscripcions-obertes-escola-esplac-2021\/\" \/>\n<meta property=\"og:site_name\" content=\"Esplac\" \/>\n<meta property=\"article:published_time\" content=\"2020-12-15T09:26:45+00:00\" \/>\n<meta property=\"article:modified_time\" content=\"2021-02-01T08:32:18+00:00\" \/>\n<meta property=\"og:image\" content=\"https:\/\/www.esplac.cat\/wp-content\/uploads\/2020\/12\/Apaisat.jpg\" \/>\n\t<meta property=\"og:image:width\" content=\"946\" \/>\n\t<meta property=\"og:image:height\" content=\"350\" \/>\n\t<meta property=\"og:image:type\" content=\"image\/jpeg\" \/>\n<meta name=\"author\" content=\"Comunicaci\u00f3 Esplac\" \/>\n<meta name=\"twitter:card\" content=\"summary_large_image\" \/>\n<meta name=\"twitter:label1\" content=\"Escrito por\" \/>\n\t<meta name=\"twitter:data1\" content=\"Comunicaci\u00f3 Esplac\" \/>\n\t<meta name=\"twitter:label2\" content=\"Tiempo de lectura\" \/>\n\t<meta name=\"twitter:data2\" content=\"4 minutos\" \/>\n<script type=\"application\/ld+json\" class=\"yoast-schema-graph\">{\"@context\":\"https:\\\/\\\/schema.org\",\"@graph\":[{\"@type\":\"Article\",\"@id\":\"https:\\\/\\\/www.esplac.cat\\\/inscripcions-obertes-escola-esplac-2021\\\/#article\",\"isPartOf\":{\"@id\":\"https:\\\/\\\/www.esplac.cat\\\/inscripcions-obertes-escola-esplac-2021\\\/\"},\"author\":{\"name\":\"Comunicaci\u00f3 Esplac\",\"@id\":\"https:\\\/\\\/www.esplac.cat\\\/#\\\/schema\\\/person\\\/908383cf240be18b68f8855d0583faca\"},\"headline\":\"Inscripcions obertes per l&#8217;Escola d&#8217;Esplac 2021: I tu, en quins valors eduques?\",\"datePublished\":\"2020-12-15T09:26:45+00:00\",\"dateModified\":\"2021-02-01T08:32:18+00:00\",\"mainEntityOfPage\":{\"@id\":\"https:\\\/\\\/www.esplac.cat\\\/inscripcions-obertes-escola-esplac-2021\\\/\"},\"wordCount\":806,\"publisher\":{\"@id\":\"https:\\\/\\\/www.esplac.cat\\\/#organization\"},\"image\":{\"@id\":\"https:\\\/\\\/www.esplac.cat\\\/inscripcions-obertes-escola-esplac-2021\\\/#primaryimage\"},\"thumbnailUrl\":\"https:\\\/\\\/www.esplac.cat\\\/wp-content\\\/uploads\\\/2020\\\/12\\\/Apaisat.jpg\",\"articleSection\":[\"Escola d'Esplac\"],\"inLanguage\":\"es\"},{\"@type\":\"WebPage\",\"@id\":\"https:\\\/\\\/www.esplac.cat\\\/inscripcions-obertes-escola-esplac-2021\\\/\",\"url\":\"https:\\\/\\\/www.esplac.cat\\\/inscripcions-obertes-escola-esplac-2021\\\/\",\"name\":\"Inscripcions obertes per l'Escola d'Esplac 2021 - Esplac\",\"isPartOf\":{\"@id\":\"https:\\\/\\\/www.esplac.cat\\\/#website\"},\"primaryImageOfPage\":{\"@id\":\"https:\\\/\\\/www.esplac.cat\\\/inscripcions-obertes-escola-esplac-2021\\\/#primaryimage\"},\"image\":{\"@id\":\"https:\\\/\\\/www.esplac.cat\\\/inscripcions-obertes-escola-esplac-2021\\\/#primaryimage\"},\"thumbnailUrl\":\"https:\\\/\\\/www.esplac.cat\\\/wp-content\\\/uploads\\\/2020\\\/12\\\/Apaisat.jpg\",\"datePublished\":\"2020-12-15T09:26:45+00:00\",\"dateModified\":\"2021-02-01T08:32:18+00:00\",\"description\":\"Reprenem la setena edici\u00f3 de l'Escola d'Esplac el 27 i 28 de febrer de 2021 a Barcelona: \\\"En quins valors eduquem?\\\". Inscripcions obertes!\",\"breadcrumb\":{\"@id\":\"https:\\\/\\\/www.esplac.cat\\\/inscripcions-obertes-escola-esplac-2021\\\/#breadcrumb\"},\"inLanguage\":\"es\",\"potentialAction\":[{\"@type\":\"ReadAction\",\"target\":[\"https:\\\/\\\/www.esplac.cat\\\/inscripcions-obertes-escola-esplac-2021\\\/\"]}]},{\"@type\":\"ImageObject\",\"inLanguage\":\"es\",\"@id\":\"https:\\\/\\\/www.esplac.cat\\\/inscripcions-obertes-escola-esplac-2021\\\/#primaryimage\",\"url\":\"https:\\\/\\\/www.esplac.cat\\\/wp-content\\\/uploads\\\/2020\\\/12\\\/Apaisat.jpg\",\"contentUrl\":\"https:\\\/\\\/www.esplac.cat\\\/wp-content\\\/uploads\\\/2020\\\/12\\\/Apaisat.jpg\",\"width\":946,\"height\":350},{\"@type\":\"BreadcrumbList\",\"@id\":\"https:\\\/\\\/www.esplac.cat\\\/inscripcions-obertes-escola-esplac-2021\\\/#breadcrumb\",\"itemListElement\":[{\"@type\":\"ListItem\",\"position\":1,\"name\":\"Inici\",\"item\":\"https:\\\/\\\/www.esplac.cat\\\/es\\\/\"},{\"@type\":\"ListItem\",\"position\":2,\"name\":\"Inscripcions obertes per l&#8217;Escola d&#8217;Esplac 2021: I tu, en quins valors eduques?\"}]},{\"@type\":\"WebSite\",\"@id\":\"https:\\\/\\\/www.esplac.cat\\\/#website\",\"url\":\"https:\\\/\\\/www.esplac.cat\\\/\",\"name\":\"Esplac\",\"description\":\"Esplais Catalans\",\"publisher\":{\"@id\":\"https:\\\/\\\/www.esplac.cat\\\/#organization\"},\"potentialAction\":[{\"@type\":\"SearchAction\",\"target\":{\"@type\":\"EntryPoint\",\"urlTemplate\":\"https:\\\/\\\/www.esplac.cat\\\/?s={search_term_string}\"},\"query-input\":{\"@type\":\"PropertyValueSpecification\",\"valueRequired\":true,\"valueName\":\"search_term_string\"}}],\"inLanguage\":\"es\"},{\"@type\":\"Organization\",\"@id\":\"https:\\\/\\\/www.esplac.cat\\\/#organization\",\"name\":\"Esplac\",\"url\":\"https:\\\/\\\/www.esplac.cat\\\/\",\"logo\":{\"@type\":\"ImageObject\",\"inLanguage\":\"es\",\"@id\":\"https:\\\/\\\/www.esplac.cat\\\/#\\\/schema\\\/logo\\\/image\\\/\",\"url\":\"https:\\\/\\\/www.esplac.cat\\\/wp-content\\\/uploads\\\/2019\\\/08\\\/logox2.png\",\"contentUrl\":\"https:\\\/\\\/www.esplac.cat\\\/wp-content\\\/uploads\\\/2019\\\/08\\\/logox2.png\",\"width\":600,\"height\":295,\"caption\":\"Esplac\"},\"image\":{\"@id\":\"https:\\\/\\\/www.esplac.cat\\\/#\\\/schema\\\/logo\\\/image\\\/\"}},{\"@type\":\"Person\",\"@id\":\"https:\\\/\\\/www.esplac.cat\\\/#\\\/schema\\\/person\\\/908383cf240be18b68f8855d0583faca\",\"name\":\"Comunicaci\u00f3 Esplac\",\"image\":{\"@type\":\"ImageObject\",\"inLanguage\":\"es\",\"@id\":\"https:\\\/\\\/secure.gravatar.com\\\/avatar\\\/7a4cf8feb412a76ea4a740ca02d95b06b2907b5a6c648c2dd0a1082a093c3141?s=96&d=mm&r=g\",\"url\":\"https:\\\/\\\/secure.gravatar.com\\\/avatar\\\/7a4cf8feb412a76ea4a740ca02d95b06b2907b5a6c648c2dd0a1082a093c3141?s=96&d=mm&r=g\",\"contentUrl\":\"https:\\\/\\\/secure.gravatar.com\\\/avatar\\\/7a4cf8feb412a76ea4a740ca02d95b06b2907b5a6c648c2dd0a1082a093c3141?s=96&d=mm&r=g\",\"caption\":\"Comunicaci\u00f3 Esplac\"}}]}<\/script>\n<!-- \/ Yoast SEO plugin. -->","yoast_head_json":{"title":"Inscripcions obertes per l'Escola d'Esplac 2021 - Esplac","description":"Reprenem la setena edici\u00f3 de l'Escola d'Esplac el 27 i 28 de febrer de 2021 a Barcelona: \"En quins valors eduquem?\". Inscripcions obertes!","robots":{"index":"index","follow":"follow","max-snippet":"max-snippet:-1","max-image-preview":"max-image-preview:large","max-video-preview":"max-video-preview:-1"},"canonical":"https:\/\/www.esplac.cat\/inscripcions-obertes-escola-esplac-2021\/","og_locale":"es_ES","og_type":"article","og_title":"Inscripcions obertes per l'Escola d'Esplac 2021 - Esplac","og_description":"Reprenem la setena edici\u00f3 de l'Escola d'Esplac el 27 i 28 de febrer de 2021 a Barcelona: \"En quins valors eduquem?\". Inscripcions obertes!","og_url":"https:\/\/www.esplac.cat\/inscripcions-obertes-escola-esplac-2021\/","og_site_name":"Esplac","article_published_time":"2020-12-15T09:26:45+00:00","article_modified_time":"2021-02-01T08:32:18+00:00","og_image":[{"width":946,"height":350,"url":"https:\/\/www.esplac.cat\/wp-content\/uploads\/2020\/12\/Apaisat.jpg","type":"image\/jpeg"}],"author":"Comunicaci\u00f3 Esplac","twitter_card":"summary_large_image","twitter_misc":{"Escrito por":"Comunicaci\u00f3 Esplac","Tiempo de lectura":"4 minutos"},"schema":{"@context":"https:\/\/schema.org","@graph":[{"@type":"Article","@id":"https:\/\/www.esplac.cat\/inscripcions-obertes-escola-esplac-2021\/#article","isPartOf":{"@id":"https:\/\/www.esplac.cat\/inscripcions-obertes-escola-esplac-2021\/"},"author":{"name":"Comunicaci\u00f3 Esplac","@id":"https:\/\/www.esplac.cat\/#\/schema\/person\/908383cf240be18b68f8855d0583faca"},"headline":"Inscripcions obertes per l&#8217;Escola d&#8217;Esplac 2021: I tu, en quins valors eduques?","datePublished":"2020-12-15T09:26:45+00:00","dateModified":"2021-02-01T08:32:18+00:00","mainEntityOfPage":{"@id":"https:\/\/www.esplac.cat\/inscripcions-obertes-escola-esplac-2021\/"},"wordCount":806,"publisher":{"@id":"https:\/\/www.esplac.cat\/#organization"},"image":{"@id":"https:\/\/www.esplac.cat\/inscripcions-obertes-escola-esplac-2021\/#primaryimage"},"thumbnailUrl":"https:\/\/www.esplac.cat\/wp-content\/uploads\/2020\/12\/Apaisat.jpg","articleSection":["Escola d'Esplac"],"inLanguage":"es"},{"@type":"WebPage","@id":"https:\/\/www.esplac.cat\/inscripcions-obertes-escola-esplac-2021\/","url":"https:\/\/www.esplac.cat\/inscripcions-obertes-escola-esplac-2021\/","name":"Inscripcions obertes per l'Escola d'Esplac 2021 - Esplac","isPartOf":{"@id":"https:\/\/www.esplac.cat\/#website"},"primaryImageOfPage":{"@id":"https:\/\/www.esplac.cat\/inscripcions-obertes-escola-esplac-2021\/#primaryimage"},"image":{"@id":"https:\/\/www.esplac.cat\/inscripcions-obertes-escola-esplac-2021\/#primaryimage"},"thumbnailUrl":"https:\/\/www.esplac.cat\/wp-content\/uploads\/2020\/12\/Apaisat.jpg","datePublished":"2020-12-15T09:26:45+00:00","dateModified":"2021-02-01T08:32:18+00:00","description":"Reprenem la setena edici\u00f3 de l'Escola d'Esplac el 27 i 28 de febrer de 2021 a Barcelona: \"En quins valors eduquem?\". Inscripcions obertes!","breadcrumb":{"@id":"https:\/\/www.esplac.cat\/inscripcions-obertes-escola-esplac-2021\/#breadcrumb"},"inLanguage":"es","potentialAction":[{"@type":"ReadAction","target":["https:\/\/www.esplac.cat\/inscripcions-obertes-escola-esplac-2021\/"]}]},{"@type":"ImageObject","inLanguage":"es","@id":"https:\/\/www.esplac.cat\/inscripcions-obertes-escola-esplac-2021\/#primaryimage","url":"https:\/\/www.esplac.cat\/wp-content\/uploads\/2020\/12\/Apaisat.jpg","contentUrl":"https:\/\/www.esplac.cat\/wp-content\/uploads\/2020\/12\/Apaisat.jpg","width":946,"height":350},{"@type":"BreadcrumbList","@id":"https:\/\/www.esplac.cat\/inscripcions-obertes-escola-esplac-2021\/#breadcrumb","itemListElement":[{"@type":"ListItem","position":1,"name":"Inici","item":"https:\/\/www.esplac.cat\/es\/"},{"@type":"ListItem","position":2,"name":"Inscripcions obertes per l&#8217;Escola d&#8217;Esplac 2021: I tu, en quins valors eduques?"}]},{"@type":"WebSite","@id":"https:\/\/www.esplac.cat\/#website","url":"https:\/\/www.esplac.cat\/","name":"Esplac","description":"Esplais Catalans","publisher":{"@id":"https:\/\/www.esplac.cat\/#organization"},"potentialAction":[{"@type":"SearchAction","target":{"@type":"EntryPoint","urlTemplate":"https:\/\/www.esplac.cat\/?s={search_term_string}"},"query-input":{"@type":"PropertyValueSpecification","valueRequired":true,"valueName":"search_term_string"}}],"inLanguage":"es"},{"@type":"Organization","@id":"https:\/\/www.esplac.cat\/#organization","name":"Esplac","url":"https:\/\/www.esplac.cat\/","logo":{"@type":"ImageObject","inLanguage":"es","@id":"https:\/\/www.esplac.cat\/#\/schema\/logo\/image\/","url":"https:\/\/www.esplac.cat\/wp-content\/uploads\/2019\/08\/logox2.png","contentUrl":"https:\/\/www.esplac.cat\/wp-content\/uploads\/2019\/08\/logox2.png","width":600,"height":295,"caption":"Esplac"},"image":{"@id":"https:\/\/www.esplac.cat\/#\/schema\/logo\/image\/"}},{"@type":"Person","@id":"https:\/\/www.esplac.cat\/#\/schema\/person\/908383cf240be18b68f8855d0583faca","name":"Comunicaci\u00f3 Esplac","image":{"@type":"ImageObject","inLanguage":"es","@id":"https:\/\/secure.gravatar.com\/avatar\/7a4cf8feb412a76ea4a740ca02d95b06b2907b5a6c648c2dd0a1082a093c3141?s=96&d=mm&r=g","url":"https:\/\/secure.gravatar.com\/avatar\/7a4cf8feb412a76ea4a740ca02d95b06b2907b5a6c648c2dd0a1082a093c3141?s=96&d=mm&r=g","contentUrl":"https:\/\/secure.gravatar.com\/avatar\/7a4cf8feb412a76ea4a740ca02d95b06b2907b5a6c648c2dd0a1082a093c3141?s=96&d=mm&r=g","caption":"Comunicaci\u00f3 Esplac"}}]}},"_links":{"self":[{"href":"https:\/\/www.esplac.cat\/es\/wp-json\/wp\/v2\/posts\/33681","targetHints":{"allow":["GET"]}}],"collection":[{"href":"https:\/\/www.esplac.cat\/es\/wp-json\/wp\/v2\/posts"}],"about":[{"href":"https:\/\/www.esplac.cat\/es\/wp-json\/wp\/v2\/types\/post"}],"author":[{"embeddable":true,"href":"https:\/\/www.esplac.cat\/es\/wp-json\/wp\/v2\/users\/3"}],"replies":[{"embeddable":true,"href":"https:\/\/www.esplac.cat\/es\/wp-json\/wp\/v2\/comments?post=33681"}],"version-history":[{"count":0,"href":"https:\/\/www.esplac.cat\/es\/wp-json\/wp\/v2\/posts\/33681\/revisions"}],"wp:featuredmedia":[{"embeddable":true,"href":"https:\/\/www.esplac.cat\/es\/wp-json\/wp\/v2\/media\/33686"}],"wp:attachment":[{"href":"https:\/\/www.esplac.cat\/es\/wp-json\/wp\/v2\/media?parent=33681"}],"wp:term":[{"taxonomy":"category","embeddable":true,"href":"https:\/\/www.esplac.cat\/es\/wp-json\/wp\/v2\/categories?post=33681"},{"taxonomy":"post_tag","embeddable":true,"href":"https:\/\/www.esplac.cat\/es\/wp-json\/wp\/v2\/tags?post=33681"}],"curies":[{"name":"wp","href":"https:\/\/api.w.org\/{rel}","templated":true}]}}