{"id":33936,"date":"2020-12-21T13:10:44","date_gmt":"2020-12-21T12:10:44","guid":{"rendered":"https:\/\/www.esplac.cat\/?p=33936"},"modified":"2020-12-21T13:42:36","modified_gmt":"2020-12-21T12:42:36","slug":"aquest-curs-format-sobre-inclusio-diversitat","status":"publish","type":"post","link":"https:\/\/www.esplac.cat\/es\/aquest-curs-format-sobre-inclusio-diversitat\/","title":{"rendered":"Aquest curs, forma&#8217;t sobre inclusi\u00f3 i diversitat"},"content":{"rendered":"<h6><strong>Formacions, activitats i recursos per treballar aquest curs la inclusi\u00f3 i la diversitat a l&#8217;esplai i fer xarxa amb altres entitats.<\/strong><\/h6>\n<p>Voleu treballar la inclusi\u00f3 i la diversitat a l&#8217;esplai i no sabeu com fer-ho? A continuaci\u00f3 us deixem un llistat de formacions, activitats i recursos tant d&#8217;<a href=\"http:\/\/www.esplac.cat\">Esplac<\/a> com d&#8217;altres entitats amb les quals poder fer xarxa. Us animem a participar-hi per tal d&#8217;adquir eines i poder treballar la inclusi\u00f3 i la diversitat al vostre esplai.<\/p>\n<p><strong>Formacions i activitats:\u00a0<\/strong><\/p>\n<ul>\n<li><span style=\"color: #ff9900;\"><a style=\"color: #ff9900;\" href=\"https:\/\/www.bayt-al-thaqafa.org\/\" target=\"_blank\" rel=\"noopener noreferrer\"><span style=\"font-weight: 400;\">Fundaci\u00f3 Bayt Al-Thaqafa <\/span><\/a><\/span><b>&#8211; Webinar: Viol\u00e8ncies. Quina motxilla porten menors i joves estrangers no acompanyats?<\/b><\/li>\n<\/ul>\n<p><span style=\"font-weight: 400;\">Dilluns 21\/12\/2020, de 18h a 19:30h<\/span><\/p>\n<p><span style=\"font-weight: 400;\">Inscripcions i informaci\u00f3 en aquest<\/span><span style=\"color: #ff9900;\"><a style=\"color: #ff9900;\" href=\"https:\/\/www.bayt-al-thaqafa.org\/ca\/xerrada-virtual-violencies-al-marroc-catalunya-com-ho-viuen-menors-joves-no-acompanyats\"><span style=\"font-weight: 400;\"> enlla\u00e7<\/span><\/a><\/span><\/p>\n<p>&nbsp;<\/p>\n<ul>\n<li><span style=\"color: #ff9900;\"><a style=\"color: #ff9900;\" href=\"https:\/\/centredestudisafricans.org\/\" target=\"_blank\" rel=\"noopener noreferrer\"><span style=\"font-weight: 400;\">Centre d&#8217;Estudis Africans i Interculturals <\/span><\/a><\/span><b>&#8211;\u00a0 Joves referents per la diversitat, interculturalitat i prevenci\u00f3 de viol\u00e8ncies<\/b><\/li>\n<\/ul>\n<p><span style=\"font-weight: 400;\">11 sessions de 18h a 20h, en l\u00ednia<\/span><\/p>\n<p><span style=\"font-weight: 400;\">Sessions formatives: 27\/01 al 31\/03<\/span><\/p>\n<p><span style=\"font-weight: 400;\">Sessions pr\u00e0ctiques 19\/04 al 29\/05<\/span><\/p>\n<p><span style=\"font-weight: 400;\">Teniu m\u00e9s <\/span><span style=\"color: #ff9900;\"><span style=\"font-weight: 400;\">i<\/span><a style=\"color: #ff9900;\" href=\"https:\/\/jovesreferents.org\/formacio-dagents-de-sensibilitzacio\/edicio-2021-terrassa\/\"><span style=\"font-weight: 400;\">nformaci\u00f3 aqu\u00ed<\/span><\/a><\/span> <span style=\"font-weight: 400;\">i les<\/span><span style=\"color: #ff9900;\"><a style=\"color: #ff9900;\" href=\"https:\/\/docs.google.com\/forms\/d\/1MEDU1Bz7s1-82b6zLKhghz6sl3e62QJ6f4ygw8Bq3ks\/edit\"><span style=\"font-weight: 400;\"> inscripcions en aquest enlla\u00e7<\/span><\/a><span style=\"font-weight: 400;\">.<\/span><\/span><\/p>\n<p>&nbsp;<\/p>\n<p><b>Manifest \u00abDiversitat en lluita\u00bb:<\/b><\/p>\n<p><span style=\"font-weight: 400;\">Des d&#8217;Esplais Catalans ens hem sumat al Manifest de la Xarxa d&#8217;Entitats Lleure Divers en Lluita &#8216;DIVERSITAT EN LLUITA&#8217; que denuncia la doble discriminaci\u00f3 que reben les persones amb diversitat funcional a causa de les normatives del Govern contra l&#8217;educaci\u00f3 en el lleure. Des d&#8217;Inclusi\u00f3 i Diversitat us animem a que vosaltres tamb\u00e9 us hi uniu!<\/span><\/p>\n<p><span style=\"font-weight: 400;\">Podeu llegir-lo i signar-lo com a esplai o de manera individual <span style=\"color: #ff9900;\"><a style=\"color: #ff9900;\" href=\"https:\/\/diversitatenlluita.org\/\" target=\"_blank\" rel=\"noopener noreferrer\">a la p\u00e0gina web Diversitat en lluita.<\/a><\/span><\/span><\/p>\n<p>&nbsp;<\/p>\n<p><b>Recursos:<\/b><\/p>\n<p><span style=\"color: #ff9900;\"><a style=\"color: #ff9900;\" href=\"https:\/\/comvas.org\"><span style=\"font-weight: 400;\">WHAT&#8217;S UP<\/span><\/a><\/span><span style=\"font-weight: 400;\">: <\/span><span style=\"font-weight: 400;\">Banc de recursos i din\u00e0miques per treballar la Salut Mental a l&#8217;Esplai.<\/span><\/p>\n<p><span style=\"font-weight: 400;\">Podeu accedir als materials donant-vos d&#8217;alta a <span style=\"color: #ff9900;\"><a style=\"color: #ff9900;\" href=\"https:\/\/comvas.org\/\" target=\"_blank\" rel=\"noopener noreferrer\">la p\u00e0gina web Comvas <\/a><\/span><\/span><span style=\"font-weight: 400;\">com a Entitat de Lleure.<\/span><\/p>\n<p>&nbsp;<\/p>\n<p><img decoding=\"async\" class=\"aligncenter wp-image-33946 \" src=\"https:\/\/www.esplac.cat\/wp-content\/uploads\/2020\/12\/formacions-i-activitats-1_page-0001-1-scaled.jpg\" alt=\"\" width=\"529\" height=\"748\" srcset=\"https:\/\/www.esplac.cat\/wp-content\/uploads\/2020\/12\/formacions-i-activitats-1_page-0001-1-200x283.jpg 200w, https:\/\/www.esplac.cat\/wp-content\/uploads\/2020\/12\/formacions-i-activitats-1_page-0001-1-212x300.jpg 212w, https:\/\/www.esplac.cat\/wp-content\/uploads\/2020\/12\/formacions-i-activitats-1_page-0001-1-400x566.jpg 400w, https:\/\/www.esplac.cat\/wp-content\/uploads\/2020\/12\/formacions-i-activitats-1_page-0001-1-600x849.jpg 600w, https:\/\/www.esplac.cat\/wp-content\/uploads\/2020\/12\/formacions-i-activitats-1_page-0001-1-724x1024.jpg 724w, https:\/\/www.esplac.cat\/wp-content\/uploads\/2020\/12\/formacions-i-activitats-1_page-0001-1-768x1086.jpg 768w, https:\/\/www.esplac.cat\/wp-content\/uploads\/2020\/12\/formacions-i-activitats-1_page-0001-1-800x1132.jpg 800w, https:\/\/www.esplac.cat\/wp-content\/uploads\/2020\/12\/formacions-i-activitats-1_page-0001-1-1086x1536.jpg 1086w, https:\/\/www.esplac.cat\/wp-content\/uploads\/2020\/12\/formacions-i-activitats-1_page-0001-1-1200x1697.jpg 1200w, https:\/\/www.esplac.cat\/wp-content\/uploads\/2020\/12\/formacions-i-activitats-1_page-0001-1-1448x2048.jpg 1448w, https:\/\/www.esplac.cat\/wp-content\/uploads\/2020\/12\/formacions-i-activitats-1_page-0001-1-scaled.jpg 1810w\" sizes=\"(max-width: 529px) 100vw, 529px\" \/><\/p>\n","protected":false},"excerpt":{"rendered":"<p>Formacions, activitats i recursos per treballar aquest curs la inclusi\u00f3 [&hellip;]<\/p>\n","protected":false},"author":3,"featured_media":33941,"comment_status":"closed","ping_status":"closed","sticky":false,"template":"","format":"standard","meta":{"om_disable_all_campaigns":false,"_monsterinsights_skip_tracking":false,"_monsterinsights_sitenote_active":false,"_monsterinsights_sitenote_note":"","_monsterinsights_sitenote_category":0,"_uf_show_specific_survey":0,"_uf_disable_surveys":false,"footnotes":""},"categories":[1166],"tags":[],"class_list":["post-33936","post","type-post","status-publish","format-standard","has-post-thumbnail","hentry","category-inclusio-i-diversitat"],"yoast_head":"<!-- This site is optimized with the Yoast SEO plugin v27.4 - https:\/\/yoast.com\/product\/yoast-seo-wordpress\/ -->\n<title>Aquest curs, forma&#039;t sobre inclusi\u00f3 i diversitat - Esplac<\/title>\n<meta name=\"description\" content=\"Formacions, activitats i recursos per treballar la inclusi\u00f3 i la diversitat a l&#039;esplai i fer xarxa amb altres entitats.\" \/>\n<meta name=\"robots\" content=\"index, follow, max-snippet:-1, max-image-preview:large, max-video-preview:-1\" \/>\n<link rel=\"canonical\" href=\"https:\/\/www.esplac.cat\/es\/aquest-curs-format-sobre-inclusio-diversitat\/\" \/>\n<meta property=\"og:locale\" content=\"es_ES\" \/>\n<meta property=\"og:type\" content=\"article\" \/>\n<meta property=\"og:title\" content=\"Aquest curs, forma&#039;t sobre inclusi\u00f3 i diversitat - Esplac\" \/>\n<meta property=\"og:description\" content=\"Formacions, activitats i recursos per treballar la inclusi\u00f3 i la diversitat a l&#039;esplai i fer xarxa amb altres entitats.\" \/>\n<meta property=\"og:url\" content=\"https:\/\/www.esplac.cat\/es\/aquest-curs-format-sobre-inclusio-diversitat\/\" \/>\n<meta property=\"og:site_name\" content=\"Esplac\" \/>\n<meta property=\"article:published_time\" content=\"2020-12-21T12:10:44+00:00\" \/>\n<meta property=\"article:modified_time\" content=\"2020-12-21T12:42:36+00:00\" \/>\n<meta property=\"og:image\" content=\"https:\/\/www.esplac.cat\/wp-content\/uploads\/2020\/12\/portades-1.jpg\" \/>\n\t<meta property=\"og:image:width\" content=\"1694\" \/>\n\t<meta property=\"og:image:height\" content=\"700\" \/>\n\t<meta property=\"og:image:type\" content=\"image\/jpeg\" \/>\n<meta name=\"author\" content=\"Comunicaci\u00f3 Esplac\" \/>\n<meta name=\"twitter:card\" content=\"summary_large_image\" \/>\n<meta name=\"twitter:label1\" content=\"Escrito por\" \/>\n\t<meta name=\"twitter:data1\" content=\"Comunicaci\u00f3 Esplac\" \/>\n\t<meta name=\"twitter:label2\" content=\"Tiempo de lectura\" \/>\n\t<meta name=\"twitter:data2\" content=\"1 minuto\" \/>\n<script type=\"application\/ld+json\" class=\"yoast-schema-graph\">{\"@context\":\"https:\\\/\\\/schema.org\",\"@graph\":[{\"@type\":\"Article\",\"@id\":\"https:\\\/\\\/www.esplac.cat\\\/es\\\/aquest-curs-format-sobre-inclusio-diversitat\\\/#article\",\"isPartOf\":{\"@id\":\"https:\\\/\\\/www.esplac.cat\\\/es\\\/aquest-curs-format-sobre-inclusio-diversitat\\\/\"},\"author\":{\"name\":\"Comunicaci\u00f3 Esplac\",\"@id\":\"https:\\\/\\\/www.esplac.cat\\\/#\\\/schema\\\/person\\\/908383cf240be18b68f8855d0583faca\"},\"headline\":\"Aquest curs, forma&#8217;t sobre inclusi\u00f3 i diversitat\",\"datePublished\":\"2020-12-21T12:10:44+00:00\",\"dateModified\":\"2020-12-21T12:42:36+00:00\",\"mainEntityOfPage\":{\"@id\":\"https:\\\/\\\/www.esplac.cat\\\/es\\\/aquest-curs-format-sobre-inclusio-diversitat\\\/\"},\"wordCount\":287,\"publisher\":{\"@id\":\"https:\\\/\\\/www.esplac.cat\\\/#organization\"},\"image\":{\"@id\":\"https:\\\/\\\/www.esplac.cat\\\/es\\\/aquest-curs-format-sobre-inclusio-diversitat\\\/#primaryimage\"},\"thumbnailUrl\":\"https:\\\/\\\/www.esplac.cat\\\/wp-content\\\/uploads\\\/2020\\\/12\\\/portades-1.jpg\",\"articleSection\":[\"Inclusi\u00f3 i diversitat\"],\"inLanguage\":\"es\"},{\"@type\":\"WebPage\",\"@id\":\"https:\\\/\\\/www.esplac.cat\\\/es\\\/aquest-curs-format-sobre-inclusio-diversitat\\\/\",\"url\":\"https:\\\/\\\/www.esplac.cat\\\/es\\\/aquest-curs-format-sobre-inclusio-diversitat\\\/\",\"name\":\"Aquest curs, forma't sobre inclusi\u00f3 i diversitat - Esplac\",\"isPartOf\":{\"@id\":\"https:\\\/\\\/www.esplac.cat\\\/#website\"},\"primaryImageOfPage\":{\"@id\":\"https:\\\/\\\/www.esplac.cat\\\/es\\\/aquest-curs-format-sobre-inclusio-diversitat\\\/#primaryimage\"},\"image\":{\"@id\":\"https:\\\/\\\/www.esplac.cat\\\/es\\\/aquest-curs-format-sobre-inclusio-diversitat\\\/#primaryimage\"},\"thumbnailUrl\":\"https:\\\/\\\/www.esplac.cat\\\/wp-content\\\/uploads\\\/2020\\\/12\\\/portades-1.jpg\",\"datePublished\":\"2020-12-21T12:10:44+00:00\",\"dateModified\":\"2020-12-21T12:42:36+00:00\",\"description\":\"Formacions, activitats i recursos per treballar la inclusi\u00f3 i la diversitat a l'esplai i fer xarxa amb altres entitats.\",\"breadcrumb\":{\"@id\":\"https:\\\/\\\/www.esplac.cat\\\/es\\\/aquest-curs-format-sobre-inclusio-diversitat\\\/#breadcrumb\"},\"inLanguage\":\"es\",\"potentialAction\":[{\"@type\":\"ReadAction\",\"target\":[\"https:\\\/\\\/www.esplac.cat\\\/es\\\/aquest-curs-format-sobre-inclusio-diversitat\\\/\"]}]},{\"@type\":\"ImageObject\",\"inLanguage\":\"es\",\"@id\":\"https:\\\/\\\/www.esplac.cat\\\/es\\\/aquest-curs-format-sobre-inclusio-diversitat\\\/#primaryimage\",\"url\":\"https:\\\/\\\/www.esplac.cat\\\/wp-content\\\/uploads\\\/2020\\\/12\\\/portades-1.jpg\",\"contentUrl\":\"https:\\\/\\\/www.esplac.cat\\\/wp-content\\\/uploads\\\/2020\\\/12\\\/portades-1.jpg\",\"width\":1694,\"height\":700,\"caption\":\"inclusi\u00f3\"},{\"@type\":\"BreadcrumbList\",\"@id\":\"https:\\\/\\\/www.esplac.cat\\\/es\\\/aquest-curs-format-sobre-inclusio-diversitat\\\/#breadcrumb\",\"itemListElement\":[{\"@type\":\"ListItem\",\"position\":1,\"name\":\"Inici\",\"item\":\"https:\\\/\\\/www.esplac.cat\\\/es\\\/\"},{\"@type\":\"ListItem\",\"position\":2,\"name\":\"Aquest curs, forma&#8217;t sobre inclusi\u00f3 i diversitat\"}]},{\"@type\":\"WebSite\",\"@id\":\"https:\\\/\\\/www.esplac.cat\\\/#website\",\"url\":\"https:\\\/\\\/www.esplac.cat\\\/\",\"name\":\"Esplac\",\"description\":\"Esplais Catalans\",\"publisher\":{\"@id\":\"https:\\\/\\\/www.esplac.cat\\\/#organization\"},\"potentialAction\":[{\"@type\":\"SearchAction\",\"target\":{\"@type\":\"EntryPoint\",\"urlTemplate\":\"https:\\\/\\\/www.esplac.cat\\\/?s={search_term_string}\"},\"query-input\":{\"@type\":\"PropertyValueSpecification\",\"valueRequired\":true,\"valueName\":\"search_term_string\"}}],\"inLanguage\":\"es\"},{\"@type\":\"Organization\",\"@id\":\"https:\\\/\\\/www.esplac.cat\\\/#organization\",\"name\":\"Esplac\",\"url\":\"https:\\\/\\\/www.esplac.cat\\\/\",\"logo\":{\"@type\":\"ImageObject\",\"inLanguage\":\"es\",\"@id\":\"https:\\\/\\\/www.esplac.cat\\\/#\\\/schema\\\/logo\\\/image\\\/\",\"url\":\"https:\\\/\\\/www.esplac.cat\\\/wp-content\\\/uploads\\\/2019\\\/08\\\/logox2.png\",\"contentUrl\":\"https:\\\/\\\/www.esplac.cat\\\/wp-content\\\/uploads\\\/2019\\\/08\\\/logox2.png\",\"width\":600,\"height\":295,\"caption\":\"Esplac\"},\"image\":{\"@id\":\"https:\\\/\\\/www.esplac.cat\\\/#\\\/schema\\\/logo\\\/image\\\/\"}},{\"@type\":\"Person\",\"@id\":\"https:\\\/\\\/www.esplac.cat\\\/#\\\/schema\\\/person\\\/908383cf240be18b68f8855d0583faca\",\"name\":\"Comunicaci\u00f3 Esplac\",\"image\":{\"@type\":\"ImageObject\",\"inLanguage\":\"es\",\"@id\":\"https:\\\/\\\/secure.gravatar.com\\\/avatar\\\/7a4cf8feb412a76ea4a740ca02d95b06b2907b5a6c648c2dd0a1082a093c3141?s=96&d=mm&r=g\",\"url\":\"https:\\\/\\\/secure.gravatar.com\\\/avatar\\\/7a4cf8feb412a76ea4a740ca02d95b06b2907b5a6c648c2dd0a1082a093c3141?s=96&d=mm&r=g\",\"contentUrl\":\"https:\\\/\\\/secure.gravatar.com\\\/avatar\\\/7a4cf8feb412a76ea4a740ca02d95b06b2907b5a6c648c2dd0a1082a093c3141?s=96&d=mm&r=g\",\"caption\":\"Comunicaci\u00f3 Esplac\"}}]}<\/script>\n<!-- \/ Yoast SEO plugin. -->","yoast_head_json":{"title":"Aquest curs, forma't sobre inclusi\u00f3 i diversitat - Esplac","description":"Formacions, activitats i recursos per treballar la inclusi\u00f3 i la diversitat a l'esplai i fer xarxa amb altres entitats.","robots":{"index":"index","follow":"follow","max-snippet":"max-snippet:-1","max-image-preview":"max-image-preview:large","max-video-preview":"max-video-preview:-1"},"canonical":"https:\/\/www.esplac.cat\/es\/aquest-curs-format-sobre-inclusio-diversitat\/","og_locale":"es_ES","og_type":"article","og_title":"Aquest curs, forma't sobre inclusi\u00f3 i diversitat - Esplac","og_description":"Formacions, activitats i recursos per treballar la inclusi\u00f3 i la diversitat a l'esplai i fer xarxa amb altres entitats.","og_url":"https:\/\/www.esplac.cat\/es\/aquest-curs-format-sobre-inclusio-diversitat\/","og_site_name":"Esplac","article_published_time":"2020-12-21T12:10:44+00:00","article_modified_time":"2020-12-21T12:42:36+00:00","og_image":[{"width":1694,"height":700,"url":"https:\/\/www.esplac.cat\/wp-content\/uploads\/2020\/12\/portades-1.jpg","type":"image\/jpeg"}],"author":"Comunicaci\u00f3 Esplac","twitter_card":"summary_large_image","twitter_misc":{"Escrito por":"Comunicaci\u00f3 Esplac","Tiempo de lectura":"1 minuto"},"schema":{"@context":"https:\/\/schema.org","@graph":[{"@type":"Article","@id":"https:\/\/www.esplac.cat\/es\/aquest-curs-format-sobre-inclusio-diversitat\/#article","isPartOf":{"@id":"https:\/\/www.esplac.cat\/es\/aquest-curs-format-sobre-inclusio-diversitat\/"},"author":{"name":"Comunicaci\u00f3 Esplac","@id":"https:\/\/www.esplac.cat\/#\/schema\/person\/908383cf240be18b68f8855d0583faca"},"headline":"Aquest curs, forma&#8217;t sobre inclusi\u00f3 i diversitat","datePublished":"2020-12-21T12:10:44+00:00","dateModified":"2020-12-21T12:42:36+00:00","mainEntityOfPage":{"@id":"https:\/\/www.esplac.cat\/es\/aquest-curs-format-sobre-inclusio-diversitat\/"},"wordCount":287,"publisher":{"@id":"https:\/\/www.esplac.cat\/#organization"},"image":{"@id":"https:\/\/www.esplac.cat\/es\/aquest-curs-format-sobre-inclusio-diversitat\/#primaryimage"},"thumbnailUrl":"https:\/\/www.esplac.cat\/wp-content\/uploads\/2020\/12\/portades-1.jpg","articleSection":["Inclusi\u00f3 i diversitat"],"inLanguage":"es"},{"@type":"WebPage","@id":"https:\/\/www.esplac.cat\/es\/aquest-curs-format-sobre-inclusio-diversitat\/","url":"https:\/\/www.esplac.cat\/es\/aquest-curs-format-sobre-inclusio-diversitat\/","name":"Aquest curs, forma't sobre inclusi\u00f3 i diversitat - Esplac","isPartOf":{"@id":"https:\/\/www.esplac.cat\/#website"},"primaryImageOfPage":{"@id":"https:\/\/www.esplac.cat\/es\/aquest-curs-format-sobre-inclusio-diversitat\/#primaryimage"},"image":{"@id":"https:\/\/www.esplac.cat\/es\/aquest-curs-format-sobre-inclusio-diversitat\/#primaryimage"},"thumbnailUrl":"https:\/\/www.esplac.cat\/wp-content\/uploads\/2020\/12\/portades-1.jpg","datePublished":"2020-12-21T12:10:44+00:00","dateModified":"2020-12-21T12:42:36+00:00","description":"Formacions, activitats i recursos per treballar la inclusi\u00f3 i la diversitat a l'esplai i fer xarxa amb altres entitats.","breadcrumb":{"@id":"https:\/\/www.esplac.cat\/es\/aquest-curs-format-sobre-inclusio-diversitat\/#breadcrumb"},"inLanguage":"es","potentialAction":[{"@type":"ReadAction","target":["https:\/\/www.esplac.cat\/es\/aquest-curs-format-sobre-inclusio-diversitat\/"]}]},{"@type":"ImageObject","inLanguage":"es","@id":"https:\/\/www.esplac.cat\/es\/aquest-curs-format-sobre-inclusio-diversitat\/#primaryimage","url":"https:\/\/www.esplac.cat\/wp-content\/uploads\/2020\/12\/portades-1.jpg","contentUrl":"https:\/\/www.esplac.cat\/wp-content\/uploads\/2020\/12\/portades-1.jpg","width":1694,"height":700,"caption":"inclusi\u00f3"},{"@type":"BreadcrumbList","@id":"https:\/\/www.esplac.cat\/es\/aquest-curs-format-sobre-inclusio-diversitat\/#breadcrumb","itemListElement":[{"@type":"ListItem","position":1,"name":"Inici","item":"https:\/\/www.esplac.cat\/es\/"},{"@type":"ListItem","position":2,"name":"Aquest curs, forma&#8217;t sobre inclusi\u00f3 i diversitat"}]},{"@type":"WebSite","@id":"https:\/\/www.esplac.cat\/#website","url":"https:\/\/www.esplac.cat\/","name":"Esplac","description":"Esplais Catalans","publisher":{"@id":"https:\/\/www.esplac.cat\/#organization"},"potentialAction":[{"@type":"SearchAction","target":{"@type":"EntryPoint","urlTemplate":"https:\/\/www.esplac.cat\/?s={search_term_string}"},"query-input":{"@type":"PropertyValueSpecification","valueRequired":true,"valueName":"search_term_string"}}],"inLanguage":"es"},{"@type":"Organization","@id":"https:\/\/www.esplac.cat\/#organization","name":"Esplac","url":"https:\/\/www.esplac.cat\/","logo":{"@type":"ImageObject","inLanguage":"es","@id":"https:\/\/www.esplac.cat\/#\/schema\/logo\/image\/","url":"https:\/\/www.esplac.cat\/wp-content\/uploads\/2019\/08\/logox2.png","contentUrl":"https:\/\/www.esplac.cat\/wp-content\/uploads\/2019\/08\/logox2.png","width":600,"height":295,"caption":"Esplac"},"image":{"@id":"https:\/\/www.esplac.cat\/#\/schema\/logo\/image\/"}},{"@type":"Person","@id":"https:\/\/www.esplac.cat\/#\/schema\/person\/908383cf240be18b68f8855d0583faca","name":"Comunicaci\u00f3 Esplac","image":{"@type":"ImageObject","inLanguage":"es","@id":"https:\/\/secure.gravatar.com\/avatar\/7a4cf8feb412a76ea4a740ca02d95b06b2907b5a6c648c2dd0a1082a093c3141?s=96&d=mm&r=g","url":"https:\/\/secure.gravatar.com\/avatar\/7a4cf8feb412a76ea4a740ca02d95b06b2907b5a6c648c2dd0a1082a093c3141?s=96&d=mm&r=g","contentUrl":"https:\/\/secure.gravatar.com\/avatar\/7a4cf8feb412a76ea4a740ca02d95b06b2907b5a6c648c2dd0a1082a093c3141?s=96&d=mm&r=g","caption":"Comunicaci\u00f3 Esplac"}}]}},"_links":{"self":[{"href":"https:\/\/www.esplac.cat\/es\/wp-json\/wp\/v2\/posts\/33936","targetHints":{"allow":["GET"]}}],"collection":[{"href":"https:\/\/www.esplac.cat\/es\/wp-json\/wp\/v2\/posts"}],"about":[{"href":"https:\/\/www.esplac.cat\/es\/wp-json\/wp\/v2\/types\/post"}],"author":[{"embeddable":true,"href":"https:\/\/www.esplac.cat\/es\/wp-json\/wp\/v2\/users\/3"}],"replies":[{"embeddable":true,"href":"https:\/\/www.esplac.cat\/es\/wp-json\/wp\/v2\/comments?post=33936"}],"version-history":[{"count":0,"href":"https:\/\/www.esplac.cat\/es\/wp-json\/wp\/v2\/posts\/33936\/revisions"}],"wp:featuredmedia":[{"embeddable":true,"href":"https:\/\/www.esplac.cat\/es\/wp-json\/wp\/v2\/media\/33941"}],"wp:attachment":[{"href":"https:\/\/www.esplac.cat\/es\/wp-json\/wp\/v2\/media?parent=33936"}],"wp:term":[{"taxonomy":"category","embeddable":true,"href":"https:\/\/www.esplac.cat\/es\/wp-json\/wp\/v2\/categories?post=33936"},{"taxonomy":"post_tag","embeddable":true,"href":"https:\/\/www.esplac.cat\/es\/wp-json\/wp\/v2\/tags?post=33936"}],"curies":[{"name":"wp","href":"https:\/\/api.w.org\/{rel}","templated":true}]}}